{"id":850,"date":"2023-08-22T20:04:52","date_gmt":"2023-08-22T18:04:52","guid":{"rendered":"https:\/\/flamencomadrid.com\/es\/?p=850"},"modified":"2024-01-26T14:44:19","modified_gmt":"2024-01-26T13:44:19","slug":"5-libros-de-historia-flamenca","status":"publish","type":"post","link":"https:\/\/flamencomadrid.com\/it\/5-libri-sulla-storia-del-flamenco\/","title":{"rendered":"5 libri sulla storia del flamenco"},"content":{"rendered":"<p>Il flamenco \u00e8 una delle espressioni artistiche pi\u00f9 importanti della Spagna. Sorto in Andalusia alla fine del XVIII secolo, il flamenco \u00e8 una fusione di musica, danza e poesia popolare andalusa.<\/p>\n<p>Nel corso dei suoi oltre 200 anni di storia, il flamenco ha subito molti cambiamenti e trasformazioni, ma \u00e8 sempre rimasto fedele alle sue radici andaluse. Il flamenco \u00e8 un&#8217;arte viva che continua a evolversi e ad affascinare il pubblico di tutto il mondo.<\/p>\n<p>Se volete saperne di pi\u00f9 sulla storia del flamenco, ecco un elenco di 5 libri sull&#8217;argomento:<\/p>\n<h5>1. UNA STORIA DEL FLAMENCO<br \/>\nJos\u00e9 Manuel Gamboa<\/h5>\n<p><img loading=\"lazy\" decoding=\"async\" class=\"alignnone wp-image-851 \" style=\"font-size: 16px;\" src=\"https:\/\/flamencomadrid.com\/es\/wp-content\/uploads\/2023\/08\/9788467036879.jpeg\" alt=\"\" width=\"198\" height=\"303\" \/><\/p>\n<p class=\"text-h4 mb-2\">Una visione globale e aggiornata di ci\u00f2 che si conosce del genere chiamato flamenco nelle sue diverse sfaccettature, e che si discosta da tutto ci\u00f2 che \u00e8 stato pubblicato finora.<\/p>\n<h5><\/h5>\n<h5 class=\"text-h4 mb-2\">2.NUOVA STORIA DEL FLAMENCO<br \/>\nJuan Verguillos<\/h5>\n<p><img loading=\"lazy\" decoding=\"async\" class=\"alignnone wp-image-852 \" src=\"https:\/\/flamencomadrid.com\/es\/wp-content\/uploads\/2023\/08\/9788418578342.jpeg\" alt=\"\" width=\"213\" height=\"341\" \/><\/p>\n<p class=\"text-h5 d-flex flex-wrap author mb-2 justify-center justify-sm-start\">Quest&#8217;opera \u00e8 fondamentale per l&#8217;enorme quantit\u00e0 di nuovi dati che offre per la comprensione del cante, del toque e del baile jondo nel loro contesto storico. Ma anche per la novit\u00e0 del suo approccio: dimostra che il flamenco \u00e8 un&#8217;evoluzione delle canzoni e delle danze nazionali della fine del XVIII e dell&#8217;inizio del XIX secolo. Inoltre, fornisce l&#8217;ipotesi completamente nuova che le danze del bolero e quella che oggi \u00e8 conosciuta come Escuela Bolera siano generi diversi, sia cronologicamente che in termini di repertorio ed estetica.<\/p>\n<p>&nbsp;<\/p>\n<h5 class=\"text-h5 d-flex flex-wrap author mb-2 justify-center justify-sm-start\">3. L&#8217;AMERICA NEL FLAMENCO<br \/>\nFustino Nu\u00f1ez<\/h5>\n<p><img loading=\"lazy\" decoding=\"async\" class=\"alignnone wp-image-854 \" src=\"https:\/\/flamencomadrid.com\/es\/wp-content\/uploads\/2023\/08\/97394.jpeg\" alt=\"\" width=\"198\" height=\"282\" \/><\/p>\n<p>Questo libro non riguarda solo le cantes de ida y vuelta, quelle canzoni di evidente origine ispano-americana che, opportunamente flamenchizzate, hanno finito per entrare a far parte del repertorio flamenco. Si tratta di mettere in solfa la storia del flamenco e di collocarla in una prospettiva atlantica. Non \u00e8 stato un compito facile, l&#8217;argomento \u00e8 delicato da affrontare con il rigore che ci si aspetta da uno studio ben documentato. Per portarlo a termine, \u00e8 stato necessario mettere in discussione gran parte dei dogmi pi\u00f9 o meno accettati sui processi che hanno dato origine al flamenco.<\/p>\n<h5 class=\"text-h4 mb-2\">4. L&#8217;ARTE DEL FLAMENCO<br \/>\nD. E. Pohren<\/h5>\n<p><img loading=\"lazy\" decoding=\"async\" class=\"alignnone wp-image-856 \" src=\"https:\/\/flamencomadrid.com\/es\/wp-content\/uploads\/2023\/08\/41e9xrucnsl-_sx308_bo1204203200_.jpg\" alt=\"\" width=\"212\" height=\"341\" \/><\/p>\n<p>Questo libro \u00e8 una delle prime opere in inglese sul flamenco. Pohren offre una panoramica del flamenco, dalle sue origini al suo sviluppo odierno.<\/p>\n<h5><\/h5>\n<h5 class=\"text-h4 mb-2\">5. FLAMENCO<br \/>\n<span data-v-1bd2f6e8=\"\">\u00a0 \u00a0Carlos Saura<\/span><\/h5>\n<h5 class=\"text-h4 mb-2\"><img loading=\"lazy\" decoding=\"async\" class=\"alignnone wp-image-857 \" style=\"font-size: 16px;\" src=\"https:\/\/flamencomadrid.com\/es\/wp-content\/uploads\/2023\/08\/51pcirjxr9l-_sx389_bo1204203200_.jpg\" alt=\"\" width=\"222\" height=\"283\" \/><\/h5>\n<p>Carlos Saura ricostruisce in queste pagine una storia contemporanea del flamenco attraverso le sue figure pi\u00f9 importanti, da Camar\u00f3n de la Isla e Paco de Luc\u00eda a Lola Flores, Cristina Hoyos e Antonio Gades, passando per Laura del Sol, Farruco, Farruquito, Matilde Coral, Manolo Sanl\u00facar e molti altri. Pi\u00f9 di cento immagini, la maggior parte delle quali inedite, e un&#8217;introduzione dello stesso autore trasmettono l&#8217;intensit\u00e0 e l&#8217;energia dell&#8217;arte flamenca.<\/p>","protected":false},"excerpt":{"rendered":"Il flamenco \u00e8 una delle espressioni artistiche pi\u00f9 importanti della Spagna. Sorto in Andalusia alla fine del XVIII secolo, il flamenco \u00e8 una fusione di musica, danza e poesia popolare andalusa. Nel corso dei suoi oltre 200 anni di storia, il flamenco ha subito molti cambiamenti e trasformazioni, ma \u00e8 sempre rimasto fedele alle sue&#8230;","protected":false},"author":5,"featured_media":861,"comment_status":"closed","ping_status":"open","sticky":false,"template":"","format":"standard","meta":{"_acf_changed":false,"footnotes":""},"categories":[13],"tags":[],"class_list":["post-850","post","type-post","status-publish","format-standard","has-post-thumbnail","hentry","category-curiosidades-flamencas"],"acf":[],"yoast_head":"<!-- This site is optimized with the Yoast SEO plugin v27.4 - https:\/\/yoast.com\/product\/yoast-seo-wordpress\/ -->\n<title>5 libri sulla storia del flamenco - Flamenco Madrid<\/title>\n<meta name=\"robots\" content=\"index, follow, max-snippet:-1, max-image-preview:large, max-video-preview:-1\" \/>\n<link rel=\"canonical\" href=\"\/\" \/>\n<meta property=\"og:locale\" content=\"it_IT\" \/>\n<meta property=\"og:type\" content=\"article\" \/>\n<meta property=\"og:title\" content=\"5 libri sulla storia del flamenco - Flamenco Madrid\" \/>\n<meta property=\"og:description\" content=\"Il flamenco \u00e8 una delle espressioni artistiche pi\u00f9 importanti della Spagna. Sorto in Andalusia alla fine del XVIII secolo, il flamenco \u00e8 una fusione di musica, danza e poesia popolare andalusa. Nel corso dei suoi oltre 200 anni di storia, il flamenco ha subito molti cambiamenti e trasformazioni, ma \u00e8 sempre rimasto fedele alle sue...\" \/>\n<meta property=\"og:url\" content=\"https:\/\/flamencomadrid.com\/it\/5-libros-de-historia-flamenca\/\" \/>\n<meta property=\"og:site_name\" content=\"Flamenco Madrid\" \/>\n<meta property=\"article:published_time\" content=\"2023-08-22T18:04:52+00:00\" \/>\n<meta property=\"article:modified_time\" content=\"2024-01-26T13:44:19+00:00\" \/>\n<meta property=\"og:image\" content=\"https:\/\/flamencomadrid.com\/wp-content\/uploads\/2023\/08\/9788418578342-1-e1692728137639.jpeg\" \/>\n\t<meta property=\"og:image:width\" content=\"550\" \/>\n\t<meta property=\"og:image:height\" content=\"621\" \/>\n\t<meta property=\"og:image:type\" content=\"image\/jpeg\" \/>\n<meta name=\"author\" content=\"Pirunator\" \/>\n<meta name=\"twitter:card\" content=\"summary_large_image\" \/>\n<meta name=\"twitter:label1\" content=\"Scritto da\" \/>\n\t<meta name=\"twitter:data1\" content=\"Pirunator\" \/>\n\t<meta name=\"twitter:label2\" content=\"Tempo di lettura stimato\" \/>\n\t<meta name=\"twitter:data2\" content=\"3 minuti\" \/>\n<script type=\"application\/ld+json\" class=\"yoast-schema-graph\">{\"@context\":\"https:\\\/\\\/schema.org\",\"@graph\":[{\"@type\":\"Article\",\"@id\":\"https:\\\/\\\/flamencomadrid.com\\\/es\\\/5-libros-de-historia-flamenca\\\/#article\",\"isPartOf\":{\"@id\":\"https:\\\/\\\/flamencomadrid.com\\\/es\\\/5-libros-de-historia-flamenca\\\/\"},\"author\":{\"name\":\"Pirunator\",\"@id\":\"https:\\\/\\\/flamencomadrid.com\\\/es\\\/#\\\/schema\\\/person\\\/748b99b947dc33587201a0837db18640\"},\"headline\":\"5 libri sulla storia del flamenco\",\"datePublished\":\"2023-08-22T18:04:52+00:00\",\"dateModified\":\"2024-01-26T13:44:19+00:00\",\"mainEntityOfPage\":{\"@id\":\"https:\\\/\\\/flamencomadrid.com\\\/es\\\/5-libros-de-historia-flamenca\\\/\"},\"wordCount\":1886,\"image\":{\"@id\":\"https:\\\/\\\/flamencomadrid.com\\\/es\\\/5-libros-de-historia-flamenca\\\/#primaryimage\"},\"thumbnailUrl\":\"https:\\\/\\\/flamencomadrid.com\\\/wp-content\\\/uploads\\\/2023\\\/08\\\/9788418578342-1-e1692728137639.jpeg\",\"articleSection\":[\"Curiosidades Flamencas\"],\"inLanguage\":\"it-IT\"},{\"@type\":\"WebPage\",\"@id\":\"https:\\\/\\\/flamencomadrid.com\\\/it\\\/5-libros-de-historia-flamenca\\\/\",\"url\":\"https:\\\/\\\/flamencomadrid.com\\\/it\\\/5-libros-de-historia-flamenca\\\/\",\"name\":\"5 libri sulla storia del flamenco - Flamenco Madrid\",\"isPartOf\":{\"@id\":\"https:\\\/\\\/flamencomadrid.com\\\/it\\\/#website\"},\"primaryImageOfPage\":{\"@id\":\"https:\\\/\\\/flamencomadrid.com\\\/it\\\/5-libros-de-historia-flamenca\\\/#primaryimage\"},\"image\":{\"@id\":\"https:\\\/\\\/flamencomadrid.com\\\/es\\\/5-libros-de-historia-flamenca\\\/#primaryimage\"},\"thumbnailUrl\":\"https:\\\/\\\/flamencomadrid.com\\\/wp-content\\\/uploads\\\/2023\\\/08\\\/9788418578342-1-e1692728137639.jpeg\",\"datePublished\":\"2023-08-22T18:04:52+00:00\",\"dateModified\":\"2024-01-26T13:44:19+00:00\",\"author\":{\"@id\":\"https:\\\/\\\/flamencomadrid.com\\\/es\\\/#\\\/schema\\\/person\\\/748b99b947dc33587201a0837db18640\"},\"breadcrumb\":{\"@id\":\"https:\\\/\\\/flamencomadrid.com\\\/it\\\/5-libros-de-historia-flamenca\\\/#breadcrumb\"},\"inLanguage\":\"it-IT\",\"potentialAction\":[{\"@type\":\"ReadAction\",\"target\":[[\"https:\\\/\\\/flamencomadrid.com\\\/it\\\/5-libros-de-historia-flamenca\\\/\"]]}]},{\"@type\":\"ImageObject\",\"inLanguage\":\"it-IT\",\"@id\":\"https:\\\/\\\/flamencomadrid.com\\\/it\\\/5-libros-de-historia-flamenca\\\/#primaryimage\",\"url\":\"https:\\\/\\\/flamencomadrid.com\\\/wp-content\\\/uploads\\\/2023\\\/08\\\/9788418578342-1-e1692728137639.jpeg\",\"contentUrl\":\"https:\\\/\\\/flamencomadrid.com\\\/wp-content\\\/uploads\\\/2023\\\/08\\\/9788418578342-1-e1692728137639.jpeg\",\"width\":550,\"height\":621},{\"@type\":\"BreadcrumbList\",\"@id\":\"https:\\\/\\\/flamencomadrid.com\\\/it\\\/5-libros-de-historia-flamenca\\\/#breadcrumb\",\"itemListElement\":[{\"@type\":\"ListItem\",\"position\":1,\"name\":\"Home\",\"item\":\"https:\\\/\\\/flamencomadrid.com\\\/it\\\/\"},{\"@type\":\"ListItem\",\"position\":2,\"name\":\"5 libros de historia del flamenco\"}]},{\"@type\":\"WebSite\",\"@id\":\"https:\\\/\\\/flamencomadrid.com\\\/it\\\/#website\",\"url\":\"https:\\\/\\\/flamencomadrid.com\\\/it\\\/\",\"name\":\"Flamenco Madrid\",\"description\":\"Otro sitio realizado con WordPress\",\"potentialAction\":[{\"@type\":\"SearchAction\",\"target\":{\"@type\":\"EntryPoint\",\"urlTemplate\":\"https:\\\/\\\/flamencomadrid.com\\\/it\\\/?s={search_term_string}\"},\"query-input\":{\"@type\":\"PropertyValueSpecification\",\"valueRequired\":true,\"valueName\":\"search_term_string\"}}],\"inLanguage\":\"it-IT\"},{\"@type\":\"Person\",\"@id\":\"https:\\\/\\\/flamencomadrid.com\\\/es\\\/#\\\/schema\\\/person\\\/748b99b947dc33587201a0837db18640\",\"name\":\"Pirunator\",\"image\":{\"@type\":\"ImageObject\",\"inLanguage\":\"it-IT\",\"@id\":\"https:\\\/\\\/secure.gravatar.com\\\/avatar\\\/617673d226a438889f1548bea8a21192c4c0d0351bdc8c087ee3ebf56ac86871?s=96&d=mm&r=g\",\"url\":\"https:\\\/\\\/secure.gravatar.com\\\/avatar\\\/617673d226a438889f1548bea8a21192c4c0d0351bdc8c087ee3ebf56ac86871?s=96&d=mm&r=g\",\"contentUrl\":\"https:\\\/\\\/secure.gravatar.com\\\/avatar\\\/617673d226a438889f1548bea8a21192c4c0d0351bdc8c087ee3ebf56ac86871?s=96&d=mm&r=g\",\"caption\":\"Pirunator\"}}]}<\/script>\n<!-- \/ Yoast SEO plugin. -->","yoast_head_json":{"title":"5 libri sulla storia del flamenco - Flamenco Madrid","robots":{"index":"index","follow":"follow","max-snippet":"max-snippet:-1","max-image-preview":"max-image-preview:large","max-video-preview":"max-video-preview:-1"},"canonical":"\/","og_locale":"it_IT","og_type":"article","og_title":"5 libri sulla storia del flamenco - Flamenco Madrid","og_description":"Il flamenco \u00e8 una delle espressioni artistiche pi\u00f9 importanti della Spagna. Sorto in Andalusia alla fine del XVIII secolo, il flamenco \u00e8 una fusione di musica, danza e poesia popolare andalusa. Nel corso dei suoi oltre 200 anni di storia, il flamenco ha subito molti cambiamenti e trasformazioni, ma \u00e8 sempre rimasto fedele alle sue...","og_url":"https:\/\/flamencomadrid.com\/it\/5-libros-de-historia-flamenca\/","og_site_name":"Flamenco Madrid","article_published_time":"2023-08-22T18:04:52+00:00","article_modified_time":"2024-01-26T13:44:19+00:00","og_image":[{"width":550,"height":621,"url":"https:\/\/flamencomadrid.com\/wp-content\/uploads\/2023\/08\/9788418578342-1-e1692728137639.jpeg","type":"image\/jpeg"}],"author":"Pirunator","twitter_card":"summary_large_image","twitter_misc":{"Scritto da":"Pirunator","Tempo di lettura stimato":"3 minuti"},"schema":{"@context":"https:\/\/schema.org","@graph":[{"@type":"Article","@id":"https:\/\/flamencomadrid.com\/es\/5-libros-de-historia-flamenca\/#article","isPartOf":{"@id":"https:\/\/flamencomadrid.com\/es\/5-libros-de-historia-flamenca\/"},"author":{"name":"Pirunator","@id":"https:\/\/flamencomadrid.com\/es\/#\/schema\/person\/748b99b947dc33587201a0837db18640"},"headline":"5 libri sulla storia del flamenco","datePublished":"2023-08-22T18:04:52+00:00","dateModified":"2024-01-26T13:44:19+00:00","mainEntityOfPage":{"@id":"https:\/\/flamencomadrid.com\/es\/5-libros-de-historia-flamenca\/"},"wordCount":1886,"image":{"@id":"https:\/\/flamencomadrid.com\/es\/5-libros-de-historia-flamenca\/#primaryimage"},"thumbnailUrl":"https:\/\/flamencomadrid.com\/wp-content\/uploads\/2023\/08\/9788418578342-1-e1692728137639.jpeg","articleSection":["Curiosidades Flamencas"],"inLanguage":"it-IT"},{"@type":"WebPage","@id":"https:\/\/flamencomadrid.com\/it\/5-libros-de-historia-flamenca\/","url":"https:\/\/flamencomadrid.com\/it\/5-libros-de-historia-flamenca\/","name":"5 libri sulla storia del flamenco - Flamenco Madrid","isPartOf":{"@id":"https:\/\/flamencomadrid.com\/it\/#website"},"primaryImageOfPage":{"@id":"https:\/\/flamencomadrid.com\/it\/5-libros-de-historia-flamenca\/#primaryimage"},"image":{"@id":"https:\/\/flamencomadrid.com\/es\/5-libros-de-historia-flamenca\/#primaryimage"},"thumbnailUrl":"https:\/\/flamencomadrid.com\/wp-content\/uploads\/2023\/08\/9788418578342-1-e1692728137639.jpeg","datePublished":"2023-08-22T18:04:52+00:00","dateModified":"2024-01-26T13:44:19+00:00","author":{"@id":"https:\/\/flamencomadrid.com\/es\/#\/schema\/person\/748b99b947dc33587201a0837db18640"},"breadcrumb":{"@id":"https:\/\/flamencomadrid.com\/it\/5-libros-de-historia-flamenca\/#breadcrumb"},"inLanguage":"it-IT","potentialAction":[{"@type":"ReadAction","target":[["https:\/\/flamencomadrid.com\/it\/5-libros-de-historia-flamenca\/"]]}]},{"@type":"ImageObject","inLanguage":"it-IT","@id":"https:\/\/flamencomadrid.com\/it\/5-libros-de-historia-flamenca\/#primaryimage","url":"https:\/\/flamencomadrid.com\/wp-content\/uploads\/2023\/08\/9788418578342-1-e1692728137639.jpeg","contentUrl":"https:\/\/flamencomadrid.com\/wp-content\/uploads\/2023\/08\/9788418578342-1-e1692728137639.jpeg","width":550,"height":621},{"@type":"BreadcrumbList","@id":"https:\/\/flamencomadrid.com\/it\/5-libros-de-historia-flamenca\/#breadcrumb","itemListElement":[{"@type":"ListItem","position":1,"name":"Home","item":"https:\/\/flamencomadrid.com\/it\/"},{"@type":"ListItem","position":2,"name":"5 libros de historia del flamenco"}]},{"@type":"WebSite","@id":"https:\/\/flamencomadrid.com\/it\/#website","url":"https:\/\/flamencomadrid.com\/it\/","name":"Flamenco Madrid","description":"Otro sitio realizado con WordPress","potentialAction":[{"@type":"SearchAction","target":{"@type":"EntryPoint","urlTemplate":"https:\/\/flamencomadrid.com\/it\/?s={search_term_string}"},"query-input":{"@type":"PropertyValueSpecification","valueRequired":true,"valueName":"search_term_string"}}],"inLanguage":"it-IT"},{"@type":"Person","@id":"https:\/\/flamencomadrid.com\/es\/#\/schema\/person\/748b99b947dc33587201a0837db18640","name":"Pirunator","image":{"@type":"ImageObject","inLanguage":"it-IT","@id":"https:\/\/secure.gravatar.com\/avatar\/617673d226a438889f1548bea8a21192c4c0d0351bdc8c087ee3ebf56ac86871?s=96&d=mm&r=g","url":"https:\/\/secure.gravatar.com\/avatar\/617673d226a438889f1548bea8a21192c4c0d0351bdc8c087ee3ebf56ac86871?s=96&d=mm&r=g","contentUrl":"https:\/\/secure.gravatar.com\/avatar\/617673d226a438889f1548bea8a21192c4c0d0351bdc8c087ee3ebf56ac86871?s=96&d=mm&r=g","caption":"Pirunator"}}]}},"_links":{"self":[{"href":"https:\/\/flamencomadrid.com\/it\/wp-json\/wp\/v2\/posts\/850","targetHints":{"allow":["GET"]}}],"collection":[{"href":"https:\/\/flamencomadrid.com\/it\/wp-json\/wp\/v2\/posts"}],"about":[{"href":"https:\/\/flamencomadrid.com\/it\/wp-json\/wp\/v2\/types\/post"}],"author":[{"embeddable":true,"href":"https:\/\/flamencomadrid.com\/it\/wp-json\/wp\/v2\/users\/5"}],"replies":[{"embeddable":true,"href":"https:\/\/flamencomadrid.com\/it\/wp-json\/wp\/v2\/comments?post=850"}],"version-history":[{"count":25,"href":"https:\/\/flamencomadrid.com\/it\/wp-json\/wp\/v2\/posts\/850\/revisions"}],"predecessor-version":[{"id":1029,"href":"https:\/\/flamencomadrid.com\/it\/wp-json\/wp\/v2\/posts\/850\/revisions\/1029"}],"wp:featuredmedia":[{"embeddable":true,"href":"https:\/\/flamencomadrid.com\/it\/wp-json\/wp\/v2\/media\/861"}],"wp:attachment":[{"href":"https:\/\/flamencomadrid.com\/it\/wp-json\/wp\/v2\/media?parent=850"}],"wp:term":[{"taxonomy":"category","embeddable":true,"href":"https:\/\/flamencomadrid.com\/it\/wp-json\/wp\/v2\/categories?post=850"},{"taxonomy":"post_tag","embeddable":true,"href":"https:\/\/flamencomadrid.com\/it\/wp-json\/wp\/v2\/tags?post=850"}],"curies":[{"name":"wp","href":"https:\/\/api.w.org\/{rel}","templated":true}]}}