{"id":788,"date":"2023-08-01T18:29:16","date_gmt":"2023-08-01T16:29:16","guid":{"rendered":"https:\/\/flamencomadrid.com\/es\/?p=788"},"modified":"2024-01-26T14:28:59","modified_gmt":"2024-01-26T13:28:59","slug":"cine-y-flamenco-la-ruta-de-pedro-almodovar","status":"publish","type":"post","link":"https:\/\/flamencomadrid.com\/it\/cinema-e-flamenco-il-percorso-di-pedro-almodovar\/","title":{"rendered":"Cinema e flamenco: il percorso di Pedro Almod\u00f3var"},"content":{"rendered":"<p>Madrid \u00e8 sempre stata una citt\u00e0 teatro di esperienze emozionanti e protagonista di storie affascinanti. Uno dei registi che ha saputo catturare queste esperienze in modo eccezionale \u00e8 <strong>Pedro Almod\u00f3var<\/strong>, riconosciuto a livello internazionale come uno dei pi\u00f9 straordinari cineasti.<\/p>\n<p>Nel 2018 la citt\u00e0 lo ha onorato nominandolo Figlio adottivo e da allora Madrid \u00e8 stata una componente essenziale di quasi tutti i film dell&#8217;acclamato regista. Nel caso del <a href=\"https:\/\/tablaoflamenco1911.com\/es\/\"><strong>Tablao Flamenco 1911,<\/strong><\/a> ex Villa Rosa, si \u00e8 svolta una delle scene pi\u00f9 iconiche del film &#8220;Tacones Lejanos&#8221;, diretto da <strong>Pedro Almod\u00f3var<\/strong>. In questa scena memorabile, il talentuoso <strong>Miguel Bos\u00e9<\/strong> si trasform\u00f2 in una donna per eseguire l&#8217;emozionante canzone <em>&#8220;Un a\u00f1o de amor&#8221;<\/em> di <em>Luz Casal<\/em>. Madrid \u00e8 stata una scelta frequente per le riprese del celebre regista della Mancia, che ha sempre considerato questa citt\u00e0 un punto di riferimento nel mondo del cinema a livello internazionale.<\/p>\n<p><img loading=\"lazy\" decoding=\"async\" class=\"alignnone wp-image-789 size-full\" src=\"https:\/\/flamencomadrid.com\/es\/wp-content\/uploads\/2023\/08\/tacones-lejanos-villa-rosa.png\" alt=\"\" width=\"615\" height=\"410\" \/><\/p>\n<p><a href=\"https:\/\/www.youtube.com\/watch?v=I8vTnLPevQY\">Scena &#8220;Tacones lejanos&#8221; &#8211; &#8220;Un a\u00f1o de amor&#8221; di Luz Casal &#8211; Tablao Flamenco 1911<\/a><\/p>\n<p><a href=\"https:\/\/tablaoflamenco1911.com\/es\/\"><strong>Il Tablao Flamenco 1911,<\/strong><\/a> insieme ad altri luoghi emblematici della capitale come Plaza Mayor, Plaza del Conde de Barajas e Calle de la Bolsa, fa parte di un emozionante itinerario creato per promuovere il cineturismo e permettere ai visitatori di scoprire la citt\u00e0 da prospettive nuove e affascinanti.<\/p>\n<p><img loading=\"lazy\" decoding=\"async\" class=\"alignnone wp-image-790 \" src=\"https:\/\/flamencomadrid.com\/es\/wp-content\/uploads\/2023\/08\/tacones_lejanos-137753292-large.jpeg\" alt=\"\" width=\"628\" height=\"414\" \/><\/p>\n<p>La storia di Almod\u00f3var con Madrid \u00e8 indissolubile, poich\u00e9 arriv\u00f2 in questa citt\u00e0 all&#8217;et\u00e0 di 16 anni con lo scopo di studiare cinema. Da allora, questa citt\u00e0 ricca di fascino e cultura ha fatto da sfondo alla maggior parte dei suoi film, plasmando la sua carriera artistica fino a farlo diventare il regista pluripremiato e rinomato che \u00e8 oggi. Il tour, composto da dieci tappe, inizia nello spazio culturale Serrer\u00eda Belga e culmina nella Plaza de la Villa, dove si pu\u00f2 apprezzare la crescita e l&#8217;evoluzione del talento di Almod\u00f3var in questo vibrante percorso artistico.<\/p>\n<p><img loading=\"lazy\" decoding=\"async\" class=\"alignnone wp-image-793 \" src=\"https:\/\/flamencomadrid.com\/es\/wp-content\/uploads\/2023\/08\/almodovar_plazamayor-1024x683.jpeg\" alt=\"\" width=\"641\" height=\"428\" \/><\/p>\n<p>Sar\u00e0 un&#8217;occasione unica per visitare i luoghi che hanno fatto da sfondo ai suoi film, rivivere alcune delle scene pi\u00f9 iconiche della sua filmografia e scoprire curiosit\u00e0 e aneddoti delle sue riprese. Le visite possono essere prenotate dalle <strong>10 di ogni luned\u00ec mattina<\/strong> sul sito web di Veranos de la Villa.<\/p>\n<p>Scoprite Madrid dal punto di vista dei film di Almod\u00f3var e di uno dei luoghi pi\u00f9 emblematici del flamenco!<\/p>\n<div class=\"flex-1 overflow-hidden\">\n<div class=\"react-scroll-to-bottom--css-mvmqj-79elbk h-full dark:bg-gray-800\">\n<div class=\"react-scroll-to-bottom--css-mvmqj-1n7m0yu\">\n<div class=\"flex flex-col text-sm dark:bg-gray-800\">\n<div class=\"group w-full text-gray-800 dark:text-gray-100 border-b border-black\/10 dark:border-gray-900\/50 bg-gray-50 dark:bg-[#444654]\">\n<div class=\"flex p-4 gap-4 text-base md:gap-6 md:max-w-2xl lg:max-w-[38rem] xl:max-w-3xl md:py-6 lg:px-0 m-auto\">\n<div class=\"relative flex w-[calc(100%-50px)] flex-col gap-1 md:gap-3 lg:w-[calc(100%-115px)]\">\n<div class=\"flex flex-grow flex-col gap-3\">\n<div class=\"min-h-[20px] flex items-start overflow-x-auto whitespace-pre-wrap break-words\">\n<div class=\"markdown prose w-full break-words dark:prose-invert light\">\n<p><button class=\"flex ml-auto gap-2 rounded-md p-1 hover:bg-gray-100 hover:text-gray-700 dark:text-gray-400 dark:hover:bg-gray-700 dark:hover:text-gray-200 disabled:dark:hover:text-gray-400\">\u00a0<\/button><\/p>\n<\/div>\n<\/div>\n<\/div>\n<\/div>\n<\/div>\n<\/div>\n<\/div>\n<\/div>\n<\/div>\n<\/div>\n<p><\/p>","protected":false},"excerpt":{"rendered":"Madrid \u00e8 sempre stata una citt\u00e0 teatro di esperienze emozionanti e protagonista di storie affascinanti. Uno dei registi che ha saputo catturare queste esperienze in modo eccezionale \u00e8 Pedro Almod\u00f3var, riconosciuto a livello internazionale come uno dei pi\u00f9 straordinari cineasti. Nel 2018 la citt\u00e0 lo ha onorato nominandolo Figlio adottivo e da allora Madrid \u00e8&#8230;","protected":false},"author":5,"featured_media":791,"comment_status":"closed","ping_status":"open","sticky":false,"template":"","format":"standard","meta":{"_acf_changed":false,"footnotes":""},"categories":[13],"tags":[],"class_list":["post-788","post","type-post","status-publish","format-standard","has-post-thumbnail","hentry","category-curiosidades-flamencas"],"acf":[],"yoast_head":"<!-- This site is optimized with the Yoast SEO plugin v27.4 - https:\/\/yoast.com\/product\/yoast-seo-wordpress\/ -->\n<title>Cinema e flamenco: il percorso di Pedro Almod\u00f3var - Flamenco Madrid<\/title>\n<meta name=\"robots\" content=\"index, follow, max-snippet:-1, max-image-preview:large, max-video-preview:-1\" \/>\n<link rel=\"canonical\" href=\"\/\" \/>\n<meta property=\"og:locale\" content=\"it_IT\" \/>\n<meta property=\"og:type\" content=\"article\" \/>\n<meta property=\"og:title\" content=\"Cinema e flamenco: il percorso di Pedro Almod\u00f3var - Flamenco Madrid\" \/>\n<meta property=\"og:description\" content=\"Madrid \u00e8 sempre stata una citt\u00e0 teatro di esperienze emozionanti e protagonista di storie affascinanti. Uno dei registi che ha saputo catturare queste esperienze in modo eccezionale \u00e8 Pedro Almod\u00f3var, riconosciuto a livello internazionale come uno dei pi\u00f9 straordinari cineasti. Nel 2018 la citt\u00e0 lo ha onorato nominandolo Figlio adottivo e da allora Madrid \u00e8...\" \/>\n<meta property=\"og:url\" content=\"https:\/\/flamencomadrid.com\/it\/cine-y-flamenco-la-ruta-de-pedro-almodovar\/\" \/>\n<meta property=\"og:site_name\" content=\"Flamenco Madrid\" \/>\n<meta property=\"article:published_time\" content=\"2023-08-01T16:29:16+00:00\" \/>\n<meta property=\"article:modified_time\" content=\"2024-01-26T13:28:59+00:00\" \/>\n<meta property=\"og:image\" content=\"https:\/\/flamencomadrid.com\/wp-content\/uploads\/2023\/08\/16143750213468-e1690906299441.jpeg\" \/>\n\t<meta property=\"og:image:width\" content=\"878\" \/>\n\t<meta property=\"og:image:height\" content=\"683\" \/>\n\t<meta property=\"og:image:type\" content=\"image\/jpeg\" \/>\n<meta name=\"author\" content=\"Pirunator\" \/>\n<meta name=\"twitter:card\" content=\"summary_large_image\" \/>\n<meta name=\"twitter:label1\" content=\"Scritto da\" \/>\n\t<meta name=\"twitter:data1\" content=\"Pirunator\" \/>\n\t<meta name=\"twitter:label2\" content=\"Tempo di lettura stimato\" \/>\n\t<meta name=\"twitter:data2\" content=\"3 minuti\" \/>\n<script type=\"application\/ld+json\" class=\"yoast-schema-graph\">{\"@context\":\"https:\\\/\\\/schema.org\",\"@graph\":[{\"@type\":\"Article\",\"@id\":\"https:\\\/\\\/flamencomadrid.com\\\/es\\\/cine-y-flamenco-la-ruta-de-pedro-almodovar\\\/#article\",\"isPartOf\":{\"@id\":\"https:\\\/\\\/flamencomadrid.com\\\/es\\\/cine-y-flamenco-la-ruta-de-pedro-almodovar\\\/\"},\"author\":{\"name\":\"Pirunator\",\"@id\":\"https:\\\/\\\/flamencomadrid.com\\\/es\\\/#\\\/schema\\\/person\\\/748b99b947dc33587201a0837db18640\"},\"headline\":\"Cinema e flamenco: il percorso di Pedro Almod\u00f3var\",\"datePublished\":\"2023-08-01T16:29:16+00:00\",\"dateModified\":\"2024-01-26T13:28:59+00:00\",\"mainEntityOfPage\":{\"@id\":\"https:\\\/\\\/flamencomadrid.com\\\/es\\\/cine-y-flamenco-la-ruta-de-pedro-almodovar\\\/\"},\"wordCount\":1732,\"image\":{\"@id\":\"https:\\\/\\\/flamencomadrid.com\\\/es\\\/cine-y-flamenco-la-ruta-de-pedro-almodovar\\\/#primaryimage\"},\"thumbnailUrl\":\"https:\\\/\\\/flamencomadrid.com\\\/wp-content\\\/uploads\\\/2023\\\/08\\\/16143750213468-e1690906299441.jpeg\",\"articleSection\":[\"Curiosidades Flamencas\"],\"inLanguage\":\"it-IT\"},{\"@type\":\"WebPage\",\"@id\":\"https:\\\/\\\/flamencomadrid.com\\\/it\\\/cine-y-flamenco-la-ruta-de-pedro-almodovar\\\/\",\"url\":\"https:\\\/\\\/flamencomadrid.com\\\/it\\\/cine-y-flamenco-la-ruta-de-pedro-almodovar\\\/\",\"name\":\"Cinema e flamenco: il percorso di Pedro Almod\u00f3var - Flamenco Madrid\",\"isPartOf\":{\"@id\":\"https:\\\/\\\/flamencomadrid.com\\\/it\\\/#website\"},\"primaryImageOfPage\":{\"@id\":\"https:\\\/\\\/flamencomadrid.com\\\/it\\\/cine-y-flamenco-la-ruta-de-pedro-almodovar\\\/#primaryimage\"},\"image\":{\"@id\":\"https:\\\/\\\/flamencomadrid.com\\\/es\\\/cine-y-flamenco-la-ruta-de-pedro-almodovar\\\/#primaryimage\"},\"thumbnailUrl\":\"https:\\\/\\\/flamencomadrid.com\\\/wp-content\\\/uploads\\\/2023\\\/08\\\/16143750213468-e1690906299441.jpeg\",\"datePublished\":\"2023-08-01T16:29:16+00:00\",\"dateModified\":\"2024-01-26T13:28:59+00:00\",\"author\":{\"@id\":\"https:\\\/\\\/flamencomadrid.com\\\/es\\\/#\\\/schema\\\/person\\\/748b99b947dc33587201a0837db18640\"},\"breadcrumb\":{\"@id\":\"https:\\\/\\\/flamencomadrid.com\\\/it\\\/cine-y-flamenco-la-ruta-de-pedro-almodovar\\\/#breadcrumb\"},\"inLanguage\":\"it-IT\",\"potentialAction\":[{\"@type\":\"ReadAction\",\"target\":[[\"https:\\\/\\\/flamencomadrid.com\\\/it\\\/cine-y-flamenco-la-ruta-de-pedro-almodovar\\\/\"]]}]},{\"@type\":\"ImageObject\",\"inLanguage\":\"it-IT\",\"@id\":\"https:\\\/\\\/flamencomadrid.com\\\/it\\\/cine-y-flamenco-la-ruta-de-pedro-almodovar\\\/#primaryimage\",\"url\":\"https:\\\/\\\/flamencomadrid.com\\\/wp-content\\\/uploads\\\/2023\\\/08\\\/16143750213468-e1690906299441.jpeg\",\"contentUrl\":\"https:\\\/\\\/flamencomadrid.com\\\/wp-content\\\/uploads\\\/2023\\\/08\\\/16143750213468-e1690906299441.jpeg\",\"width\":878,\"height\":683},{\"@type\":\"BreadcrumbList\",\"@id\":\"https:\\\/\\\/flamencomadrid.com\\\/it\\\/cine-y-flamenco-la-ruta-de-pedro-almodovar\\\/#breadcrumb\",\"itemListElement\":[{\"@type\":\"ListItem\",\"position\":1,\"name\":\"Home\",\"item\":\"https:\\\/\\\/flamencomadrid.com\\\/it\\\/\"},{\"@type\":\"ListItem\",\"position\":2,\"name\":\"Cine y Flamenco: La ruta de Pedro Almod\u00f3var\"}]},{\"@type\":\"WebSite\",\"@id\":\"https:\\\/\\\/flamencomadrid.com\\\/it\\\/#website\",\"url\":\"https:\\\/\\\/flamencomadrid.com\\\/it\\\/\",\"name\":\"Flamenco Madrid\",\"description\":\"Otro sitio realizado con WordPress\",\"potentialAction\":[{\"@type\":\"SearchAction\",\"target\":{\"@type\":\"EntryPoint\",\"urlTemplate\":\"https:\\\/\\\/flamencomadrid.com\\\/it\\\/?s={search_term_string}\"},\"query-input\":{\"@type\":\"PropertyValueSpecification\",\"valueRequired\":true,\"valueName\":\"search_term_string\"}}],\"inLanguage\":\"it-IT\"},{\"@type\":\"Person\",\"@id\":\"https:\\\/\\\/flamencomadrid.com\\\/es\\\/#\\\/schema\\\/person\\\/748b99b947dc33587201a0837db18640\",\"name\":\"Pirunator\",\"image\":{\"@type\":\"ImageObject\",\"inLanguage\":\"it-IT\",\"@id\":\"https:\\\/\\\/secure.gravatar.com\\\/avatar\\\/617673d226a438889f1548bea8a21192c4c0d0351bdc8c087ee3ebf56ac86871?s=96&d=mm&r=g\",\"url\":\"https:\\\/\\\/secure.gravatar.com\\\/avatar\\\/617673d226a438889f1548bea8a21192c4c0d0351bdc8c087ee3ebf56ac86871?s=96&d=mm&r=g\",\"contentUrl\":\"https:\\\/\\\/secure.gravatar.com\\\/avatar\\\/617673d226a438889f1548bea8a21192c4c0d0351bdc8c087ee3ebf56ac86871?s=96&d=mm&r=g\",\"caption\":\"Pirunator\"}}]}<\/script>\n<!-- \/ Yoast SEO plugin. -->","yoast_head_json":{"title":"Cinema e flamenco: il percorso di Pedro Almod\u00f3var - Flamenco Madrid","robots":{"index":"index","follow":"follow","max-snippet":"max-snippet:-1","max-image-preview":"max-image-preview:large","max-video-preview":"max-video-preview:-1"},"canonical":"\/","og_locale":"it_IT","og_type":"article","og_title":"Cinema e flamenco: il percorso di Pedro Almod\u00f3var - Flamenco Madrid","og_description":"Madrid \u00e8 sempre stata una citt\u00e0 teatro di esperienze emozionanti e protagonista di storie affascinanti. Uno dei registi che ha saputo catturare queste esperienze in modo eccezionale \u00e8 Pedro Almod\u00f3var, riconosciuto a livello internazionale come uno dei pi\u00f9 straordinari cineasti. Nel 2018 la citt\u00e0 lo ha onorato nominandolo Figlio adottivo e da allora Madrid \u00e8...","og_url":"https:\/\/flamencomadrid.com\/it\/cine-y-flamenco-la-ruta-de-pedro-almodovar\/","og_site_name":"Flamenco Madrid","article_published_time":"2023-08-01T16:29:16+00:00","article_modified_time":"2024-01-26T13:28:59+00:00","og_image":[{"width":878,"height":683,"url":"https:\/\/flamencomadrid.com\/wp-content\/uploads\/2023\/08\/16143750213468-e1690906299441.jpeg","type":"image\/jpeg"}],"author":"Pirunator","twitter_card":"summary_large_image","twitter_misc":{"Scritto da":"Pirunator","Tempo di lettura stimato":"3 minuti"},"schema":{"@context":"https:\/\/schema.org","@graph":[{"@type":"Article","@id":"https:\/\/flamencomadrid.com\/es\/cine-y-flamenco-la-ruta-de-pedro-almodovar\/#article","isPartOf":{"@id":"https:\/\/flamencomadrid.com\/es\/cine-y-flamenco-la-ruta-de-pedro-almodovar\/"},"author":{"name":"Pirunator","@id":"https:\/\/flamencomadrid.com\/es\/#\/schema\/person\/748b99b947dc33587201a0837db18640"},"headline":"Cinema e flamenco: il percorso di Pedro Almod\u00f3var","datePublished":"2023-08-01T16:29:16+00:00","dateModified":"2024-01-26T13:28:59+00:00","mainEntityOfPage":{"@id":"https:\/\/flamencomadrid.com\/es\/cine-y-flamenco-la-ruta-de-pedro-almodovar\/"},"wordCount":1732,"image":{"@id":"https:\/\/flamencomadrid.com\/es\/cine-y-flamenco-la-ruta-de-pedro-almodovar\/#primaryimage"},"thumbnailUrl":"https:\/\/flamencomadrid.com\/wp-content\/uploads\/2023\/08\/16143750213468-e1690906299441.jpeg","articleSection":["Curiosidades Flamencas"],"inLanguage":"it-IT"},{"@type":"WebPage","@id":"https:\/\/flamencomadrid.com\/it\/cine-y-flamenco-la-ruta-de-pedro-almodovar\/","url":"https:\/\/flamencomadrid.com\/it\/cine-y-flamenco-la-ruta-de-pedro-almodovar\/","name":"Cinema e flamenco: il percorso di Pedro Almod\u00f3var - Flamenco Madrid","isPartOf":{"@id":"https:\/\/flamencomadrid.com\/it\/#website"},"primaryImageOfPage":{"@id":"https:\/\/flamencomadrid.com\/it\/cine-y-flamenco-la-ruta-de-pedro-almodovar\/#primaryimage"},"image":{"@id":"https:\/\/flamencomadrid.com\/es\/cine-y-flamenco-la-ruta-de-pedro-almodovar\/#primaryimage"},"thumbnailUrl":"https:\/\/flamencomadrid.com\/wp-content\/uploads\/2023\/08\/16143750213468-e1690906299441.jpeg","datePublished":"2023-08-01T16:29:16+00:00","dateModified":"2024-01-26T13:28:59+00:00","author":{"@id":"https:\/\/flamencomadrid.com\/es\/#\/schema\/person\/748b99b947dc33587201a0837db18640"},"breadcrumb":{"@id":"https:\/\/flamencomadrid.com\/it\/cine-y-flamenco-la-ruta-de-pedro-almodovar\/#breadcrumb"},"inLanguage":"it-IT","potentialAction":[{"@type":"ReadAction","target":[["https:\/\/flamencomadrid.com\/it\/cine-y-flamenco-la-ruta-de-pedro-almodovar\/"]]}]},{"@type":"ImageObject","inLanguage":"it-IT","@id":"https:\/\/flamencomadrid.com\/it\/cine-y-flamenco-la-ruta-de-pedro-almodovar\/#primaryimage","url":"https:\/\/flamencomadrid.com\/wp-content\/uploads\/2023\/08\/16143750213468-e1690906299441.jpeg","contentUrl":"https:\/\/flamencomadrid.com\/wp-content\/uploads\/2023\/08\/16143750213468-e1690906299441.jpeg","width":878,"height":683},{"@type":"BreadcrumbList","@id":"https:\/\/flamencomadrid.com\/it\/cine-y-flamenco-la-ruta-de-pedro-almodovar\/#breadcrumb","itemListElement":[{"@type":"ListItem","position":1,"name":"Home","item":"https:\/\/flamencomadrid.com\/it\/"},{"@type":"ListItem","position":2,"name":"Cine y Flamenco: La ruta de Pedro Almod\u00f3var"}]},{"@type":"WebSite","@id":"https:\/\/flamencomadrid.com\/it\/#website","url":"https:\/\/flamencomadrid.com\/it\/","name":"Flamenco Madrid","description":"Otro sitio realizado con WordPress","potentialAction":[{"@type":"SearchAction","target":{"@type":"EntryPoint","urlTemplate":"https:\/\/flamencomadrid.com\/it\/?s={search_term_string}"},"query-input":{"@type":"PropertyValueSpecification","valueRequired":true,"valueName":"search_term_string"}}],"inLanguage":"it-IT"},{"@type":"Person","@id":"https:\/\/flamencomadrid.com\/es\/#\/schema\/person\/748b99b947dc33587201a0837db18640","name":"Pirunator","image":{"@type":"ImageObject","inLanguage":"it-IT","@id":"https:\/\/secure.gravatar.com\/avatar\/617673d226a438889f1548bea8a21192c4c0d0351bdc8c087ee3ebf56ac86871?s=96&d=mm&r=g","url":"https:\/\/secure.gravatar.com\/avatar\/617673d226a438889f1548bea8a21192c4c0d0351bdc8c087ee3ebf56ac86871?s=96&d=mm&r=g","contentUrl":"https:\/\/secure.gravatar.com\/avatar\/617673d226a438889f1548bea8a21192c4c0d0351bdc8c087ee3ebf56ac86871?s=96&d=mm&r=g","caption":"Pirunator"}}]}},"_links":{"self":[{"href":"https:\/\/flamencomadrid.com\/it\/wp-json\/wp\/v2\/posts\/788","targetHints":{"allow":["GET"]}}],"collection":[{"href":"https:\/\/flamencomadrid.com\/it\/wp-json\/wp\/v2\/posts"}],"about":[{"href":"https:\/\/flamencomadrid.com\/it\/wp-json\/wp\/v2\/types\/post"}],"author":[{"embeddable":true,"href":"https:\/\/flamencomadrid.com\/it\/wp-json\/wp\/v2\/users\/5"}],"replies":[{"embeddable":true,"href":"https:\/\/flamencomadrid.com\/it\/wp-json\/wp\/v2\/comments?post=788"}],"version-history":[{"count":11,"href":"https:\/\/flamencomadrid.com\/it\/wp-json\/wp\/v2\/posts\/788\/revisions"}],"predecessor-version":[{"id":1025,"href":"https:\/\/flamencomadrid.com\/it\/wp-json\/wp\/v2\/posts\/788\/revisions\/1025"}],"wp:featuredmedia":[{"embeddable":true,"href":"https:\/\/flamencomadrid.com\/it\/wp-json\/wp\/v2\/media\/791"}],"wp:attachment":[{"href":"https:\/\/flamencomadrid.com\/it\/wp-json\/wp\/v2\/media?parent=788"}],"wp:term":[{"taxonomy":"category","embeddable":true,"href":"https:\/\/flamencomadrid.com\/it\/wp-json\/wp\/v2\/categories?post=788"},{"taxonomy":"post_tag","embeddable":true,"href":"https:\/\/flamencomadrid.com\/it\/wp-json\/wp\/v2\/tags?post=788"}],"curies":[{"name":"wp","href":"https:\/\/api.w.org\/{rel}","templated":true}]}}