{"id":770,"date":"2023-07-24T18:58:38","date_gmt":"2023-07-24T16:58:38","guid":{"rendered":"https:\/\/flamencomadrid.com\/es\/?p=770"},"modified":"2024-01-26T14:25:46","modified_gmt":"2024-01-26T13:25:46","slug":"7-pasos-para-una-buena-buleria","status":"publish","type":"post","link":"https:\/\/flamencomadrid.com\/it\/7-passi-per-una-buona-buleria\/","title":{"rendered":"7 passi per una buona buler\u00eda"},"content":{"rendered":"<p><\/p>\n<div class=\"group w-full text-gray-800 dark:text-gray-100 border-b border-black\/10 dark:border-gray-900\/50 bg-gray-50 dark:bg-[#444654]\">\n<div class=\"flex p-4 gap-4 text-base md:gap-6 md:max-w-2xl lg:max-w-[38rem] xl:max-w-3xl md:py-6 lg:px-0 m-auto\">\n<div class=\"relative flex w-[calc(100%-50px)] flex-col gap-1 md:gap-3 lg:w-[calc(100%-115px)]\">\n<div class=\"flex flex-grow flex-col gap-3\">\n<div class=\"min-h-[20px] flex items-start overflow-x-auto whitespace-pre-wrap break-words flex-col gap-4\">\n<div class=\"markdown prose w-full break-words dark:prose-invert light\">\n<p>La buler\u00eda \u00e8 uno dei palos pi\u00f9 emblematici del flamenco e ha una storia interessante dietro la sua evoluzione. Le sue origini risalgono al XIX secolo nella regione di Jerez de la Frontera, nella provincia di Cadice, in Andalusia, Spagna. Anche se non esiste una narrazione precisa sulla sua nascita, si ritiene che la buler\u00eda abbia avuto origine da altri palos del flamenco, come sole\u00e1 e seguirilla, e che abbia influenze di ritmi afro-andalusi e gitani.<\/p>\n<p>&nbsp;<\/p>\n<h5>7 passi che non possono mancare in una buler\u00eda:<\/h5>\n<p><strong>1. Conoscere il comp\u00e1s e il ritmo:<\/strong> familiarizzare con il comp\u00e1s della buler\u00eda, che \u00e8 composto da 12 battute divise in 3 gruppi di 4. Ascoltare e sentire come scorre il ritmo, poich\u00e9 questo \u00e8 essenziale per mantenere la struttura durante l&#8217;esecuzione.<\/p>\n<p><strong>2. Padroneggiare lo strumming della chitarra:<\/strong> se suonate la chitarra nella buler\u00eda, esercitatevi con diversi rasgueos e falsetas per completare il canto e la danza. Assicuratevi che gli accordi e i rasgueos siano in sintonia con il comp\u00e1s e l&#8217;energia del cante.<\/p>\n<p><img loading=\"lazy\" decoding=\"async\" class=\"alignnone wp-image-779 size-full\" src=\"https:\/\/flamencomadrid.com\/es\/wp-content\/uploads\/2023\/07\/mercedes-edeitada-copia.jpg\" alt=\"\" width=\"1155\" height=\"1369\" \/><\/p>\n<p><strong>3. Battito di mani:<\/strong> il battito di mani \u00e8 essenziale nel flamenco e soprattutto nella buler\u00eda. Imparate i diversi modelli di battito di mani e come si sincronizzano con il comp\u00e1s. Il battito delle mani \u00e8 una parte fondamentale per mantenere il ritmo e l&#8217;energia in una buler\u00eda.<\/p>\n<p><strong>4. Testi e canto:<\/strong> se volete cantare una buler\u00eda, imparate il testo di una buler\u00eda tradizionale o componetene uno vostro. Fate attenzione al metro e assicuratevi che si adatti al comp\u00e1s di 12 battute.<\/p>\n<p><strong>5. Espressione e passione:<\/strong> la buler\u00eda \u00e8 un palo molto gioioso e festoso. \u00c8 importante che esprimiate gioia e passione nella vostra esibizione, che si tratti di suonare la chitarra, cantare o ballare. Lasciate che le vostre emozioni fluiscano attraverso la vostra arte.<\/p>\n<p><img loading=\"lazy\" decoding=\"async\" class=\"alignnone wp-image-774 size-full\" src=\"https:\/\/flamencomadrid.com\/es\/wp-content\/uploads\/2023\/07\/elyiyo2023cardamomo-13-scaled.jpg\" alt=\"\" width=\"2560\" height=\"1440\" \/><\/p>\n<p><strong>6. Interazione con gli altri musicisti e cantaores:<\/strong> la buler\u00eda \u00e8 un palo molto interattivo nel flamenco. Imparate ad ascoltare gli altri musicisti e cantanti in modo che la comunicazione sia fluida durante l&#8217;esecuzione. Essere attenti ai segnali e agli sguardi \u00e8 fondamentale per mantenere la coesione del gruppo.<\/p>\n<p><strong>7. Improvvisazione e creativit\u00e0:<\/strong> la Buler\u00eda consente l&#8217;improvvisazione, soprattutto per quanto riguarda la voce e la chitarra. Se siete cantanti, sperimentate variazioni sul testo e sulla melodia. Se suonate la chitarra, imparate a improvvisare falsetas all&#8217;interno del comp\u00e1s. L&#8217;improvvisazione aggiunge freschezza ed emozione alla performance.<\/p>\n<h5><img loading=\"lazy\" decoding=\"async\" class=\"alignnone wp-image-777 size-full\" src=\"https:\/\/flamencomadrid.com\/es\/wp-content\/uploads\/2023\/07\/nerea-fernandez-2023-cardamomo-7-scaled.jpg\" alt=\"\" width=\"2560\" height=\"1436\" \/><\/h5>\n<p><strong><br \/>\nUN ALTRO CONSIGLIO PER I REGALI:<br \/>\n<\/strong><\/p>\n<p><strong>Pratica e ancora pratica:<\/strong> la chiave per padroneggiare qualsiasi arte \u00e8 la pratica costante. Dedicate del tempo a suonare, cantare o ballare regolarmente le buler\u00edas per migliorare la vostra tecnica e acquisire maggiore confidenza con questo palo.<\/p>\n<h5>Ricordate che il flamenco \u00e8 un&#8217;espressione artistica con profonde radici culturali, quindi sentitevi liberi di godere e trasmettere l&#8217;emozione che deriva da questo emozionante genere musicale. Buona fortuna!<\/h5>\n<\/div>\n<\/div>\n<\/div>\n<div class=\"flex justify-between lg:block\"><\/div>\n<\/div>\n<\/div>\n<\/div>\n<div class=\"group w-full text-gray-800 dark:text-gray-100 border-b border-black\/10 dark:border-gray-900\/50 bg-gray-50 dark:bg-[#444654]\">\n<div class=\"flex p-4 gap-4 text-base md:gap-6 md:max-w-2xl lg:max-w-[38rem] xl:max-w-3xl md:py-6 lg:px-0 m-auto\">\n<div class=\"relative flex w-[calc(100%-50px)] flex-col gap-1 md:gap-3 lg:w-[calc(100%-115px)]\">\n<div class=\"flex flex-grow flex-col gap-3\">\n<div class=\"min-h-[20px] flex items-start overflow-x-auto whitespace-pre-wrap break-words flex-col gap-4\">\n<div class=\"markdown prose w-full break-words dark:prose-invert light\">\n<p>&nbsp;<\/p>\n<\/div>\n<\/div>\n<\/div>\n<\/div>\n<\/div>\n<\/div>\n<p><\/p>","protected":false},"excerpt":{"rendered":"La buler\u00eda \u00e8 uno dei palos pi\u00f9 emblematici del flamenco e ha una storia interessante dietro la sua evoluzione. Le sue origini risalgono al XIX secolo nella regione di Jerez de la Frontera, nella provincia di Cadice, in Andalusia, Spagna. Anche se non esiste una narrazione precisa sulla sua nascita, si ritiene che la buler\u00eda&#8230;","protected":false},"author":5,"featured_media":771,"comment_status":"closed","ping_status":"open","sticky":false,"template":"","format":"standard","meta":{"_acf_changed":false,"footnotes":""},"categories":[13],"tags":[],"class_list":["post-770","post","type-post","status-publish","format-standard","has-post-thumbnail","hentry","category-curiosidades-flamencas"],"acf":[],"yoast_head":"<!-- This site is optimized with the Yoast SEO plugin v27.4 - https:\/\/yoast.com\/product\/yoast-seo-wordpress\/ -->\n<title>7 passi per una buona buler\u00eda - Flamenco Madrid<\/title>\n<meta name=\"robots\" content=\"index, follow, max-snippet:-1, max-image-preview:large, max-video-preview:-1\" \/>\n<link rel=\"canonical\" href=\"\/\" \/>\n<meta property=\"og:locale\" content=\"it_IT\" \/>\n<meta property=\"og:type\" content=\"article\" \/>\n<meta property=\"og:title\" content=\"7 passi per una buona buler\u00eda - Flamenco Madrid\" \/>\n<meta property=\"og:description\" content=\"La buler\u00eda \u00e8 uno dei palos pi\u00f9 emblematici del flamenco e ha una storia interessante dietro la sua evoluzione. Le sue origini risalgono al XIX secolo nella regione di Jerez de la Frontera, nella provincia di Cadice, in Andalusia, Spagna. Anche se non esiste una narrazione precisa sulla sua nascita, si ritiene che la buler\u00eda...\" \/>\n<meta property=\"og:url\" content=\"https:\/\/flamencomadrid.com\/it\/7-pasos-para-una-buena-buleria\/\" \/>\n<meta property=\"og:site_name\" content=\"Flamenco Madrid\" \/>\n<meta property=\"article:published_time\" content=\"2023-07-24T16:58:38+00:00\" \/>\n<meta property=\"article:modified_time\" content=\"2024-01-26T13:25:46+00:00\" \/>\n<meta property=\"og:image\" content=\"https:\/\/flamencomadrid.com\/wp-content\/uploads\/2023\/07\/paula-rodriguez-2023-1911-b-20-scaled.jpg\" \/>\n\t<meta property=\"og:image:width\" content=\"2560\" \/>\n\t<meta property=\"og:image:height\" content=\"1440\" \/>\n\t<meta property=\"og:image:type\" content=\"image\/jpeg\" \/>\n<meta name=\"author\" content=\"Pirunator\" \/>\n<meta name=\"twitter:card\" content=\"summary_large_image\" \/>\n<meta name=\"twitter:label1\" content=\"Scritto da\" \/>\n\t<meta name=\"twitter:data1\" content=\"Pirunator\" \/>\n\t<meta name=\"twitter:label2\" content=\"Tempo di lettura stimato\" \/>\n\t<meta name=\"twitter:data2\" content=\"3 minuti\" \/>\n<script type=\"application\/ld+json\" class=\"yoast-schema-graph\">{\"@context\":\"https:\\\/\\\/schema.org\",\"@graph\":[{\"@type\":\"Article\",\"@id\":\"https:\\\/\\\/flamencomadrid.com\\\/es\\\/7-pasos-para-una-buena-buleria\\\/#article\",\"isPartOf\":{\"@id\":\"https:\\\/\\\/flamencomadrid.com\\\/es\\\/7-pasos-para-una-buena-buleria\\\/\"},\"author\":{\"name\":\"Pirunator\",\"@id\":\"https:\\\/\\\/flamencomadrid.com\\\/es\\\/#\\\/schema\\\/person\\\/748b99b947dc33587201a0837db18640\"},\"headline\":\"7 passi per una buona buler\u00eda\",\"datePublished\":\"2023-07-24T16:58:38+00:00\",\"dateModified\":\"2024-01-26T13:25:46+00:00\",\"mainEntityOfPage\":{\"@id\":\"https:\\\/\\\/flamencomadrid.com\\\/es\\\/7-pasos-para-una-buena-buleria\\\/\"},\"wordCount\":1999,\"image\":{\"@id\":\"https:\\\/\\\/flamencomadrid.com\\\/es\\\/7-pasos-para-una-buena-buleria\\\/#primaryimage\"},\"thumbnailUrl\":\"https:\\\/\\\/flamencomadrid.com\\\/wp-content\\\/uploads\\\/2023\\\/07\\\/paula-rodriguez-2023-1911-b-20-scaled.jpg\",\"articleSection\":[\"Curiosidades Flamencas\"],\"inLanguage\":\"it-IT\"},{\"@type\":\"WebPage\",\"@id\":\"https:\\\/\\\/flamencomadrid.com\\\/it\\\/7-pasos-para-una-buena-buleria\\\/\",\"url\":\"https:\\\/\\\/flamencomadrid.com\\\/it\\\/7-pasos-para-una-buena-buleria\\\/\",\"name\":\"7 passi per una buona buler\u00eda - Flamenco Madrid\",\"isPartOf\":{\"@id\":\"https:\\\/\\\/flamencomadrid.com\\\/it\\\/#website\"},\"primaryImageOfPage\":{\"@id\":\"https:\\\/\\\/flamencomadrid.com\\\/it\\\/7-pasos-para-una-buena-buleria\\\/#primaryimage\"},\"image\":{\"@id\":\"https:\\\/\\\/flamencomadrid.com\\\/es\\\/7-pasos-para-una-buena-buleria\\\/#primaryimage\"},\"thumbnailUrl\":\"https:\\\/\\\/flamencomadrid.com\\\/wp-content\\\/uploads\\\/2023\\\/07\\\/paula-rodriguez-2023-1911-b-20-scaled.jpg\",\"datePublished\":\"2023-07-24T16:58:38+00:00\",\"dateModified\":\"2024-01-26T13:25:46+00:00\",\"author\":{\"@id\":\"https:\\\/\\\/flamencomadrid.com\\\/es\\\/#\\\/schema\\\/person\\\/748b99b947dc33587201a0837db18640\"},\"breadcrumb\":{\"@id\":\"https:\\\/\\\/flamencomadrid.com\\\/it\\\/7-pasos-para-una-buena-buleria\\\/#breadcrumb\"},\"inLanguage\":\"it-IT\",\"potentialAction\":[{\"@type\":\"ReadAction\",\"target\":[[\"https:\\\/\\\/flamencomadrid.com\\\/it\\\/7-pasos-para-una-buena-buleria\\\/\"]]}]},{\"@type\":\"ImageObject\",\"inLanguage\":\"it-IT\",\"@id\":\"https:\\\/\\\/flamencomadrid.com\\\/it\\\/7-pasos-para-una-buena-buleria\\\/#primaryimage\",\"url\":\"https:\\\/\\\/flamencomadrid.com\\\/wp-content\\\/uploads\\\/2023\\\/07\\\/paula-rodriguez-2023-1911-b-20-scaled.jpg\",\"contentUrl\":\"https:\\\/\\\/flamencomadrid.com\\\/wp-content\\\/uploads\\\/2023\\\/07\\\/paula-rodriguez-2023-1911-b-20-scaled.jpg\",\"width\":2560,\"height\":1440},{\"@type\":\"BreadcrumbList\",\"@id\":\"https:\\\/\\\/flamencomadrid.com\\\/it\\\/7-pasos-para-una-buena-buleria\\\/#breadcrumb\",\"itemListElement\":[{\"@type\":\"ListItem\",\"position\":1,\"name\":\"Home\",\"item\":\"https:\\\/\\\/flamencomadrid.com\\\/it\\\/\"},{\"@type\":\"ListItem\",\"position\":2,\"name\":\"7 pasos para una buena buler\u00eda\"}]},{\"@type\":\"WebSite\",\"@id\":\"https:\\\/\\\/flamencomadrid.com\\\/it\\\/#website\",\"url\":\"https:\\\/\\\/flamencomadrid.com\\\/it\\\/\",\"name\":\"Flamenco Madrid\",\"description\":\"Otro sitio realizado con WordPress\",\"potentialAction\":[{\"@type\":\"SearchAction\",\"target\":{\"@type\":\"EntryPoint\",\"urlTemplate\":\"https:\\\/\\\/flamencomadrid.com\\\/it\\\/?s={search_term_string}\"},\"query-input\":{\"@type\":\"PropertyValueSpecification\",\"valueRequired\":true,\"valueName\":\"search_term_string\"}}],\"inLanguage\":\"it-IT\"},{\"@type\":\"Person\",\"@id\":\"https:\\\/\\\/flamencomadrid.com\\\/es\\\/#\\\/schema\\\/person\\\/748b99b947dc33587201a0837db18640\",\"name\":\"Pirunator\",\"image\":{\"@type\":\"ImageObject\",\"inLanguage\":\"it-IT\",\"@id\":\"https:\\\/\\\/secure.gravatar.com\\\/avatar\\\/617673d226a438889f1548bea8a21192c4c0d0351bdc8c087ee3ebf56ac86871?s=96&d=mm&r=g\",\"url\":\"https:\\\/\\\/secure.gravatar.com\\\/avatar\\\/617673d226a438889f1548bea8a21192c4c0d0351bdc8c087ee3ebf56ac86871?s=96&d=mm&r=g\",\"contentUrl\":\"https:\\\/\\\/secure.gravatar.com\\\/avatar\\\/617673d226a438889f1548bea8a21192c4c0d0351bdc8c087ee3ebf56ac86871?s=96&d=mm&r=g\",\"caption\":\"Pirunator\"}}]}<\/script>\n<!-- \/ Yoast SEO plugin. -->","yoast_head_json":{"title":"7 passi per una buona buler\u00eda - Flamenco Madrid","robots":{"index":"index","follow":"follow","max-snippet":"max-snippet:-1","max-image-preview":"max-image-preview:large","max-video-preview":"max-video-preview:-1"},"canonical":"\/","og_locale":"it_IT","og_type":"article","og_title":"7 passi per una buona buler\u00eda - Flamenco Madrid","og_description":"La buler\u00eda \u00e8 uno dei palos pi\u00f9 emblematici del flamenco e ha una storia interessante dietro la sua evoluzione. Le sue origini risalgono al XIX secolo nella regione di Jerez de la Frontera, nella provincia di Cadice, in Andalusia, Spagna. Anche se non esiste una narrazione precisa sulla sua nascita, si ritiene che la buler\u00eda...","og_url":"https:\/\/flamencomadrid.com\/it\/7-pasos-para-una-buena-buleria\/","og_site_name":"Flamenco Madrid","article_published_time":"2023-07-24T16:58:38+00:00","article_modified_time":"2024-01-26T13:25:46+00:00","og_image":[{"width":2560,"height":1440,"url":"https:\/\/flamencomadrid.com\/wp-content\/uploads\/2023\/07\/paula-rodriguez-2023-1911-b-20-scaled.jpg","type":"image\/jpeg"}],"author":"Pirunator","twitter_card":"summary_large_image","twitter_misc":{"Scritto da":"Pirunator","Tempo di lettura stimato":"3 minuti"},"schema":{"@context":"https:\/\/schema.org","@graph":[{"@type":"Article","@id":"https:\/\/flamencomadrid.com\/es\/7-pasos-para-una-buena-buleria\/#article","isPartOf":{"@id":"https:\/\/flamencomadrid.com\/es\/7-pasos-para-una-buena-buleria\/"},"author":{"name":"Pirunator","@id":"https:\/\/flamencomadrid.com\/es\/#\/schema\/person\/748b99b947dc33587201a0837db18640"},"headline":"7 passi per una buona buler\u00eda","datePublished":"2023-07-24T16:58:38+00:00","dateModified":"2024-01-26T13:25:46+00:00","mainEntityOfPage":{"@id":"https:\/\/flamencomadrid.com\/es\/7-pasos-para-una-buena-buleria\/"},"wordCount":1999,"image":{"@id":"https:\/\/flamencomadrid.com\/es\/7-pasos-para-una-buena-buleria\/#primaryimage"},"thumbnailUrl":"https:\/\/flamencomadrid.com\/wp-content\/uploads\/2023\/07\/paula-rodriguez-2023-1911-b-20-scaled.jpg","articleSection":["Curiosidades Flamencas"],"inLanguage":"it-IT"},{"@type":"WebPage","@id":"https:\/\/flamencomadrid.com\/it\/7-pasos-para-una-buena-buleria\/","url":"https:\/\/flamencomadrid.com\/it\/7-pasos-para-una-buena-buleria\/","name":"7 passi per una buona buler\u00eda - Flamenco Madrid","isPartOf":{"@id":"https:\/\/flamencomadrid.com\/it\/#website"},"primaryImageOfPage":{"@id":"https:\/\/flamencomadrid.com\/it\/7-pasos-para-una-buena-buleria\/#primaryimage"},"image":{"@id":"https:\/\/flamencomadrid.com\/es\/7-pasos-para-una-buena-buleria\/#primaryimage"},"thumbnailUrl":"https:\/\/flamencomadrid.com\/wp-content\/uploads\/2023\/07\/paula-rodriguez-2023-1911-b-20-scaled.jpg","datePublished":"2023-07-24T16:58:38+00:00","dateModified":"2024-01-26T13:25:46+00:00","author":{"@id":"https:\/\/flamencomadrid.com\/es\/#\/schema\/person\/748b99b947dc33587201a0837db18640"},"breadcrumb":{"@id":"https:\/\/flamencomadrid.com\/it\/7-pasos-para-una-buena-buleria\/#breadcrumb"},"inLanguage":"it-IT","potentialAction":[{"@type":"ReadAction","target":[["https:\/\/flamencomadrid.com\/it\/7-pasos-para-una-buena-buleria\/"]]}]},{"@type":"ImageObject","inLanguage":"it-IT","@id":"https:\/\/flamencomadrid.com\/it\/7-pasos-para-una-buena-buleria\/#primaryimage","url":"https:\/\/flamencomadrid.com\/wp-content\/uploads\/2023\/07\/paula-rodriguez-2023-1911-b-20-scaled.jpg","contentUrl":"https:\/\/flamencomadrid.com\/wp-content\/uploads\/2023\/07\/paula-rodriguez-2023-1911-b-20-scaled.jpg","width":2560,"height":1440},{"@type":"BreadcrumbList","@id":"https:\/\/flamencomadrid.com\/it\/7-pasos-para-una-buena-buleria\/#breadcrumb","itemListElement":[{"@type":"ListItem","position":1,"name":"Home","item":"https:\/\/flamencomadrid.com\/it\/"},{"@type":"ListItem","position":2,"name":"7 pasos para una buena buler\u00eda"}]},{"@type":"WebSite","@id":"https:\/\/flamencomadrid.com\/it\/#website","url":"https:\/\/flamencomadrid.com\/it\/","name":"Flamenco Madrid","description":"Otro sitio realizado con WordPress","potentialAction":[{"@type":"SearchAction","target":{"@type":"EntryPoint","urlTemplate":"https:\/\/flamencomadrid.com\/it\/?s={search_term_string}"},"query-input":{"@type":"PropertyValueSpecification","valueRequired":true,"valueName":"search_term_string"}}],"inLanguage":"it-IT"},{"@type":"Person","@id":"https:\/\/flamencomadrid.com\/es\/#\/schema\/person\/748b99b947dc33587201a0837db18640","name":"Pirunator","image":{"@type":"ImageObject","inLanguage":"it-IT","@id":"https:\/\/secure.gravatar.com\/avatar\/617673d226a438889f1548bea8a21192c4c0d0351bdc8c087ee3ebf56ac86871?s=96&d=mm&r=g","url":"https:\/\/secure.gravatar.com\/avatar\/617673d226a438889f1548bea8a21192c4c0d0351bdc8c087ee3ebf56ac86871?s=96&d=mm&r=g","contentUrl":"https:\/\/secure.gravatar.com\/avatar\/617673d226a438889f1548bea8a21192c4c0d0351bdc8c087ee3ebf56ac86871?s=96&d=mm&r=g","caption":"Pirunator"}}]}},"_links":{"self":[{"href":"https:\/\/flamencomadrid.com\/it\/wp-json\/wp\/v2\/posts\/770","targetHints":{"allow":["GET"]}}],"collection":[{"href":"https:\/\/flamencomadrid.com\/it\/wp-json\/wp\/v2\/posts"}],"about":[{"href":"https:\/\/flamencomadrid.com\/it\/wp-json\/wp\/v2\/types\/post"}],"author":[{"embeddable":true,"href":"https:\/\/flamencomadrid.com\/it\/wp-json\/wp\/v2\/users\/5"}],"replies":[{"embeddable":true,"href":"https:\/\/flamencomadrid.com\/it\/wp-json\/wp\/v2\/comments?post=770"}],"version-history":[{"count":18,"href":"https:\/\/flamencomadrid.com\/it\/wp-json\/wp\/v2\/posts\/770\/revisions"}],"predecessor-version":[{"id":1024,"href":"https:\/\/flamencomadrid.com\/it\/wp-json\/wp\/v2\/posts\/770\/revisions\/1024"}],"wp:featuredmedia":[{"embeddable":true,"href":"https:\/\/flamencomadrid.com\/it\/wp-json\/wp\/v2\/media\/771"}],"wp:attachment":[{"href":"https:\/\/flamencomadrid.com\/it\/wp-json\/wp\/v2\/media?parent=770"}],"wp:term":[{"taxonomy":"category","embeddable":true,"href":"https:\/\/flamencomadrid.com\/it\/wp-json\/wp\/v2\/categories?post=770"},{"taxonomy":"post_tag","embeddable":true,"href":"https:\/\/flamencomadrid.com\/it\/wp-json\/wp\/v2\/tags?post=770"}],"curies":[{"name":"wp","href":"https:\/\/api.w.org\/{rel}","templated":true}]}}