{"id":646,"date":"2023-06-19T19:55:39","date_gmt":"2023-06-19T17:55:39","guid":{"rendered":"https:\/\/flamencomadrid.com\/es\/?p=646"},"modified":"2024-01-26T14:06:37","modified_gmt":"2024-01-26T13:06:37","slug":"6-razones-para-ver-flamenco-en-madrid","status":"publish","type":"post","link":"https:\/\/flamencomadrid.com\/it\/6-ragioni-per-vedere-il-flamenco-a-madrid\/","title":{"rendered":"6 ragioni per vedere il flamenco a Madrid"},"content":{"rendered":"<p><\/p>\n<h5>1- CULLA DEL FLAMENCO :<\/h5>\n<p>Madrid \u00e8 uno dei luoghi pi\u00f9 importanti della Spagna per apprezzare il flamenco. La citt\u00e0 \u00e8 stata per secoli un centro culturale e artistico e ha ospitato alcuni dei migliori ballerini, cantanti e chitarristi di flamenco. Grandi personaggi come Lola Flores, Frank Sinatra, Ava Gardner, Richard Gere, Maria Carey e molti altri.<\/p>\n<pre><img loading=\"lazy\" decoding=\"async\" class=\"alignnone wp-image-649 \" src=\"https:\/\/flamencomadrid.com\/es\/wp-content\/uploads\/2023\/06\/conversacion-entre-famosos-en-la-mesa-landscape-verde-1400x800-1.jpg\" alt=\"Referencia: Lola Flores alternando con Frank Sinatra y Ava Gardner en Madrid. 1960 (Tablao Flamenco 1911, antiguo Villa Rosa)\" width=\"788\" height=\"450\" \/>\r\nRiferimento: Lola Flores si alterna con Frank Sinatra e Ava Gardner a Madrid. 1960\r\n(Tablao Flamenco 1911, ex Villa Rosa). Ref.: <a href=\"https:\/\/tablaoflamenco1911.com\/es\/el-tablao\/los-secretos-del-tablao\/\">tablaoflamenco1911.com<\/a>\r\n<\/pre>\n<p>&nbsp;<\/p>\n<p><img loading=\"lazy\" decoding=\"async\" class=\"alignnone wp-image-651 \" src=\"https:\/\/flamencomadrid.com\/es\/wp-content\/uploads\/2023\/06\/9-richard-gere-400x284-1-e1687265738737-300x204.jpeg\" alt=\"\" width=\"389\" height=\"265\" \/>\u00a0\u00a0<img loading=\"lazy\" decoding=\"async\" class=\"alignnone wp-image-652 \" src=\"https:\/\/flamencomadrid.com\/es\/wp-content\/uploads\/2023\/06\/24-mariah-carey-400x284-1-e1687265708380-300x204.jpeg\" alt=\"\" width=\"390\" height=\"265\" \/><\/p>\n<pre>Richard Gere (Corral de la Morer\u00eda).        Mariah Carey (Corral de la Morer\u00eda).\r\n\r\n<\/pre>\n<h5>2- AMPIA GAMMA DI TABLAOS<\/h5>\n<p>Madrid offre un&#8217;ampia scelta di tablaos di flamenco. Questi locali offrono spettacoli di alta qualit\u00e0 con artisti professionisti, dove \u00e8 possibile immergersi completamente nella passione e nell&#8217;energia del flamenco.<\/p>\n<pre><img loading=\"lazy\" decoding=\"async\" class=\"alignnone wp-image-669 size-full\" src=\"https:\/\/flamencomadrid.com\/es\/wp-content\/uploads\/2023\/06\/farruquito-34-copia.jpg\" alt=\"\" width=\"1706\" height=\"1137\" \/>\r\n\"Farruquito\" a <a href=\"https:\/\/cardamomo.com\/es\/\">Cardamomo<\/a> 2021.<\/pre>\n<pre><img loading=\"lazy\" decoding=\"async\" class=\"alignnone wp-image-673 \" src=\"https:\/\/flamencomadrid.com\/es\/wp-content\/uploads\/2023\/06\/centro-cultural-flamenco-sala-ver.jpeg\" alt=\"\" width=\"927\" height=\"1236\" \/>\r\n<a href=\"https:\/\/flamencocultural.com\/\">Centro Cultural Flamenco en Madrid <\/a><\/pre>\n<p>&nbsp;<\/p>\n<h5>3- VARIET\u00c0 DI STILI<\/h5>\n<p>A Madrid avrete l&#8217;opportunit\u00e0 di assistere a diversi stili di flamenco. Dagli stili pi\u00f9 tradizionali e puri alle fusioni contemporanee che combinano il flamenco con altri generi musicali. Potrete apprezzare la diversit\u00e0 e l&#8217;evoluzione di questa forma d&#8217;arte nella capitale spagnola.<\/p>\n<p><img loading=\"lazy\" decoding=\"async\" class=\"alignnone wp-image-679 size-full\" src=\"https:\/\/flamencomadrid.com\/es\/wp-content\/uploads\/2023\/06\/web.jpg\" alt=\"\" width=\"1120\" height=\"630\" \/><\/p>\n<pre>Laura F\u00fanez danza Escuela Bolera: <a href=\"https:\/\/tablaoflamenco1911.com\/es\/\">tablaoflamenco1911.com<\/a><\/pre>\n<p>&nbsp;<\/p>\n<h5>4- ESPERIENZA CULTURALE<\/h5>\n<p>Vedere il flamenco a Madrid \u00e8 un&#8217;esperienza culturale unica. Il flamenco non \u00e8 solo musica e danza, ma anche un&#8217;espressione artistica radicata nella storia e nell&#8217;identit\u00e0 spagnola. Assistendo a uno spettacolo di flamenco, vi immergerete nella ricca tradizione culturale spagnola e potrete apprezzarne la profondit\u00e0 emotiva.<\/p>\n<p><img loading=\"lazy\" decoding=\"async\" class=\"alignnone wp-image-689 size-full\" src=\"https:\/\/flamencomadrid.com\/es\/wp-content\/uploads\/2023\/06\/viber_image_2022-04-14_21-52-32-223.jpeg\" alt=\"\" width=\"1360\" height=\"1020\" \/><\/p>\n<pre><a href=\"https:\/\/flamencocultural.com\/\">Centro Cultural Flamenco en Madrid <\/a><\/pre>\n<h5><\/h5>\n<h5>5-ATMOSFERA VIBRANTE<\/h5>\n<p>Madrid \u00e8 una citt\u00e0 piena di vita e di energia e il flamenco si inserisce perfettamente in questa atmosfera. Molti tablaos flamencos si trovano nel centro della citt\u00e0, in quartieri emblematici come Las Letras o Lavapi\u00e9s, dove si pu\u00f2 assistere allo spettacolo e poi continuare a esplorare la vivace vita notturna della citt\u00e0.<\/p>\n<p><img loading=\"lazy\" decoding=\"async\" class=\"alignnone wp-image-691 \" src=\"https:\/\/flamencomadrid.com\/es\/wp-content\/uploads\/2023\/06\/espacio-cardamomo-5-copia.jpg\" alt=\"\" width=\"870\" height=\"1306\" \/><\/p>\n<pre>Via Echegaray 15, Las Letras, Madrid: <a href=\"https:\/\/cardamomo.com\/es\/\">Cardamomo<\/a><\/pre>\n<p>&nbsp;<\/p>\n<h5>6-TALENTO ARTISTICO<\/h5>\n<p>A Madrid avrete l&#8217;opportunit\u00e0 di assistere al talento di alcuni dei migliori artisti di flamenco del mondo. Ballerini virtuosi, cantanti dalla voce accattivante e abili chitarristi si esibiscono regolarmente sulla scena flamenca della citt\u00e0. Osservare questi artisti in azione \u00e8 un&#8217;esperienza arricchente ed emozionante.<\/p>\n<p><img loading=\"lazy\" decoding=\"async\" class=\"alignnone wp-image-699 size-full\" src=\"https:\/\/flamencomadrid.com\/es\/wp-content\/uploads\/2023\/06\/dsc9665-copia.jpg\" alt=\"\" width=\"1120\" height=\"630\" \/><\/p>\n<pre>Ballerini: \"El Yiyo\", Paula Rodr\u00edguez e Mar\u00eda Reyes. Cantanti: Jos\u00e9 del Calli \r\ne \"El Cancu\". Percussioni: Felipe Maya. Chitarre: David Jim\u00e9nez e Antonio Jim\u00e9nez.\r\nSax e flauto:Jes\u00fas Montoya. <a href=\"https:\/\/tablaoflamenco1911.com\/es\/\">tablaoflamenco1911.com<\/a><\/pre>\n<p>&nbsp;<\/p>\n<h5>In breve, vedere il flamenco a Madrid vi permetter\u00e0 di immergervi nella ricca tradizione culturale spagnola, di assistere a spettacoli di alta qualit\u00e0, di esplorare diversi stili e di vivere un&#8217;esperienza vibrante in una delle citt\u00e0 pi\u00f9 eccitanti d&#8217;Europa.<\/h5>\n<p><\/p>","protected":false},"excerpt":{"rendered":"1- CULLA DEL FLAMENCO : Madrid \u00e8 uno dei luoghi pi\u00f9 importanti della Spagna per apprezzare il flamenco. La citt\u00e0 \u00e8 stata per secoli un centro culturale e artistico e ha ospitato alcuni dei migliori ballerini, cantanti e chitarristi di flamenco. Grandi personaggi come Lola Flores, Frank Sinatra, Ava Gardner, Richard Gere, Maria Carey e&#8230;","protected":false},"author":5,"featured_media":656,"comment_status":"open","ping_status":"open","sticky":false,"template":"","format":"standard","meta":{"_acf_changed":false,"footnotes":""},"categories":[13],"tags":[],"class_list":["post-646","post","type-post","status-publish","format-standard","has-post-thumbnail","hentry","category-curiosidades-flamencas"],"acf":[],"yoast_head":"<!-- This site is optimized with the Yoast SEO plugin v27.4 - https:\/\/yoast.com\/product\/yoast-seo-wordpress\/ -->\n<title>6 ragioni per vedere il flamenco a Madrid - Flamenco Madrid<\/title>\n<meta name=\"robots\" content=\"index, follow, max-snippet:-1, max-image-preview:large, max-video-preview:-1\" \/>\n<link rel=\"canonical\" href=\"\/\" \/>\n<meta property=\"og:locale\" content=\"it_IT\" \/>\n<meta property=\"og:type\" content=\"article\" \/>\n<meta property=\"og:title\" content=\"6 ragioni per vedere il flamenco a Madrid - Flamenco Madrid\" \/>\n<meta property=\"og:description\" content=\"1- CULLA DEL FLAMENCO : Madrid \u00e8 uno dei luoghi pi\u00f9 importanti della Spagna per apprezzare il flamenco. La citt\u00e0 \u00e8 stata per secoli un centro culturale e artistico e ha ospitato alcuni dei migliori ballerini, cantanti e chitarristi di flamenco. Grandi personaggi come Lola Flores, Frank Sinatra, Ava Gardner, Richard Gere, Maria Carey e...\" \/>\n<meta property=\"og:url\" content=\"https:\/\/flamencomadrid.com\/it\/6-razones-para-ver-flamenco-en-madrid\/\" \/>\n<meta property=\"og:site_name\" content=\"Flamenco Madrid\" \/>\n<meta property=\"article:published_time\" content=\"2023-06-19T17:55:39+00:00\" \/>\n<meta property=\"article:modified_time\" content=\"2024-01-26T13:06:37+00:00\" \/>\n<meta property=\"og:image\" content=\"https:\/\/flamencomadrid.com\/wp-content\/uploads\/2023\/06\/captura-de-pantalla-2023-06-19-a-las-19-56-30.png\" \/>\n\t<meta property=\"og:image:width\" content=\"1119\" \/>\n\t<meta property=\"og:image:height\" content=\"621\" \/>\n\t<meta property=\"og:image:type\" content=\"image\/png\" \/>\n<meta name=\"author\" content=\"Pirunator\" \/>\n<meta name=\"twitter:card\" content=\"summary_large_image\" \/>\n<meta name=\"twitter:label1\" content=\"Scritto da\" \/>\n\t<meta name=\"twitter:data1\" content=\"Pirunator\" \/>\n\t<meta name=\"twitter:label2\" content=\"Tempo di lettura stimato\" \/>\n\t<meta name=\"twitter:data2\" content=\"4 minuti\" \/>\n<script type=\"application\/ld+json\" class=\"yoast-schema-graph\">{\"@context\":\"https:\\\/\\\/schema.org\",\"@graph\":[{\"@type\":\"Article\",\"@id\":\"https:\\\/\\\/flamencomadrid.com\\\/es\\\/6-razones-para-ver-flamenco-en-madrid\\\/#article\",\"isPartOf\":{\"@id\":\"https:\\\/\\\/flamencomadrid.com\\\/es\\\/6-razones-para-ver-flamenco-en-madrid\\\/\"},\"author\":{\"name\":\"Pirunator\",\"@id\":\"https:\\\/\\\/flamencomadrid.com\\\/es\\\/#\\\/schema\\\/person\\\/748b99b947dc33587201a0837db18640\"},\"headline\":\"6 ragioni per vedere il flamenco a Madrid\",\"datePublished\":\"2023-06-19T17:55:39+00:00\",\"dateModified\":\"2024-01-26T13:06:37+00:00\",\"mainEntityOfPage\":{\"@id\":\"https:\\\/\\\/flamencomadrid.com\\\/es\\\/6-razones-para-ver-flamenco-en-madrid\\\/\"},\"wordCount\":1514,\"commentCount\":0,\"image\":{\"@id\":\"https:\\\/\\\/flamencomadrid.com\\\/es\\\/6-razones-para-ver-flamenco-en-madrid\\\/#primaryimage\"},\"thumbnailUrl\":\"https:\\\/\\\/flamencomadrid.com\\\/wp-content\\\/uploads\\\/2023\\\/06\\\/captura-de-pantalla-2023-06-19-a-las-19-56-30.png\",\"articleSection\":[\"Curiosidades Flamencas\"],\"inLanguage\":\"it-IT\",\"potentialAction\":[{\"@type\":\"CommentAction\",\"name\":\"Comment\",\"target\":[\"https:\\\/\\\/flamencomadrid.com\\\/es\\\/6-razones-para-ver-flamenco-en-madrid\\\/#respond\"]}]},{\"@type\":\"WebPage\",\"@id\":\"https:\\\/\\\/flamencomadrid.com\\\/it\\\/6-razones-para-ver-flamenco-en-madrid\\\/\",\"url\":\"https:\\\/\\\/flamencomadrid.com\\\/it\\\/6-razones-para-ver-flamenco-en-madrid\\\/\",\"name\":\"6 ragioni per vedere il flamenco a Madrid - Flamenco Madrid\",\"isPartOf\":{\"@id\":\"https:\\\/\\\/flamencomadrid.com\\\/it\\\/#website\"},\"primaryImageOfPage\":{\"@id\":\"https:\\\/\\\/flamencomadrid.com\\\/it\\\/6-razones-para-ver-flamenco-en-madrid\\\/#primaryimage\"},\"image\":{\"@id\":\"https:\\\/\\\/flamencomadrid.com\\\/es\\\/6-razones-para-ver-flamenco-en-madrid\\\/#primaryimage\"},\"thumbnailUrl\":\"https:\\\/\\\/flamencomadrid.com\\\/wp-content\\\/uploads\\\/2023\\\/06\\\/captura-de-pantalla-2023-06-19-a-las-19-56-30.png\",\"datePublished\":\"2023-06-19T17:55:39+00:00\",\"dateModified\":\"2024-01-26T13:06:37+00:00\",\"author\":{\"@id\":\"https:\\\/\\\/flamencomadrid.com\\\/es\\\/#\\\/schema\\\/person\\\/748b99b947dc33587201a0837db18640\"},\"breadcrumb\":{\"@id\":\"https:\\\/\\\/flamencomadrid.com\\\/it\\\/6-razones-para-ver-flamenco-en-madrid\\\/#breadcrumb\"},\"inLanguage\":\"it-IT\",\"potentialAction\":[{\"@type\":\"ReadAction\",\"target\":[[\"https:\\\/\\\/flamencomadrid.com\\\/it\\\/6-razones-para-ver-flamenco-en-madrid\\\/\"]]}]},{\"@type\":\"ImageObject\",\"inLanguage\":\"it-IT\",\"@id\":\"https:\\\/\\\/flamencomadrid.com\\\/it\\\/6-razones-para-ver-flamenco-en-madrid\\\/#primaryimage\",\"url\":\"https:\\\/\\\/flamencomadrid.com\\\/wp-content\\\/uploads\\\/2023\\\/06\\\/captura-de-pantalla-2023-06-19-a-las-19-56-30.png\",\"contentUrl\":\"https:\\\/\\\/flamencomadrid.com\\\/wp-content\\\/uploads\\\/2023\\\/06\\\/captura-de-pantalla-2023-06-19-a-las-19-56-30.png\",\"width\":1119,\"height\":621},{\"@type\":\"BreadcrumbList\",\"@id\":\"https:\\\/\\\/flamencomadrid.com\\\/it\\\/6-razones-para-ver-flamenco-en-madrid\\\/#breadcrumb\",\"itemListElement\":[{\"@type\":\"ListItem\",\"position\":1,\"name\":\"Home\",\"item\":\"https:\\\/\\\/flamencomadrid.com\\\/it\\\/\"},{\"@type\":\"ListItem\",\"position\":2,\"name\":\"6 razones para ver Flamenco en Madrid\"}]},{\"@type\":\"WebSite\",\"@id\":\"https:\\\/\\\/flamencomadrid.com\\\/it\\\/#website\",\"url\":\"https:\\\/\\\/flamencomadrid.com\\\/it\\\/\",\"name\":\"Flamenco Madrid\",\"description\":\"Otro sitio realizado con WordPress\",\"potentialAction\":[{\"@type\":\"SearchAction\",\"target\":{\"@type\":\"EntryPoint\",\"urlTemplate\":\"https:\\\/\\\/flamencomadrid.com\\\/it\\\/?s={search_term_string}\"},\"query-input\":{\"@type\":\"PropertyValueSpecification\",\"valueRequired\":true,\"valueName\":\"search_term_string\"}}],\"inLanguage\":\"it-IT\"},{\"@type\":\"Person\",\"@id\":\"https:\\\/\\\/flamencomadrid.com\\\/es\\\/#\\\/schema\\\/person\\\/748b99b947dc33587201a0837db18640\",\"name\":\"Pirunator\",\"image\":{\"@type\":\"ImageObject\",\"inLanguage\":\"it-IT\",\"@id\":\"https:\\\/\\\/secure.gravatar.com\\\/avatar\\\/617673d226a438889f1548bea8a21192c4c0d0351bdc8c087ee3ebf56ac86871?s=96&d=mm&r=g\",\"url\":\"https:\\\/\\\/secure.gravatar.com\\\/avatar\\\/617673d226a438889f1548bea8a21192c4c0d0351bdc8c087ee3ebf56ac86871?s=96&d=mm&r=g\",\"contentUrl\":\"https:\\\/\\\/secure.gravatar.com\\\/avatar\\\/617673d226a438889f1548bea8a21192c4c0d0351bdc8c087ee3ebf56ac86871?s=96&d=mm&r=g\",\"caption\":\"Pirunator\"}}]}<\/script>\n<!-- \/ Yoast SEO plugin. -->","yoast_head_json":{"title":"6 ragioni per vedere il flamenco a Madrid - Flamenco Madrid","robots":{"index":"index","follow":"follow","max-snippet":"max-snippet:-1","max-image-preview":"max-image-preview:large","max-video-preview":"max-video-preview:-1"},"canonical":"\/","og_locale":"it_IT","og_type":"article","og_title":"6 ragioni per vedere il flamenco a Madrid - Flamenco Madrid","og_description":"1- CULLA DEL FLAMENCO : Madrid \u00e8 uno dei luoghi pi\u00f9 importanti della Spagna per apprezzare il flamenco. La citt\u00e0 \u00e8 stata per secoli un centro culturale e artistico e ha ospitato alcuni dei migliori ballerini, cantanti e chitarristi di flamenco. Grandi personaggi come Lola Flores, Frank Sinatra, Ava Gardner, Richard Gere, Maria Carey e...","og_url":"https:\/\/flamencomadrid.com\/it\/6-razones-para-ver-flamenco-en-madrid\/","og_site_name":"Flamenco Madrid","article_published_time":"2023-06-19T17:55:39+00:00","article_modified_time":"2024-01-26T13:06:37+00:00","og_image":[{"width":1119,"height":621,"url":"https:\/\/flamencomadrid.com\/wp-content\/uploads\/2023\/06\/captura-de-pantalla-2023-06-19-a-las-19-56-30.png","type":"image\/png"}],"author":"Pirunator","twitter_card":"summary_large_image","twitter_misc":{"Scritto da":"Pirunator","Tempo di lettura stimato":"4 minuti"},"schema":{"@context":"https:\/\/schema.org","@graph":[{"@type":"Article","@id":"https:\/\/flamencomadrid.com\/es\/6-razones-para-ver-flamenco-en-madrid\/#article","isPartOf":{"@id":"https:\/\/flamencomadrid.com\/es\/6-razones-para-ver-flamenco-en-madrid\/"},"author":{"name":"Pirunator","@id":"https:\/\/flamencomadrid.com\/es\/#\/schema\/person\/748b99b947dc33587201a0837db18640"},"headline":"6 ragioni per vedere il flamenco a Madrid","datePublished":"2023-06-19T17:55:39+00:00","dateModified":"2024-01-26T13:06:37+00:00","mainEntityOfPage":{"@id":"https:\/\/flamencomadrid.com\/es\/6-razones-para-ver-flamenco-en-madrid\/"},"wordCount":1514,"commentCount":0,"image":{"@id":"https:\/\/flamencomadrid.com\/es\/6-razones-para-ver-flamenco-en-madrid\/#primaryimage"},"thumbnailUrl":"https:\/\/flamencomadrid.com\/wp-content\/uploads\/2023\/06\/captura-de-pantalla-2023-06-19-a-las-19-56-30.png","articleSection":["Curiosidades Flamencas"],"inLanguage":"it-IT","potentialAction":[{"@type":"CommentAction","name":"Comment","target":["https:\/\/flamencomadrid.com\/es\/6-razones-para-ver-flamenco-en-madrid\/#respond"]}]},{"@type":"WebPage","@id":"https:\/\/flamencomadrid.com\/it\/6-razones-para-ver-flamenco-en-madrid\/","url":"https:\/\/flamencomadrid.com\/it\/6-razones-para-ver-flamenco-en-madrid\/","name":"6 ragioni per vedere il flamenco a Madrid - Flamenco Madrid","isPartOf":{"@id":"https:\/\/flamencomadrid.com\/it\/#website"},"primaryImageOfPage":{"@id":"https:\/\/flamencomadrid.com\/it\/6-razones-para-ver-flamenco-en-madrid\/#primaryimage"},"image":{"@id":"https:\/\/flamencomadrid.com\/es\/6-razones-para-ver-flamenco-en-madrid\/#primaryimage"},"thumbnailUrl":"https:\/\/flamencomadrid.com\/wp-content\/uploads\/2023\/06\/captura-de-pantalla-2023-06-19-a-las-19-56-30.png","datePublished":"2023-06-19T17:55:39+00:00","dateModified":"2024-01-26T13:06:37+00:00","author":{"@id":"https:\/\/flamencomadrid.com\/es\/#\/schema\/person\/748b99b947dc33587201a0837db18640"},"breadcrumb":{"@id":"https:\/\/flamencomadrid.com\/it\/6-razones-para-ver-flamenco-en-madrid\/#breadcrumb"},"inLanguage":"it-IT","potentialAction":[{"@type":"ReadAction","target":[["https:\/\/flamencomadrid.com\/it\/6-razones-para-ver-flamenco-en-madrid\/"]]}]},{"@type":"ImageObject","inLanguage":"it-IT","@id":"https:\/\/flamencomadrid.com\/it\/6-razones-para-ver-flamenco-en-madrid\/#primaryimage","url":"https:\/\/flamencomadrid.com\/wp-content\/uploads\/2023\/06\/captura-de-pantalla-2023-06-19-a-las-19-56-30.png","contentUrl":"https:\/\/flamencomadrid.com\/wp-content\/uploads\/2023\/06\/captura-de-pantalla-2023-06-19-a-las-19-56-30.png","width":1119,"height":621},{"@type":"BreadcrumbList","@id":"https:\/\/flamencomadrid.com\/it\/6-razones-para-ver-flamenco-en-madrid\/#breadcrumb","itemListElement":[{"@type":"ListItem","position":1,"name":"Home","item":"https:\/\/flamencomadrid.com\/it\/"},{"@type":"ListItem","position":2,"name":"6 razones para ver Flamenco en Madrid"}]},{"@type":"WebSite","@id":"https:\/\/flamencomadrid.com\/it\/#website","url":"https:\/\/flamencomadrid.com\/it\/","name":"Flamenco Madrid","description":"Otro sitio realizado con WordPress","potentialAction":[{"@type":"SearchAction","target":{"@type":"EntryPoint","urlTemplate":"https:\/\/flamencomadrid.com\/it\/?s={search_term_string}"},"query-input":{"@type":"PropertyValueSpecification","valueRequired":true,"valueName":"search_term_string"}}],"inLanguage":"it-IT"},{"@type":"Person","@id":"https:\/\/flamencomadrid.com\/es\/#\/schema\/person\/748b99b947dc33587201a0837db18640","name":"Pirunator","image":{"@type":"ImageObject","inLanguage":"it-IT","@id":"https:\/\/secure.gravatar.com\/avatar\/617673d226a438889f1548bea8a21192c4c0d0351bdc8c087ee3ebf56ac86871?s=96&d=mm&r=g","url":"https:\/\/secure.gravatar.com\/avatar\/617673d226a438889f1548bea8a21192c4c0d0351bdc8c087ee3ebf56ac86871?s=96&d=mm&r=g","contentUrl":"https:\/\/secure.gravatar.com\/avatar\/617673d226a438889f1548bea8a21192c4c0d0351bdc8c087ee3ebf56ac86871?s=96&d=mm&r=g","caption":"Pirunator"}}]}},"_links":{"self":[{"href":"https:\/\/flamencomadrid.com\/it\/wp-json\/wp\/v2\/posts\/646","targetHints":{"allow":["GET"]}}],"collection":[{"href":"https:\/\/flamencomadrid.com\/it\/wp-json\/wp\/v2\/posts"}],"about":[{"href":"https:\/\/flamencomadrid.com\/it\/wp-json\/wp\/v2\/types\/post"}],"author":[{"embeddable":true,"href":"https:\/\/flamencomadrid.com\/it\/wp-json\/wp\/v2\/users\/5"}],"replies":[{"embeddable":true,"href":"https:\/\/flamencomadrid.com\/it\/wp-json\/wp\/v2\/comments?post=646"}],"version-history":[{"count":50,"href":"https:\/\/flamencomadrid.com\/it\/wp-json\/wp\/v2\/posts\/646\/revisions"}],"predecessor-version":[{"id":1019,"href":"https:\/\/flamencomadrid.com\/it\/wp-json\/wp\/v2\/posts\/646\/revisions\/1019"}],"wp:featuredmedia":[{"embeddable":true,"href":"https:\/\/flamencomadrid.com\/it\/wp-json\/wp\/v2\/media\/656"}],"wp:attachment":[{"href":"https:\/\/flamencomadrid.com\/it\/wp-json\/wp\/v2\/media?parent=646"}],"wp:term":[{"taxonomy":"category","embeddable":true,"href":"https:\/\/flamencomadrid.com\/it\/wp-json\/wp\/v2\/categories?post=646"},{"taxonomy":"post_tag","embeddable":true,"href":"https:\/\/flamencomadrid.com\/it\/wp-json\/wp\/v2\/tags?post=646"}],"curies":[{"name":"wp","href":"https:\/\/api.w.org\/{rel}","templated":true}]}}