{"id":559,"date":"2023-05-31T15:37:39","date_gmt":"2023-05-31T13:37:39","guid":{"rendered":"https:\/\/flamencomadrid.com\/es\/es\/?p=559"},"modified":"2024-11-26T08:41:49","modified_gmt":"2024-11-26T07:41:49","slug":"farruquito-en-madrid","status":"publish","type":"post","link":"https:\/\/flamencomadrid.com\/it\/farruquito-madrid\/","title":{"rendered":"Farruquito a Madrid"},"content":{"rendered":"<p><\/p>\n<h2>FARRUQUITO BALLA IL CAMAR\u00d3N NELL&#8217;INTIMIT\u00c0 DEL TABLAO 1911<\/h2>\n<h5>5 dicembre<\/h5>\n<h5>Passaggi 21:00h | 22:30h<\/h5>\n<p><strong>Il 5 dicembre<\/strong> Farruquito render\u00e0 omaggio a Camar\u00f3n de la Isla al <strong>Tablao Flamenco 1911<\/strong> di Madrid.<\/p>\n<p>Juan Manuel Fern\u00e1ndez Montoya, meglio conosciuto come Farruquito, presenta uno spettacolo speciale nel tablao di flamenco pi\u00f9 antico del mondo, situato in <strong>Plaza de Santa Ana, 15<\/strong>. Un&#8217;opportunit\u00e0 esclusiva per godere della leggenda del canto flamenco attraverso il miglior ballerino di flamenco di oggi.<\/p>\n<p><strong>Farruquito<\/strong> \u00e8 erede e trasmettitore della scuola di suo nonno <strong>&#8220;Farruco&#8221;<\/strong>, uno stile di danza che ha trasceso fino a diventare il principale riferimento per artisti giovani ed esperti. In questa occasione, torna a Madrid per offrire una notte magica che rimarr\u00e0 nella memoria. \u00c8 una data unica in cui il re del canto flamenco, <strong>Camar\u00f3n de la Isla<\/strong>, compie 73 anni. Un&#8217;occasione per vivere l&#8217;arte del Farruquito nell&#8217;intimit\u00e0 di un tablao. Uno spazio a capienza ridotta, la cui decorazione ci ricorda l'&#8221;et\u00e0 d&#8217;oro&#8221; del flamenco.<\/p>\n<p>Nello spettacolo avremo l&#8217;opportunit\u00e0 di <strong>rivivere momenti affascinanti<\/strong> come la registrazione del videoclip Camar\u00f3n nuestro, quando &#8220;El Capit\u00e1n&#8221; aveva solo dieci anni. Avremo un cast allargato; due chitarristi, percussioni e <strong>tre cantanti sul palco<\/strong> che rievocheranno i testi del genio dell&#8217;Isola. Inoltre, durante lo spettacolo ci sar\u00e0 un susseguirsi di emozionanti numeri speciali che ci ricorderanno i successi del cantaor di San Fernando. Queste e molte altre sorprese ci attendono il 5 dicembre al Tablao Flamenco 1911.<\/p>\n<p>Il team artistico che accompagner\u00e0 <strong>Farruquito<\/strong> in questo spettacolo \u00e8 formato dalla ballerina Nazaret Reyes, da due chitarristi, dalle percussioni e da tre cantanti che ricorderanno Camar\u00f3n durante tutto lo spettacolo.<\/p>\n<p><strong>Farruquito balla su Camar\u00f3n<\/strong> la notte della sua nascita per la prima volta al <strong>Tablao Flamenco 1911.<\/strong> Uno spettacolo in cui sarete contagiati dai sentimenti e dalle emozioni che Juan Fernandez, Farruquito evocher\u00e0 ricordando il grande re del canto flamenco.<\/p>\n<p>&nbsp;<\/p>\n<h2><a href=\"https:\/\/tablaoflamenco1911.com\/es\/comprar-entradas\/\">I biglietti sono in vendita da oggi per marted\u00ec 5 dicembre alle 21:00\/22:30 al TABLAO FLAMENCO 1911.<\/a><\/h2>\n<p><\/p>","protected":false},"excerpt":{"rendered":"FARRUQUITO BALLA IL CAMAR\u00d3N NELL&#8217;INTIMIT\u00c0 DEL TABLAO 1911 5 dicembre Passaggi 21:00h | 22:30h Il 5 dicembre Farruquito render\u00e0 omaggio a Camar\u00f3n de la Isla al Tablao Flamenco 1911 di Madrid. Juan Manuel Fern\u00e1ndez Montoya, meglio conosciuto come Farruquito, presenta uno spettacolo speciale nel tablao di flamenco pi\u00f9 antico del mondo, situato in Plaza de&#8230;","protected":false},"author":5,"featured_media":924,"comment_status":"closed","ping_status":"open","sticky":false,"template":"","format":"standard","meta":{"_acf_changed":false,"footnotes":""},"categories":[12],"tags":[],"class_list":["post-559","post","type-post","status-publish","format-standard","has-post-thumbnail","hentry","category-proximos-shows-en-madrid"],"acf":[],"yoast_head":"<!-- This site is optimized with the Yoast SEO plugin v27.4 - https:\/\/yoast.com\/product\/yoast-seo-wordpress\/ -->\n<title>Farruquito a Madrid - Flamenco Madrid<\/title>\n<meta name=\"robots\" content=\"index, follow, max-snippet:-1, max-image-preview:large, max-video-preview:-1\" \/>\n<link rel=\"canonical\" href=\"\/\" \/>\n<meta property=\"og:locale\" content=\"it_IT\" \/>\n<meta property=\"og:type\" content=\"article\" \/>\n<meta property=\"og:title\" content=\"Farruquito a Madrid - Flamenco Madrid\" \/>\n<meta property=\"og:description\" content=\"FARRUQUITO BALLA IL CAMAR\u00d3N NELL&#8217;INTIMIT\u00c0 DEL TABLAO 1911 5 dicembre Passaggi 21:00h | 22:30h Il 5 dicembre Farruquito render\u00e0 omaggio a Camar\u00f3n de la Isla al Tablao Flamenco 1911 di Madrid. Juan Manuel Fern\u00e1ndez Montoya, meglio conosciuto come Farruquito, presenta uno spettacolo speciale nel tablao di flamenco pi\u00f9 antico del mondo, situato in Plaza de...\" \/>\n<meta property=\"og:url\" content=\"https:\/\/flamencomadrid.com\/it\/farruquito-madrid\/\" \/>\n<meta property=\"og:site_name\" content=\"Flamenco Madrid\" \/>\n<meta property=\"article:published_time\" content=\"2023-05-31T13:37:39+00:00\" \/>\n<meta property=\"article:modified_time\" content=\"2024-11-26T07:41:49+00:00\" \/>\n<meta property=\"og:image\" content=\"https:\/\/flamencomadrid.com\/wp-content\/uploads\/2023\/05\/farruquito-baila-a-camaron-1911-1080x1080-1.jpg\" \/>\n\t<meta property=\"og:image:width\" content=\"1080\" \/>\n\t<meta property=\"og:image:height\" content=\"1080\" \/>\n\t<meta property=\"og:image:type\" content=\"image\/jpeg\" \/>\n<meta name=\"author\" content=\"Pirunator\" \/>\n<meta name=\"twitter:card\" content=\"summary_large_image\" \/>\n<meta name=\"twitter:label1\" content=\"Scritto da\" \/>\n\t<meta name=\"twitter:data1\" content=\"Pirunator\" \/>\n\t<meta name=\"twitter:label2\" content=\"Tempo di lettura stimato\" \/>\n\t<meta name=\"twitter:data2\" content=\"2 minuti\" \/>\n<script type=\"application\/ld+json\" class=\"yoast-schema-graph\">{\"@context\":\"https:\\\/\\\/schema.org\",\"@graph\":[{\"@type\":\"Article\",\"@id\":\"https:\\\/\\\/flamencomadrid.com\\\/es\\\/farruquito-madrid\\\/#article\",\"isPartOf\":{\"@id\":\"https:\\\/\\\/flamencomadrid.com\\\/es\\\/farruquito-madrid\\\/\"},\"author\":{\"name\":\"Pirunator\",\"@id\":\"https:\\\/\\\/flamencomadrid.com\\\/es\\\/#\\\/schema\\\/person\\\/748b99b947dc33587201a0837db18640\"},\"headline\":\"Farruquito a Madrid\",\"datePublished\":\"2023-05-31T13:37:39+00:00\",\"dateModified\":\"2024-11-26T07:41:49+00:00\",\"mainEntityOfPage\":{\"@id\":\"https:\\\/\\\/flamencomadrid.com\\\/es\\\/farruquito-madrid\\\/\"},\"wordCount\":1483,\"image\":{\"@id\":\"https:\\\/\\\/flamencomadrid.com\\\/es\\\/farruquito-madrid\\\/#primaryimage\"},\"thumbnailUrl\":\"https:\\\/\\\/flamencomadrid.com\\\/wp-content\\\/uploads\\\/2023\\\/05\\\/farruquito-baila-a-camaron-1911-1080x1080-1.jpg\",\"articleSection\":[\"Pr\u00f3ximos Shows en Madrid\"],\"inLanguage\":\"it-IT\"},{\"@type\":\"WebPage\",\"@id\":\"https:\\\/\\\/flamencomadrid.com\\\/it\\\/farruquito-madrid\\\/\",\"url\":\"https:\\\/\\\/flamencomadrid.com\\\/it\\\/farruquito-madrid\\\/\",\"name\":\"Farruquito a Madrid - Flamenco Madrid\",\"isPartOf\":{\"@id\":\"https:\\\/\\\/flamencomadrid.com\\\/it\\\/#website\"},\"primaryImageOfPage\":{\"@id\":\"https:\\\/\\\/flamencomadrid.com\\\/it\\\/farruquito-madrid\\\/#primaryimage\"},\"image\":{\"@id\":\"https:\\\/\\\/flamencomadrid.com\\\/es\\\/farruquito-madrid\\\/#primaryimage\"},\"thumbnailUrl\":\"https:\\\/\\\/flamencomadrid.com\\\/wp-content\\\/uploads\\\/2023\\\/05\\\/farruquito-baila-a-camaron-1911-1080x1080-1.jpg\",\"datePublished\":\"2023-05-31T13:37:39+00:00\",\"dateModified\":\"2024-11-26T07:41:49+00:00\",\"author\":{\"@id\":\"https:\\\/\\\/flamencomadrid.com\\\/es\\\/#\\\/schema\\\/person\\\/748b99b947dc33587201a0837db18640\"},\"breadcrumb\":{\"@id\":\"https:\\\/\\\/flamencomadrid.com\\\/it\\\/farruquito-madrid\\\/#breadcrumb\"},\"inLanguage\":\"it-IT\",\"potentialAction\":[{\"@type\":\"ReadAction\",\"target\":[[\"https:\\\/\\\/flamencomadrid.com\\\/it\\\/farruquito-madrid\\\/\"]]}]},{\"@type\":\"ImageObject\",\"inLanguage\":\"it-IT\",\"@id\":\"https:\\\/\\\/flamencomadrid.com\\\/it\\\/farruquito-madrid\\\/#primaryimage\",\"url\":\"https:\\\/\\\/flamencomadrid.com\\\/wp-content\\\/uploads\\\/2023\\\/05\\\/farruquito-baila-a-camaron-1911-1080x1080-1.jpg\",\"contentUrl\":\"https:\\\/\\\/flamencomadrid.com\\\/wp-content\\\/uploads\\\/2023\\\/05\\\/farruquito-baila-a-camaron-1911-1080x1080-1.jpg\",\"width\":1080,\"height\":1080},{\"@type\":\"BreadcrumbList\",\"@id\":\"https:\\\/\\\/flamencomadrid.com\\\/it\\\/farruquito-madrid\\\/#breadcrumb\",\"itemListElement\":[{\"@type\":\"ListItem\",\"position\":1,\"name\":\"Home\",\"item\":\"https:\\\/\\\/flamencomadrid.com\\\/it\\\/\"},{\"@type\":\"ListItem\",\"position\":2,\"name\":\"Farruquito en Madrid\"}]},{\"@type\":\"WebSite\",\"@id\":\"https:\\\/\\\/flamencomadrid.com\\\/it\\\/#website\",\"url\":\"https:\\\/\\\/flamencomadrid.com\\\/it\\\/\",\"name\":\"Flamenco Madrid\",\"description\":\"Otro sitio realizado con WordPress\",\"potentialAction\":[{\"@type\":\"SearchAction\",\"target\":{\"@type\":\"EntryPoint\",\"urlTemplate\":\"https:\\\/\\\/flamencomadrid.com\\\/it\\\/?s={search_term_string}\"},\"query-input\":{\"@type\":\"PropertyValueSpecification\",\"valueRequired\":true,\"valueName\":\"search_term_string\"}}],\"inLanguage\":\"it-IT\"},{\"@type\":\"Person\",\"@id\":\"https:\\\/\\\/flamencomadrid.com\\\/es\\\/#\\\/schema\\\/person\\\/748b99b947dc33587201a0837db18640\",\"name\":\"Pirunator\",\"image\":{\"@type\":\"ImageObject\",\"inLanguage\":\"it-IT\",\"@id\":\"https:\\\/\\\/secure.gravatar.com\\\/avatar\\\/617673d226a438889f1548bea8a21192c4c0d0351bdc8c087ee3ebf56ac86871?s=96&d=mm&r=g\",\"url\":\"https:\\\/\\\/secure.gravatar.com\\\/avatar\\\/617673d226a438889f1548bea8a21192c4c0d0351bdc8c087ee3ebf56ac86871?s=96&d=mm&r=g\",\"contentUrl\":\"https:\\\/\\\/secure.gravatar.com\\\/avatar\\\/617673d226a438889f1548bea8a21192c4c0d0351bdc8c087ee3ebf56ac86871?s=96&d=mm&r=g\",\"caption\":\"Pirunator\"}}]}<\/script>\n<!-- \/ Yoast SEO plugin. -->","yoast_head_json":{"title":"Farruquito a Madrid - Flamenco Madrid","robots":{"index":"index","follow":"follow","max-snippet":"max-snippet:-1","max-image-preview":"max-image-preview:large","max-video-preview":"max-video-preview:-1"},"canonical":"\/","og_locale":"it_IT","og_type":"article","og_title":"Farruquito a Madrid - Flamenco Madrid","og_description":"FARRUQUITO BALLA IL CAMAR\u00d3N NELL&#8217;INTIMIT\u00c0 DEL TABLAO 1911 5 dicembre Passaggi 21:00h | 22:30h Il 5 dicembre Farruquito render\u00e0 omaggio a Camar\u00f3n de la Isla al Tablao Flamenco 1911 di Madrid. Juan Manuel Fern\u00e1ndez Montoya, meglio conosciuto come Farruquito, presenta uno spettacolo speciale nel tablao di flamenco pi\u00f9 antico del mondo, situato in Plaza de...","og_url":"https:\/\/flamencomadrid.com\/it\/farruquito-madrid\/","og_site_name":"Flamenco Madrid","article_published_time":"2023-05-31T13:37:39+00:00","article_modified_time":"2024-11-26T07:41:49+00:00","og_image":[{"width":1080,"height":1080,"url":"https:\/\/flamencomadrid.com\/wp-content\/uploads\/2023\/05\/farruquito-baila-a-camaron-1911-1080x1080-1.jpg","type":"image\/jpeg"}],"author":"Pirunator","twitter_card":"summary_large_image","twitter_misc":{"Scritto da":"Pirunator","Tempo di lettura stimato":"2 minuti"},"schema":{"@context":"https:\/\/schema.org","@graph":[{"@type":"Article","@id":"https:\/\/flamencomadrid.com\/es\/farruquito-madrid\/#article","isPartOf":{"@id":"https:\/\/flamencomadrid.com\/es\/farruquito-madrid\/"},"author":{"name":"Pirunator","@id":"https:\/\/flamencomadrid.com\/es\/#\/schema\/person\/748b99b947dc33587201a0837db18640"},"headline":"Farruquito a Madrid","datePublished":"2023-05-31T13:37:39+00:00","dateModified":"2024-11-26T07:41:49+00:00","mainEntityOfPage":{"@id":"https:\/\/flamencomadrid.com\/es\/farruquito-madrid\/"},"wordCount":1483,"image":{"@id":"https:\/\/flamencomadrid.com\/es\/farruquito-madrid\/#primaryimage"},"thumbnailUrl":"https:\/\/flamencomadrid.com\/wp-content\/uploads\/2023\/05\/farruquito-baila-a-camaron-1911-1080x1080-1.jpg","articleSection":["Pr\u00f3ximos Shows en Madrid"],"inLanguage":"it-IT"},{"@type":"WebPage","@id":"https:\/\/flamencomadrid.com\/it\/farruquito-madrid\/","url":"https:\/\/flamencomadrid.com\/it\/farruquito-madrid\/","name":"Farruquito a Madrid - Flamenco Madrid","isPartOf":{"@id":"https:\/\/flamencomadrid.com\/it\/#website"},"primaryImageOfPage":{"@id":"https:\/\/flamencomadrid.com\/it\/farruquito-madrid\/#primaryimage"},"image":{"@id":"https:\/\/flamencomadrid.com\/es\/farruquito-madrid\/#primaryimage"},"thumbnailUrl":"https:\/\/flamencomadrid.com\/wp-content\/uploads\/2023\/05\/farruquito-baila-a-camaron-1911-1080x1080-1.jpg","datePublished":"2023-05-31T13:37:39+00:00","dateModified":"2024-11-26T07:41:49+00:00","author":{"@id":"https:\/\/flamencomadrid.com\/es\/#\/schema\/person\/748b99b947dc33587201a0837db18640"},"breadcrumb":{"@id":"https:\/\/flamencomadrid.com\/it\/farruquito-madrid\/#breadcrumb"},"inLanguage":"it-IT","potentialAction":[{"@type":"ReadAction","target":[["https:\/\/flamencomadrid.com\/it\/farruquito-madrid\/"]]}]},{"@type":"ImageObject","inLanguage":"it-IT","@id":"https:\/\/flamencomadrid.com\/it\/farruquito-madrid\/#primaryimage","url":"https:\/\/flamencomadrid.com\/wp-content\/uploads\/2023\/05\/farruquito-baila-a-camaron-1911-1080x1080-1.jpg","contentUrl":"https:\/\/flamencomadrid.com\/wp-content\/uploads\/2023\/05\/farruquito-baila-a-camaron-1911-1080x1080-1.jpg","width":1080,"height":1080},{"@type":"BreadcrumbList","@id":"https:\/\/flamencomadrid.com\/it\/farruquito-madrid\/#breadcrumb","itemListElement":[{"@type":"ListItem","position":1,"name":"Home","item":"https:\/\/flamencomadrid.com\/it\/"},{"@type":"ListItem","position":2,"name":"Farruquito en Madrid"}]},{"@type":"WebSite","@id":"https:\/\/flamencomadrid.com\/it\/#website","url":"https:\/\/flamencomadrid.com\/it\/","name":"Flamenco Madrid","description":"Otro sitio realizado con WordPress","potentialAction":[{"@type":"SearchAction","target":{"@type":"EntryPoint","urlTemplate":"https:\/\/flamencomadrid.com\/it\/?s={search_term_string}"},"query-input":{"@type":"PropertyValueSpecification","valueRequired":true,"valueName":"search_term_string"}}],"inLanguage":"it-IT"},{"@type":"Person","@id":"https:\/\/flamencomadrid.com\/es\/#\/schema\/person\/748b99b947dc33587201a0837db18640","name":"Pirunator","image":{"@type":"ImageObject","inLanguage":"it-IT","@id":"https:\/\/secure.gravatar.com\/avatar\/617673d226a438889f1548bea8a21192c4c0d0351bdc8c087ee3ebf56ac86871?s=96&d=mm&r=g","url":"https:\/\/secure.gravatar.com\/avatar\/617673d226a438889f1548bea8a21192c4c0d0351bdc8c087ee3ebf56ac86871?s=96&d=mm&r=g","contentUrl":"https:\/\/secure.gravatar.com\/avatar\/617673d226a438889f1548bea8a21192c4c0d0351bdc8c087ee3ebf56ac86871?s=96&d=mm&r=g","caption":"Pirunator"}}]}},"_links":{"self":[{"href":"https:\/\/flamencomadrid.com\/it\/wp-json\/wp\/v2\/posts\/559","targetHints":{"allow":["GET"]}}],"collection":[{"href":"https:\/\/flamencomadrid.com\/it\/wp-json\/wp\/v2\/posts"}],"about":[{"href":"https:\/\/flamencomadrid.com\/it\/wp-json\/wp\/v2\/types\/post"}],"author":[{"embeddable":true,"href":"https:\/\/flamencomadrid.com\/it\/wp-json\/wp\/v2\/users\/5"}],"replies":[{"embeddable":true,"href":"https:\/\/flamencomadrid.com\/it\/wp-json\/wp\/v2\/comments?post=559"}],"version-history":[{"count":13,"href":"https:\/\/flamencomadrid.com\/it\/wp-json\/wp\/v2\/posts\/559\/revisions"}],"predecessor-version":[{"id":1041,"href":"https:\/\/flamencomadrid.com\/it\/wp-json\/wp\/v2\/posts\/559\/revisions\/1041"}],"wp:featuredmedia":[{"embeddable":true,"href":"https:\/\/flamencomadrid.com\/it\/wp-json\/wp\/v2\/media\/924"}],"wp:attachment":[{"href":"https:\/\/flamencomadrid.com\/it\/wp-json\/wp\/v2\/media?parent=559"}],"wp:term":[{"taxonomy":"category","embeddable":true,"href":"https:\/\/flamencomadrid.com\/it\/wp-json\/wp\/v2\/categories?post=559"},{"taxonomy":"post_tag","embeddable":true,"href":"https:\/\/flamencomadrid.com\/it\/wp-json\/wp\/v2\/tags?post=559"}],"curies":[{"name":"wp","href":"https:\/\/api.w.org\/{rel}","templated":true}]}}