{"id":170,"date":"2022-04-30T11:20:14","date_gmt":"2022-04-30T11:20:14","guid":{"rendered":"http:\/\/fm.fullcircle.es\/?p=170"},"modified":"2024-01-26T14:17:21","modified_gmt":"2024-01-26T13:17:21","slug":"no-existe-vestimenta-tipica-mas-conocida-ni-apreciada-que-la-del-traje-de-flamenca","status":"publish","type":"post","link":"https:\/\/flamencomadrid.com\/it\/abito-da-flamenco\/","title":{"rendered":"Non c&#8217;\u00e8 abito tipico pi\u00f9 conosciuto e apprezzato dell&#8217;abito da flamenco."},"content":{"rendered":"<p>L&#8217;abito da flamenco \u00e8 diventato un simbolo della cultura e della moda. Tutto il mondo lo associa all&#8217;Andalusia e ne ha la spiegazione<\/p>\n<h2>Abito Flamenco<\/h2>\n<h3>Un&#8217;origine molto interessante<\/h3>\n<p>Per trovare l&#8217;origine del costume flamenco dobbiamo risalire <strong>alle contadine e alle gitane<\/strong> che centinaia di anni fa lavoravano la terra in Andalusia.<\/p>\n<p>Queste donne indossavano abiti molto singolari. <strong>Principalmente abiti colorati con balze e ricami<\/strong>. Si costruivano da sole gli abiti per indossare qualcosa di comodo e allegro per affrontare il lavoro quotidiano.<\/p>\n<p>Le donne andaluse dell&#8217;epoca si distinguevano. Nonostante tutte le difficolt\u00e0 che dovettero affrontare per l&#8217;appartenenza a una minoranza razziale e di genere, mantennero il fascino orientale e la<strong> propria eleganza.<\/strong><\/p>","protected":false},"excerpt":{"rendered":"L&#8217;abito da flamenco \u00e8 diventato un simbolo della cultura e della moda. Tutto il mondo lo associa all&#8217;Andalusia e ne ha la spiegazione Abito Flamenco Un&#8217;origine molto interessante Per trovare l&#8217;origine del costume flamenco dobbiamo risalire alle contadine e alle gitane che centinaia di anni fa lavoravano la terra in Andalusia. Queste donne indossavano abiti&#8230;","protected":false},"author":1,"featured_media":308,"comment_status":"closed","ping_status":"open","sticky":false,"template":"","format":"standard","meta":{"_acf_changed":false,"footnotes":""},"categories":[5],"tags":[],"class_list":["post-170","post","type-post","status-publish","format-standard","has-post-thumbnail","hentry","category-vestuario-flamenco"],"acf":[],"yoast_head":"<!-- This site is optimized with the Yoast SEO plugin v27.4 - https:\/\/yoast.com\/product\/yoast-seo-wordpress\/ -->\n<title>Non c&#039;\u00e8 abito tipico pi\u00f9 conosciuto e apprezzato dell&#039;abito da flamenco. - Flamenco Madrid<\/title>\n<meta name=\"robots\" content=\"index, follow, max-snippet:-1, max-image-preview:large, max-video-preview:-1\" \/>\n<link rel=\"canonical\" href=\"\/\" \/>\n<meta property=\"og:locale\" content=\"it_IT\" \/>\n<meta property=\"og:type\" content=\"article\" \/>\n<meta property=\"og:title\" content=\"Non c&#039;\u00e8 abito tipico pi\u00f9 conosciuto e apprezzato dell&#039;abito da flamenco. - Flamenco Madrid\" \/>\n<meta property=\"og:description\" content=\"L&#8217;abito da flamenco \u00e8 diventato un simbolo della cultura e della moda. Tutto il mondo lo associa all&#8217;Andalusia e ne ha la spiegazione Abito Flamenco Un&#8217;origine molto interessante Per trovare l&#8217;origine del costume flamenco dobbiamo risalire alle contadine e alle gitane che centinaia di anni fa lavoravano la terra in Andalusia. Queste donne indossavano abiti...\" \/>\n<meta property=\"og:url\" content=\"https:\/\/flamencomadrid.com\/it\/traje-de-flamenca\/\" \/>\n<meta property=\"og:site_name\" content=\"Flamenco Madrid\" \/>\n<meta property=\"article:published_time\" content=\"2022-04-30T11:20:14+00:00\" \/>\n<meta property=\"article:modified_time\" content=\"2024-01-26T13:17:21+00:00\" \/>\n<meta property=\"og:image\" content=\"https:\/\/flamencomadrid.com\/wp-content\/uploads\/2022\/04\/no-existe-vestimenta-tipica-mas-conocida-ni-apreciada-que-la-del---.jpg\" \/>\n\t<meta property=\"og:image:width\" content=\"600\" \/>\n\t<meta property=\"og:image:height\" content=\"400\" \/>\n\t<meta property=\"og:image:type\" content=\"image\/jpeg\" \/>\n<meta name=\"author\" content=\"admin_fm\" \/>\n<meta name=\"twitter:card\" content=\"summary_large_image\" \/>\n<meta name=\"twitter:label1\" content=\"Scritto da\" \/>\n\t<meta name=\"twitter:data1\" content=\"admin_fm\" \/>\n\t<meta name=\"twitter:label2\" content=\"Tempo di lettura stimato\" \/>\n\t<meta name=\"twitter:data2\" content=\"1 minuto\" \/>\n<script type=\"application\/ld+json\" class=\"yoast-schema-graph\">{\"@context\":\"https:\\\/\\\/schema.org\",\"@graph\":[{\"@type\":\"Article\",\"@id\":\"https:\\\/\\\/flamencomadrid.com\\\/es\\\/traje-de-flamenca\\\/#article\",\"isPartOf\":{\"@id\":\"https:\\\/\\\/flamencomadrid.com\\\/es\\\/traje-de-flamenca\\\/\"},\"author\":{\"name\":\"admin_fm\",\"@id\":\"https:\\\/\\\/flamencomadrid.com\\\/es\\\/#\\\/schema\\\/person\\\/8c59f8648cbca0f7d7ee9498f516c561\"},\"headline\":\"Non c&#8217;\u00e8 abito tipico pi\u00f9 conosciuto e apprezzato dell&#8217;abito da flamenco.\",\"datePublished\":\"2022-04-30T11:20:14+00:00\",\"dateModified\":\"2024-01-26T13:17:21+00:00\",\"mainEntityOfPage\":{\"@id\":\"https:\\\/\\\/flamencomadrid.com\\\/es\\\/traje-de-flamenca\\\/\"},\"wordCount\":589,\"image\":{\"@id\":\"https:\\\/\\\/flamencomadrid.com\\\/es\\\/traje-de-flamenca\\\/#primaryimage\"},\"thumbnailUrl\":\"https:\\\/\\\/flamencomadrid.com\\\/wp-content\\\/uploads\\\/2022\\\/04\\\/no-existe-vestimenta-tipica-mas-conocida-ni-apreciada-que-la-del---.jpg\",\"articleSection\":[\"Vestuario flamenco\"],\"inLanguage\":\"it-IT\"},{\"@type\":\"WebPage\",\"@id\":\"https:\\\/\\\/flamencomadrid.com\\\/it\\\/traje-de-flamenca\\\/\",\"url\":\"https:\\\/\\\/flamencomadrid.com\\\/it\\\/traje-de-flamenca\\\/\",\"name\":\"Non c'\u00e8 abito tipico pi\u00f9 conosciuto e apprezzato dell'abito da flamenco. - Flamenco Madrid\",\"isPartOf\":{\"@id\":\"https:\\\/\\\/flamencomadrid.com\\\/it\\\/#website\"},\"primaryImageOfPage\":{\"@id\":\"https:\\\/\\\/flamencomadrid.com\\\/it\\\/traje-de-flamenca\\\/#primaryimage\"},\"image\":{\"@id\":\"https:\\\/\\\/flamencomadrid.com\\\/es\\\/traje-de-flamenca\\\/#primaryimage\"},\"thumbnailUrl\":\"https:\\\/\\\/flamencomadrid.com\\\/wp-content\\\/uploads\\\/2022\\\/04\\\/no-existe-vestimenta-tipica-mas-conocida-ni-apreciada-que-la-del---.jpg\",\"datePublished\":\"2022-04-30T11:20:14+00:00\",\"dateModified\":\"2024-01-26T13:17:21+00:00\",\"author\":{\"@id\":\"https:\\\/\\\/flamencomadrid.com\\\/es\\\/#\\\/schema\\\/person\\\/8c59f8648cbca0f7d7ee9498f516c561\"},\"breadcrumb\":{\"@id\":\"https:\\\/\\\/flamencomadrid.com\\\/it\\\/traje-de-flamenca\\\/#breadcrumb\"},\"inLanguage\":\"it-IT\",\"potentialAction\":[{\"@type\":\"ReadAction\",\"target\":[[\"https:\\\/\\\/flamencomadrid.com\\\/it\\\/traje-de-flamenca\\\/\"]]}]},{\"@type\":\"ImageObject\",\"inLanguage\":\"it-IT\",\"@id\":\"https:\\\/\\\/flamencomadrid.com\\\/it\\\/traje-de-flamenca\\\/#primaryimage\",\"url\":\"https:\\\/\\\/flamencomadrid.com\\\/wp-content\\\/uploads\\\/2022\\\/04\\\/no-existe-vestimenta-tipica-mas-conocida-ni-apreciada-que-la-del---.jpg\",\"contentUrl\":\"https:\\\/\\\/flamencomadrid.com\\\/wp-content\\\/uploads\\\/2022\\\/04\\\/no-existe-vestimenta-tipica-mas-conocida-ni-apreciada-que-la-del---.jpg\",\"width\":600,\"height\":400},{\"@type\":\"BreadcrumbList\",\"@id\":\"https:\\\/\\\/flamencomadrid.com\\\/it\\\/traje-de-flamenca\\\/#breadcrumb\",\"itemListElement\":[{\"@type\":\"ListItem\",\"position\":1,\"name\":\"Home\",\"item\":\"https:\\\/\\\/flamencomadrid.com\\\/it\\\/\"},{\"@type\":\"ListItem\",\"position\":2,\"name\":\"No existe vestimenta t\u00edpica m\u00e1s conocida ni apreciada que la del traje de flamenca\"}]},{\"@type\":\"WebSite\",\"@id\":\"https:\\\/\\\/flamencomadrid.com\\\/it\\\/#website\",\"url\":\"https:\\\/\\\/flamencomadrid.com\\\/it\\\/\",\"name\":\"Flamenco Madrid\",\"description\":\"Otro sitio realizado con WordPress\",\"potentialAction\":[{\"@type\":\"SearchAction\",\"target\":{\"@type\":\"EntryPoint\",\"urlTemplate\":\"https:\\\/\\\/flamencomadrid.com\\\/it\\\/?s={search_term_string}\"},\"query-input\":{\"@type\":\"PropertyValueSpecification\",\"valueRequired\":true,\"valueName\":\"search_term_string\"}}],\"inLanguage\":\"it-IT\"},{\"@type\":\"Person\",\"@id\":\"https:\\\/\\\/flamencomadrid.com\\\/es\\\/#\\\/schema\\\/person\\\/8c59f8648cbca0f7d7ee9498f516c561\",\"name\":\"admin_fm\",\"image\":{\"@type\":\"ImageObject\",\"inLanguage\":\"it-IT\",\"@id\":\"https:\\\/\\\/secure.gravatar.com\\\/avatar\\\/74390b26a5e2b464e9c76f16c1e1a834a96863be28dd8c65644a4f9d210168b3?s=96&d=mm&r=g\",\"url\":\"https:\\\/\\\/secure.gravatar.com\\\/avatar\\\/74390b26a5e2b464e9c76f16c1e1a834a96863be28dd8c65644a4f9d210168b3?s=96&d=mm&r=g\",\"contentUrl\":\"https:\\\/\\\/secure.gravatar.com\\\/avatar\\\/74390b26a5e2b464e9c76f16c1e1a834a96863be28dd8c65644a4f9d210168b3?s=96&d=mm&r=g\",\"caption\":\"admin_fm\"},\"sameAs\":[\"http:\\\/\\\/fm.fullcircle.es\"]}]}<\/script>\n<!-- \/ Yoast SEO plugin. -->","yoast_head_json":{"title":"Non c'\u00e8 abito tipico pi\u00f9 conosciuto e apprezzato dell'abito da flamenco. - Flamenco Madrid","robots":{"index":"index","follow":"follow","max-snippet":"max-snippet:-1","max-image-preview":"max-image-preview:large","max-video-preview":"max-video-preview:-1"},"canonical":"\/","og_locale":"it_IT","og_type":"article","og_title":"Non c'\u00e8 abito tipico pi\u00f9 conosciuto e apprezzato dell'abito da flamenco. - Flamenco Madrid","og_description":"L&#8217;abito da flamenco \u00e8 diventato un simbolo della cultura e della moda. Tutto il mondo lo associa all&#8217;Andalusia e ne ha la spiegazione Abito Flamenco Un&#8217;origine molto interessante Per trovare l&#8217;origine del costume flamenco dobbiamo risalire alle contadine e alle gitane che centinaia di anni fa lavoravano la terra in Andalusia. Queste donne indossavano abiti...","og_url":"https:\/\/flamencomadrid.com\/it\/traje-de-flamenca\/","og_site_name":"Flamenco Madrid","article_published_time":"2022-04-30T11:20:14+00:00","article_modified_time":"2024-01-26T13:17:21+00:00","og_image":[{"width":600,"height":400,"url":"https:\/\/flamencomadrid.com\/wp-content\/uploads\/2022\/04\/no-existe-vestimenta-tipica-mas-conocida-ni-apreciada-que-la-del---.jpg","type":"image\/jpeg"}],"author":"admin_fm","twitter_card":"summary_large_image","twitter_misc":{"Scritto da":"admin_fm","Tempo di lettura stimato":"1 minuto"},"schema":{"@context":"https:\/\/schema.org","@graph":[{"@type":"Article","@id":"https:\/\/flamencomadrid.com\/es\/traje-de-flamenca\/#article","isPartOf":{"@id":"https:\/\/flamencomadrid.com\/es\/traje-de-flamenca\/"},"author":{"name":"admin_fm","@id":"https:\/\/flamencomadrid.com\/es\/#\/schema\/person\/8c59f8648cbca0f7d7ee9498f516c561"},"headline":"Non c&#8217;\u00e8 abito tipico pi\u00f9 conosciuto e apprezzato dell&#8217;abito da flamenco.","datePublished":"2022-04-30T11:20:14+00:00","dateModified":"2024-01-26T13:17:21+00:00","mainEntityOfPage":{"@id":"https:\/\/flamencomadrid.com\/es\/traje-de-flamenca\/"},"wordCount":589,"image":{"@id":"https:\/\/flamencomadrid.com\/es\/traje-de-flamenca\/#primaryimage"},"thumbnailUrl":"https:\/\/flamencomadrid.com\/wp-content\/uploads\/2022\/04\/no-existe-vestimenta-tipica-mas-conocida-ni-apreciada-que-la-del---.jpg","articleSection":["Vestuario flamenco"],"inLanguage":"it-IT"},{"@type":"WebPage","@id":"https:\/\/flamencomadrid.com\/it\/traje-de-flamenca\/","url":"https:\/\/flamencomadrid.com\/it\/traje-de-flamenca\/","name":"Non c'\u00e8 abito tipico pi\u00f9 conosciuto e apprezzato dell'abito da flamenco. - Flamenco Madrid","isPartOf":{"@id":"https:\/\/flamencomadrid.com\/it\/#website"},"primaryImageOfPage":{"@id":"https:\/\/flamencomadrid.com\/it\/traje-de-flamenca\/#primaryimage"},"image":{"@id":"https:\/\/flamencomadrid.com\/es\/traje-de-flamenca\/#primaryimage"},"thumbnailUrl":"https:\/\/flamencomadrid.com\/wp-content\/uploads\/2022\/04\/no-existe-vestimenta-tipica-mas-conocida-ni-apreciada-que-la-del---.jpg","datePublished":"2022-04-30T11:20:14+00:00","dateModified":"2024-01-26T13:17:21+00:00","author":{"@id":"https:\/\/flamencomadrid.com\/es\/#\/schema\/person\/8c59f8648cbca0f7d7ee9498f516c561"},"breadcrumb":{"@id":"https:\/\/flamencomadrid.com\/it\/traje-de-flamenca\/#breadcrumb"},"inLanguage":"it-IT","potentialAction":[{"@type":"ReadAction","target":[["https:\/\/flamencomadrid.com\/it\/traje-de-flamenca\/"]]}]},{"@type":"ImageObject","inLanguage":"it-IT","@id":"https:\/\/flamencomadrid.com\/it\/traje-de-flamenca\/#primaryimage","url":"https:\/\/flamencomadrid.com\/wp-content\/uploads\/2022\/04\/no-existe-vestimenta-tipica-mas-conocida-ni-apreciada-que-la-del---.jpg","contentUrl":"https:\/\/flamencomadrid.com\/wp-content\/uploads\/2022\/04\/no-existe-vestimenta-tipica-mas-conocida-ni-apreciada-que-la-del---.jpg","width":600,"height":400},{"@type":"BreadcrumbList","@id":"https:\/\/flamencomadrid.com\/it\/traje-de-flamenca\/#breadcrumb","itemListElement":[{"@type":"ListItem","position":1,"name":"Home","item":"https:\/\/flamencomadrid.com\/it\/"},{"@type":"ListItem","position":2,"name":"No existe vestimenta t\u00edpica m\u00e1s conocida ni apreciada que la del traje de flamenca"}]},{"@type":"WebSite","@id":"https:\/\/flamencomadrid.com\/it\/#website","url":"https:\/\/flamencomadrid.com\/it\/","name":"Flamenco Madrid","description":"Otro sitio realizado con WordPress","potentialAction":[{"@type":"SearchAction","target":{"@type":"EntryPoint","urlTemplate":"https:\/\/flamencomadrid.com\/it\/?s={search_term_string}"},"query-input":{"@type":"PropertyValueSpecification","valueRequired":true,"valueName":"search_term_string"}}],"inLanguage":"it-IT"},{"@type":"Person","@id":"https:\/\/flamencomadrid.com\/es\/#\/schema\/person\/8c59f8648cbca0f7d7ee9498f516c561","name":"admin_fm","image":{"@type":"ImageObject","inLanguage":"it-IT","@id":"https:\/\/secure.gravatar.com\/avatar\/74390b26a5e2b464e9c76f16c1e1a834a96863be28dd8c65644a4f9d210168b3?s=96&d=mm&r=g","url":"https:\/\/secure.gravatar.com\/avatar\/74390b26a5e2b464e9c76f16c1e1a834a96863be28dd8c65644a4f9d210168b3?s=96&d=mm&r=g","contentUrl":"https:\/\/secure.gravatar.com\/avatar\/74390b26a5e2b464e9c76f16c1e1a834a96863be28dd8c65644a4f9d210168b3?s=96&d=mm&r=g","caption":"admin_fm"},"sameAs":["http:\/\/fm.fullcircle.es"]}]}},"_links":{"self":[{"href":"https:\/\/flamencomadrid.com\/it\/wp-json\/wp\/v2\/posts\/170","targetHints":{"allow":["GET"]}}],"collection":[{"href":"https:\/\/flamencomadrid.com\/it\/wp-json\/wp\/v2\/posts"}],"about":[{"href":"https:\/\/flamencomadrid.com\/it\/wp-json\/wp\/v2\/types\/post"}],"author":[{"embeddable":true,"href":"https:\/\/flamencomadrid.com\/it\/wp-json\/wp\/v2\/users\/1"}],"replies":[{"embeddable":true,"href":"https:\/\/flamencomadrid.com\/it\/wp-json\/wp\/v2\/comments?post=170"}],"version-history":[{"count":5,"href":"https:\/\/flamencomadrid.com\/it\/wp-json\/wp\/v2\/posts\/170\/revisions"}],"predecessor-version":[{"id":1012,"href":"https:\/\/flamencomadrid.com\/it\/wp-json\/wp\/v2\/posts\/170\/revisions\/1012"}],"wp:featuredmedia":[{"embeddable":true,"href":"https:\/\/flamencomadrid.com\/it\/wp-json\/wp\/v2\/media\/308"}],"wp:attachment":[{"href":"https:\/\/flamencomadrid.com\/it\/wp-json\/wp\/v2\/media?parent=170"}],"wp:term":[{"taxonomy":"category","embeddable":true,"href":"https:\/\/flamencomadrid.com\/it\/wp-json\/wp\/v2\/categories?post=170"},{"taxonomy":"post_tag","embeddable":true,"href":"https:\/\/flamencomadrid.com\/it\/wp-json\/wp\/v2\/tags?post=170"}],"curies":[{"name":"wp","href":"https:\/\/api.w.org\/{rel}","templated":true}]}}