{"id":1252,"date":"2025-09-08T11:30:16","date_gmt":"2025-09-08T09:30:16","guid":{"rendered":"https:\/\/flamencomadrid.com\/es\/?p=1252"},"modified":"2025-08-12T13:59:13","modified_gmt":"2025-08-12T11:59:13","slug":"artistas-flamencos-de-madrid-leyendas-y-figuras","status":"publish","type":"post","link":"https:\/\/flamencomadrid.com\/it\/artisti-flamenco-madrid\/","title":{"rendered":"Artisti Flamenco di Madrid: Leggende e Figure"},"content":{"rendered":"<p><\/p>\n<h2 data-start=\"4243\" data-end=\"4290\"><strong data-start=\"4246\" data-end=\"4288\">Grandi Nomi del Flamenco Nati a Madrid<\/strong><\/h2>\n<h3 data-start=\"4292\" data-end=\"4364\"><strong data-start=\"4296\" data-end=\"4362\">Diego el Cigala: Il Cantaor di Madrid che ha Varcato i Confini<\/strong><\/h3>\n<p data-start=\"4365\" data-end=\"4726\">Non si pu\u00f2 parlare di flamenco a Madrid senza citare per primo il suo nome. La voce di Diego el Cigala \u00e8 il suono del Rastro di domenica mattina \u2014 pura carta vetrata e velluto. Ha portato il flamenco in tutto il mondo con <em data-start=\"4587\" data-end=\"4604\">L\u00e1grimas Negras<\/em>, s\u00ec, ma per capire davvero questo <strong data-start=\"4639\" data-end=\"4660\">cantaor madrileno<\/strong>, bisogna immaginarlo agli inizi, nei tablaos dove si \u00e8 formato.<\/p>\n<div id=\"attachment_1254\" style=\"width: 910px\" class=\"wp-caption aligncenter\"><img loading=\"lazy\" decoding=\"async\" aria-describedby=\"caption-attachment-1254\" class=\"wp-image-1254 size-large\" src=\"https:\/\/flamencomadrid.com\/wp-content\/uploads\/2025\/08\/diseno-sin-titulo-10-1024x576.jpg\" alt=\"Diego el Cigala, uno de los Artistas que mejor representan el flamenco en Madrid.\" width=\"900\" height=\"506\" \/><p id=\"caption-attachment-1254\" class=\"wp-caption-text\">Foto di www.cardamomo.com \u2014 Diego el Cigala al Tablao Cardamomo Flamenco Madrid<\/p><\/div>\n<h3 data-start=\"4813\" data-end=\"4880\"><strong data-start=\"4817\" data-end=\"4878\">Ant\u00f3n Jim\u00e9nez: Il Tocco Virtuoso della Chitarra Madrilena<\/strong><\/h3>\n<p data-start=\"4881\" data-end=\"5276\">Un buon <em data-start=\"4889\" data-end=\"4896\">toque<\/em> non si limita ad accompagnare, sostiene. E quello di Ant\u00f3n Jim\u00e9nez costruisce cattedrali perch\u00e9 il canto possa viverci dentro. Questo <strong data-start=\"5031\" data-end=\"5065\">chitarrista flamenco madrileno<\/strong> ha messo il suo virtuosismo al servizio dei pi\u00f9 grandi, come Joaqu\u00edn Cort\u00e9s, ma quando suona da solo, si scopre l\u2019anima della <strong data-start=\"5192\" data-end=\"5224\">scuola di chitarra madrilena<\/strong>: tecnica, s\u00ec, ma con quel <em data-start=\"5251\" data-end=\"5261\">pellizco<\/em> che fa male.<\/p>\n<h3 data-start=\"5278\" data-end=\"5326\"><strong data-start=\"5282\" data-end=\"5324\">Mara Rey: Un Torrente di Voce Flamenca<\/strong><\/h3>\n<p data-start=\"5327\" data-end=\"5625\">Se cerchi potenza e verit\u00e0, la troverai in Mara Rey. \u00c8 un turbine sul palcoscenico, una <strong data-start=\"5415\" data-end=\"5437\">cantaora madrilena<\/strong> che non trattiene nulla. Cresciuta in una famiglia di artisti, ha il palcoscenico nel sangue, e si vede. Ascoltarla dal vivo \u00e8 un\u2019esperienza che ti riconcilia con la forza del flamenco.<\/p>\n<h3 data-start=\"5627\" data-end=\"5692\"><strong data-start=\"5631\" data-end=\"5690\">Ram\u00f3n Montoya: Il Padre della Chitarra Flamenca Solista<\/strong><\/h3>\n<p data-start=\"5693\" data-end=\"6070\">Prima che la chitarra flamenca brillasse da sola sul palco, era soprattutto accompagnamento. Poi arriv\u00f2 lui. Ram\u00f3n Montoya, nato a Madrid, \u00e8 il genio che ha portato la chitarra fuori dall\u2019ombra e l\u2019ha resa uno strumento da concerto. Le ha dato una voce propria, creando un linguaggio e una tecnica che hanno cambiato la storia. Ogni chitarrista venuto dopo gli deve qualcosa.<\/p>\n<div id=\"attachment_1258\" style=\"width: 910px\" class=\"wp-caption aligncenter\"><img loading=\"lazy\" decoding=\"async\" aria-describedby=\"caption-attachment-1258\" class=\"wp-image-1258 size-large\" src=\"https:\/\/flamencomadrid.com\/wp-content\/uploads\/2025\/09\/whatsapp-image-2025-08-12-at-12-41-17-1024x856.jpeg\" alt=\"Ram\u00f3n Montoya, genio de la guitarra flamenca de Madrid\" width=\"900\" height=\"752\" \/><p id=\"caption-attachment-1258\" class=\"wp-caption-text\">Ram\u00f3n Montoya. Foto di www.expoflamenco.com<\/p><\/div>\n<h3 data-start=\"6121\" data-end=\"6184\"><strong data-start=\"6125\" data-end=\"6182\">Lela Soto: Eredit\u00e0 Flamenca con uno Sguardo Personale<\/strong><\/h3>\n<p data-start=\"6185\" data-end=\"6521\">Si pu\u00f2 nascere a Madrid e avere Jerez nella voce? Lela Soto non solo risponde s\u00ec, ma lo trasforma in arte. Erede dei Sordera, ha la profondit\u00e0 di una delle saghe pi\u00f9 importanti, ma la usa con una libert\u00e0 e una freschezza che la rendono unica. Ricorda il suo nome: \u00e8 una delle <strong data-start=\"6461\" data-end=\"6490\">giovani voci del flamenco<\/strong> che sta definendo il futuro.<\/p>\n<h2 data-start=\"6528\" data-end=\"6582\"><strong data-start=\"6531\" data-end=\"6580\">Le Fondamenta: Pionieri del Flamenco a Madrid<\/strong><\/h2>\n<p data-start=\"6583\" data-end=\"6859\">Nessun edificio si regge senza solide fondamenta. Prima di tutti loro, pionieri come <strong data-start=\"6668\" data-end=\"6686\">Ni\u00f1o de Madrid<\/strong> (Juan Sanz Vega), <strong data-start=\"6705\" data-end=\"6729\">Tom\u00e1s \u201cEl Papelista\u201d<\/strong> o <strong data-start=\"6732\" data-end=\"6754\">La Chata de Madrid<\/strong> hanno aperto la strada nei <em data-start=\"6782\" data-end=\"6799\">caf\u00e9s cantantes<\/em>, dando forma alla <strong data-start=\"6818\" data-end=\"6841\">storia del flamenco<\/strong> nella capitale.<\/p>\n<h3 data-start=\"6861\" data-end=\"6920\"><strong data-start=\"6865\" data-end=\"6918\">El G\u00fcito: L\u2019Eleganza del Baile Flamenco Madrileno<\/strong><\/h3>\n<p data-start=\"6921\" data-end=\"7314\">Ci sono ballerini che riempiono il palco di furia. E poi c\u2019\u00e8 El G\u00fcito. Il suo \u00e8 altro: pura eleganza, sobriet\u00e0 che zittisce il pubblico. Nato al Rastro, la sua <em data-start=\"7081\" data-end=\"7088\">sole\u00e1<\/em> \u00e8 una lezione di maestria. Guardarlo ballare \u00e8 capire l\u2019essenza del <strong data-start=\"7157\" data-end=\"7206\">baile flamenco della vecchia scuola madrilena<\/strong>. Una leggenda vivente a tutti gli effetti e un simbolo del Flamenco a Madrid e della Scuola Amor de Dios.<\/p>\n<div id=\"attachment_1257\" style=\"width: 910px\" class=\"wp-caption aligncenter\"><img loading=\"lazy\" decoding=\"async\" aria-describedby=\"caption-attachment-1257\" class=\"wp-image-1257 size-large\" src=\"https:\/\/flamencomadrid.com\/wp-content\/uploads\/2025\/09\/whatsapp-image-2025-08-12-at-12-19-51-1024x576.jpeg\" alt=\"El Guito, bailaor Madrile\u00f1o, estandarte del flamenco en Madrid.\" width=\"900\" height=\"506\" \/><p id=\"caption-attachment-1257\" class=\"wp-caption-text\">Eduardo Serrano &#8220;El G\u00fcito&#8221;. Foto della scuola Amor de Dios<\/p><\/div>\n<h2 data-start=\"7385\" data-end=\"7429\"><strong data-start=\"7388\" data-end=\"7427\">Vuoi Sentire il Flamenco di Madrid?<\/strong><\/h2>\n<p data-start=\"7430\" data-end=\"7595\">Il modo migliore per onorare questi artisti \u00e8 vivere la loro arte dal vivo. Madrid offre un ampio programma nei tablaos, teatri e festival come la <em data-start=\"7577\" data-end=\"7592\">Suma Flamenca<\/em>.<\/p>\n<p data-start=\"7597\" data-end=\"7782\">E parlando di tablaos, il meglio non \u00e8 leggere dell\u2019arte madrilena, ma sentirla di persona. Il flamenco richiede vicinanza, e Madrid \u00e8 piena di luoghi dove la sua anima \u00e8 ancora viva.<\/p>\n<p data-start=\"7784\" data-end=\"7911\">Se vuoi scoprire i templi dove il <strong data-start=\"7818\" data-end=\"7840\">flamenco madrileno<\/strong> si vive ogni notte con passione, abbiamo preparato per te una mappa.<\/p>\n<p data-start=\"7913\" data-end=\"7975\"><strong data-start=\"7913\" data-end=\"7973\">Scopri qui la nostra guida ai migliori tablaos di Madrid<\/strong><\/p>\n<p><\/p>","protected":false},"excerpt":{"rendered":"Grandi Nomi del Flamenco Nati a Madrid Diego el Cigala: Il Cantaor di Madrid che ha Varcato i Confini Non si pu\u00f2 parlare di flamenco a Madrid senza citare per primo il suo nome. La voce di Diego el Cigala \u00e8 il suono del Rastro di domenica mattina \u2014 pura carta vetrata e velluto. Ha&#8230;","protected":false},"author":6,"featured_media":1259,"comment_status":"open","ping_status":"open","sticky":false,"template":"","format":"standard","meta":{"_acf_changed":false,"footnotes":""},"categories":[13],"tags":[],"class_list":["post-1252","post","type-post","status-publish","format-standard","has-post-thumbnail","hentry","category-curiosidades-flamencas"],"acf":[],"yoast_head":"<!-- This site is optimized with the Yoast SEO plugin v27.4 - https:\/\/yoast.com\/product\/yoast-seo-wordpress\/ -->\n<title>Artisti Flamenco di Madrid: Leggende e Figure - Flamenco Madrid<\/title>\n<meta name=\"description\" content=\"Scopri i grandi artisti flamenco di Madrid: leggende, protagonisti attuali e promesse che portano nel loro arte il comp\u00e1s della capitale.\" \/>\n<meta name=\"robots\" content=\"index, follow, max-snippet:-1, max-image-preview:large, max-video-preview:-1\" \/>\n<link rel=\"canonical\" href=\"\/\" \/>\n<meta property=\"og:locale\" content=\"it_IT\" \/>\n<meta property=\"og:type\" content=\"article\" \/>\n<meta property=\"og:title\" content=\"Artisti Flamenco di Madrid: Leggende e Figure - Flamenco Madrid\" \/>\n<meta property=\"og:description\" content=\"Scopri i grandi artisti flamenco di Madrid: leggende, protagonisti attuali e promesse che portano nel loro arte il comp\u00e1s della capitale.\" \/>\n<meta property=\"og:url\" content=\"https:\/\/flamencomadrid.com\/it\/artistas-flamencos-madrid\/\" \/>\n<meta property=\"og:site_name\" content=\"Flamenco Madrid\" \/>\n<meta property=\"article:published_time\" content=\"2025-09-08T09:30:16+00:00\" \/>\n<meta property=\"og:image\" content=\"https:\/\/flamencomadrid.com\/wp-content\/uploads\/2025\/09\/artistas-flamencos-de-madrid.jpg\" \/>\n\t<meta property=\"og:image:width\" content=\"1920\" \/>\n\t<meta property=\"og:image:height\" content=\"1080\" \/>\n\t<meta property=\"og:image:type\" content=\"image\/jpeg\" \/>\n<meta name=\"author\" content=\"Miguel Blanco\" \/>\n<meta name=\"twitter:card\" content=\"summary_large_image\" \/>\n<meta name=\"twitter:label1\" content=\"Scritto da\" \/>\n\t<meta name=\"twitter:data1\" content=\"Miguel Blanco\" \/>\n\t<meta name=\"twitter:label2\" content=\"Tempo di lettura stimato\" \/>\n\t<meta name=\"twitter:data2\" content=\"5 minuti\" \/>\n<script type=\"application\/ld+json\" class=\"yoast-schema-graph\">{\"@context\":\"https:\\\/\\\/schema.org\",\"@graph\":[{\"@type\":\"Article\",\"@id\":\"https:\\\/\\\/flamencomadrid.com\\\/es\\\/artistas-flamencos-madrid\\\/#article\",\"isPartOf\":{\"@id\":\"https:\\\/\\\/flamencomadrid.com\\\/es\\\/artistas-flamencos-madrid\\\/\"},\"author\":{\"name\":\"Miguel Blanco\",\"@id\":\"https:\\\/\\\/flamencomadrid.com\\\/es\\\/#\\\/schema\\\/person\\\/e60bef1612b66bdb46e0d88400bfab7e\"},\"headline\":\"Artisti Flamenco di Madrid: Leggende e Figure\",\"datePublished\":\"2025-09-08T09:30:16+00:00\",\"mainEntityOfPage\":{\"@id\":\"https:\\\/\\\/flamencomadrid.com\\\/es\\\/artistas-flamencos-madrid\\\/\"},\"wordCount\":2841,\"commentCount\":0,\"image\":{\"@id\":\"https:\\\/\\\/flamencomadrid.com\\\/es\\\/artistas-flamencos-madrid\\\/#primaryimage\"},\"thumbnailUrl\":\"https:\\\/\\\/flamencomadrid.com\\\/wp-content\\\/uploads\\\/2025\\\/09\\\/artistas-flamencos-de-madrid.jpg\",\"articleSection\":[\"Curiosidades Flamencas\"],\"inLanguage\":\"it-IT\",\"potentialAction\":[{\"@type\":\"CommentAction\",\"name\":\"Comment\",\"target\":[\"https:\\\/\\\/flamencomadrid.com\\\/es\\\/artistas-flamencos-madrid\\\/#respond\"]}]},{\"@type\":\"WebPage\",\"@id\":\"https:\\\/\\\/flamencomadrid.com\\\/it\\\/artistas-flamencos-madrid\\\/\",\"url\":\"https:\\\/\\\/flamencomadrid.com\\\/it\\\/artistas-flamencos-madrid\\\/\",\"name\":\"Artisti Flamenco di Madrid: Leggende e Figure - Flamenco Madrid\",\"isPartOf\":{\"@id\":\"https:\\\/\\\/flamencomadrid.com\\\/it\\\/#website\"},\"primaryImageOfPage\":{\"@id\":\"https:\\\/\\\/flamencomadrid.com\\\/it\\\/artistas-flamencos-madrid\\\/#primaryimage\"},\"image\":{\"@id\":\"https:\\\/\\\/flamencomadrid.com\\\/es\\\/artistas-flamencos-madrid\\\/#primaryimage\"},\"thumbnailUrl\":\"https:\\\/\\\/flamencomadrid.com\\\/wp-content\\\/uploads\\\/2025\\\/09\\\/artistas-flamencos-de-madrid.jpg\",\"datePublished\":\"2025-09-08T09:30:16+00:00\",\"author\":{\"@id\":\"https:\\\/\\\/flamencomadrid.com\\\/es\\\/#\\\/schema\\\/person\\\/e60bef1612b66bdb46e0d88400bfab7e\"},\"description\":\"Scopri i grandi artisti flamenco di Madrid: leggende, protagonisti attuali e promesse che portano nel loro arte il comp\u00e1s della capitale.\",\"breadcrumb\":{\"@id\":\"https:\\\/\\\/flamencomadrid.com\\\/it\\\/artistas-flamencos-madrid\\\/#breadcrumb\"},\"inLanguage\":\"it-IT\",\"potentialAction\":[{\"@type\":\"ReadAction\",\"target\":[[\"https:\\\/\\\/flamencomadrid.com\\\/it\\\/artistas-flamencos-madrid\\\/\"]]}]},{\"@type\":\"ImageObject\",\"inLanguage\":\"it-IT\",\"@id\":\"https:\\\/\\\/flamencomadrid.com\\\/it\\\/artistas-flamencos-madrid\\\/#primaryimage\",\"url\":\"https:\\\/\\\/flamencomadrid.com\\\/wp-content\\\/uploads\\\/2025\\\/09\\\/artistas-flamencos-de-madrid.jpg\",\"contentUrl\":\"https:\\\/\\\/flamencomadrid.com\\\/wp-content\\\/uploads\\\/2025\\\/09\\\/artistas-flamencos-de-madrid.jpg\",\"width\":1920,\"height\":1080,\"caption\":\"Bailaora bailando flamenco frente al Palacio Real en Madrid\"},{\"@type\":\"BreadcrumbList\",\"@id\":\"https:\\\/\\\/flamencomadrid.com\\\/it\\\/artistas-flamencos-madrid\\\/#breadcrumb\",\"itemListElement\":[{\"@type\":\"ListItem\",\"position\":1,\"name\":\"Home\",\"item\":\"https:\\\/\\\/flamencomadrid.com\\\/it\\\/\"},{\"@type\":\"ListItem\",\"position\":2,\"name\":\"Artistas Flamencos de Madrid: Leyendas y Figuras\"}]},{\"@type\":\"WebSite\",\"@id\":\"https:\\\/\\\/flamencomadrid.com\\\/it\\\/#website\",\"url\":\"https:\\\/\\\/flamencomadrid.com\\\/it\\\/\",\"name\":\"Flamenco Madrid\",\"description\":\"Otro sitio realizado con WordPress\",\"potentialAction\":[{\"@type\":\"SearchAction\",\"target\":{\"@type\":\"EntryPoint\",\"urlTemplate\":\"https:\\\/\\\/flamencomadrid.com\\\/it\\\/?s={search_term_string}\"},\"query-input\":{\"@type\":\"PropertyValueSpecification\",\"valueRequired\":true,\"valueName\":\"search_term_string\"}}],\"inLanguage\":\"it-IT\"},{\"@type\":\"Person\",\"@id\":\"https:\\\/\\\/flamencomadrid.com\\\/es\\\/#\\\/schema\\\/person\\\/e60bef1612b66bdb46e0d88400bfab7e\",\"name\":\"Miguel Blanco\",\"image\":{\"@type\":\"ImageObject\",\"inLanguage\":\"it-IT\",\"@id\":\"https:\\\/\\\/secure.gravatar.com\\\/avatar\\\/359874fd676a9bfbf3a5d62f8bb888a22a657034662dd62c3669b5e7274a1365?s=96&d=mm&r=g\",\"url\":\"https:\\\/\\\/secure.gravatar.com\\\/avatar\\\/359874fd676a9bfbf3a5d62f8bb888a22a657034662dd62c3669b5e7274a1365?s=96&d=mm&r=g\",\"contentUrl\":\"https:\\\/\\\/secure.gravatar.com\\\/avatar\\\/359874fd676a9bfbf3a5d62f8bb888a22a657034662dd62c3669b5e7274a1365?s=96&d=mm&r=g\",\"caption\":\"Miguel Blanco\"}}]}<\/script>\n<!-- \/ Yoast SEO plugin. -->","yoast_head_json":{"title":"Artisti Flamenco di Madrid: Leggende e Figure - Flamenco Madrid","description":"Scopri i grandi artisti flamenco di Madrid: leggende, protagonisti attuali e promesse che portano nel loro arte il comp\u00e1s della capitale.","robots":{"index":"index","follow":"follow","max-snippet":"max-snippet:-1","max-image-preview":"max-image-preview:large","max-video-preview":"max-video-preview:-1"},"canonical":"\/","og_locale":"it_IT","og_type":"article","og_title":"Artisti Flamenco di Madrid: Leggende e Figure - Flamenco Madrid","og_description":"Scopri i grandi artisti flamenco di Madrid: leggende, protagonisti attuali e promesse che portano nel loro arte il comp\u00e1s della capitale.","og_url":"https:\/\/flamencomadrid.com\/it\/artistas-flamencos-madrid\/","og_site_name":"Flamenco Madrid","article_published_time":"2025-09-08T09:30:16+00:00","og_image":[{"width":1920,"height":1080,"url":"https:\/\/flamencomadrid.com\/wp-content\/uploads\/2025\/09\/artistas-flamencos-de-madrid.jpg","type":"image\/jpeg"}],"author":"Miguel Blanco","twitter_card":"summary_large_image","twitter_misc":{"Scritto da":"Miguel Blanco","Tempo di lettura stimato":"5 minuti"},"schema":{"@context":"https:\/\/schema.org","@graph":[{"@type":"Article","@id":"https:\/\/flamencomadrid.com\/es\/artistas-flamencos-madrid\/#article","isPartOf":{"@id":"https:\/\/flamencomadrid.com\/es\/artistas-flamencos-madrid\/"},"author":{"name":"Miguel Blanco","@id":"https:\/\/flamencomadrid.com\/es\/#\/schema\/person\/e60bef1612b66bdb46e0d88400bfab7e"},"headline":"Artisti Flamenco di Madrid: Leggende e Figure","datePublished":"2025-09-08T09:30:16+00:00","mainEntityOfPage":{"@id":"https:\/\/flamencomadrid.com\/es\/artistas-flamencos-madrid\/"},"wordCount":2841,"commentCount":0,"image":{"@id":"https:\/\/flamencomadrid.com\/es\/artistas-flamencos-madrid\/#primaryimage"},"thumbnailUrl":"https:\/\/flamencomadrid.com\/wp-content\/uploads\/2025\/09\/artistas-flamencos-de-madrid.jpg","articleSection":["Curiosidades Flamencas"],"inLanguage":"it-IT","potentialAction":[{"@type":"CommentAction","name":"Comment","target":["https:\/\/flamencomadrid.com\/es\/artistas-flamencos-madrid\/#respond"]}]},{"@type":"WebPage","@id":"https:\/\/flamencomadrid.com\/it\/artistas-flamencos-madrid\/","url":"https:\/\/flamencomadrid.com\/it\/artistas-flamencos-madrid\/","name":"Artisti Flamenco di Madrid: Leggende e Figure - Flamenco Madrid","isPartOf":{"@id":"https:\/\/flamencomadrid.com\/it\/#website"},"primaryImageOfPage":{"@id":"https:\/\/flamencomadrid.com\/it\/artistas-flamencos-madrid\/#primaryimage"},"image":{"@id":"https:\/\/flamencomadrid.com\/es\/artistas-flamencos-madrid\/#primaryimage"},"thumbnailUrl":"https:\/\/flamencomadrid.com\/wp-content\/uploads\/2025\/09\/artistas-flamencos-de-madrid.jpg","datePublished":"2025-09-08T09:30:16+00:00","author":{"@id":"https:\/\/flamencomadrid.com\/es\/#\/schema\/person\/e60bef1612b66bdb46e0d88400bfab7e"},"description":"Scopri i grandi artisti flamenco di Madrid: leggende, protagonisti attuali e promesse che portano nel loro arte il comp\u00e1s della capitale.","breadcrumb":{"@id":"https:\/\/flamencomadrid.com\/it\/artistas-flamencos-madrid\/#breadcrumb"},"inLanguage":"it-IT","potentialAction":[{"@type":"ReadAction","target":[["https:\/\/flamencomadrid.com\/it\/artistas-flamencos-madrid\/"]]}]},{"@type":"ImageObject","inLanguage":"it-IT","@id":"https:\/\/flamencomadrid.com\/it\/artistas-flamencos-madrid\/#primaryimage","url":"https:\/\/flamencomadrid.com\/wp-content\/uploads\/2025\/09\/artistas-flamencos-de-madrid.jpg","contentUrl":"https:\/\/flamencomadrid.com\/wp-content\/uploads\/2025\/09\/artistas-flamencos-de-madrid.jpg","width":1920,"height":1080,"caption":"Bailaora bailando flamenco frente al Palacio Real en Madrid"},{"@type":"BreadcrumbList","@id":"https:\/\/flamencomadrid.com\/it\/artistas-flamencos-madrid\/#breadcrumb","itemListElement":[{"@type":"ListItem","position":1,"name":"Home","item":"https:\/\/flamencomadrid.com\/it\/"},{"@type":"ListItem","position":2,"name":"Artistas Flamencos de Madrid: Leyendas y Figuras"}]},{"@type":"WebSite","@id":"https:\/\/flamencomadrid.com\/it\/#website","url":"https:\/\/flamencomadrid.com\/it\/","name":"Flamenco Madrid","description":"Otro sitio realizado con WordPress","potentialAction":[{"@type":"SearchAction","target":{"@type":"EntryPoint","urlTemplate":"https:\/\/flamencomadrid.com\/it\/?s={search_term_string}"},"query-input":{"@type":"PropertyValueSpecification","valueRequired":true,"valueName":"search_term_string"}}],"inLanguage":"it-IT"},{"@type":"Person","@id":"https:\/\/flamencomadrid.com\/es\/#\/schema\/person\/e60bef1612b66bdb46e0d88400bfab7e","name":"Miguel Blanco","image":{"@type":"ImageObject","inLanguage":"it-IT","@id":"https:\/\/secure.gravatar.com\/avatar\/359874fd676a9bfbf3a5d62f8bb888a22a657034662dd62c3669b5e7274a1365?s=96&d=mm&r=g","url":"https:\/\/secure.gravatar.com\/avatar\/359874fd676a9bfbf3a5d62f8bb888a22a657034662dd62c3669b5e7274a1365?s=96&d=mm&r=g","contentUrl":"https:\/\/secure.gravatar.com\/avatar\/359874fd676a9bfbf3a5d62f8bb888a22a657034662dd62c3669b5e7274a1365?s=96&d=mm&r=g","caption":"Miguel Blanco"}}]}},"_links":{"self":[{"href":"https:\/\/flamencomadrid.com\/it\/wp-json\/wp\/v2\/posts\/1252","targetHints":{"allow":["GET"]}}],"collection":[{"href":"https:\/\/flamencomadrid.com\/it\/wp-json\/wp\/v2\/posts"}],"about":[{"href":"https:\/\/flamencomadrid.com\/it\/wp-json\/wp\/v2\/types\/post"}],"author":[{"embeddable":true,"href":"https:\/\/flamencomadrid.com\/it\/wp-json\/wp\/v2\/users\/6"}],"replies":[{"embeddable":true,"href":"https:\/\/flamencomadrid.com\/it\/wp-json\/wp\/v2\/comments?post=1252"}],"version-history":[{"count":8,"href":"https:\/\/flamencomadrid.com\/it\/wp-json\/wp\/v2\/posts\/1252\/revisions"}],"predecessor-version":[{"id":1300,"href":"https:\/\/flamencomadrid.com\/it\/wp-json\/wp\/v2\/posts\/1252\/revisions\/1300"}],"wp:featuredmedia":[{"embeddable":true,"href":"https:\/\/flamencomadrid.com\/it\/wp-json\/wp\/v2\/media\/1259"}],"wp:attachment":[{"href":"https:\/\/flamencomadrid.com\/it\/wp-json\/wp\/v2\/media?parent=1252"}],"wp:term":[{"taxonomy":"category","embeddable":true,"href":"https:\/\/flamencomadrid.com\/it\/wp-json\/wp\/v2\/categories?post=1252"},{"taxonomy":"post_tag","embeddable":true,"href":"https:\/\/flamencomadrid.com\/it\/wp-json\/wp\/v2\/tags?post=1252"}],"curies":[{"name":"wp","href":"https:\/\/api.w.org\/{rel}","templated":true}]}}