{"id":1240,"date":"2025-09-01T12:54:26","date_gmt":"2025-09-01T10:54:26","guid":{"rendered":"https:\/\/flamencomadrid.com\/es\/?p=1240"},"modified":"2025-07-30T16:19:55","modified_gmt":"2025-07-30T14:19:55","slug":"barrio-de-las-letras-un-paseo-por-el-corazon-literario-y-flamenco-de-madrid","status":"publish","type":"post","link":"https:\/\/flamencomadrid.com\/it\/quartiere-lettere-flamenco\/","title":{"rendered":"Barrio de las Letras: Il Cuore Flamenco di Madrid"},"content":{"rendered":"<p><\/p>\n<p data-start=\"223\" data-end=\"567\">Ci sono quartieri che sembrano cartoline, e altri che hanno un\u2019anima. Il <strong data-start=\"296\" data-end=\"320\">Barrio de las Letras<\/strong> \u00e8 senza dubbio uno di questi ultimi. Un labirinto di strade pedonali dove il suolo che calpesti sussurra versi di <strong data-start=\"435\" data-end=\"451\">Lope de Vega<\/strong> e <strong data-start=\"454\" data-end=\"467\">Cervantes<\/strong>. \u00c8 l\u2019epicentro letterario della Spagna \u2014 un luogo che ogni visitatore di Madrid dovrebbe esplorare.<\/p>\n<p data-start=\"569\" data-end=\"875\">Ma quando il sole tramonta, questo quartiere cambia pelle. Le storie dei libri si fanno silenziose e inizia a risuonare un\u2019altra musica, che viene da pi\u00f9 dentro, dalle viscere. Qui, nelle stesse taverne dove si firmavano contratti di stampa, il lamento del flamenco risuona da secoli nelle notti madrilene.<\/p>\n<h2 data-start=\"877\" data-end=\"922\">Un Viaggio nel Secolo d\u2019Oro Ad Ogni Angolo<\/h2>\n<p data-start=\"924\" data-end=\"1419\">Passeggiare per il <strong data-start=\"943\" data-end=\"967\">Barrio de las Letras<\/strong> \u00e8 come entrare in una macchina del tempo. Qui ha vissuto e mor\u00ec <strong data-start=\"1032\" data-end=\"1045\">Cervantes<\/strong>. Nella via che porta il suo nome, <strong data-start=\"1080\" data-end=\"1096\">Lope de Vega<\/strong> aveva la sua casa. <strong data-start=\"1116\" data-end=\"1127\">Quevedo<\/strong> e <strong data-start=\"1130\" data-end=\"1141\">G\u00f3ngora<\/strong>, eterni rivali, si incrociavano in queste stesse piazze. Il quartiere \u00e8 un museo a cielo aperto: guarda le targhe che segnano le case di questi geni \u2014 e soprattutto, leggi il suolo. I versi dorati incastonati nell\u2019asfalto sono la colonna sonora perfetta per la tua passeggiata.<\/p>\n<p data-start=\"924\" data-end=\"1419\"><img loading=\"lazy\" decoding=\"async\" class=\"aligncenter wp-image-1245 size-full\" src=\"https:\/\/flamencomadrid.com\/wp-content\/uploads\/2025\/09\/calle_de_quevedo_-_madrid_-_ruiz_de_luna_01.png\" alt=\"Placa de la Calle de Quevedo ubicada en el Barrio de las Letras\" width=\"825\" height=\"732\" \/><\/p>\n<h2 data-start=\"1421\" data-end=\"1484\">Dai Caf\u00e9s Cantantes ai Tablaos: L\u2019Altra Storia del Quartiere<\/h2>\n<p data-start=\"1486\" data-end=\"1961\">Ma la notte in questo quartiere non era fatta solo di penne e inchiostro. Quando calava il sole, i teatri e i <strong data-start=\"1596\" data-end=\"1615\">Caf\u00e9s Cantantes<\/strong> si accendevano. Erano i <strong data-start=\"1640\" data-end=\"1651\">tablaos<\/strong> del XIX secolo \u2014 templi della boh\u00e8me dove intellettuali, artisti e aristocratici si mescolavano per vivere la catarsi del flamenco. Qui, tra il fumo dei sigari e il tintinnio dei bicchieri, la scena flamenca di Madrid affond\u00f2 le sue radici pi\u00f9 profonde, fino a diventare l\u2019arte universale che conosciamo oggi.<\/p>\n<p data-start=\"1963\" data-end=\"2061\">Quello spirito non \u00e8 morto. Si \u00e8 evoluto \u2014 e vive ancora nei tablaos del <strong data-start=\"2036\" data-end=\"2060\">Barrio de las Letras<\/strong>.<\/p>\n<h2 data-start=\"2063\" data-end=\"2127\">Plaza de Santa Ana: Il Chilometro Zero del Flamenco Madrileno<\/h2>\n<p data-start=\"2129\" data-end=\"2663\">Tutta questa energia confluisce in un solo luogo: <strong data-start=\"2179\" data-end=\"2201\">Plaza de Santa Ana<\/strong>. \u00c8 il grande salotto all\u2019aperto di Madrid, dominato dal maestoso <strong data-start=\"2267\" data-end=\"2285\">Teatro Espa\u00f1ol<\/strong>. \u00c8 il vero chilometro zero della scena artistica cittadina. Non \u00e8 un caso che proprio qui si trovi la famosa <strong data-start=\"2395\" data-end=\"2417\">statua del bailaor<\/strong>, un omaggio agli artisti che hanno fatto di questa piazza la loro casa. Sedersi in una delle sue terrazze \u00e8 sentire il battito di un quartiere che, come dice il sito ufficiale <strong data-start=\"2594\" data-end=\"2610\">esmadrid.com<\/strong>, \u00e8 il cuore pulsante della vita culturale madrilena.<\/p>\n<p data-start=\"2129\" data-end=\"2663\"><img loading=\"lazy\" decoding=\"async\" class=\"aligncenter wp-image-1244 size-large\" src=\"https:\/\/flamencomadrid.com\/wp-content\/uploads\/2025\/09\/plaza-santa-ana-1024x576.jpg\" alt=\"Plaza de Santa Ana con la estatua de Lorca en primer plano\" width=\"900\" height=\"506\" \/><\/p>\n<h2 data-start=\"2665\" data-end=\"2735\">Vivi il Barrio de las Letras Oggi: Ti Aspetta la Tua Notte Flamenca<\/h2>\n<p data-start=\"2737\" data-end=\"3103\">Oggi, lo spirito dei <strong data-start=\"2758\" data-end=\"2777\">Caf\u00e9s Cantantes<\/strong> \u00e8 pi\u00f9 vivo che mai nei tablaos moderni. L\u2019essenza \u2014 la ricerca di quell\u2019emozione pura, di quell\u2019arte che ti attraversa \u2014 \u00e8 rimasta intatta. Passeggiare nel quartiere, cenare in una delle sue taverne e concludere la serata con uno spettacolo di flamenco non \u00e8 un piano turistico: \u00e8 vivere Madrid nella sua forma pi\u00f9 autentica.<\/p>\n<p data-start=\"3105\" data-end=\"3219\">La domanda non \u00e8 pi\u00f9 se vivere una notte flamenca a Madrid, ma <strong data-start=\"3168\" data-end=\"3187\">quale scegliere<\/strong> perch\u00e9 diventi indimenticabile.<\/p>\n<blockquote data-start=\"3221\" data-end=\"3461\">\n<h3 data-start=\"3223\" data-end=\"3275\">Vuoi vivere una notte autentica di flamenco?<\/h3>\n<p data-start=\"3278\" data-end=\"3461\"><a href=\"https:\/\/flamencomadrid.com\/es\/los-mejores-6-espectaculos-flamencos-de-madrid\/\"><strong data-start=\"3278\" data-end=\"3393\">Scopri la nostra Guida Definitiva ai Migliori Tablaos Flamencos di Madrid<\/strong><\/a><br data-start=\"3393\" data-end=\"3396\" \/>Esplora le gemme del quartiere e scegli la tua serata perfetta.<\/p>\n<\/blockquote>\n<p><\/p>","protected":false},"excerpt":{"rendered":"Ci sono quartieri che sembrano cartoline, e altri che hanno un\u2019anima. Il Barrio de las Letras \u00e8 senza dubbio uno di questi ultimi. Un labirinto di strade pedonali dove il suolo che calpesti sussurra versi di Lope de Vega e Cervantes. \u00c8 l\u2019epicentro letterario della Spagna \u2014 un luogo che ogni visitatore di Madrid dovrebbe&#8230;","protected":false},"author":6,"featured_media":1243,"comment_status":"open","ping_status":"open","sticky":false,"template":"","format":"standard","meta":{"_acf_changed":false,"footnotes":""},"categories":[13],"tags":[],"class_list":["post-1240","post","type-post","status-publish","format-standard","has-post-thumbnail","hentry","category-curiosidades-flamencas"],"acf":[],"yoast_head":"<!-- This site is optimized with the Yoast SEO plugin v27.4 - https:\/\/yoast.com\/product\/yoast-seo-wordpress\/ -->\n<title>Barrio de las Letras: Il Cuore Flamenco di Madrid - Flamenco Madrid<\/title>\n<meta name=\"description\" content=\"Scopri l\u2019anima del flamenco nel Quartiere delle Lettere, dove storia e passione si intrecciano ogni sera a Madrid.\" \/>\n<meta name=\"robots\" content=\"index, follow, max-snippet:-1, max-image-preview:large, max-video-preview:-1\" \/>\n<link rel=\"canonical\" href=\"\/\" \/>\n<meta property=\"og:locale\" content=\"it_IT\" \/>\n<meta property=\"og:type\" content=\"article\" \/>\n<meta property=\"og:title\" content=\"Barrio de las Letras: Il Cuore Flamenco di Madrid - Flamenco Madrid\" \/>\n<meta property=\"og:description\" content=\"Scopri l\u2019anima del flamenco nel Quartiere delle Lettere, dove storia e passione si intrecciano ogni sera a Madrid.\" \/>\n<meta property=\"og:url\" content=\"https:\/\/flamencomadrid.com\/it\/barrio-letras-flamenco\/\" \/>\n<meta property=\"og:site_name\" content=\"Flamenco Madrid\" \/>\n<meta property=\"article:published_time\" content=\"2025-09-01T10:54:26+00:00\" \/>\n<meta property=\"og:image\" content=\"https:\/\/flamencomadrid.com\/wp-content\/uploads\/2025\/09\/emilia_pardo_bazan_con_logo.jpg\" \/>\n\t<meta property=\"og:image:width\" content=\"2048\" \/>\n\t<meta property=\"og:image:height\" content=\"1113\" \/>\n\t<meta property=\"og:image:type\" content=\"image\/jpeg\" \/>\n<meta name=\"author\" content=\"Miguel Blanco\" \/>\n<meta name=\"twitter:card\" content=\"summary_large_image\" \/>\n<meta name=\"twitter:label1\" content=\"Scritto da\" \/>\n\t<meta name=\"twitter:data1\" content=\"Miguel Blanco\" \/>\n\t<meta name=\"twitter:label2\" content=\"Tempo di lettura stimato\" \/>\n\t<meta name=\"twitter:data2\" content=\"4 minuti\" \/>\n<script type=\"application\/ld+json\" class=\"yoast-schema-graph\">{\"@context\":\"https:\\\/\\\/schema.org\",\"@graph\":[{\"@type\":\"Article\",\"@id\":\"https:\\\/\\\/flamencomadrid.com\\\/es\\\/barrio-letras-flamenco\\\/#article\",\"isPartOf\":{\"@id\":\"https:\\\/\\\/flamencomadrid.com\\\/es\\\/barrio-letras-flamenco\\\/\"},\"author\":{\"name\":\"Miguel Blanco\",\"@id\":\"https:\\\/\\\/flamencomadrid.com\\\/es\\\/#\\\/schema\\\/person\\\/e60bef1612b66bdb46e0d88400bfab7e\"},\"headline\":\"Barrio de las Letras: Il Cuore Flamenco di Madrid\",\"datePublished\":\"2025-09-01T10:54:26+00:00\",\"mainEntityOfPage\":{\"@id\":\"https:\\\/\\\/flamencomadrid.com\\\/es\\\/barrio-letras-flamenco\\\/\"},\"wordCount\":2298,\"commentCount\":0,\"image\":{\"@id\":\"https:\\\/\\\/flamencomadrid.com\\\/es\\\/barrio-letras-flamenco\\\/#primaryimage\"},\"thumbnailUrl\":\"https:\\\/\\\/flamencomadrid.com\\\/wp-content\\\/uploads\\\/2025\\\/09\\\/emilia_pardo_bazan_con_logo.jpg\",\"articleSection\":[\"Curiosidades Flamencas\"],\"inLanguage\":\"it-IT\",\"potentialAction\":[{\"@type\":\"CommentAction\",\"name\":\"Comment\",\"target\":[\"https:\\\/\\\/flamencomadrid.com\\\/es\\\/barrio-letras-flamenco\\\/#respond\"]}]},{\"@type\":\"WebPage\",\"@id\":\"https:\\\/\\\/flamencomadrid.com\\\/it\\\/barrio-letras-flamenco\\\/\",\"url\":\"https:\\\/\\\/flamencomadrid.com\\\/it\\\/barrio-letras-flamenco\\\/\",\"name\":\"Barrio de las Letras: Il Cuore Flamenco di Madrid - Flamenco Madrid\",\"isPartOf\":{\"@id\":\"https:\\\/\\\/flamencomadrid.com\\\/it\\\/#website\"},\"primaryImageOfPage\":{\"@id\":\"https:\\\/\\\/flamencomadrid.com\\\/it\\\/barrio-letras-flamenco\\\/#primaryimage\"},\"image\":{\"@id\":\"https:\\\/\\\/flamencomadrid.com\\\/es\\\/barrio-letras-flamenco\\\/#primaryimage\"},\"thumbnailUrl\":\"https:\\\/\\\/flamencomadrid.com\\\/wp-content\\\/uploads\\\/2025\\\/09\\\/emilia_pardo_bazan_con_logo.jpg\",\"datePublished\":\"2025-09-01T10:54:26+00:00\",\"author\":{\"@id\":\"https:\\\/\\\/flamencomadrid.com\\\/es\\\/#\\\/schema\\\/person\\\/e60bef1612b66bdb46e0d88400bfab7e\"},\"description\":\"Scopri l\u2019anima del flamenco nel Quartiere delle Lettere, dove storia e passione si intrecciano ogni sera a Madrid.\",\"breadcrumb\":{\"@id\":\"https:\\\/\\\/flamencomadrid.com\\\/it\\\/barrio-letras-flamenco\\\/#breadcrumb\"},\"inLanguage\":\"it-IT\",\"potentialAction\":[{\"@type\":\"ReadAction\",\"target\":[[\"https:\\\/\\\/flamencomadrid.com\\\/it\\\/barrio-letras-flamenco\\\/\"]]}]},{\"@type\":\"ImageObject\",\"inLanguage\":\"it-IT\",\"@id\":\"https:\\\/\\\/flamencomadrid.com\\\/it\\\/barrio-letras-flamenco\\\/#primaryimage\",\"url\":\"https:\\\/\\\/flamencomadrid.com\\\/wp-content\\\/uploads\\\/2025\\\/09\\\/emilia_pardo_bazan_con_logo.jpg\",\"contentUrl\":\"https:\\\/\\\/flamencomadrid.com\\\/wp-content\\\/uploads\\\/2025\\\/09\\\/emilia_pardo_bazan_con_logo.jpg\",\"width\":2048,\"height\":1113,\"caption\":\"Calle empedrada del Barrio de las Letras en Madrid con uno de los famosos versos dorados en el suelo.\"},{\"@type\":\"BreadcrumbList\",\"@id\":\"https:\\\/\\\/flamencomadrid.com\\\/it\\\/barrio-letras-flamenco\\\/#breadcrumb\",\"itemListElement\":[{\"@type\":\"ListItem\",\"position\":1,\"name\":\"Home\",\"item\":\"https:\\\/\\\/flamencomadrid.com\\\/it\\\/\"},{\"@type\":\"ListItem\",\"position\":2,\"name\":\"Barrio de las Letras: Un Paseo por el Coraz\u00f3n Literario y Flamenco de Madrid\"}]},{\"@type\":\"WebSite\",\"@id\":\"https:\\\/\\\/flamencomadrid.com\\\/it\\\/#website\",\"url\":\"https:\\\/\\\/flamencomadrid.com\\\/it\\\/\",\"name\":\"Flamenco Madrid\",\"description\":\"Otro sitio realizado con WordPress\",\"potentialAction\":[{\"@type\":\"SearchAction\",\"target\":{\"@type\":\"EntryPoint\",\"urlTemplate\":\"https:\\\/\\\/flamencomadrid.com\\\/it\\\/?s={search_term_string}\"},\"query-input\":{\"@type\":\"PropertyValueSpecification\",\"valueRequired\":true,\"valueName\":\"search_term_string\"}}],\"inLanguage\":\"it-IT\"},{\"@type\":\"Person\",\"@id\":\"https:\\\/\\\/flamencomadrid.com\\\/es\\\/#\\\/schema\\\/person\\\/e60bef1612b66bdb46e0d88400bfab7e\",\"name\":\"Miguel Blanco\",\"image\":{\"@type\":\"ImageObject\",\"inLanguage\":\"it-IT\",\"@id\":\"https:\\\/\\\/secure.gravatar.com\\\/avatar\\\/359874fd676a9bfbf3a5d62f8bb888a22a657034662dd62c3669b5e7274a1365?s=96&d=mm&r=g\",\"url\":\"https:\\\/\\\/secure.gravatar.com\\\/avatar\\\/359874fd676a9bfbf3a5d62f8bb888a22a657034662dd62c3669b5e7274a1365?s=96&d=mm&r=g\",\"contentUrl\":\"https:\\\/\\\/secure.gravatar.com\\\/avatar\\\/359874fd676a9bfbf3a5d62f8bb888a22a657034662dd62c3669b5e7274a1365?s=96&d=mm&r=g\",\"caption\":\"Miguel Blanco\"}}]}<\/script>\n<!-- \/ Yoast SEO plugin. -->","yoast_head_json":{"title":"Barrio de las Letras: Il Cuore Flamenco di Madrid - Flamenco Madrid","description":"Scopri l\u2019anima del flamenco nel Quartiere delle Lettere, dove storia e passione si intrecciano ogni sera a Madrid.","robots":{"index":"index","follow":"follow","max-snippet":"max-snippet:-1","max-image-preview":"max-image-preview:large","max-video-preview":"max-video-preview:-1"},"canonical":"\/","og_locale":"it_IT","og_type":"article","og_title":"Barrio de las Letras: Il Cuore Flamenco di Madrid - Flamenco Madrid","og_description":"Scopri l\u2019anima del flamenco nel Quartiere delle Lettere, dove storia e passione si intrecciano ogni sera a Madrid.","og_url":"https:\/\/flamencomadrid.com\/it\/barrio-letras-flamenco\/","og_site_name":"Flamenco Madrid","article_published_time":"2025-09-01T10:54:26+00:00","og_image":[{"width":2048,"height":1113,"url":"https:\/\/flamencomadrid.com\/wp-content\/uploads\/2025\/09\/emilia_pardo_bazan_con_logo.jpg","type":"image\/jpeg"}],"author":"Miguel Blanco","twitter_card":"summary_large_image","twitter_misc":{"Scritto da":"Miguel Blanco","Tempo di lettura stimato":"4 minuti"},"schema":{"@context":"https:\/\/schema.org","@graph":[{"@type":"Article","@id":"https:\/\/flamencomadrid.com\/es\/barrio-letras-flamenco\/#article","isPartOf":{"@id":"https:\/\/flamencomadrid.com\/es\/barrio-letras-flamenco\/"},"author":{"name":"Miguel Blanco","@id":"https:\/\/flamencomadrid.com\/es\/#\/schema\/person\/e60bef1612b66bdb46e0d88400bfab7e"},"headline":"Barrio de las Letras: Il Cuore Flamenco di Madrid","datePublished":"2025-09-01T10:54:26+00:00","mainEntityOfPage":{"@id":"https:\/\/flamencomadrid.com\/es\/barrio-letras-flamenco\/"},"wordCount":2298,"commentCount":0,"image":{"@id":"https:\/\/flamencomadrid.com\/es\/barrio-letras-flamenco\/#primaryimage"},"thumbnailUrl":"https:\/\/flamencomadrid.com\/wp-content\/uploads\/2025\/09\/emilia_pardo_bazan_con_logo.jpg","articleSection":["Curiosidades Flamencas"],"inLanguage":"it-IT","potentialAction":[{"@type":"CommentAction","name":"Comment","target":["https:\/\/flamencomadrid.com\/es\/barrio-letras-flamenco\/#respond"]}]},{"@type":"WebPage","@id":"https:\/\/flamencomadrid.com\/it\/barrio-letras-flamenco\/","url":"https:\/\/flamencomadrid.com\/it\/barrio-letras-flamenco\/","name":"Barrio de las Letras: Il Cuore Flamenco di Madrid - Flamenco Madrid","isPartOf":{"@id":"https:\/\/flamencomadrid.com\/it\/#website"},"primaryImageOfPage":{"@id":"https:\/\/flamencomadrid.com\/it\/barrio-letras-flamenco\/#primaryimage"},"image":{"@id":"https:\/\/flamencomadrid.com\/es\/barrio-letras-flamenco\/#primaryimage"},"thumbnailUrl":"https:\/\/flamencomadrid.com\/wp-content\/uploads\/2025\/09\/emilia_pardo_bazan_con_logo.jpg","datePublished":"2025-09-01T10:54:26+00:00","author":{"@id":"https:\/\/flamencomadrid.com\/es\/#\/schema\/person\/e60bef1612b66bdb46e0d88400bfab7e"},"description":"Scopri l\u2019anima del flamenco nel Quartiere delle Lettere, dove storia e passione si intrecciano ogni sera a Madrid.","breadcrumb":{"@id":"https:\/\/flamencomadrid.com\/it\/barrio-letras-flamenco\/#breadcrumb"},"inLanguage":"it-IT","potentialAction":[{"@type":"ReadAction","target":[["https:\/\/flamencomadrid.com\/it\/barrio-letras-flamenco\/"]]}]},{"@type":"ImageObject","inLanguage":"it-IT","@id":"https:\/\/flamencomadrid.com\/it\/barrio-letras-flamenco\/#primaryimage","url":"https:\/\/flamencomadrid.com\/wp-content\/uploads\/2025\/09\/emilia_pardo_bazan_con_logo.jpg","contentUrl":"https:\/\/flamencomadrid.com\/wp-content\/uploads\/2025\/09\/emilia_pardo_bazan_con_logo.jpg","width":2048,"height":1113,"caption":"Calle empedrada del Barrio de las Letras en Madrid con uno de los famosos versos dorados en el suelo."},{"@type":"BreadcrumbList","@id":"https:\/\/flamencomadrid.com\/it\/barrio-letras-flamenco\/#breadcrumb","itemListElement":[{"@type":"ListItem","position":1,"name":"Home","item":"https:\/\/flamencomadrid.com\/it\/"},{"@type":"ListItem","position":2,"name":"Barrio de las Letras: Un Paseo por el Coraz\u00f3n Literario y Flamenco de Madrid"}]},{"@type":"WebSite","@id":"https:\/\/flamencomadrid.com\/it\/#website","url":"https:\/\/flamencomadrid.com\/it\/","name":"Flamenco Madrid","description":"Otro sitio realizado con WordPress","potentialAction":[{"@type":"SearchAction","target":{"@type":"EntryPoint","urlTemplate":"https:\/\/flamencomadrid.com\/it\/?s={search_term_string}"},"query-input":{"@type":"PropertyValueSpecification","valueRequired":true,"valueName":"search_term_string"}}],"inLanguage":"it-IT"},{"@type":"Person","@id":"https:\/\/flamencomadrid.com\/es\/#\/schema\/person\/e60bef1612b66bdb46e0d88400bfab7e","name":"Miguel Blanco","image":{"@type":"ImageObject","inLanguage":"it-IT","@id":"https:\/\/secure.gravatar.com\/avatar\/359874fd676a9bfbf3a5d62f8bb888a22a657034662dd62c3669b5e7274a1365?s=96&d=mm&r=g","url":"https:\/\/secure.gravatar.com\/avatar\/359874fd676a9bfbf3a5d62f8bb888a22a657034662dd62c3669b5e7274a1365?s=96&d=mm&r=g","contentUrl":"https:\/\/secure.gravatar.com\/avatar\/359874fd676a9bfbf3a5d62f8bb888a22a657034662dd62c3669b5e7274a1365?s=96&d=mm&r=g","caption":"Miguel Blanco"}}]}},"_links":{"self":[{"href":"https:\/\/flamencomadrid.com\/it\/wp-json\/wp\/v2\/posts\/1240","targetHints":{"allow":["GET"]}}],"collection":[{"href":"https:\/\/flamencomadrid.com\/it\/wp-json\/wp\/v2\/posts"}],"about":[{"href":"https:\/\/flamencomadrid.com\/it\/wp-json\/wp\/v2\/types\/post"}],"author":[{"embeddable":true,"href":"https:\/\/flamencomadrid.com\/it\/wp-json\/wp\/v2\/users\/6"}],"replies":[{"embeddable":true,"href":"https:\/\/flamencomadrid.com\/it\/wp-json\/wp\/v2\/comments?post=1240"}],"version-history":[{"count":5,"href":"https:\/\/flamencomadrid.com\/it\/wp-json\/wp\/v2\/posts\/1240\/revisions"}],"predecessor-version":[{"id":1289,"href":"https:\/\/flamencomadrid.com\/it\/wp-json\/wp\/v2\/posts\/1240\/revisions\/1289"}],"wp:featuredmedia":[{"embeddable":true,"href":"https:\/\/flamencomadrid.com\/it\/wp-json\/wp\/v2\/media\/1243"}],"wp:attachment":[{"href":"https:\/\/flamencomadrid.com\/it\/wp-json\/wp\/v2\/media?parent=1240"}],"wp:term":[{"taxonomy":"category","embeddable":true,"href":"https:\/\/flamencomadrid.com\/it\/wp-json\/wp\/v2\/categories?post=1240"},{"taxonomy":"post_tag","embeddable":true,"href":"https:\/\/flamencomadrid.com\/it\/wp-json\/wp\/v2\/tags?post=1240"}],"curies":[{"name":"wp","href":"https:\/\/api.w.org\/{rel}","templated":true}]}}