{"id":1225,"date":"2025-08-25T12:01:49","date_gmt":"2025-08-25T10:01:49","guid":{"rendered":"https:\/\/flamencomadrid.com\/es\/?p=1225"},"modified":"2025-07-17T13:11:29","modified_gmt":"2025-07-17T11:11:29","slug":"toros-y-duende-la-pasion-comun-del-flamenco-y-la-tauromaquia-en-madrid","status":"publish","type":"post","link":"https:\/\/flamencomadrid.com\/it\/espanol-toros-y-duende-la-pasion-comun-del-flamenco-y-la-tauromaquia-en-madrid\/","title":{"rendered":"Tori e Duende: La Passione Comune del Flamenco e della Tauromachia a Madrid"},"content":{"rendered":"<p><\/p>\n<p data-start=\"2461\" data-end=\"2729\"><strong data-start=\"2461\" data-end=\"2515\">Madrid \u00e8 una citt\u00e0 vissuta con l\u2019anima in sospeso.<\/strong> \u00c8 il fragore della Gran V\u00eda e il silenzio denso che precede un\u2019opera d\u2019arte. Nel DNA di questa identit\u00e0 madrilena, due universi paralleli battono con lo stesso cuore appassionato: <strong data-start=\"2696\" data-end=\"2728\">la tauromachia e il flamenco<\/strong>.<\/p>\n<p data-start=\"2731\" data-end=\"2985\">Sebbene l\u2019albero de Las Ventas e le tavole di un <strong data-start=\"2780\" data-end=\"2799\">tablao flamenco<\/strong> nella Madrid degli Asburgo possano sembrare mondi distanti, condividono un linguaggio segreto forgiato nella verit\u00e0, nel rischio e in quella forza inspiegabile che chiamiamo <strong data-start=\"2974\" data-end=\"2984\">duende<\/strong>.<\/p>\n<h4 data-start=\"2987\" data-end=\"3037\">Un Vero Palco: Dalla Plaza al Tablao Flamenco<\/h4>\n<p data-start=\"3039\" data-end=\"3149\">Sia la plaza de toros che il tablao sono templi dove l\u2019inganno non \u00e8 ammesso. Sono scenari di verit\u00e0 assoluta.<\/p>\n<ul data-start=\"3151\" data-end=\"3610\">\n<li data-start=\"3151\" data-end=\"3349\">\n<p data-start=\"3153\" data-end=\"3349\"><strong data-start=\"3153\" data-end=\"3174\">Nella tauromachia<\/strong>, il torero affronta la morte fisica. La sua arte consiste nel trasformare il caos di una carica in una danza di controllo e geometria. Ogni passaggio \u00e8 un verdetto immediato.<\/p>\n<\/li>\n<li data-start=\"3351\" data-end=\"3610\">\n<p data-start=\"3353\" data-end=\"3610\"><strong data-start=\"3353\" data-end=\"3369\">Nel flamenco<\/strong>, l\u2019artista affronta l\u2019abisso della propria emozione. Un <strong data-start=\"3426\" data-end=\"3441\">cante jondo<\/strong> lacera l\u2019anima, un <strong data-start=\"3461\" data-end=\"3474\">zapateado<\/strong> furioso percuote il palco come un cuore impazzito. In uno <strong data-start=\"3533\" data-end=\"3578\">spettacolo di flamenco autentico a Madrid<\/strong>, o c\u2019\u00e8 verit\u00e0, o non c\u2019\u00e8 nulla.<img loading=\"lazy\" decoding=\"async\" class=\"aligncenter wp-image-1229 size-large\" src=\"https:\/\/flamencomadrid.com\/wp-content\/uploads\/2025\/08\/flamenco-y-toros-1024x683.jpg\" alt=\"Bailaora en vestido rojo realizando un pase taurino con un mant\u00f3n frente a un toro\" width=\"900\" height=\"600\" \/><\/p>\n<\/li>\n<\/ul>\n<h2 data-start=\"3023\" data-end=\"3078\"><strong data-start=\"3031\" data-end=\"3078\">Il Duende: la lotta che d\u00e0 origine all\u2019arte<\/strong><\/h2>\n<p data-start=\"3080\" data-end=\"3269\">Federico Garc\u00eda Lorca, che ha attinto da entrambi i mondi, lo ha descritto magistralmente. Il duende non \u00e8 ispirazione, \u00e8 lotta. \u201c\u00c8 una forza e non un\u2019opera, \u00e8 un lottare e non un pensare.\u201d<\/p>\n<p data-start=\"3271\" data-end=\"3643\">Quel duende \u00e8 l\u2019\u201c\u00a1Ol\u00e9!\u201d che esplode dalle viscere del pubblico di Las Ventas davanti a un naturale eterno. \u00c8 lo stesso brivido che percorre la schiena dello spettatore in un tablao, quando il <strong data-start=\"3463\" data-end=\"3473\">quej\u00edo<\/strong> di un cantaor, il volo delle mani di una <strong data-start=\"3515\" data-end=\"3527\">bailaora<\/strong> o lo strimpellio di una <strong data-start=\"3552\" data-end=\"3573\">chitarra spagnola<\/strong> rompono il silenzio e riempiono tutto di un\u2019emozione quasi tangibile.<\/p>\n<p data-start=\"3645\" data-end=\"3727\">In entrambi i mondi, la consapevolezza della morte alimenta un\u2019esplosione di vita.<\/p>\n<h2 data-start=\"3729\" data-end=\"3773\"><strong data-start=\"3732\" data-end=\"3773\">Il linguaggio corporeo della passione<\/strong><\/h2>\n<p data-start=\"3775\" data-end=\"3888\">Il legame \u00e8 visibile, quasi fisico. Esiste un lessico gestuale che unisce <strong data-start=\"3849\" data-end=\"3859\">toreri<\/strong> e <strong data-start=\"3862\" data-end=\"3887\">ballerini di flamenco<\/strong>:<\/p>\n<ul data-start=\"3890\" data-end=\"4441\">\n<li data-start=\"3890\" data-end=\"4021\">\n<p data-start=\"3892\" data-end=\"4021\"><strong data-start=\"3892\" data-end=\"3920\">La postura e la fierezza<\/strong>: La stessa verticalit\u00e0 fiera e provocatoria del torero si riflette nella posa del bailaor sul palco.<\/p>\n<\/li>\n<li data-start=\"4022\" data-end=\"4139\">\n<p data-start=\"4024\" data-end=\"4139\"><strong data-start=\"4024\" data-end=\"4046\">Il gioco dei polsi<\/strong>: Il movimento sottile ma deciso del capote \u00e8 fratello del floreo delle mani di una bailaora.<\/p>\n<\/li>\n<li data-start=\"4140\" data-end=\"4441\">\n<p data-start=\"4142\" data-end=\"4441\"><strong data-start=\"4142\" data-end=\"4184\">La padronanza del ritmo e del silenzio<\/strong>: Nel flamenco, il comp\u00e1s \u00e8 legge. Anche la corrida ha il suo ritmo: le sue pause, le sue accelerazioni e soprattutto i suoi silenzi carichi di tensione. Un silenzio nell\u2019arena pu\u00f2 essere fragoroso quanto quello che precede un\u2019esplosione emotiva nel tablao.<\/p>\n<\/li>\n<\/ul>\n<p><img loading=\"lazy\" decoding=\"async\" class=\"aligncenter wp-image-1227 size-large\" src=\"https:\/\/flamencomadrid.com\/wp-content\/uploads\/2025\/07\/flamenca-y-toros-3-1-1024x683.png\" alt=\"Imagen de Flamenca con movimiento de mu\u00f1ecas en FlamencoMadrid\" width=\"900\" height=\"600\" \/><\/p>\n<h2 data-start=\"1302\" data-end=\"1372\"><strong data-start=\"1310\" data-end=\"1372\">Dove Vivere Questa Passione? Il Miglior Flamenco di Madrid<\/strong><\/h2>\n<p data-start=\"1374\" data-end=\"1561\">Madrid \u00e8 il crogiolo in cui queste arti si incontrano. Comprendere l\u2019una aiuta a sentire pi\u00f9 a fondo l\u2019altra. Ma dove trovare oggi quel <em data-start=\"1510\" data-end=\"1518\">duende<\/em> autentico, quell\u2019emozione allo stato puro?<\/p>\n<p data-start=\"1563\" data-end=\"1725\">Per chi cerca uno <strong data-start=\"1581\" data-end=\"1616\">spettacolo di flamenco a Madrid<\/strong> che affondi le radici nella tradizione, ecco due raccomandazioni imperdibili, ciascuna con la propria anima.<\/p>\n<p data-start=\"1727\" data-end=\"1871\"><strong><a href=\"https:\/\/flamencomadrid.com\/it\/blog-di-flamenco\/\">Consulta orari, artisti e prenota il tuo posto per una serata indimenticabile. Scopri i migliori tablaos e spettacoli su flamencomadrid.com.<\/a><\/strong><\/p>\n<p><\/p>","protected":false},"excerpt":{"rendered":"Madrid \u00e8 una citt\u00e0 vissuta con l\u2019anima in sospeso. \u00c8 il fragore della Gran V\u00eda e il silenzio denso che precede un\u2019opera d\u2019arte. Nel DNA di questa identit\u00e0 madrilena, due universi paralleli battono con lo stesso cuore appassionato: la tauromachia e il flamenco. Sebbene l\u2019albero de Las Ventas e le tavole di un tablao flamenco&#8230;","protected":false},"author":6,"featured_media":1231,"comment_status":"open","ping_status":"open","sticky":false,"template":"","format":"standard","meta":{"_acf_changed":false,"footnotes":""},"categories":[13],"tags":[],"class_list":["post-1225","post","type-post","status-publish","format-standard","has-post-thumbnail","hentry","category-curiosidades-flamencas"],"acf":[],"yoast_head":"<!-- This site is optimized with the Yoast SEO plugin v27.4 - https:\/\/yoast.com\/product\/yoast-seo-wordpress\/ -->\n<title>Tori e Duende: La Passione Comune del Flamenco e della Tauromachia a Madrid - Flamenco Madrid<\/title>\n<meta name=\"description\" content=\"A Madrid si incontrano flamenco e tauromachia: uno sguardo appassionato sul duende, l\u2019emozione, il ritmo e l\u2019arte condivisa tra tablaos e arene.\" \/>\n<meta name=\"robots\" content=\"index, follow, max-snippet:-1, max-image-preview:large, max-video-preview:-1\" \/>\n<link rel=\"canonical\" href=\"\/\" \/>\n<meta property=\"og:locale\" content=\"it_IT\" \/>\n<meta property=\"og:type\" content=\"article\" \/>\n<meta property=\"og:title\" content=\"Tori e Duende: La Passione Comune del Flamenco e della Tauromachia a Madrid - Flamenco Madrid\" \/>\n<meta property=\"og:description\" content=\"A Madrid si incontrano flamenco e tauromachia: uno sguardo appassionato sul duende, l\u2019emozione, il ritmo e l\u2019arte condivisa tra tablaos e arene.\" \/>\n<meta property=\"og:url\" content=\"https:\/\/flamencomadrid.com\/it\/toros-y-duende-la-pasion-comun-del-flamenco-y-la-tauromaquia-en-madrid\/\" \/>\n<meta property=\"og:site_name\" content=\"Flamenco Madrid\" \/>\n<meta property=\"article:published_time\" content=\"2025-08-25T10:01:49+00:00\" \/>\n<meta property=\"og:image\" content=\"https:\/\/flamencomadrid.com\/wp-content\/uploads\/2025\/08\/toros-y-flamenco.jpg\" \/>\n\t<meta property=\"og:image:width\" content=\"1536\" \/>\n\t<meta property=\"og:image:height\" content=\"1024\" \/>\n\t<meta property=\"og:image:type\" content=\"image\/jpeg\" \/>\n<meta name=\"author\" content=\"Miguel Blanco\" \/>\n<meta name=\"twitter:card\" content=\"summary_large_image\" \/>\n<meta name=\"twitter:label1\" content=\"Scritto da\" \/>\n\t<meta name=\"twitter:data1\" content=\"Miguel Blanco\" \/>\n\t<meta name=\"twitter:label2\" content=\"Tempo di lettura stimato\" \/>\n\t<meta name=\"twitter:data2\" content=\"3 minuti\" \/>\n<script type=\"application\/ld+json\" class=\"yoast-schema-graph\">{\"@context\":\"https:\\\/\\\/schema.org\",\"@graph\":[{\"@type\":\"Article\",\"@id\":\"https:\\\/\\\/flamencomadrid.com\\\/es\\\/toros-y-duende-la-pasion-comun-del-flamenco-y-la-tauromaquia-en-madrid\\\/#article\",\"isPartOf\":{\"@id\":\"https:\\\/\\\/flamencomadrid.com\\\/es\\\/toros-y-duende-la-pasion-comun-del-flamenco-y-la-tauromaquia-en-madrid\\\/\"},\"author\":{\"name\":\"Miguel Blanco\",\"@id\":\"https:\\\/\\\/flamencomadrid.com\\\/es\\\/#\\\/schema\\\/person\\\/e60bef1612b66bdb46e0d88400bfab7e\"},\"headline\":\"Tori e Duende: La Passione Comune del Flamenco e della Tauromachia a Madrid\",\"datePublished\":\"2025-08-25T10:01:49+00:00\",\"mainEntityOfPage\":{\"@id\":\"https:\\\/\\\/flamencomadrid.com\\\/es\\\/toros-y-duende-la-pasion-comun-del-flamenco-y-la-tauromaquia-en-madrid\\\/\"},\"wordCount\":2209,\"commentCount\":0,\"image\":{\"@id\":\"https:\\\/\\\/flamencomadrid.com\\\/es\\\/toros-y-duende-la-pasion-comun-del-flamenco-y-la-tauromaquia-en-madrid\\\/#primaryimage\"},\"thumbnailUrl\":\"https:\\\/\\\/flamencomadrid.com\\\/wp-content\\\/uploads\\\/2025\\\/08\\\/toros-y-flamenco.jpg\",\"articleSection\":[\"Curiosidades Flamencas\"],\"inLanguage\":\"it-IT\",\"potentialAction\":[{\"@type\":\"CommentAction\",\"name\":\"Comment\",\"target\":[\"https:\\\/\\\/flamencomadrid.com\\\/es\\\/toros-y-duende-la-pasion-comun-del-flamenco-y-la-tauromaquia-en-madrid\\\/#respond\"]}]},{\"@type\":\"WebPage\",\"@id\":\"https:\\\/\\\/flamencomadrid.com\\\/it\\\/toros-y-duende-la-pasion-comun-del-flamenco-y-la-tauromaquia-en-madrid\\\/\",\"url\":\"https:\\\/\\\/flamencomadrid.com\\\/it\\\/toros-y-duende-la-pasion-comun-del-flamenco-y-la-tauromaquia-en-madrid\\\/\",\"name\":\"Tori e Duende: La Passione Comune del Flamenco e della Tauromachia a Madrid - Flamenco Madrid\",\"isPartOf\":{\"@id\":\"https:\\\/\\\/flamencomadrid.com\\\/it\\\/#website\"},\"primaryImageOfPage\":{\"@id\":\"https:\\\/\\\/flamencomadrid.com\\\/it\\\/toros-y-duende-la-pasion-comun-del-flamenco-y-la-tauromaquia-en-madrid\\\/#primaryimage\"},\"image\":{\"@id\":\"https:\\\/\\\/flamencomadrid.com\\\/es\\\/toros-y-duende-la-pasion-comun-del-flamenco-y-la-tauromaquia-en-madrid\\\/#primaryimage\"},\"thumbnailUrl\":\"https:\\\/\\\/flamencomadrid.com\\\/wp-content\\\/uploads\\\/2025\\\/08\\\/toros-y-flamenco.jpg\",\"datePublished\":\"2025-08-25T10:01:49+00:00\",\"author\":{\"@id\":\"https:\\\/\\\/flamencomadrid.com\\\/es\\\/#\\\/schema\\\/person\\\/e60bef1612b66bdb46e0d88400bfab7e\"},\"description\":\"A Madrid si incontrano flamenco e tauromachia: uno sguardo appassionato sul duende, l\u2019emozione, il ritmo e l\u2019arte condivisa tra tablaos e arene.\",\"breadcrumb\":{\"@id\":\"https:\\\/\\\/flamencomadrid.com\\\/it\\\/toros-y-duende-la-pasion-comun-del-flamenco-y-la-tauromaquia-en-madrid\\\/#breadcrumb\"},\"inLanguage\":\"it-IT\",\"potentialAction\":[{\"@type\":\"ReadAction\",\"target\":[[\"https:\\\/\\\/flamencomadrid.com\\\/it\\\/toros-y-duende-la-pasion-comun-del-flamenco-y-la-tauromaquia-en-madrid\\\/\"]]}]},{\"@type\":\"ImageObject\",\"inLanguage\":\"it-IT\",\"@id\":\"https:\\\/\\\/flamencomadrid.com\\\/it\\\/toros-y-duende-la-pasion-comun-del-flamenco-y-la-tauromaquia-en-madrid\\\/#primaryimage\",\"url\":\"https:\\\/\\\/flamencomadrid.com\\\/wp-content\\\/uploads\\\/2025\\\/08\\\/toros-y-flamenco.jpg\",\"contentUrl\":\"https:\\\/\\\/flamencomadrid.com\\\/wp-content\\\/uploads\\\/2025\\\/08\\\/toros-y-flamenco.jpg\",\"width\":1536,\"height\":1024,\"caption\":\"Composici\u00f3n art\u00edstica con torero y bailaora reflejados en poses complementarias para FlamencoMadrid\"},{\"@type\":\"BreadcrumbList\",\"@id\":\"https:\\\/\\\/flamencomadrid.com\\\/it\\\/toros-y-duende-la-pasion-comun-del-flamenco-y-la-tauromaquia-en-madrid\\\/#breadcrumb\",\"itemListElement\":[{\"@type\":\"ListItem\",\"position\":1,\"name\":\"Home\",\"item\":\"https:\\\/\\\/flamencomadrid.com\\\/it\\\/\"},{\"@type\":\"ListItem\",\"position\":2,\"name\":\"Toros y Duende: La Pasi\u00f3n Com\u00fan del Flamenco y la Tauromaquia en Madrid\"}]},{\"@type\":\"WebSite\",\"@id\":\"https:\\\/\\\/flamencomadrid.com\\\/it\\\/#website\",\"url\":\"https:\\\/\\\/flamencomadrid.com\\\/it\\\/\",\"name\":\"Flamenco Madrid\",\"description\":\"Otro sitio realizado con WordPress\",\"potentialAction\":[{\"@type\":\"SearchAction\",\"target\":{\"@type\":\"EntryPoint\",\"urlTemplate\":\"https:\\\/\\\/flamencomadrid.com\\\/it\\\/?s={search_term_string}\"},\"query-input\":{\"@type\":\"PropertyValueSpecification\",\"valueRequired\":true,\"valueName\":\"search_term_string\"}}],\"inLanguage\":\"it-IT\"},{\"@type\":\"Person\",\"@id\":\"https:\\\/\\\/flamencomadrid.com\\\/es\\\/#\\\/schema\\\/person\\\/e60bef1612b66bdb46e0d88400bfab7e\",\"name\":\"Miguel Blanco\",\"image\":{\"@type\":\"ImageObject\",\"inLanguage\":\"it-IT\",\"@id\":\"https:\\\/\\\/secure.gravatar.com\\\/avatar\\\/359874fd676a9bfbf3a5d62f8bb888a22a657034662dd62c3669b5e7274a1365?s=96&d=mm&r=g\",\"url\":\"https:\\\/\\\/secure.gravatar.com\\\/avatar\\\/359874fd676a9bfbf3a5d62f8bb888a22a657034662dd62c3669b5e7274a1365?s=96&d=mm&r=g\",\"contentUrl\":\"https:\\\/\\\/secure.gravatar.com\\\/avatar\\\/359874fd676a9bfbf3a5d62f8bb888a22a657034662dd62c3669b5e7274a1365?s=96&d=mm&r=g\",\"caption\":\"Miguel Blanco\"}}]}<\/script>\n<!-- \/ Yoast SEO plugin. -->","yoast_head_json":{"title":"Tori e Duende: La Passione Comune del Flamenco e della Tauromachia a Madrid - Flamenco Madrid","description":"A Madrid si incontrano flamenco e tauromachia: uno sguardo appassionato sul duende, l\u2019emozione, il ritmo e l\u2019arte condivisa tra tablaos e arene.","robots":{"index":"index","follow":"follow","max-snippet":"max-snippet:-1","max-image-preview":"max-image-preview:large","max-video-preview":"max-video-preview:-1"},"canonical":"\/","og_locale":"it_IT","og_type":"article","og_title":"Tori e Duende: La Passione Comune del Flamenco e della Tauromachia a Madrid - Flamenco Madrid","og_description":"A Madrid si incontrano flamenco e tauromachia: uno sguardo appassionato sul duende, l\u2019emozione, il ritmo e l\u2019arte condivisa tra tablaos e arene.","og_url":"https:\/\/flamencomadrid.com\/it\/toros-y-duende-la-pasion-comun-del-flamenco-y-la-tauromaquia-en-madrid\/","og_site_name":"Flamenco Madrid","article_published_time":"2025-08-25T10:01:49+00:00","og_image":[{"width":1536,"height":1024,"url":"https:\/\/flamencomadrid.com\/wp-content\/uploads\/2025\/08\/toros-y-flamenco.jpg","type":"image\/jpeg"}],"author":"Miguel Blanco","twitter_card":"summary_large_image","twitter_misc":{"Scritto da":"Miguel Blanco","Tempo di lettura stimato":"3 minuti"},"schema":{"@context":"https:\/\/schema.org","@graph":[{"@type":"Article","@id":"https:\/\/flamencomadrid.com\/es\/toros-y-duende-la-pasion-comun-del-flamenco-y-la-tauromaquia-en-madrid\/#article","isPartOf":{"@id":"https:\/\/flamencomadrid.com\/es\/toros-y-duende-la-pasion-comun-del-flamenco-y-la-tauromaquia-en-madrid\/"},"author":{"name":"Miguel Blanco","@id":"https:\/\/flamencomadrid.com\/es\/#\/schema\/person\/e60bef1612b66bdb46e0d88400bfab7e"},"headline":"Tori e Duende: La Passione Comune del Flamenco e della Tauromachia a Madrid","datePublished":"2025-08-25T10:01:49+00:00","mainEntityOfPage":{"@id":"https:\/\/flamencomadrid.com\/es\/toros-y-duende-la-pasion-comun-del-flamenco-y-la-tauromaquia-en-madrid\/"},"wordCount":2209,"commentCount":0,"image":{"@id":"https:\/\/flamencomadrid.com\/es\/toros-y-duende-la-pasion-comun-del-flamenco-y-la-tauromaquia-en-madrid\/#primaryimage"},"thumbnailUrl":"https:\/\/flamencomadrid.com\/wp-content\/uploads\/2025\/08\/toros-y-flamenco.jpg","articleSection":["Curiosidades Flamencas"],"inLanguage":"it-IT","potentialAction":[{"@type":"CommentAction","name":"Comment","target":["https:\/\/flamencomadrid.com\/es\/toros-y-duende-la-pasion-comun-del-flamenco-y-la-tauromaquia-en-madrid\/#respond"]}]},{"@type":"WebPage","@id":"https:\/\/flamencomadrid.com\/it\/toros-y-duende-la-pasion-comun-del-flamenco-y-la-tauromaquia-en-madrid\/","url":"https:\/\/flamencomadrid.com\/it\/toros-y-duende-la-pasion-comun-del-flamenco-y-la-tauromaquia-en-madrid\/","name":"Tori e Duende: La Passione Comune del Flamenco e della Tauromachia a Madrid - Flamenco Madrid","isPartOf":{"@id":"https:\/\/flamencomadrid.com\/it\/#website"},"primaryImageOfPage":{"@id":"https:\/\/flamencomadrid.com\/it\/toros-y-duende-la-pasion-comun-del-flamenco-y-la-tauromaquia-en-madrid\/#primaryimage"},"image":{"@id":"https:\/\/flamencomadrid.com\/es\/toros-y-duende-la-pasion-comun-del-flamenco-y-la-tauromaquia-en-madrid\/#primaryimage"},"thumbnailUrl":"https:\/\/flamencomadrid.com\/wp-content\/uploads\/2025\/08\/toros-y-flamenco.jpg","datePublished":"2025-08-25T10:01:49+00:00","author":{"@id":"https:\/\/flamencomadrid.com\/es\/#\/schema\/person\/e60bef1612b66bdb46e0d88400bfab7e"},"description":"A Madrid si incontrano flamenco e tauromachia: uno sguardo appassionato sul duende, l\u2019emozione, il ritmo e l\u2019arte condivisa tra tablaos e arene.","breadcrumb":{"@id":"https:\/\/flamencomadrid.com\/it\/toros-y-duende-la-pasion-comun-del-flamenco-y-la-tauromaquia-en-madrid\/#breadcrumb"},"inLanguage":"it-IT","potentialAction":[{"@type":"ReadAction","target":[["https:\/\/flamencomadrid.com\/it\/toros-y-duende-la-pasion-comun-del-flamenco-y-la-tauromaquia-en-madrid\/"]]}]},{"@type":"ImageObject","inLanguage":"it-IT","@id":"https:\/\/flamencomadrid.com\/it\/toros-y-duende-la-pasion-comun-del-flamenco-y-la-tauromaquia-en-madrid\/#primaryimage","url":"https:\/\/flamencomadrid.com\/wp-content\/uploads\/2025\/08\/toros-y-flamenco.jpg","contentUrl":"https:\/\/flamencomadrid.com\/wp-content\/uploads\/2025\/08\/toros-y-flamenco.jpg","width":1536,"height":1024,"caption":"Composici\u00f3n art\u00edstica con torero y bailaora reflejados en poses complementarias para FlamencoMadrid"},{"@type":"BreadcrumbList","@id":"https:\/\/flamencomadrid.com\/it\/toros-y-duende-la-pasion-comun-del-flamenco-y-la-tauromaquia-en-madrid\/#breadcrumb","itemListElement":[{"@type":"ListItem","position":1,"name":"Home","item":"https:\/\/flamencomadrid.com\/it\/"},{"@type":"ListItem","position":2,"name":"Toros y Duende: La Pasi\u00f3n Com\u00fan del Flamenco y la Tauromaquia en Madrid"}]},{"@type":"WebSite","@id":"https:\/\/flamencomadrid.com\/it\/#website","url":"https:\/\/flamencomadrid.com\/it\/","name":"Flamenco Madrid","description":"Otro sitio realizado con WordPress","potentialAction":[{"@type":"SearchAction","target":{"@type":"EntryPoint","urlTemplate":"https:\/\/flamencomadrid.com\/it\/?s={search_term_string}"},"query-input":{"@type":"PropertyValueSpecification","valueRequired":true,"valueName":"search_term_string"}}],"inLanguage":"it-IT"},{"@type":"Person","@id":"https:\/\/flamencomadrid.com\/es\/#\/schema\/person\/e60bef1612b66bdb46e0d88400bfab7e","name":"Miguel Blanco","image":{"@type":"ImageObject","inLanguage":"it-IT","@id":"https:\/\/secure.gravatar.com\/avatar\/359874fd676a9bfbf3a5d62f8bb888a22a657034662dd62c3669b5e7274a1365?s=96&d=mm&r=g","url":"https:\/\/secure.gravatar.com\/avatar\/359874fd676a9bfbf3a5d62f8bb888a22a657034662dd62c3669b5e7274a1365?s=96&d=mm&r=g","contentUrl":"https:\/\/secure.gravatar.com\/avatar\/359874fd676a9bfbf3a5d62f8bb888a22a657034662dd62c3669b5e7274a1365?s=96&d=mm&r=g","caption":"Miguel Blanco"}}]}},"_links":{"self":[{"href":"https:\/\/flamencomadrid.com\/it\/wp-json\/wp\/v2\/posts\/1225","targetHints":{"allow":["GET"]}}],"collection":[{"href":"https:\/\/flamencomadrid.com\/it\/wp-json\/wp\/v2\/posts"}],"about":[{"href":"https:\/\/flamencomadrid.com\/it\/wp-json\/wp\/v2\/types\/post"}],"author":[{"embeddable":true,"href":"https:\/\/flamencomadrid.com\/it\/wp-json\/wp\/v2\/users\/6"}],"replies":[{"embeddable":true,"href":"https:\/\/flamencomadrid.com\/it\/wp-json\/wp\/v2\/comments?post=1225"}],"version-history":[{"count":4,"href":"https:\/\/flamencomadrid.com\/it\/wp-json\/wp\/v2\/posts\/1225\/revisions"}],"predecessor-version":[{"id":1278,"href":"https:\/\/flamencomadrid.com\/it\/wp-json\/wp\/v2\/posts\/1225\/revisions\/1278"}],"wp:featuredmedia":[{"embeddable":true,"href":"https:\/\/flamencomadrid.com\/it\/wp-json\/wp\/v2\/media\/1231"}],"wp:attachment":[{"href":"https:\/\/flamencomadrid.com\/it\/wp-json\/wp\/v2\/media?parent=1225"}],"wp:term":[{"taxonomy":"category","embeddable":true,"href":"https:\/\/flamencomadrid.com\/it\/wp-json\/wp\/v2\/categories?post=1225"},{"taxonomy":"post_tag","embeddable":true,"href":"https:\/\/flamencomadrid.com\/it\/wp-json\/wp\/v2\/tags?post=1225"}],"curies":[{"name":"wp","href":"https:\/\/api.w.org\/{rel}","templated":true}]}}