{"id":1207,"date":"2025-08-11T10:46:56","date_gmt":"2025-08-11T08:46:56","guid":{"rendered":"https:\/\/flamencomadrid.com\/es\/?p=1207"},"modified":"2025-07-15T11:55:05","modified_gmt":"2025-07-15T09:55:05","slug":"zarzuela-y-flamenco-la-rivalidad-secreta-de-las-dos-musicas-de-madrid","status":"publish","type":"post","link":"https:\/\/flamencomadrid.com\/it\/zarzuela\/","title":{"rendered":"Zarzuela e Flamenco: La Rivalit\u00e0 Segreta delle Due Musiche di Madrid"},"content":{"rendered":"<p><\/p>\n<p data-start=\"150\" data-end=\"958\">Se ti fermi ad ascoltare, oltre il brusio dei tavolini e l\u2019organetto in lontananza, Madrid ha due colonne sonore che lottano per l\u2019anima della citt\u00e0. Da un lato, il suono grandioso, orchestrale e castizo della Zarzuela che esce dai teatri centenari di Calle Alcal\u00e1. Dall\u2019altro, il quej\u00edo crudo, intimo e profondo del Flamenco che si insinua tra le fessure dei tablaos nei quartieri come Las Letras o Lavapi\u00e9s. A prima vista, sembrano il giorno e la notte, l\u2019acqua e l\u2019olio. Uno con papillon e poltrona di velluto; l\u2019altro con camicia aperta e sedia di paglia. Ma se osservi bene, vedrai che questi due giganti si scrutano di sottecchi da oltre un secolo \u2013 copiandosi, pungendosi, sfidandosi e, in fondo, rispettandosi in un abbraccio silenzioso. Questa \u00e8 la storia della loro strana e affascinante relazione.<\/p>\n<h2 data-start=\"960\" data-end=\"1002\">Quando il Flamenco Entr\u00f2 nella Zarzuela<\/h2>\n<p data-start=\"1004\" data-end=\"1509\">Immagina la scena: fine Ottocento, inizio Novecento. La Zarzuela \u00e8 la regina indiscussa di Madrid, il Netflix dell\u2019epoca, lo spettacolo popolare per eccellenza. I suoi compositori e librettisti \u2013 geni come Ruperto Chap\u00ed, Amadeo Vives o Federico Chueca \u2013 avevano l\u2019orecchio rivolto verso la strada. Si accorsero che nei quartieri, nei cortili e nei rumorosi caff\u00e8 cantanti, esisteva un\u2019arte viscerale che trascinava il pubblico: il flamenco. E decisero, con astuzia brillante, di invitarlo alla loro festa.<\/p>\n<p data-start=\"1511\" data-end=\"2122\">Cos\u00ec iniziarono a inserire elementi flamencos nelle loro opere. All\u2019improvviso comparvero numeri di danza in stile tango, personaggi spavaldi e un atteggiamento \u201caflamencado\u201d. Capolavori come <strong><em data-start=\"1703\" data-end=\"1728\">La verbena de la Paloma<\/em><\/strong> o <strong><em data-start=\"1731\" data-end=\"1745\">La Revoltosa<\/em><\/strong> sono il ritratto perfetto di quella Madrid popolare dove l\u2019eleganza ha un fondo jondo. In <em data-start=\"1836\" data-end=\"1869\">Agua, azucarillos y aguardiente<\/em> quell\u2019ambiente popolare \u00e8 esplicitamente rappresentato, mentre in titoli come <strong><em data-start=\"1948\" data-end=\"1974\">El hu\u00e9sped del sevillano<\/em><\/strong> il legame andaluso \u00e8 il motore stesso della trama. Era la formula del successo: portare la strada e la \u201cverit\u00e0\u201d del popolo sul grande palcoscenico.<\/p>\n<p data-start=\"1511\" data-end=\"2122\"><img loading=\"lazy\" decoding=\"async\" class=\"aligncenter wp-image-1212 size-large\" src=\"https:\/\/flamencomadrid.com\/wp-content\/uploads\/2025\/08\/la-verbena-de-la-paloma-por-flamencomadrid-1024x576.jpg\" alt=\"Representaci\u00f3n de la Verbena de la Paloma, Zarzuela en el Teatro \" width=\"900\" height=\"506\" \/><\/p>\n<h2 data-start=\"2124\" data-end=\"2179\">E il Contrario? <a href=\"https:\/\/flamencomadrid.com\/it\/opera-flamenca\/\">L\u2019Opera Flamenca<\/a> e il Gusto Teatrale<\/h2>\n<p data-start=\"2181\" data-end=\"2455\">Ma attenzione: il flamenco non rest\u00f2 a guardare. Il rapporto fu bidirezionale. Uscendo dall\u2019intimit\u00e0 delle riunioni per conquistare i teatri, cap\u00ec che aveva bisogno di qualcosa in pi\u00f9 della sola emozione e del duende. Serviva una messa in scena, un ordine, una drammaturgia.<\/p>\n<p data-start=\"2457\" data-end=\"3129\">Condividendo il cartellone con le compagnie di Zarzuela, gli artisti flamencos impararono a strutturare i propri spettacoli. Nacque cos\u00ec l\u2019<strong data-start=\"2596\" data-end=\"2614\">Opera Flamenca<\/strong>, un formato che, oltre al suo significato fiscale, rifletteva una realt\u00e0: i recital erano organizzati come un viaggio emotivo, con un inizio, uno sviluppo e una fine. Si curavano i costumi, l\u2019illuminazione e la sequenza dei palos. I testi dei canti come la <em data-start=\"2872\" data-end=\"2882\">Petenera<\/em> o la <em data-start=\"2888\" data-end=\"2899\">Malague\u00f1a<\/em> divennero micro-racconti drammatici. Il bailaor o la cantaora non solo interpretavano, ma recitavano. Il flamenco scopr\u00ec che, senza perdere la propria anima, poteva usare gli strumenti del teatro per essere ancora pi\u00f9 universale.<\/p>\n<h2 data-start=\"3131\" data-end=\"3178\">Una Lingua Comune: Versi, Quej\u00edos e Passione<\/h2>\n<p data-start=\"3180\" data-end=\"3424\">Alla fine, anche se l\u2019abito \u00e8 diverso, la pelle \u00e8 la stessa. Zarzuela e Flamenco sono due recipienti diversi che contengono la stessa materia prima: le passioni umane. Parlano di ci\u00f2 che ci muove tutti: l\u2019amore, il dolore, la gelosia, la gioia.<\/p>\n<p data-start=\"3426\" data-end=\"3890\">Non \u00e8 un caso che grandi poeti come i <strong data-start=\"3464\" data-end=\"3493\">fratelli \u00c1lvarez Quintero<\/strong> abbiano scritto libretti per zarzuele e, allo stesso tempo, testi per il flamenco. Una romanza di tenore in <strong><em data-start=\"3602\" data-end=\"3618\">Luisa Fernanda<\/em><\/strong> pu\u00f2 raccontare un amore straziante proprio come una <em data-start=\"3671\" data-end=\"3683\">seguirilla<\/em>. Il brivido che corre lungo la schiena ascoltando un coro di <strong><em data-start=\"3745\" data-end=\"3764\">Do\u00f1a Francisquita<\/em><\/strong> \u00e8 fratello del pizzicore che provoca un buon <em data-start=\"3810\" data-end=\"3827\">cante por sole\u00e1<\/em>. Sono due accenti della stessa lingua universale: la passione.<\/p>\n<h2 data-start=\"92\" data-end=\"151\"><strong data-start=\"100\" data-end=\"151\">Pennellate Flamenco in Zarzuele Indimenticabili<\/strong><\/h2>\n<p data-start=\"153\" data-end=\"338\">Per affinare l\u2019orecchio, ecco alcune delle <strong data-start=\"196\" data-end=\"219\">zarzuele pi\u00f9 famose<\/strong> in cui il legame con la cultura popolare e il flamenco \u00e8 pi\u00f9 evidente. Sono la prova perfetta di questo amore segreto:<\/p>\n<ol data-start=\"340\" data-end=\"1402\">\n<li data-start=\"340\" data-end=\"529\">\n<p data-start=\"343\" data-end=\"529\"><strong data-start=\"343\" data-end=\"376\">La Revoltosa (Ruperto Chap\u00ed):<\/strong> La musica non racconta solo una storia d\u2019amore e gelosia, ma cattura anche il suono e il ritmo di un cortile madrileno, con un\u2019energia quasi flamenca.<\/p>\n<\/li>\n<li data-start=\"530\" data-end=\"737\">\n<p data-start=\"533\" data-end=\"737\"><strong data-start=\"533\" data-end=\"579\">La tabernera del puerto (Pablo Soroz\u00e1bal):<\/strong> I suoi personaggi sono gente di mare, con passioni a fior di pelle. Le habaneras e i ritmi popolari hanno un sapore che arriva diretto al cuore del popolo.<\/p>\n<\/li>\n<li data-start=\"738\" data-end=\"943\">\n<p data-start=\"741\" data-end=\"943\"><strong data-start=\"741\" data-end=\"789\">El hu\u00e9sped del sevillano (Jacinto Guerrero):<\/strong> Il titolo dice tutto. \u00c8 un\u2019esaltazione dell\u2019andalusit\u00e0 dentro una struttura da zarzuela, con Toledo come scenario di un incrocio di culture e passioni.<\/p>\n<\/li>\n<li data-start=\"944\" data-end=\"1135\">\n<p data-start=\"947\" data-end=\"1135\"><strong data-start=\"947\" data-end=\"1001\">Gigantes y cabezudos (Manuel Fern\u00e1ndez Caballero):<\/strong> La protagonista \u00e8 la jota aragonese, ma l\u2019opera \u00e8 un inno all\u2019identit\u00e0 popolare e regionale, uno spirito condiviso con il flamenco.<\/p>\n<\/li>\n<li data-start=\"1136\" data-end=\"1402\">\n<p data-start=\"1139\" data-end=\"1402\"><strong data-start=\"1139\" data-end=\"1184\">La del manojo de rosas (Pablo Soroz\u00e1bal):<\/strong> Un <em data-start=\"1188\" data-end=\"1197\">sainete<\/em> madrileno moderno per l\u2019epoca, che mescola il pasodoble con ritmi alla moda come il foxtrot, dimostrando la capacit\u00e0 della zarzuela di assorbire i suoni della strada\u2014esattamente come ha fatto il flamenco.<\/p>\n<\/li>\n<\/ol>\n<p><img loading=\"lazy\" decoding=\"async\" class=\"aligncenter wp-image-1213 size-large\" src=\"https:\/\/flamencomadrid.com\/wp-content\/uploads\/2025\/08\/optimized_sheet_music_image-1024x683.jpg\" alt=\"Partitura original de zarzuela con anotaciones manuscritas.\" width=\"900\" height=\"600\" \/><\/p>\n<p data-start=\"1404\" data-end=\"1744\">Oggi, un secolo dopo quei corteggiamenti, ogni genere ha trovato il suo spazio a Madrid. La Zarzuela resta il grande spettacolo lirico della capitale, un gioiello culturale da vivere nei suoi magnifici teatri. Il Flamenco, dal canto suo, \u00e8 il battito intimo e viscerale della citt\u00e0, un\u2019arte che si rinnova ogni notte in luoghi pi\u00f9 raccolti.<\/p>\n<p data-start=\"1746\" data-end=\"2398\">Ma questa vecchia rivalit\u00e0 segreta\u2014questo guardarsi di sottecchi\u2014ha reso entrambi pi\u00f9 forti, pi\u00f9 ricchi. Per capire davvero l\u2019anima di questa citt\u00e0, con le sue <em data-start=\"1906\" data-end=\"1916\">verbenas<\/em> e le ombre dei cortili, bisogna assaporare entrambi. E se la Zarzuela ti aspetta su una poltrona rossa, l\u2019essenza grezza del flamenco\u2014quella che ispir\u00f2 tanti maestri e che a sua volta impar\u00f2 dal teatro\u2014arde ancora. Si nasconde in quei piccoli templi dove il silenzio \u00e8 sacro, rotto solo da una chitarra, un tacco sul legno e una voce che si spezza senza copione. \u00c8 l\u00ec che l\u2019arte nasce e muore ogni sera, dimostrando che l\u2019eco di questa strana e affascinante relazione vibra ancora.<\/p>\n<p><\/p>","protected":false},"excerpt":{"rendered":"Se ti fermi ad ascoltare, oltre il brusio dei tavolini e l\u2019organetto in lontananza, Madrid ha due colonne sonore che lottano per l\u2019anima della citt\u00e0. Da un lato, il suono grandioso, orchestrale e castizo della Zarzuela che esce dai teatri centenari di Calle Alcal\u00e1. Dall\u2019altro, il quej\u00edo crudo, intimo e profondo del Flamenco che si&#8230;","protected":false},"author":6,"featured_media":1211,"comment_status":"open","ping_status":"open","sticky":false,"template":"","format":"standard","meta":{"_acf_changed":false,"footnotes":""},"categories":[13],"tags":[],"class_list":["post-1207","post","type-post","status-publish","format-standard","has-post-thumbnail","hentry","category-curiosidades-flamencas"],"acf":[],"yoast_head":"<!-- This site is optimized with the Yoast SEO plugin v27.4 - https:\/\/yoast.com\/product\/yoast-seo-wordpress\/ -->\n<title>Zarzuela e Flamenco: La Rivalit\u00e0 Segreta delle Due Musiche di Madrid - Flamenco Madrid<\/title>\n<meta name=\"description\" content=\"Zarzuela e flamenco: due anime musicali di Madrid che si osservano, si sfidano e si ispirano da oltre un secolo. Una storia di passione condivisa.\" \/>\n<meta name=\"robots\" content=\"index, follow, max-snippet:-1, max-image-preview:large, max-video-preview:-1\" \/>\n<link rel=\"canonical\" href=\"\/\" \/>\n<meta property=\"og:locale\" content=\"it_IT\" \/>\n<meta property=\"og:type\" content=\"article\" \/>\n<meta property=\"og:title\" content=\"Zarzuela e Flamenco: La Rivalit\u00e0 Segreta delle Due Musiche di Madrid - Flamenco Madrid\" \/>\n<meta property=\"og:description\" content=\"Zarzuela e flamenco: due anime musicali di Madrid che si osservano, si sfidano e si ispirano da oltre un secolo. Una storia di passione condivisa.\" \/>\n<meta property=\"og:url\" content=\"https:\/\/flamencomadrid.com\/it\/zarzuela\/\" \/>\n<meta property=\"og:site_name\" content=\"Flamenco Madrid\" \/>\n<meta property=\"article:published_time\" content=\"2025-08-11T08:46:56+00:00\" \/>\n<meta property=\"og:image\" content=\"https:\/\/flamencomadrid.com\/wp-content\/uploads\/2025\/08\/zarzuela-y-flamenco.jpg\" \/>\n\t<meta property=\"og:image:width\" content=\"1920\" \/>\n\t<meta property=\"og:image:height\" content=\"1080\" \/>\n\t<meta property=\"og:image:type\" content=\"image\/jpeg\" \/>\n<meta name=\"author\" content=\"Miguel Blanco\" \/>\n<meta name=\"twitter:card\" content=\"summary_large_image\" \/>\n<meta name=\"twitter:label1\" content=\"Scritto da\" \/>\n\t<meta name=\"twitter:data1\" content=\"Miguel Blanco\" \/>\n\t<meta name=\"twitter:label2\" content=\"Tempo di lettura stimato\" \/>\n\t<meta name=\"twitter:data2\" content=\"6 minuti\" \/>\n<script type=\"application\/ld+json\" class=\"yoast-schema-graph\">{\"@context\":\"https:\\\/\\\/schema.org\",\"@graph\":[{\"@type\":\"Article\",\"@id\":\"https:\\\/\\\/flamencomadrid.com\\\/es\\\/zarzuela\\\/#article\",\"isPartOf\":{\"@id\":\"https:\\\/\\\/flamencomadrid.com\\\/es\\\/zarzuela\\\/\"},\"author\":{\"name\":\"Miguel Blanco\",\"@id\":\"https:\\\/\\\/flamencomadrid.com\\\/es\\\/#\\\/schema\\\/person\\\/e60bef1612b66bdb46e0d88400bfab7e\"},\"headline\":\"Zarzuela e Flamenco: La Rivalit\u00e0 Segreta delle Due Musiche di Madrid\",\"datePublished\":\"2025-08-11T08:46:56+00:00\",\"mainEntityOfPage\":{\"@id\":\"https:\\\/\\\/flamencomadrid.com\\\/es\\\/zarzuela\\\/\"},\"wordCount\":4243,\"commentCount\":0,\"image\":{\"@id\":\"https:\\\/\\\/flamencomadrid.com\\\/es\\\/zarzuela\\\/#primaryimage\"},\"thumbnailUrl\":\"https:\\\/\\\/flamencomadrid.com\\\/wp-content\\\/uploads\\\/2025\\\/08\\\/zarzuela-y-flamenco.jpg\",\"articleSection\":[\"Curiosidades Flamencas\"],\"inLanguage\":\"it-IT\",\"potentialAction\":[{\"@type\":\"CommentAction\",\"name\":\"Comment\",\"target\":[\"https:\\\/\\\/flamencomadrid.com\\\/es\\\/zarzuela\\\/#respond\"]}]},{\"@type\":\"WebPage\",\"@id\":\"https:\\\/\\\/flamencomadrid.com\\\/it\\\/zarzuela\\\/\",\"url\":\"https:\\\/\\\/flamencomadrid.com\\\/it\\\/zarzuela\\\/\",\"name\":\"Zarzuela e Flamenco: La Rivalit\u00e0 Segreta delle Due Musiche di Madrid - Flamenco Madrid\",\"isPartOf\":{\"@id\":\"https:\\\/\\\/flamencomadrid.com\\\/it\\\/#website\"},\"primaryImageOfPage\":{\"@id\":\"https:\\\/\\\/flamencomadrid.com\\\/it\\\/zarzuela\\\/#primaryimage\"},\"image\":{\"@id\":\"https:\\\/\\\/flamencomadrid.com\\\/es\\\/zarzuela\\\/#primaryimage\"},\"thumbnailUrl\":\"https:\\\/\\\/flamencomadrid.com\\\/wp-content\\\/uploads\\\/2025\\\/08\\\/zarzuela-y-flamenco.jpg\",\"datePublished\":\"2025-08-11T08:46:56+00:00\",\"author\":{\"@id\":\"https:\\\/\\\/flamencomadrid.com\\\/es\\\/#\\\/schema\\\/person\\\/e60bef1612b66bdb46e0d88400bfab7e\"},\"description\":\"Zarzuela e flamenco: due anime musicali di Madrid che si osservano, si sfidano e si ispirano da oltre un secolo. Una storia di passione condivisa.\",\"breadcrumb\":{\"@id\":\"https:\\\/\\\/flamencomadrid.com\\\/it\\\/zarzuela\\\/#breadcrumb\"},\"inLanguage\":\"it-IT\",\"potentialAction\":[{\"@type\":\"ReadAction\",\"target\":[[\"https:\\\/\\\/flamencomadrid.com\\\/it\\\/zarzuela\\\/\"]]}]},{\"@type\":\"ImageObject\",\"inLanguage\":\"it-IT\",\"@id\":\"https:\\\/\\\/flamencomadrid.com\\\/it\\\/zarzuela\\\/#primaryimage\",\"url\":\"https:\\\/\\\/flamencomadrid.com\\\/wp-content\\\/uploads\\\/2025\\\/08\\\/zarzuela-y-flamenco.jpg\",\"contentUrl\":\"https:\\\/\\\/flamencomadrid.com\\\/wp-content\\\/uploads\\\/2025\\\/08\\\/zarzuela-y-flamenco.jpg\",\"width\":1920,\"height\":1080,\"caption\":\"Representaci\u00f3n de la Zarzuela Goyesca, hombre vestido en celebraci\u00f3n en la Plaza de la Paja\"},{\"@type\":\"BreadcrumbList\",\"@id\":\"https:\\\/\\\/flamencomadrid.com\\\/it\\\/zarzuela\\\/#breadcrumb\",\"itemListElement\":[{\"@type\":\"ListItem\",\"position\":1,\"name\":\"Home\",\"item\":\"https:\\\/\\\/flamencomadrid.com\\\/it\\\/\"},{\"@type\":\"ListItem\",\"position\":2,\"name\":\"Zarzuela y Flamenco: La Rivalidad Secreta de las Dos M\u00fasicas de Madrid\"}]},{\"@type\":\"WebSite\",\"@id\":\"https:\\\/\\\/flamencomadrid.com\\\/it\\\/#website\",\"url\":\"https:\\\/\\\/flamencomadrid.com\\\/it\\\/\",\"name\":\"Flamenco Madrid\",\"description\":\"Otro sitio realizado con WordPress\",\"potentialAction\":[{\"@type\":\"SearchAction\",\"target\":{\"@type\":\"EntryPoint\",\"urlTemplate\":\"https:\\\/\\\/flamencomadrid.com\\\/it\\\/?s={search_term_string}\"},\"query-input\":{\"@type\":\"PropertyValueSpecification\",\"valueRequired\":true,\"valueName\":\"search_term_string\"}}],\"inLanguage\":\"it-IT\"},{\"@type\":\"Person\",\"@id\":\"https:\\\/\\\/flamencomadrid.com\\\/es\\\/#\\\/schema\\\/person\\\/e60bef1612b66bdb46e0d88400bfab7e\",\"name\":\"Miguel Blanco\",\"image\":{\"@type\":\"ImageObject\",\"inLanguage\":\"it-IT\",\"@id\":\"https:\\\/\\\/secure.gravatar.com\\\/avatar\\\/359874fd676a9bfbf3a5d62f8bb888a22a657034662dd62c3669b5e7274a1365?s=96&d=mm&r=g\",\"url\":\"https:\\\/\\\/secure.gravatar.com\\\/avatar\\\/359874fd676a9bfbf3a5d62f8bb888a22a657034662dd62c3669b5e7274a1365?s=96&d=mm&r=g\",\"contentUrl\":\"https:\\\/\\\/secure.gravatar.com\\\/avatar\\\/359874fd676a9bfbf3a5d62f8bb888a22a657034662dd62c3669b5e7274a1365?s=96&d=mm&r=g\",\"caption\":\"Miguel Blanco\"}}]}<\/script>\n<!-- \/ Yoast SEO plugin. -->","yoast_head_json":{"title":"Zarzuela e Flamenco: La Rivalit\u00e0 Segreta delle Due Musiche di Madrid - Flamenco Madrid","description":"Zarzuela e flamenco: due anime musicali di Madrid che si osservano, si sfidano e si ispirano da oltre un secolo. Una storia di passione condivisa.","robots":{"index":"index","follow":"follow","max-snippet":"max-snippet:-1","max-image-preview":"max-image-preview:large","max-video-preview":"max-video-preview:-1"},"canonical":"\/","og_locale":"it_IT","og_type":"article","og_title":"Zarzuela e Flamenco: La Rivalit\u00e0 Segreta delle Due Musiche di Madrid - Flamenco Madrid","og_description":"Zarzuela e flamenco: due anime musicali di Madrid che si osservano, si sfidano e si ispirano da oltre un secolo. Una storia di passione condivisa.","og_url":"https:\/\/flamencomadrid.com\/it\/zarzuela\/","og_site_name":"Flamenco Madrid","article_published_time":"2025-08-11T08:46:56+00:00","og_image":[{"width":1920,"height":1080,"url":"https:\/\/flamencomadrid.com\/wp-content\/uploads\/2025\/08\/zarzuela-y-flamenco.jpg","type":"image\/jpeg"}],"author":"Miguel Blanco","twitter_card":"summary_large_image","twitter_misc":{"Scritto da":"Miguel Blanco","Tempo di lettura stimato":"6 minuti"},"schema":{"@context":"https:\/\/schema.org","@graph":[{"@type":"Article","@id":"https:\/\/flamencomadrid.com\/es\/zarzuela\/#article","isPartOf":{"@id":"https:\/\/flamencomadrid.com\/es\/zarzuela\/"},"author":{"name":"Miguel Blanco","@id":"https:\/\/flamencomadrid.com\/es\/#\/schema\/person\/e60bef1612b66bdb46e0d88400bfab7e"},"headline":"Zarzuela e Flamenco: La Rivalit\u00e0 Segreta delle Due Musiche di Madrid","datePublished":"2025-08-11T08:46:56+00:00","mainEntityOfPage":{"@id":"https:\/\/flamencomadrid.com\/es\/zarzuela\/"},"wordCount":4243,"commentCount":0,"image":{"@id":"https:\/\/flamencomadrid.com\/es\/zarzuela\/#primaryimage"},"thumbnailUrl":"https:\/\/flamencomadrid.com\/wp-content\/uploads\/2025\/08\/zarzuela-y-flamenco.jpg","articleSection":["Curiosidades Flamencas"],"inLanguage":"it-IT","potentialAction":[{"@type":"CommentAction","name":"Comment","target":["https:\/\/flamencomadrid.com\/es\/zarzuela\/#respond"]}]},{"@type":"WebPage","@id":"https:\/\/flamencomadrid.com\/it\/zarzuela\/","url":"https:\/\/flamencomadrid.com\/it\/zarzuela\/","name":"Zarzuela e Flamenco: La Rivalit\u00e0 Segreta delle Due Musiche di Madrid - Flamenco Madrid","isPartOf":{"@id":"https:\/\/flamencomadrid.com\/it\/#website"},"primaryImageOfPage":{"@id":"https:\/\/flamencomadrid.com\/it\/zarzuela\/#primaryimage"},"image":{"@id":"https:\/\/flamencomadrid.com\/es\/zarzuela\/#primaryimage"},"thumbnailUrl":"https:\/\/flamencomadrid.com\/wp-content\/uploads\/2025\/08\/zarzuela-y-flamenco.jpg","datePublished":"2025-08-11T08:46:56+00:00","author":{"@id":"https:\/\/flamencomadrid.com\/es\/#\/schema\/person\/e60bef1612b66bdb46e0d88400bfab7e"},"description":"Zarzuela e flamenco: due anime musicali di Madrid che si osservano, si sfidano e si ispirano da oltre un secolo. Una storia di passione condivisa.","breadcrumb":{"@id":"https:\/\/flamencomadrid.com\/it\/zarzuela\/#breadcrumb"},"inLanguage":"it-IT","potentialAction":[{"@type":"ReadAction","target":[["https:\/\/flamencomadrid.com\/it\/zarzuela\/"]]}]},{"@type":"ImageObject","inLanguage":"it-IT","@id":"https:\/\/flamencomadrid.com\/it\/zarzuela\/#primaryimage","url":"https:\/\/flamencomadrid.com\/wp-content\/uploads\/2025\/08\/zarzuela-y-flamenco.jpg","contentUrl":"https:\/\/flamencomadrid.com\/wp-content\/uploads\/2025\/08\/zarzuela-y-flamenco.jpg","width":1920,"height":1080,"caption":"Representaci\u00f3n de la Zarzuela Goyesca, hombre vestido en celebraci\u00f3n en la Plaza de la Paja"},{"@type":"BreadcrumbList","@id":"https:\/\/flamencomadrid.com\/it\/zarzuela\/#breadcrumb","itemListElement":[{"@type":"ListItem","position":1,"name":"Home","item":"https:\/\/flamencomadrid.com\/it\/"},{"@type":"ListItem","position":2,"name":"Zarzuela y Flamenco: La Rivalidad Secreta de las Dos M\u00fasicas de Madrid"}]},{"@type":"WebSite","@id":"https:\/\/flamencomadrid.com\/it\/#website","url":"https:\/\/flamencomadrid.com\/it\/","name":"Flamenco Madrid","description":"Otro sitio realizado con WordPress","potentialAction":[{"@type":"SearchAction","target":{"@type":"EntryPoint","urlTemplate":"https:\/\/flamencomadrid.com\/it\/?s={search_term_string}"},"query-input":{"@type":"PropertyValueSpecification","valueRequired":true,"valueName":"search_term_string"}}],"inLanguage":"it-IT"},{"@type":"Person","@id":"https:\/\/flamencomadrid.com\/es\/#\/schema\/person\/e60bef1612b66bdb46e0d88400bfab7e","name":"Miguel Blanco","image":{"@type":"ImageObject","inLanguage":"it-IT","@id":"https:\/\/secure.gravatar.com\/avatar\/359874fd676a9bfbf3a5d62f8bb888a22a657034662dd62c3669b5e7274a1365?s=96&d=mm&r=g","url":"https:\/\/secure.gravatar.com\/avatar\/359874fd676a9bfbf3a5d62f8bb888a22a657034662dd62c3669b5e7274a1365?s=96&d=mm&r=g","contentUrl":"https:\/\/secure.gravatar.com\/avatar\/359874fd676a9bfbf3a5d62f8bb888a22a657034662dd62c3669b5e7274a1365?s=96&d=mm&r=g","caption":"Miguel Blanco"}}]}},"_links":{"self":[{"href":"https:\/\/flamencomadrid.com\/it\/wp-json\/wp\/v2\/posts\/1207","targetHints":{"allow":["GET"]}}],"collection":[{"href":"https:\/\/flamencomadrid.com\/it\/wp-json\/wp\/v2\/posts"}],"about":[{"href":"https:\/\/flamencomadrid.com\/it\/wp-json\/wp\/v2\/types\/post"}],"author":[{"embeddable":true,"href":"https:\/\/flamencomadrid.com\/it\/wp-json\/wp\/v2\/users\/6"}],"replies":[{"embeddable":true,"href":"https:\/\/flamencomadrid.com\/it\/wp-json\/wp\/v2\/comments?post=1207"}],"version-history":[{"count":7,"href":"https:\/\/flamencomadrid.com\/it\/wp-json\/wp\/v2\/posts\/1207\/revisions"}],"predecessor-version":[{"id":1249,"href":"https:\/\/flamencomadrid.com\/it\/wp-json\/wp\/v2\/posts\/1207\/revisions\/1249"}],"wp:featuredmedia":[{"embeddable":true,"href":"https:\/\/flamencomadrid.com\/it\/wp-json\/wp\/v2\/media\/1211"}],"wp:attachment":[{"href":"https:\/\/flamencomadrid.com\/it\/wp-json\/wp\/v2\/media?parent=1207"}],"wp:term":[{"taxonomy":"category","embeddable":true,"href":"https:\/\/flamencomadrid.com\/it\/wp-json\/wp\/v2\/categories?post=1207"},{"taxonomy":"post_tag","embeddable":true,"href":"https:\/\/flamencomadrid.com\/it\/wp-json\/wp\/v2\/tags?post=1207"}],"curies":[{"name":"wp","href":"https:\/\/api.w.org\/{rel}","templated":true}]}}