{"id":1195,"date":"2025-08-04T17:35:26","date_gmt":"2025-08-04T15:35:26","guid":{"rendered":"https:\/\/flamencomadrid.com\/es\/?p=1195"},"modified":"2025-07-15T09:33:48","modified_gmt":"2025-07-15T07:33:48","slug":"el-sonido-cani-el-alma-desnuda-del-flamenco-madrileno","status":"publish","type":"post","link":"https:\/\/flamencomadrid.com\/it\/suono-cani\/","title":{"rendered":"Il Suono Ca\u00f1\u00ed"},"content":{"rendered":"<p><\/p>\n<p data-start=\"6877\" data-end=\"7162\">Ci sono parole nel flamenco che sembrano pi\u00f9 uno scossone che una definizione. Non si trovano nei dizionari \u2014 si sentono nel petto. Parliamo di <em data-start=\"7021\" data-end=\"7029\">duende<\/em>, di <em data-start=\"7034\" data-end=\"7044\">pellizco<\/em>&#8230; e a Madrid, soprattutto, si parla di <em data-start=\"7085\" data-end=\"7091\">ca\u00f1\u00ed<\/em>. Ma attenzione: questa parola \u00e8 molto pi\u00f9 che un sinonimo di \u201cgitano\u201d.<\/p>\n<p data-start=\"7164\" data-end=\"7372\">Non \u00e8 solo una parola, \u00e8 un intero mondo. \u00c8 un modo di vivere il flamenco che nasce da dentro, senza filtri, a volte spezzato, ma sempre vero. Oggi entriamo nel suono che pulsa sotto l\u2019asfalto della capitale.<\/p>\n<h2 data-start=\"7374\" data-end=\"7427\">L\u2019Estetica dell\u2019Autenticit\u00e0: Cos\u2019\u00e8 il Suono Ca\u00f1\u00ed?<\/h2>\n<p data-start=\"7429\" data-end=\"7674\">Dimentica la tecnica perfetta per un momento. Il suono ca\u00f1\u00ed \u00e8 un\u2019altra cosa: \u00e8 verit\u00e0 emozionale. Se il flamenco accademico \u00e8 un quadro ben definito, il ca\u00f1\u00ed \u00e8 la pennellata istintiva \u2014 quella che sporca, ma comunica. \u00c8 arte nuda, senza orpelli.<\/p>\n<p data-start=\"7676\" data-end=\"7966\">Lo senti nella voce <em data-start=\"7696\" data-end=\"7704\">afill\u00e1<\/em>, quella voce graffiata che sembra spezzarsi a ogni lamento. Lo percepisci nel ritmo della chitarra, il <em data-start=\"7808\" data-end=\"7819\">soniquete<\/em>, che ti costringe a muoverti, e nel colpo di <em data-start=\"7865\" data-end=\"7874\">alzap\u00faa<\/em>, che suona come festa e battaglia insieme. In poche parole: \u00e8 musica fatta di verit\u00e0 cruda.<\/p>\n<p data-start=\"7676\" data-end=\"7966\"><img loading=\"lazy\" decoding=\"async\" class=\"aligncenter wp-image-1199 size-large\" src=\"https:\/\/flamencomadrid.com\/wp-content\/uploads\/2025\/08\/flamencomadrid_guitarra_optimizada-1024x683.jpg\" alt=\"Manos marcadas tocando una guitarra flamenca gastada, reflejo de la est\u00e9tica cruda del sonido ca\u00f1\u00ed.\" width=\"900\" height=\"600\" \/><\/p>\n<h3 data-start=\"7968\" data-end=\"8028\">La Culla del Toque: Dove \u00e8 Nato uno Stile Inconfondibile<\/h3>\n<p data-start=\"8030\" data-end=\"8266\">Questo suono non \u00e8 nato in un teatro. \u00c8 nato per strada. Precisamente, nella periferia di Madrid, in quei quartieri umili che negli anni \u201850 e \u201860 divennero un laboratorio del flamenco. Le condizioni erano dure, ma il talento abbondava.<\/p>\n<p data-start=\"8268\" data-end=\"8687\">Fu l\u00ec che famiglie intere come gli <strong data-start=\"8303\" data-end=\"8317\">Habichuela<\/strong> trovarono la loro voce. Anche se venivano da Granada, fu a Madrid che la loro chitarra si impregn\u00f2 dello spirito della capitale. Maestri come il grande <strong data-start=\"8470\" data-end=\"8489\">Pepe Habichuela<\/strong>, insieme a giganti come <strong data-start=\"8514\" data-end=\"8525\">El Nani<\/strong> o <strong data-start=\"8528\" data-end=\"8541\">El Viej\u00edn<\/strong>, diedero forma a uno stile riconoscibile all\u2019istante. Non \u00e8 solo leggenda: il celebre <em data-start=\"8628\" data-end=\"8648\">suono di Ca\u00f1o Roto<\/em> \u00e8 un\u2019autentica denominazione musicale.<\/p>\n<h3 data-start=\"8689\" data-end=\"8751\">Dai Tablao alle Classifiche: L\u2019Evoluzione di un Sentimento<\/h3>\n<p data-start=\"8753\" data-end=\"8989\">Un suono cos\u00ec potente non poteva restare confinato in un solo quartiere. Negli anni \u201870 e \u201880, esplose nelle radio di tutta la Spagna. La rumba, nella sua versione pi\u00f9 elettrica e di strada, divenne la colonna sonora di una generazione.<\/p>\n<p data-start=\"8991\" data-end=\"9305\">Gruppi come <strong data-start=\"9003\" data-end=\"9018\">Los Chichos<\/strong> o <strong data-start=\"9021\" data-end=\"9039\">Los Chunguitos<\/strong> misero in musica la vita delle strade con autenticit\u00e0 disarmante. Ma forse furono <strong data-start=\"9122\" data-end=\"9136\">Las Grecas<\/strong> a centrare il bersaglio: mescolarono la rabbia ca\u00f1\u00ed con chitarre rock e crearono inni come <em data-start=\"9228\" data-end=\"9257\">&#8220;Te estoy amando locamente&#8221;<\/em>. Era flamenco puro \u2014 e tutta la Spagna lo cap\u00ec.<\/p>\n<p data-start=\"8991\" data-end=\"9305\"><img loading=\"lazy\" decoding=\"async\" class=\"aligncenter wp-image-1205 size-large\" src=\"https:\/\/flamencomadrid.com\/wp-content\/uploads\/2025\/08\/radio_rumba_cani_optimizada-1024x683.jpg\" alt=\"Radio antigua sobre una mesa de cocina junto a un cassette titulado &quot;Rumba Ca\u00f1\u00ed&quot;, evocando la banda sonora callejera del flamenco en los a\u00f1os 70.\" width=\"900\" height=\"600\" \/><\/p>\n<h2 data-start=\"9307\" data-end=\"9352\">L\u2019Eco del Suono Ca\u00f1\u00ed nella Madrid di Oggi<\/h2>\n<p data-start=\"9354\" data-end=\"9542\">Alla fine, questa \u00e8 la lezione del suono ca\u00f1\u00ed: l\u2019arte pi\u00f9 profonda nasce dalla verit\u00e0, non dalla perfezione. E quella radice, piantata decenni fa nei quartieri di Madrid, d\u00e0 ancora frutti.<\/p>\n<p data-start=\"952\" data-end=\"1167\">Quella stessa ricerca dell\u2019emozione senza filtri \u00e8 ci\u00f2 che definisce l\u2019esperienza nei migliori tablao. La trovi nella forza di un bailaor in uno spazio d\u2019avanguardia come quelli <a href=\"https:\/\/flamencomadrid.com\/it\/i-6-migliori-spettacoli-di-flamenco-a-madrid\/\"><strong>che ti consigliamo su FlamencoMadrid.<\/strong><\/a><\/p>\n<p data-start=\"1169\" data-end=\"1316\">Perch\u00e9 il flamenco, alla fine, torna sempre l\u00ec: a quel <em data-start=\"1224\" data-end=\"1234\">pellizco<\/em>, a quella verit\u00e0 viscerale che ci ricorda che quest\u2019arte non si esegue \u2014 si vive.<\/p>\n<p><\/p>","protected":false},"excerpt":{"rendered":"Ci sono parole nel flamenco che sembrano pi\u00f9 uno scossone che una definizione. Non si trovano nei dizionari \u2014 si sentono nel petto. Parliamo di duende, di pellizco&#8230; e a Madrid, soprattutto, si parla di ca\u00f1\u00ed. Ma attenzione: questa parola \u00e8 molto pi\u00f9 che un sinonimo di \u201cgitano\u201d. Non \u00e8 solo una parola, \u00e8 un&#8230;","protected":false},"author":6,"featured_media":1196,"comment_status":"open","ping_status":"open","sticky":false,"template":"","format":"standard","meta":{"_acf_changed":false,"footnotes":""},"categories":[13],"tags":[],"class_list":["post-1195","post","type-post","status-publish","format-standard","has-post-thumbnail","hentry","category-curiosidades-flamencas"],"acf":[],"yoast_head":"<!-- This site is optimized with the Yoast SEO plugin v27.4 - https:\/\/yoast.com\/product\/yoast-seo-wordpress\/ -->\n<title>Il Suono Ca\u00f1\u00ed - Flamenco Madrid<\/title>\n<meta name=\"description\" content=\"Scopri l\u2019anima pi\u00f9 viscerale del flamenco con il suono ca\u00f1\u00ed \u2014 da Ca\u00f1o Roto ai tablao di Madrid, una storia di duende ed emozione vera.\" \/>\n<meta name=\"robots\" content=\"index, follow, max-snippet:-1, max-image-preview:large, max-video-preview:-1\" \/>\n<link rel=\"canonical\" href=\"\/\" \/>\n<meta property=\"og:locale\" content=\"it_IT\" \/>\n<meta property=\"og:type\" content=\"article\" \/>\n<meta property=\"og:title\" content=\"Il Suono Ca\u00f1\u00ed - Flamenco Madrid\" \/>\n<meta property=\"og:description\" content=\"Scopri l\u2019anima pi\u00f9 viscerale del flamenco con il suono ca\u00f1\u00ed \u2014 da Ca\u00f1o Roto ai tablao di Madrid, una storia di duende ed emozione vera.\" \/>\n<meta property=\"og:url\" content=\"https:\/\/flamencomadrid.com\/it\/sonido-cani\/\" \/>\n<meta property=\"og:site_name\" content=\"Flamenco Madrid\" \/>\n<meta property=\"article:published_time\" content=\"2025-08-04T15:35:26+00:00\" \/>\n<meta property=\"og:image\" content=\"https:\/\/flamencomadrid.com\/wp-content\/uploads\/2025\/07\/el_sonido_cani_optimizada.jpg\" \/>\n\t<meta property=\"og:image:width\" content=\"1536\" \/>\n\t<meta property=\"og:image:height\" content=\"1024\" \/>\n\t<meta property=\"og:image:type\" content=\"image\/jpeg\" \/>\n<meta name=\"author\" content=\"Miguel Blanco\" \/>\n<meta name=\"twitter:card\" content=\"summary_large_image\" \/>\n<meta name=\"twitter:label1\" content=\"Scritto da\" \/>\n\t<meta name=\"twitter:data1\" content=\"Miguel Blanco\" \/>\n\t<meta name=\"twitter:label2\" content=\"Tempo di lettura stimato\" \/>\n\t<meta name=\"twitter:data2\" content=\"4 minuti\" \/>\n<script type=\"application\/ld+json\" class=\"yoast-schema-graph\">{\"@context\":\"https:\\\/\\\/schema.org\",\"@graph\":[{\"@type\":\"Article\",\"@id\":\"https:\\\/\\\/flamencomadrid.com\\\/es\\\/sonido-cani\\\/#article\",\"isPartOf\":{\"@id\":\"https:\\\/\\\/flamencomadrid.com\\\/es\\\/sonido-cani\\\/\"},\"author\":{\"name\":\"Miguel Blanco\",\"@id\":\"https:\\\/\\\/flamencomadrid.com\\\/es\\\/#\\\/schema\\\/person\\\/e60bef1612b66bdb46e0d88400bfab7e\"},\"headline\":\"Il Suono Ca\u00f1\u00ed\",\"datePublished\":\"2025-08-04T15:35:26+00:00\",\"mainEntityOfPage\":{\"@id\":\"https:\\\/\\\/flamencomadrid.com\\\/es\\\/sonido-cani\\\/\"},\"wordCount\":2274,\"commentCount\":0,\"image\":{\"@id\":\"https:\\\/\\\/flamencomadrid.com\\\/es\\\/sonido-cani\\\/#primaryimage\"},\"thumbnailUrl\":\"https:\\\/\\\/flamencomadrid.com\\\/wp-content\\\/uploads\\\/2025\\\/07\\\/el_sonido_cani_optimizada.jpg\",\"articleSection\":[\"Curiosidades Flamencas\"],\"inLanguage\":\"it-IT\",\"potentialAction\":[{\"@type\":\"CommentAction\",\"name\":\"Comment\",\"target\":[\"https:\\\/\\\/flamencomadrid.com\\\/es\\\/sonido-cani\\\/#respond\"]}]},{\"@type\":\"WebPage\",\"@id\":\"https:\\\/\\\/flamencomadrid.com\\\/it\\\/sonido-cani\\\/\",\"url\":\"https:\\\/\\\/flamencomadrid.com\\\/it\\\/sonido-cani\\\/\",\"name\":\"Il Suono Ca\u00f1\u00ed - Flamenco Madrid\",\"isPartOf\":{\"@id\":\"https:\\\/\\\/flamencomadrid.com\\\/it\\\/#website\"},\"primaryImageOfPage\":{\"@id\":\"https:\\\/\\\/flamencomadrid.com\\\/it\\\/sonido-cani\\\/#primaryimage\"},\"image\":{\"@id\":\"https:\\\/\\\/flamencomadrid.com\\\/es\\\/sonido-cani\\\/#primaryimage\"},\"thumbnailUrl\":\"https:\\\/\\\/flamencomadrid.com\\\/wp-content\\\/uploads\\\/2025\\\/07\\\/el_sonido_cani_optimizada.jpg\",\"datePublished\":\"2025-08-04T15:35:26+00:00\",\"author\":{\"@id\":\"https:\\\/\\\/flamencomadrid.com\\\/es\\\/#\\\/schema\\\/person\\\/e60bef1612b66bdb46e0d88400bfab7e\"},\"description\":\"Scopri l\u2019anima pi\u00f9 viscerale del flamenco con il suono ca\u00f1\u00ed \u2014 da Ca\u00f1o Roto ai tablao di Madrid, una storia di duende ed emozione vera.\",\"breadcrumb\":{\"@id\":\"https:\\\/\\\/flamencomadrid.com\\\/it\\\/sonido-cani\\\/#breadcrumb\"},\"inLanguage\":\"it-IT\",\"potentialAction\":[{\"@type\":\"ReadAction\",\"target\":[[\"https:\\\/\\\/flamencomadrid.com\\\/it\\\/sonido-cani\\\/\"]]}]},{\"@type\":\"ImageObject\",\"inLanguage\":\"it-IT\",\"@id\":\"https:\\\/\\\/flamencomadrid.com\\\/it\\\/sonido-cani\\\/#primaryimage\",\"url\":\"https:\\\/\\\/flamencomadrid.com\\\/wp-content\\\/uploads\\\/2025\\\/07\\\/el_sonido_cani_optimizada.jpg\",\"contentUrl\":\"https:\\\/\\\/flamencomadrid.com\\\/wp-content\\\/uploads\\\/2025\\\/07\\\/el_sonido_cani_optimizada.jpg\",\"width\":1536,\"height\":1024,\"caption\":\"Imagen de un Flamenco tocando y cantando en la calle de Ca\u00f1o Roto, estandarte del Sonido Ca\u00f1\u00ed\"},{\"@type\":\"BreadcrumbList\",\"@id\":\"https:\\\/\\\/flamencomadrid.com\\\/it\\\/sonido-cani\\\/#breadcrumb\",\"itemListElement\":[{\"@type\":\"ListItem\",\"position\":1,\"name\":\"Home\",\"item\":\"https:\\\/\\\/flamencomadrid.com\\\/it\\\/\"},{\"@type\":\"ListItem\",\"position\":2,\"name\":\"El &#8216;Sonido Ca\u00f1\u00ed&#8217;\"}]},{\"@type\":\"WebSite\",\"@id\":\"https:\\\/\\\/flamencomadrid.com\\\/it\\\/#website\",\"url\":\"https:\\\/\\\/flamencomadrid.com\\\/it\\\/\",\"name\":\"Flamenco Madrid\",\"description\":\"Otro sitio realizado con WordPress\",\"potentialAction\":[{\"@type\":\"SearchAction\",\"target\":{\"@type\":\"EntryPoint\",\"urlTemplate\":\"https:\\\/\\\/flamencomadrid.com\\\/it\\\/?s={search_term_string}\"},\"query-input\":{\"@type\":\"PropertyValueSpecification\",\"valueRequired\":true,\"valueName\":\"search_term_string\"}}],\"inLanguage\":\"it-IT\"},{\"@type\":\"Person\",\"@id\":\"https:\\\/\\\/flamencomadrid.com\\\/es\\\/#\\\/schema\\\/person\\\/e60bef1612b66bdb46e0d88400bfab7e\",\"name\":\"Miguel Blanco\",\"image\":{\"@type\":\"ImageObject\",\"inLanguage\":\"it-IT\",\"@id\":\"https:\\\/\\\/secure.gravatar.com\\\/avatar\\\/359874fd676a9bfbf3a5d62f8bb888a22a657034662dd62c3669b5e7274a1365?s=96&d=mm&r=g\",\"url\":\"https:\\\/\\\/secure.gravatar.com\\\/avatar\\\/359874fd676a9bfbf3a5d62f8bb888a22a657034662dd62c3669b5e7274a1365?s=96&d=mm&r=g\",\"contentUrl\":\"https:\\\/\\\/secure.gravatar.com\\\/avatar\\\/359874fd676a9bfbf3a5d62f8bb888a22a657034662dd62c3669b5e7274a1365?s=96&d=mm&r=g\",\"caption\":\"Miguel Blanco\"}}]}<\/script>\n<!-- \/ Yoast SEO plugin. -->","yoast_head_json":{"title":"Il Suono Ca\u00f1\u00ed - Flamenco Madrid","description":"Scopri l\u2019anima pi\u00f9 viscerale del flamenco con il suono ca\u00f1\u00ed \u2014 da Ca\u00f1o Roto ai tablao di Madrid, una storia di duende ed emozione vera.","robots":{"index":"index","follow":"follow","max-snippet":"max-snippet:-1","max-image-preview":"max-image-preview:large","max-video-preview":"max-video-preview:-1"},"canonical":"\/","og_locale":"it_IT","og_type":"article","og_title":"Il Suono Ca\u00f1\u00ed - Flamenco Madrid","og_description":"Scopri l\u2019anima pi\u00f9 viscerale del flamenco con il suono ca\u00f1\u00ed \u2014 da Ca\u00f1o Roto ai tablao di Madrid, una storia di duende ed emozione vera.","og_url":"https:\/\/flamencomadrid.com\/it\/sonido-cani\/","og_site_name":"Flamenco Madrid","article_published_time":"2025-08-04T15:35:26+00:00","og_image":[{"width":1536,"height":1024,"url":"https:\/\/flamencomadrid.com\/wp-content\/uploads\/2025\/07\/el_sonido_cani_optimizada.jpg","type":"image\/jpeg"}],"author":"Miguel Blanco","twitter_card":"summary_large_image","twitter_misc":{"Scritto da":"Miguel Blanco","Tempo di lettura stimato":"4 minuti"},"schema":{"@context":"https:\/\/schema.org","@graph":[{"@type":"Article","@id":"https:\/\/flamencomadrid.com\/es\/sonido-cani\/#article","isPartOf":{"@id":"https:\/\/flamencomadrid.com\/es\/sonido-cani\/"},"author":{"name":"Miguel Blanco","@id":"https:\/\/flamencomadrid.com\/es\/#\/schema\/person\/e60bef1612b66bdb46e0d88400bfab7e"},"headline":"Il Suono Ca\u00f1\u00ed","datePublished":"2025-08-04T15:35:26+00:00","mainEntityOfPage":{"@id":"https:\/\/flamencomadrid.com\/es\/sonido-cani\/"},"wordCount":2274,"commentCount":0,"image":{"@id":"https:\/\/flamencomadrid.com\/es\/sonido-cani\/#primaryimage"},"thumbnailUrl":"https:\/\/flamencomadrid.com\/wp-content\/uploads\/2025\/07\/el_sonido_cani_optimizada.jpg","articleSection":["Curiosidades Flamencas"],"inLanguage":"it-IT","potentialAction":[{"@type":"CommentAction","name":"Comment","target":["https:\/\/flamencomadrid.com\/es\/sonido-cani\/#respond"]}]},{"@type":"WebPage","@id":"https:\/\/flamencomadrid.com\/it\/sonido-cani\/","url":"https:\/\/flamencomadrid.com\/it\/sonido-cani\/","name":"Il Suono Ca\u00f1\u00ed - Flamenco Madrid","isPartOf":{"@id":"https:\/\/flamencomadrid.com\/it\/#website"},"primaryImageOfPage":{"@id":"https:\/\/flamencomadrid.com\/it\/sonido-cani\/#primaryimage"},"image":{"@id":"https:\/\/flamencomadrid.com\/es\/sonido-cani\/#primaryimage"},"thumbnailUrl":"https:\/\/flamencomadrid.com\/wp-content\/uploads\/2025\/07\/el_sonido_cani_optimizada.jpg","datePublished":"2025-08-04T15:35:26+00:00","author":{"@id":"https:\/\/flamencomadrid.com\/es\/#\/schema\/person\/e60bef1612b66bdb46e0d88400bfab7e"},"description":"Scopri l\u2019anima pi\u00f9 viscerale del flamenco con il suono ca\u00f1\u00ed \u2014 da Ca\u00f1o Roto ai tablao di Madrid, una storia di duende ed emozione vera.","breadcrumb":{"@id":"https:\/\/flamencomadrid.com\/it\/sonido-cani\/#breadcrumb"},"inLanguage":"it-IT","potentialAction":[{"@type":"ReadAction","target":[["https:\/\/flamencomadrid.com\/it\/sonido-cani\/"]]}]},{"@type":"ImageObject","inLanguage":"it-IT","@id":"https:\/\/flamencomadrid.com\/it\/sonido-cani\/#primaryimage","url":"https:\/\/flamencomadrid.com\/wp-content\/uploads\/2025\/07\/el_sonido_cani_optimizada.jpg","contentUrl":"https:\/\/flamencomadrid.com\/wp-content\/uploads\/2025\/07\/el_sonido_cani_optimizada.jpg","width":1536,"height":1024,"caption":"Imagen de un Flamenco tocando y cantando en la calle de Ca\u00f1o Roto, estandarte del Sonido Ca\u00f1\u00ed"},{"@type":"BreadcrumbList","@id":"https:\/\/flamencomadrid.com\/it\/sonido-cani\/#breadcrumb","itemListElement":[{"@type":"ListItem","position":1,"name":"Home","item":"https:\/\/flamencomadrid.com\/it\/"},{"@type":"ListItem","position":2,"name":"El &#8216;Sonido Ca\u00f1\u00ed&#8217;"}]},{"@type":"WebSite","@id":"https:\/\/flamencomadrid.com\/it\/#website","url":"https:\/\/flamencomadrid.com\/it\/","name":"Flamenco Madrid","description":"Otro sitio realizado con WordPress","potentialAction":[{"@type":"SearchAction","target":{"@type":"EntryPoint","urlTemplate":"https:\/\/flamencomadrid.com\/it\/?s={search_term_string}"},"query-input":{"@type":"PropertyValueSpecification","valueRequired":true,"valueName":"search_term_string"}}],"inLanguage":"it-IT"},{"@type":"Person","@id":"https:\/\/flamencomadrid.com\/es\/#\/schema\/person\/e60bef1612b66bdb46e0d88400bfab7e","name":"Miguel Blanco","image":{"@type":"ImageObject","inLanguage":"it-IT","@id":"https:\/\/secure.gravatar.com\/avatar\/359874fd676a9bfbf3a5d62f8bb888a22a657034662dd62c3669b5e7274a1365?s=96&d=mm&r=g","url":"https:\/\/secure.gravatar.com\/avatar\/359874fd676a9bfbf3a5d62f8bb888a22a657034662dd62c3669b5e7274a1365?s=96&d=mm&r=g","contentUrl":"https:\/\/secure.gravatar.com\/avatar\/359874fd676a9bfbf3a5d62f8bb888a22a657034662dd62c3669b5e7274a1365?s=96&d=mm&r=g","caption":"Miguel Blanco"}}]}},"_links":{"self":[{"href":"https:\/\/flamencomadrid.com\/it\/wp-json\/wp\/v2\/posts\/1195","targetHints":{"allow":["GET"]}}],"collection":[{"href":"https:\/\/flamencomadrid.com\/it\/wp-json\/wp\/v2\/posts"}],"about":[{"href":"https:\/\/flamencomadrid.com\/it\/wp-json\/wp\/v2\/types\/post"}],"author":[{"embeddable":true,"href":"https:\/\/flamencomadrid.com\/it\/wp-json\/wp\/v2\/users\/6"}],"replies":[{"embeddable":true,"href":"https:\/\/flamencomadrid.com\/it\/wp-json\/wp\/v2\/comments?post=1195"}],"version-history":[{"count":9,"href":"https:\/\/flamencomadrid.com\/it\/wp-json\/wp\/v2\/posts\/1195\/revisions"}],"predecessor-version":[{"id":1248,"href":"https:\/\/flamencomadrid.com\/it\/wp-json\/wp\/v2\/posts\/1195\/revisions\/1248"}],"wp:featuredmedia":[{"embeddable":true,"href":"https:\/\/flamencomadrid.com\/it\/wp-json\/wp\/v2\/media\/1196"}],"wp:attachment":[{"href":"https:\/\/flamencomadrid.com\/it\/wp-json\/wp\/v2\/media?parent=1195"}],"wp:term":[{"taxonomy":"category","embeddable":true,"href":"https:\/\/flamencomadrid.com\/it\/wp-json\/wp\/v2\/categories?post=1195"},{"taxonomy":"post_tag","embeddable":true,"href":"https:\/\/flamencomadrid.com\/it\/wp-json\/wp\/v2\/tags?post=1195"}],"curies":[{"name":"wp","href":"https:\/\/api.w.org\/{rel}","templated":true}]}}