{"id":1167,"date":"2025-07-21T10:53:29","date_gmt":"2025-07-21T08:53:29","guid":{"rendered":"https:\/\/flamencomadrid.com\/es\/?p=1167"},"modified":"2025-07-14T10:12:12","modified_gmt":"2025-07-14T08:12:12","slug":"ruta-a-pie-por-el-madrid-mas-flamenco","status":"publish","type":"post","link":"https:\/\/flamencomadrid.com\/it\/passeggiata-a-piedi-nel-madrid-piu-flamenco\/","title":{"rendered":"Passeggiata a Piedi nel Madrid Pi\u00f9 Flamenco: Un Tour di 2 Ore Pieno di Duende"},"content":{"rendered":"<p><\/p>\n<p data-start=\"204\" data-end=\"545\">Probabilmente pensi di conoscere il Madrid flamenco perch\u00e9 hai prenotato un biglietto per un tablao. E hai fatto bene.<br data-start=\"322\" data-end=\"325\" \/>Ma se ti dicessimo che il vero <em data-start=\"356\" data-end=\"364\">duende<\/em> della citt\u00e0 non vive solo sotto i riflettori, ma respira nei suoi marciapiedi, nell\u2019odore del legno di una bottega centenaria o nell\u2019eco di un zapateado che sfugge da una finestra?<\/p>\n<p data-start=\"547\" data-end=\"852\">Dimentica le solite guide turistiche. Ti proponiamo un piano per sentire Madrid in modo diverso. Indossa scarpe comode, perch\u00e9 stiamo per svelarti l\u2019itinerario definitivo. Un percorso che ti porter\u00e0 attraverso la storia, l\u2019artigianato, il sudore e i sapori che ogni notte alimentano la magia del flamenco.<\/p>\n<p data-start=\"547\" data-end=\"852\"><img loading=\"lazy\" decoding=\"async\" class=\"aligncenter wp-image-1179 size-large\" src=\"https:\/\/flamencomadrid.com\/wp-content\/uploads\/2025\/07\/mapa_ruta_madrid_flamenco_optimizada-1024x540.jpg\" alt=\"Ruta por el Madrid mas Flamenco, representaci\u00f3n gr\u00e1fica de la ruta con Google Maps\" width=\"900\" height=\"475\" \/><\/p>\n<h2 data-start=\"854\" data-end=\"910\">Le Tappe del Nostro Percorso: L\u2019Ecosistema del Duende<\/h2>\n<h3 data-start=\"912\" data-end=\"967\">1. Plaza de Santa Ana: Il Chilometro Zero dell\u2019Arte<\/h3>\n<p data-start=\"969\" data-end=\"1419\">Tutto comincia qui. Plaza de Santa Ana non \u00e8 solo una delle piazze pi\u00f9 belle di Madrid, \u00e8 il palcoscenico a cielo aperto dove tutto ha avuto inizio. Davanti a te c\u2019\u00e8 il Teatro Espa\u00f1ol e la statua di Lorca. Ma cerca il numero 15: quella facciata ricoperta di azulejos perfettamente conservata \u00e8 la leggendaria <em data-start=\"1278\" data-end=\"1290\">Villa Rosa<\/em>.<br data-start=\"1291\" data-end=\"1294\" \/>Immagina per un attimo il mormorio dei vecchi <em data-start=\"1340\" data-end=\"1357\">Caf\u00e9s Cantantes<\/em>, il fumo, le palmas, il fermento. Sei nel cuore del flamenco.<\/p>\n<p data-start=\"1421\" data-end=\"1564\">Ma la magia non finisce l\u00ec. Gira lo sguardo ed entra nella <em data-start=\"1480\" data-end=\"1497\">Calle Echegaray<\/em>, l\u2019arteria principale della boh\u00e8me flamenca che nasce proprio qui.<\/p>\n<p data-start=\"1566\" data-end=\"1850\">Questa stradina, con pi\u00f9 <em data-start=\"1591\" data-end=\"1599\">duende<\/em> per metro quadrato che qualsiasi altra a Madrid, ha ospitato luoghi leggendari come <em data-start=\"1684\" data-end=\"1699\">Los Gabrieles<\/em>, famoso per i suoi azulejos e per i grandi nomi che hanno cantato tra le sue mura. Era una via notturna, di artisti, di flamenco crudo e senza filtri.<\/p>\n<p data-start=\"1852\" data-end=\"2058\">E quella tradizione \u00e8 ancora viva. Proprio in questa strada, al numero 15, <em data-start=\"1927\" data-end=\"1954\">Cardamomo Flamenco Madrid<\/em> continua a far battere il cuore del flamenco. \u00c8 oggi uno dei tablao pi\u00f9 rispettati e vibranti al mondo.<\/p>\n<p data-start=\"2060\" data-end=\"2203\">In soli 100 metri, hai visto il passato (<em data-start=\"2101\" data-end=\"2113\">Villa Rosa<\/em>, <em data-start=\"2115\" data-end=\"2130\">Los Gabrieles<\/em>) e il presente pi\u00f9 vivo del flamenco madrileno. E siamo solo all\u2019inizio.<\/p>\n<p data-start=\"2060\" data-end=\"2203\"><img loading=\"lazy\" decoding=\"async\" class=\"aligncenter wp-image-1169 size-large\" src=\"https:\/\/flamencomadrid.com\/wp-content\/uploads\/2025\/07\/villarosa_fachada_optimizada-1024x576.jpg\" alt=\"Fachada de azulejos azules y amarillos del antiguo tablao Villa Rosa en la Plaza de Santa Ana, Madrid.\" width=\"900\" height=\"506\" \/><\/p>\n<h3 data-start=\"2205\" data-end=\"2282\">2. Guitarras Ram\u00edrez (Calle de la Paz, 8): Dove Nasce l\u2019Anima delle Corde<\/h3>\n<p data-start=\"2284\" data-end=\"2696\">Dalla piazza, fai una breve deviazione verso Calle de la Paz, vicino a Sol. Qui non c\u2019\u00e8 rumore, solo rispetto. Al numero 8 si trova l\u2019officina di <em data-start=\"2430\" data-end=\"2449\">Guitarras Ram\u00edrez<\/em>. Non \u00e8 un negozio, \u00e8 un santuario. Dal 1882, le loro mani hanno creato chitarre per Paco de Luc\u00eda e molte altre leggende. Affacciandoti alla vetrina, senti il profumo del legno e della vernice. Una chitarra qui non si costruisce, si d\u00e0 alla luce.<\/p>\n<p data-start=\"2284\" data-end=\"2696\"><img loading=\"lazy\" decoding=\"async\" class=\"aligncenter wp-image-1170 size-large\" src=\"https:\/\/flamencomadrid.com\/wp-content\/uploads\/2025\/07\/luthier_optimizada-1024x683.jpg\" alt=\"Primer plano de las manos de un luthier trabajando en el cuerpo de una guitarra espa\u00f1ola de madera.\" width=\"900\" height=\"600\" \/><\/p>\n<h3 data-start=\"2698\" data-end=\"2767\">3. Amor de Dios (Mercato di Ant\u00f3n Mart\u00edn): La Cucina del Flamenco<\/h3>\n<p data-start=\"2769\" data-end=\"3245\">Ora ci dirigiamo verso un luogo segreto a cielo aperto: il piano superiore del Mercato di Ant\u00f3n Mart\u00edn. L\u00ec si nasconde il <em data-start=\"2891\" data-end=\"2929\">Centro de Arte Flamenco Amor de Dios<\/em>. \u00c8 la fabbrica dei sogni, la scuola da cui sono usciti \u2014 e continuano a formarsi \u2014 i migliori artisti flamenco del mondo. Non serve entrare. Sali le scale e ascolta. L\u2019eco di un taconeo, una voce che corregge un movimento&#8230;<br data-start=\"3154\" data-end=\"3157\" \/>Stai ascoltando il cuore del flamenco madrileno. Il suono dello sforzo e della passione.<\/p>\n<p data-start=\"2769\" data-end=\"3245\"><span class=\"ng-star-inserted\"><img loading=\"lazy\" decoding=\"async\" class=\"aligncenter wp-image-1171 size-large\" src=\"https:\/\/flamencomadrid.com\/wp-content\/uploads\/2025\/07\/centro_de_arte_flamenco_y_danza_espanola_amor_de_dios-1024x385.jpg\" alt=\"Fachada y cartel de la Escuela Flamenca Amor de Dios, referencia de grandes artistas\" width=\"900\" height=\"338\" \/><\/span><\/p>\n<h3 data-start=\"3247\" data-end=\"3323\">4. El Flamenco Vive (Calle del Conde de Lemos, 7): L\u2019Arte che Si Indossa<\/h3>\n<p data-start=\"3325\" data-end=\"3724\">Il flamenco si impara, si suona, ma si indossa anche. A pochi minuti da Ant\u00f3n Mart\u00edn, vicino a \u00d3pera, c\u2019\u00e8 <em data-start=\"3431\" data-end=\"3449\">El Flamenco Vive<\/em>. \u00c8 molto pi\u00f9 di un negozio. \u00c8 un centro culturale dove puoi ammirare la caduta di uno scialle di Manila, la lavorazione di scarpe da ballo professionali o perderti tra libri e dischi. \u00c8 la sosta perfetta per capire che l\u2019estetica del flamenco \u00e8 una dichiarazione d\u2019identit\u00e0.<\/p>\n<h3 data-start=\"3726\" data-end=\"3805\">5. Taberna La Dolores (Plaza de Jes\u00fas, 4): Una Pausa Tecnica e Sentimentale<\/h3>\n<p data-start=\"3807\" data-end=\"4225\">Tanta strada mette fame\u2026 e apre il cuore. Vicino al Barrio de las Letras ti proponiamo una sosta in una delle taverne pi\u00f9 autentiche di Madrid: <em data-start=\"3951\" data-end=\"3963\">La Dolores<\/em>. Un vermut alla spina, una birra ben servita e un piattino di alici marinate. \u00c8 il momento di sedersi, commentare il percorso e sentire il battito della citt\u00e0. Anche il flamenco \u00e8 condivisione. E questo \u00e8 l\u2019aperitivo perfetto prima del grande spettacolo serale.<\/p>\n<p data-start=\"3807\" data-end=\"4225\"><span class=\"ng-star-inserted\"><img loading=\"lazy\" decoding=\"async\" class=\"aligncenter wp-image-1172 size-full\" src=\"https:\/\/flamencomadrid.com\/wp-content\/uploads\/2025\/07\/whatsapp-image-2025-07-10-at-12-05-02.jpeg\" alt=\"Fachada de azulejos y ambiente animado en la cl\u00e1sica Taberna La Dolores de Madrid.\" width=\"660\" height=\"335\" \/><\/span><\/p>\n<h3 data-start=\"4227\" data-end=\"4270\">6. L\u2019Atto Finale: Dalla Strada al Palco<\/h3>\n<p data-start=\"4272\" data-end=\"4526\">Con la storia sotto i tuoi piedi e il sapore di Madrid ancora in bocca, torniamo nel cuore del Barrio de las Letras. Hai vissuto l\u2019artigianato, la formazione, il peso della tradizione. Ora \u00e8 il momento di vedere tutto questo esplodere dal vivo sul palco.<\/p>\n<p data-start=\"4528\" data-end=\"4606\">A questo punto ti trovi di fronte alla grande domanda: quale tablao scegliere?<\/p>\n<p data-start=\"4608\" data-end=\"4950\">Madrid offre una variet\u00e0 immensa e ogni palco ha la sua magia. Alcuni conservano l\u2019eco di un secolo di storia in ambienti intimi che ti fanno venire la pelle d\u2019oca. Altri puntano sull\u2019avanguardia, sull\u2019energia travolgente e su produzioni spettacolari. La scelta \u00e8 personale, e sar\u00e0 la chiave per rendere la tua serata davvero indimenticabile.<\/p>\n<p data-start=\"4952\" data-end=\"5087\">Per aiutarti, abbiamo fatto il lavoro per te. Abbiamo esplorato la scena flamenca di Madrid e selezionato gli spettacoli pi\u00f9 rilevanti.<\/p>\n<p data-start=\"5089\" data-end=\"5232\"><a href=\"https:\/\/flamencomadrid.com\/it\/i-6-migliori-spettacoli-di-flamenco-a-madrid\/\"><strong>Consulta la nostra guida aggiornata con i 6 migliori spettacoli flamenco di Madrid e scegli il palco perfetto per concludere il tuo itinerario.<\/strong><\/a><\/p>\n<h2 data-start=\"5234\" data-end=\"5286\">Madrid ai Tuoi Piedi, il Flamenco nella Tua Anima<\/h2>\n<p data-start=\"5288\" data-end=\"5483\">Speriamo che questo percorso ti abbia fatto scoprire un altro lato di Madrid.<br data-start=\"5365\" data-end=\"5368\" \/>D\u2019ora in poi, quando camminerai per queste strade, non vedrai solo edifici, ma sentirai le storie che custodiscono.<\/p>\n<p data-start=\"5485\" data-end=\"5578\">La citt\u00e0 ti ha sussurrato i suoi segreti. Ora tocca al tablao parlarti direttamente al cuore.<\/p>\n<p><\/p>","protected":false},"excerpt":{"rendered":"Probabilmente pensi di conoscere il Madrid flamenco perch\u00e9 hai prenotato un biglietto per un tablao. E hai fatto bene.Ma se ti dicessimo che il vero duende della citt\u00e0 non vive solo sotto i riflettori, ma respira nei suoi marciapiedi, nell\u2019odore del legno di una bottega centenaria o nell\u2019eco di un zapateado che sfugge da una&#8230;","protected":false},"author":6,"featured_media":1176,"comment_status":"open","ping_status":"open","sticky":false,"template":"","format":"standard","meta":{"_acf_changed":false,"footnotes":""},"categories":[13],"tags":[],"class_list":["post-1167","post","type-post","status-publish","format-standard","has-post-thumbnail","hentry","category-curiosidades-flamencas"],"acf":[],"yoast_head":"<!-- This site is optimized with the Yoast SEO plugin v27.4 - https:\/\/yoast.com\/product\/yoast-seo-wordpress\/ -->\n<title>Passeggiata a Piedi nel Madrid Pi\u00f9 Flamenco: Un Tour di 2 Ore Pieno di Duende - Flamenco Madrid<\/title>\n<meta name=\"description\" content=\"Scopri il lato pi\u00f9 flamenco di Madrid con una passeggiata di 2 ore: tablao storici, botteghe artigiane e angoli pieni di duende che danno anima alla citt\u00e0.\" \/>\n<meta name=\"robots\" content=\"index, follow, max-snippet:-1, max-image-preview:large, max-video-preview:-1\" \/>\n<link rel=\"canonical\" href=\"\/\" \/>\n<meta property=\"og:locale\" content=\"it_IT\" \/>\n<meta property=\"og:type\" content=\"article\" \/>\n<meta property=\"og:title\" content=\"Passeggiata a Piedi nel Madrid Pi\u00f9 Flamenco: Un Tour di 2 Ore Pieno di Duende - Flamenco Madrid\" \/>\n<meta property=\"og:description\" content=\"Scopri il lato pi\u00f9 flamenco di Madrid con una passeggiata di 2 ore: tablao storici, botteghe artigiane e angoli pieni di duende che danno anima alla citt\u00e0.\" \/>\n<meta property=\"og:url\" content=\"https:\/\/flamencomadrid.com\/it\/ruta-a-pie-por-el-madrid-mas-flamenco\/\" \/>\n<meta property=\"og:site_name\" content=\"Flamenco Madrid\" \/>\n<meta property=\"article:published_time\" content=\"2025-07-21T08:53:29+00:00\" \/>\n<meta property=\"og:image\" content=\"https:\/\/flamencomadrid.com\/wp-content\/uploads\/2025\/07\/ruta_madrid_flamenco_optimizada.jpg\" \/>\n\t<meta property=\"og:image:width\" content=\"1536\" \/>\n\t<meta property=\"og:image:height\" content=\"1024\" \/>\n\t<meta property=\"og:image:type\" content=\"image\/jpeg\" \/>\n<meta name=\"author\" content=\"Miguel Blanco\" \/>\n<meta name=\"twitter:card\" content=\"summary_large_image\" \/>\n<meta name=\"twitter:label1\" content=\"Scritto da\" \/>\n\t<meta name=\"twitter:data1\" content=\"Miguel Blanco\" \/>\n\t<meta name=\"twitter:label2\" content=\"Tempo di lettura stimato\" \/>\n\t<meta name=\"twitter:data2\" content=\"6 minuti\" \/>\n<script type=\"application\/ld+json\" class=\"yoast-schema-graph\">{\"@context\":\"https:\\\/\\\/schema.org\",\"@graph\":[{\"@type\":\"Article\",\"@id\":\"https:\\\/\\\/flamencomadrid.com\\\/es\\\/ruta-a-pie-por-el-madrid-mas-flamenco\\\/#article\",\"isPartOf\":{\"@id\":\"https:\\\/\\\/flamencomadrid.com\\\/es\\\/ruta-a-pie-por-el-madrid-mas-flamenco\\\/\"},\"author\":{\"name\":\"Miguel Blanco\",\"@id\":\"https:\\\/\\\/flamencomadrid.com\\\/es\\\/#\\\/schema\\\/person\\\/e60bef1612b66bdb46e0d88400bfab7e\"},\"headline\":\"Passeggiata a Piedi nel Madrid Pi\u00f9 Flamenco: Un Tour di 2 Ore Pieno di Duende\",\"datePublished\":\"2025-07-21T08:53:29+00:00\",\"mainEntityOfPage\":{\"@id\":\"https:\\\/\\\/flamencomadrid.com\\\/es\\\/ruta-a-pie-por-el-madrid-mas-flamenco\\\/\"},\"wordCount\":3955,\"commentCount\":0,\"image\":{\"@id\":\"https:\\\/\\\/flamencomadrid.com\\\/es\\\/ruta-a-pie-por-el-madrid-mas-flamenco\\\/#primaryimage\"},\"thumbnailUrl\":\"https:\\\/\\\/flamencomadrid.com\\\/wp-content\\\/uploads\\\/2025\\\/07\\\/ruta_madrid_flamenco_optimizada.jpg\",\"articleSection\":[\"Curiosidades Flamencas\"],\"inLanguage\":\"it-IT\",\"potentialAction\":[{\"@type\":\"CommentAction\",\"name\":\"Comment\",\"target\":[\"https:\\\/\\\/flamencomadrid.com\\\/es\\\/ruta-a-pie-por-el-madrid-mas-flamenco\\\/#respond\"]}]},{\"@type\":\"WebPage\",\"@id\":\"https:\\\/\\\/flamencomadrid.com\\\/it\\\/ruta-a-pie-por-el-madrid-mas-flamenco\\\/\",\"url\":\"https:\\\/\\\/flamencomadrid.com\\\/it\\\/ruta-a-pie-por-el-madrid-mas-flamenco\\\/\",\"name\":\"Passeggiata a Piedi nel Madrid Pi\u00f9 Flamenco: Un Tour di 2 Ore Pieno di Duende - Flamenco Madrid\",\"isPartOf\":{\"@id\":\"https:\\\/\\\/flamencomadrid.com\\\/it\\\/#website\"},\"primaryImageOfPage\":{\"@id\":\"https:\\\/\\\/flamencomadrid.com\\\/it\\\/ruta-a-pie-por-el-madrid-mas-flamenco\\\/#primaryimage\"},\"image\":{\"@id\":\"https:\\\/\\\/flamencomadrid.com\\\/es\\\/ruta-a-pie-por-el-madrid-mas-flamenco\\\/#primaryimage\"},\"thumbnailUrl\":\"https:\\\/\\\/flamencomadrid.com\\\/wp-content\\\/uploads\\\/2025\\\/07\\\/ruta_madrid_flamenco_optimizada.jpg\",\"datePublished\":\"2025-07-21T08:53:29+00:00\",\"author\":{\"@id\":\"https:\\\/\\\/flamencomadrid.com\\\/es\\\/#\\\/schema\\\/person\\\/e60bef1612b66bdb46e0d88400bfab7e\"},\"description\":\"Scopri il lato pi\u00f9 flamenco di Madrid con una passeggiata di 2 ore: tablao storici, botteghe artigiane e angoli pieni di duende che danno anima alla citt\u00e0.\",\"breadcrumb\":{\"@id\":\"https:\\\/\\\/flamencomadrid.com\\\/it\\\/ruta-a-pie-por-el-madrid-mas-flamenco\\\/#breadcrumb\"},\"inLanguage\":\"it-IT\",\"potentialAction\":[{\"@type\":\"ReadAction\",\"target\":[[\"https:\\\/\\\/flamencomadrid.com\\\/it\\\/ruta-a-pie-por-el-madrid-mas-flamenco\\\/\"]]}]},{\"@type\":\"ImageObject\",\"inLanguage\":\"it-IT\",\"@id\":\"https:\\\/\\\/flamencomadrid.com\\\/it\\\/ruta-a-pie-por-el-madrid-mas-flamenco\\\/#primaryimage\",\"url\":\"https:\\\/\\\/flamencomadrid.com\\\/wp-content\\\/uploads\\\/2025\\\/07\\\/ruta_madrid_flamenco_optimizada.jpg\",\"contentUrl\":\"https:\\\/\\\/flamencomadrid.com\\\/wp-content\\\/uploads\\\/2025\\\/07\\\/ruta_madrid_flamenco_optimizada.jpg\",\"width\":1536,\"height\":1024,\"caption\":\"Cartel de la Ruta Flamenca de Madrid por flamencomadrid.com\"},{\"@type\":\"BreadcrumbList\",\"@id\":\"https:\\\/\\\/flamencomadrid.com\\\/it\\\/ruta-a-pie-por-el-madrid-mas-flamenco\\\/#breadcrumb\",\"itemListElement\":[{\"@type\":\"ListItem\",\"position\":1,\"name\":\"Home\",\"item\":\"https:\\\/\\\/flamencomadrid.com\\\/it\\\/\"},{\"@type\":\"ListItem\",\"position\":2,\"name\":\"Ruta a Pie por el Madrid m\u00e1s Flamenco: Un Paseo de 2 horas lleno de Duende\"}]},{\"@type\":\"WebSite\",\"@id\":\"https:\\\/\\\/flamencomadrid.com\\\/it\\\/#website\",\"url\":\"https:\\\/\\\/flamencomadrid.com\\\/it\\\/\",\"name\":\"Flamenco Madrid\",\"description\":\"Otro sitio realizado con WordPress\",\"potentialAction\":[{\"@type\":\"SearchAction\",\"target\":{\"@type\":\"EntryPoint\",\"urlTemplate\":\"https:\\\/\\\/flamencomadrid.com\\\/it\\\/?s={search_term_string}\"},\"query-input\":{\"@type\":\"PropertyValueSpecification\",\"valueRequired\":true,\"valueName\":\"search_term_string\"}}],\"inLanguage\":\"it-IT\"},{\"@type\":\"Person\",\"@id\":\"https:\\\/\\\/flamencomadrid.com\\\/es\\\/#\\\/schema\\\/person\\\/e60bef1612b66bdb46e0d88400bfab7e\",\"name\":\"Miguel Blanco\",\"image\":{\"@type\":\"ImageObject\",\"inLanguage\":\"it-IT\",\"@id\":\"https:\\\/\\\/secure.gravatar.com\\\/avatar\\\/359874fd676a9bfbf3a5d62f8bb888a22a657034662dd62c3669b5e7274a1365?s=96&d=mm&r=g\",\"url\":\"https:\\\/\\\/secure.gravatar.com\\\/avatar\\\/359874fd676a9bfbf3a5d62f8bb888a22a657034662dd62c3669b5e7274a1365?s=96&d=mm&r=g\",\"contentUrl\":\"https:\\\/\\\/secure.gravatar.com\\\/avatar\\\/359874fd676a9bfbf3a5d62f8bb888a22a657034662dd62c3669b5e7274a1365?s=96&d=mm&r=g\",\"caption\":\"Miguel Blanco\"}}]}<\/script>\n<!-- \/ Yoast SEO plugin. -->","yoast_head_json":{"title":"Passeggiata a Piedi nel Madrid Pi\u00f9 Flamenco: Un Tour di 2 Ore Pieno di Duende - Flamenco Madrid","description":"Scopri il lato pi\u00f9 flamenco di Madrid con una passeggiata di 2 ore: tablao storici, botteghe artigiane e angoli pieni di duende che danno anima alla citt\u00e0.","robots":{"index":"index","follow":"follow","max-snippet":"max-snippet:-1","max-image-preview":"max-image-preview:large","max-video-preview":"max-video-preview:-1"},"canonical":"\/","og_locale":"it_IT","og_type":"article","og_title":"Passeggiata a Piedi nel Madrid Pi\u00f9 Flamenco: Un Tour di 2 Ore Pieno di Duende - Flamenco Madrid","og_description":"Scopri il lato pi\u00f9 flamenco di Madrid con una passeggiata di 2 ore: tablao storici, botteghe artigiane e angoli pieni di duende che danno anima alla citt\u00e0.","og_url":"https:\/\/flamencomadrid.com\/it\/ruta-a-pie-por-el-madrid-mas-flamenco\/","og_site_name":"Flamenco Madrid","article_published_time":"2025-07-21T08:53:29+00:00","og_image":[{"width":1536,"height":1024,"url":"https:\/\/flamencomadrid.com\/wp-content\/uploads\/2025\/07\/ruta_madrid_flamenco_optimizada.jpg","type":"image\/jpeg"}],"author":"Miguel Blanco","twitter_card":"summary_large_image","twitter_misc":{"Scritto da":"Miguel Blanco","Tempo di lettura stimato":"6 minuti"},"schema":{"@context":"https:\/\/schema.org","@graph":[{"@type":"Article","@id":"https:\/\/flamencomadrid.com\/es\/ruta-a-pie-por-el-madrid-mas-flamenco\/#article","isPartOf":{"@id":"https:\/\/flamencomadrid.com\/es\/ruta-a-pie-por-el-madrid-mas-flamenco\/"},"author":{"name":"Miguel Blanco","@id":"https:\/\/flamencomadrid.com\/es\/#\/schema\/person\/e60bef1612b66bdb46e0d88400bfab7e"},"headline":"Passeggiata a Piedi nel Madrid Pi\u00f9 Flamenco: Un Tour di 2 Ore Pieno di Duende","datePublished":"2025-07-21T08:53:29+00:00","mainEntityOfPage":{"@id":"https:\/\/flamencomadrid.com\/es\/ruta-a-pie-por-el-madrid-mas-flamenco\/"},"wordCount":3955,"commentCount":0,"image":{"@id":"https:\/\/flamencomadrid.com\/es\/ruta-a-pie-por-el-madrid-mas-flamenco\/#primaryimage"},"thumbnailUrl":"https:\/\/flamencomadrid.com\/wp-content\/uploads\/2025\/07\/ruta_madrid_flamenco_optimizada.jpg","articleSection":["Curiosidades Flamencas"],"inLanguage":"it-IT","potentialAction":[{"@type":"CommentAction","name":"Comment","target":["https:\/\/flamencomadrid.com\/es\/ruta-a-pie-por-el-madrid-mas-flamenco\/#respond"]}]},{"@type":"WebPage","@id":"https:\/\/flamencomadrid.com\/it\/ruta-a-pie-por-el-madrid-mas-flamenco\/","url":"https:\/\/flamencomadrid.com\/it\/ruta-a-pie-por-el-madrid-mas-flamenco\/","name":"Passeggiata a Piedi nel Madrid Pi\u00f9 Flamenco: Un Tour di 2 Ore Pieno di Duende - Flamenco Madrid","isPartOf":{"@id":"https:\/\/flamencomadrid.com\/it\/#website"},"primaryImageOfPage":{"@id":"https:\/\/flamencomadrid.com\/it\/ruta-a-pie-por-el-madrid-mas-flamenco\/#primaryimage"},"image":{"@id":"https:\/\/flamencomadrid.com\/es\/ruta-a-pie-por-el-madrid-mas-flamenco\/#primaryimage"},"thumbnailUrl":"https:\/\/flamencomadrid.com\/wp-content\/uploads\/2025\/07\/ruta_madrid_flamenco_optimizada.jpg","datePublished":"2025-07-21T08:53:29+00:00","author":{"@id":"https:\/\/flamencomadrid.com\/es\/#\/schema\/person\/e60bef1612b66bdb46e0d88400bfab7e"},"description":"Scopri il lato pi\u00f9 flamenco di Madrid con una passeggiata di 2 ore: tablao storici, botteghe artigiane e angoli pieni di duende che danno anima alla citt\u00e0.","breadcrumb":{"@id":"https:\/\/flamencomadrid.com\/it\/ruta-a-pie-por-el-madrid-mas-flamenco\/#breadcrumb"},"inLanguage":"it-IT","potentialAction":[{"@type":"ReadAction","target":[["https:\/\/flamencomadrid.com\/it\/ruta-a-pie-por-el-madrid-mas-flamenco\/"]]}]},{"@type":"ImageObject","inLanguage":"it-IT","@id":"https:\/\/flamencomadrid.com\/it\/ruta-a-pie-por-el-madrid-mas-flamenco\/#primaryimage","url":"https:\/\/flamencomadrid.com\/wp-content\/uploads\/2025\/07\/ruta_madrid_flamenco_optimizada.jpg","contentUrl":"https:\/\/flamencomadrid.com\/wp-content\/uploads\/2025\/07\/ruta_madrid_flamenco_optimizada.jpg","width":1536,"height":1024,"caption":"Cartel de la Ruta Flamenca de Madrid por flamencomadrid.com"},{"@type":"BreadcrumbList","@id":"https:\/\/flamencomadrid.com\/it\/ruta-a-pie-por-el-madrid-mas-flamenco\/#breadcrumb","itemListElement":[{"@type":"ListItem","position":1,"name":"Home","item":"https:\/\/flamencomadrid.com\/it\/"},{"@type":"ListItem","position":2,"name":"Ruta a Pie por el Madrid m\u00e1s Flamenco: Un Paseo de 2 horas lleno de Duende"}]},{"@type":"WebSite","@id":"https:\/\/flamencomadrid.com\/it\/#website","url":"https:\/\/flamencomadrid.com\/it\/","name":"Flamenco Madrid","description":"Otro sitio realizado con WordPress","potentialAction":[{"@type":"SearchAction","target":{"@type":"EntryPoint","urlTemplate":"https:\/\/flamencomadrid.com\/it\/?s={search_term_string}"},"query-input":{"@type":"PropertyValueSpecification","valueRequired":true,"valueName":"search_term_string"}}],"inLanguage":"it-IT"},{"@type":"Person","@id":"https:\/\/flamencomadrid.com\/es\/#\/schema\/person\/e60bef1612b66bdb46e0d88400bfab7e","name":"Miguel Blanco","image":{"@type":"ImageObject","inLanguage":"it-IT","@id":"https:\/\/secure.gravatar.com\/avatar\/359874fd676a9bfbf3a5d62f8bb888a22a657034662dd62c3669b5e7274a1365?s=96&d=mm&r=g","url":"https:\/\/secure.gravatar.com\/avatar\/359874fd676a9bfbf3a5d62f8bb888a22a657034662dd62c3669b5e7274a1365?s=96&d=mm&r=g","contentUrl":"https:\/\/secure.gravatar.com\/avatar\/359874fd676a9bfbf3a5d62f8bb888a22a657034662dd62c3669b5e7274a1365?s=96&d=mm&r=g","caption":"Miguel Blanco"}}]}},"_links":{"self":[{"href":"https:\/\/flamencomadrid.com\/it\/wp-json\/wp\/v2\/posts\/1167","targetHints":{"allow":["GET"]}}],"collection":[{"href":"https:\/\/flamencomadrid.com\/it\/wp-json\/wp\/v2\/posts"}],"about":[{"href":"https:\/\/flamencomadrid.com\/it\/wp-json\/wp\/v2\/types\/post"}],"author":[{"embeddable":true,"href":"https:\/\/flamencomadrid.com\/it\/wp-json\/wp\/v2\/users\/6"}],"replies":[{"embeddable":true,"href":"https:\/\/flamencomadrid.com\/it\/wp-json\/wp\/v2\/comments?post=1167"}],"version-history":[{"count":6,"href":"https:\/\/flamencomadrid.com\/it\/wp-json\/wp\/v2\/posts\/1167\/revisions"}],"predecessor-version":[{"id":1233,"href":"https:\/\/flamencomadrid.com\/it\/wp-json\/wp\/v2\/posts\/1167\/revisions\/1233"}],"wp:featuredmedia":[{"embeddable":true,"href":"https:\/\/flamencomadrid.com\/it\/wp-json\/wp\/v2\/media\/1176"}],"wp:attachment":[{"href":"https:\/\/flamencomadrid.com\/it\/wp-json\/wp\/v2\/media?parent=1167"}],"wp:term":[{"taxonomy":"category","embeddable":true,"href":"https:\/\/flamencomadrid.com\/it\/wp-json\/wp\/v2\/categories?post=1167"},{"taxonomy":"post_tag","embeddable":true,"href":"https:\/\/flamencomadrid.com\/it\/wp-json\/wp\/v2\/tags?post=1167"}],"curies":[{"name":"wp","href":"https:\/\/api.w.org\/{rel}","templated":true}]}}