{"id":1150,"date":"2025-07-07T10:31:32","date_gmt":"2025-07-07T08:31:32","guid":{"rendered":"https:\/\/flamencomadrid.com\/es\/?p=1150"},"modified":"2025-07-04T14:59:26","modified_gmt":"2025-07-04T12:59:26","slug":"flamenco-sin-fronteras-la-historia-de-ivo-glibota-un-argentino-enamorado-del-flamenc-en-madrid","status":"publish","type":"post","link":"https:\/\/flamencomadrid.com\/it\/flamenco-senza-frontiere-la-storia-di-ivo-glibota-un-argentino-innamorato-del-flamenco-a-madrid\/","title":{"rendered":"Dall\u2019Argentina a Madrid: il flamenco e un amore senza frontiere"},"content":{"rendered":"<p><\/p>\n<p data-start=\"4222\" data-end=\"4284\"><em><strong data-start=\"4222\" data-end=\"4284\">\u00ab Non ho scelto il flamenco, \u00e8 stato lui a scegliere me. \u00bb<\/strong><\/em><\/p>\n<p data-start=\"4286\" data-end=\"4579\"><em>Madrid \u00e8 una citt\u00e0 dove il flamenco si vive ogni giorno, in ogni quartiere, in ogni tablao. Ivo Glibota lo sa bene. \u00c8 nato a El Chaco, nel nord dell\u2019Argentina, ma vive ad Alcorc\u00f3n da quasi dieci anni. Ed \u00e8 a Madrid che ha scoperto che il flamenco non \u00e8 solo musica: \u00e8 emozione, identit\u00e0, casa.<\/em><\/p>\n<h3 data-start=\"4581\" data-end=\"4619\"><strong data-start=\"4585\" data-end=\"4619\">Il tablao come rifugio emotivo<\/strong><\/h3>\n<p data-start=\"4621\" data-end=\"4929\"><strong data-start=\"4621\" data-end=\"4671\">Come \u00e8 iniziata la tua storia con il flamenco?<br \/>\n<\/strong><br data-start=\"4671\" data-end=\"4674\" \/><em>\u00ab Era un momento difficile della mia vita. Un amico mi mostr\u00f2 un video di Camar\u00f3n. Non capivo le parole, ma sentivo ci\u00f2 che trasmetteva. C\u2019era qualcosa che mi parlava direttamente. Da allora non ho pi\u00f9 lasciato il flamenco, e lui non ha pi\u00f9 lasciato me. \u00bb<\/em><\/p>\n<p data-start=\"4931\" data-end=\"5221\"><strong data-start=\"4931\" data-end=\"4974\">Come hai cominciato a viverlo a Madrid?<br \/>\n<\/strong><br data-start=\"4974\" data-end=\"4977\" \/><em>\u00ab Sono arrivato quasi dieci anni fa e mi sono stabilito ad Alcorc\u00f3n. All\u2019inizio andavo ai tablao per curiosit\u00e0, poi sono rimasto conquistato. Il flamenco mi ha dato stabilit\u00e0, identit\u00e0, comunit\u00e0. Ho iniziato a capire Madrid attraverso di lui. \u00bb<\/em><\/p>\n<h3 data-start=\"5223\" data-end=\"5280\"><strong data-start=\"5227\" data-end=\"5280\">Una notte indimenticabile al Tablao Flamenco 1911<\/strong><\/h3>\n<p data-start=\"5282\" data-end=\"5589\"><em>\u00ab Una volta, al Tablao Flamenco 1911, ho visto ballare El Tete \u2014 per me il miglior giovane bailaor del momento. Al cante c\u2019erano Jos\u00e9 del Calli e Jos\u00e9 de la Miguela. Si guardavano, si facevano il comp\u00e1s tra di loro\u2026 si stavano godendo il momento. Era arte pura. E io, dal mio tavolo, avevo la pelle d\u2019oca. \u00bb<\/em><\/p>\n<p data-start=\"5282\" data-end=\"5589\"><img loading=\"lazy\" decoding=\"async\" class=\"aligncenter wp-image-1155 size-full\" src=\"https:\/\/flamencomadrid.com\/wp-content\/uploads\/2025\/07\/ivo-glibota-y-amigos-en-tablao-flamenco-1911.jpeg\" alt=\"Ivo Glibota y amigos en Tablao Flamenco 1911\" width=\"1024\" height=\"576\" \/><\/p>\n<h3 data-start=\"5591\" data-end=\"5641\"><strong data-start=\"5595\" data-end=\"5641\">Flamenco senza confini: verit\u00e0 ed emozione<\/strong><\/h3>\n<p data-start=\"5643\" data-end=\"5880\"><strong data-start=\"5643\" data-end=\"5684\">Cosa ti colpisce di pi\u00f9 del flamenco?<br \/>\n<\/strong><br data-start=\"5684\" data-end=\"5687\" \/><em>\u00ab \u00c8 un linguaggio universale. Quando c\u2019\u00e8 verit\u00e0, il flamenco non ha bisogno di traduzione. Non importa da dove vieni. Lo senti. E Madrid \u00e8 piena di luoghi dove questa verit\u00e0 accade ogni sera. \u00bb<\/em><\/p>\n<h3 data-start=\"5882\" data-end=\"5939\"><strong data-start=\"5886\" data-end=\"5939\">I migliori tablao flamencos di Madrid secondo Ivo<\/strong><\/h3>\n<p data-start=\"5941\" data-end=\"6396\"><strong data-start=\"5941\" data-end=\"6023\">Quali tablao consiglieresti a chi vuole vivere una notte di flamenco a Madrid?<br \/>\n<\/strong><br data-start=\"6023\" data-end=\"6026\" \/><em>\u00ab Il mio preferito \u00e8 il Tablao Flamenco 1911. Ha livello, storia e duende. Mi piace molto anche Cardamomo, soprattutto per la qualit\u00e0 degli artisti che ci passano. Per me, questi due sono allo stesso livello che aveva Casa Patas prima di chiudere. Il Corral de la Morer\u00eda va bene se vuoi cenare con spettacolo, ma io cerco ci\u00f2 che mi smuove dentro, e lo trovo al 1911. \u00bb<\/em><\/p>\n<h3 data-start=\"6398\" data-end=\"6459\"><strong data-start=\"6402\" data-end=\"6459\">La magia irripetibile di una notte flamenca autentica<\/strong><\/h3>\n<p data-start=\"6461\" data-end=\"6823\"><strong data-start=\"6461\" data-end=\"6542\">Cosa fa la differenza tra una buona serata di flamenco e una indimenticabile?<br \/>\n<\/strong><br data-start=\"6542\" data-end=\"6545\" \/><em>\u00ab Per me, la differenza sta nel trasporto. Pu\u00f2 esserci tecnica, una buona produzione\u2026 ma se non c\u2019\u00e8 emozione, non arriva. Invece, quando l\u2019artista d\u00e0 tutto, quando c\u2019\u00e8 connessione tra loro e con il pubblico, succede qualcosa che non si pu\u00f2 ripetere. \u00c8 quello che cerco sempre. \u00bb<\/em><\/p>\n<h3 data-start=\"6825\" data-end=\"6884\"><strong data-start=\"6829\" data-end=\"6884\">Il tablao come faro: una passione che non si spegne<\/strong><\/h3>\n<p data-start=\"6886\" data-end=\"7136\"><strong data-start=\"6886\" data-end=\"6933\">Ti vedi mai smettere di andare a un tablao?<\/strong><br data-start=\"6933\" data-end=\"6936\" \/><em>\u00ab No. Anche se ci vado meno per lavoro o altro, ci torno sempre. Il tablao \u00e8 come un faro. Quando ho bisogno di sentire, ci torno. Non \u00e8 solo cultura o arte: \u00e8 qualcosa che mi riporta in equilibrio. \u00bb<\/em><\/p>\n<p data-start=\"6886\" data-end=\"7136\"><img loading=\"lazy\" decoding=\"async\" class=\"aligncenter wp-image-1153 size-full\" src=\"https:\/\/flamencomadrid.com\/wp-content\/uploads\/2025\/07\/ivo-glibota-con-su-familia-en-un-tablao-flamenco-en-madrid.jpeg\" alt=\"Ivo Glibota con su familia en Cardamomo, Tablao Flamenco en Madrid\" width=\"1024\" height=\"768\" \/><\/p>\n<p data-start=\"7143\" data-end=\"7304\">Ivo non cerca di capire il flamenco. Lo vive. Lo riconosce in uno sguardo tra artisti, in una seguiriya ben cantata, in una notte che resta nel corpo per giorni.<\/p>\n<p data-start=\"7306\" data-end=\"7415\">Storie come la sua ci ricordano che Madrid non offre solo flamenco: lo respira, lo custodisce e lo condivide.<\/p>\n<p data-start=\"7417\" data-end=\"7465\">Come Ivo, bisogna solo essere pronti a sentirlo.<\/p>\n<p data-start=\"7467\" data-end=\"7598\">E tu? Hai gi\u00e0 vissuto una notte flamenca a Madrid come quella di Ivo?<br data-start=\"7540\" data-end=\"7543\" \/>Madrid \u00e8 flamenca. Devi solo lasciarti trasportare.<\/p>\n<p data-start=\"7600\" data-end=\"7665\"><a href=\"https:\/\/flamencomadrid.com\/it\/i-6-migliori-spettacoli-di-flamenco-a-madrid\/\"><strong>Scopri i migliori tablao flamencos per sentirlo davvero, qui<\/strong><\/a><\/p>\n<p><\/p>","protected":false},"excerpt":{"rendered":"\u00ab Non ho scelto il flamenco, \u00e8 stato lui a scegliere me. \u00bb Madrid \u00e8 una citt\u00e0 dove il flamenco si vive ogni giorno, in ogni quartiere, in ogni tablao. Ivo Glibota lo sa bene. \u00c8 nato a El Chaco, nel nord dell\u2019Argentina, ma vive ad Alcorc\u00f3n da quasi dieci anni. Ed \u00e8 a Madrid&#8230;","protected":false},"author":6,"featured_media":1164,"comment_status":"open","ping_status":"open","sticky":false,"template":"","format":"standard","meta":{"_acf_changed":false,"footnotes":""},"categories":[13],"tags":[],"class_list":["post-1150","post","type-post","status-publish","format-standard","has-post-thumbnail","hentry","category-curiosidades-flamencas"],"acf":[],"yoast_head":"<!-- This site is optimized with the Yoast SEO plugin v27.4 - https:\/\/yoast.com\/product\/yoast-seo-wordpress\/ -->\n<title>Dall\u2019Argentina a Madrid: il flamenco e un amore senza frontiere - Flamenco Madrid<\/title>\n<meta name=\"description\" content=\"Flamenco senza frontiere: la storia di Ivo Glibota, un argentino che ha trovato a Madrid la sua casa flamenca. Un\u2019intervista intima su emozione, identit\u00e0 e notti indimenticabili nei tablao.\" \/>\n<meta name=\"robots\" content=\"index, follow, max-snippet:-1, max-image-preview:large, max-video-preview:-1\" \/>\n<link rel=\"canonical\" href=\"\/\" \/>\n<meta property=\"og:locale\" content=\"it_IT\" \/>\n<meta property=\"og:type\" content=\"article\" \/>\n<meta property=\"og:title\" content=\"Dall\u2019Argentina a Madrid: il flamenco e un amore senza frontiere - Flamenco Madrid\" \/>\n<meta property=\"og:description\" content=\"Flamenco senza frontiere: la storia di Ivo Glibota, un argentino che ha trovato a Madrid la sua casa flamenca. Un\u2019intervista intima su emozione, identit\u00e0 e notti indimenticabili nei tablao.\" \/>\n<meta property=\"og:url\" content=\"https:\/\/flamencomadrid.com\/it\/flamenco-sin-fronteras\/\" \/>\n<meta property=\"og:site_name\" content=\"Flamenco Madrid\" \/>\n<meta property=\"article:published_time\" content=\"2025-07-07T08:31:32+00:00\" \/>\n<meta property=\"og:image\" content=\"https:\/\/flamencomadrid.com\/wp-content\/uploads\/2025\/07\/ivo-glibota-con-jose-maya.jpeg\" \/>\n\t<meta property=\"og:image:width\" content=\"769\" \/>\n\t<meta property=\"og:image:height\" content=\"673\" \/>\n\t<meta property=\"og:image:type\" content=\"image\/jpeg\" \/>\n<meta name=\"author\" content=\"Miguel Blanco\" \/>\n<meta name=\"twitter:card\" content=\"summary_large_image\" \/>\n<meta name=\"twitter:label1\" content=\"Scritto da\" \/>\n\t<meta name=\"twitter:data1\" content=\"Miguel Blanco\" \/>\n\t<meta name=\"twitter:label2\" content=\"Tempo di lettura stimato\" \/>\n\t<meta name=\"twitter:data2\" content=\"4 minuti\" \/>\n<script type=\"application\/ld+json\" class=\"yoast-schema-graph\">{\"@context\":\"https:\\\/\\\/schema.org\",\"@graph\":[{\"@type\":\"Article\",\"@id\":\"https:\\\/\\\/flamencomadrid.com\\\/es\\\/flamenco-sin-fronteras\\\/#article\",\"isPartOf\":{\"@id\":\"https:\\\/\\\/flamencomadrid.com\\\/es\\\/flamenco-sin-fronteras\\\/\"},\"author\":{\"name\":\"Miguel Blanco\",\"@id\":\"https:\\\/\\\/flamencomadrid.com\\\/es\\\/#\\\/schema\\\/person\\\/e60bef1612b66bdb46e0d88400bfab7e\"},\"headline\":\"Dall\u2019Argentina a Madrid: il flamenco e un amore senza frontiere\",\"datePublished\":\"2025-07-07T08:31:32+00:00\",\"mainEntityOfPage\":{\"@id\":\"https:\\\/\\\/flamencomadrid.com\\\/es\\\/flamenco-sin-fronteras\\\/\"},\"wordCount\":2591,\"commentCount\":0,\"image\":{\"@id\":\"https:\\\/\\\/flamencomadrid.com\\\/es\\\/flamenco-sin-fronteras\\\/#primaryimage\"},\"thumbnailUrl\":\"https:\\\/\\\/flamencomadrid.com\\\/wp-content\\\/uploads\\\/2025\\\/07\\\/ivo-glibota-con-jose-maya.jpeg\",\"articleSection\":[\"Curiosidades Flamencas\"],\"inLanguage\":\"it-IT\",\"potentialAction\":[{\"@type\":\"CommentAction\",\"name\":\"Comment\",\"target\":[\"https:\\\/\\\/flamencomadrid.com\\\/es\\\/flamenco-sin-fronteras\\\/#respond\"]}]},{\"@type\":\"WebPage\",\"@id\":\"https:\\\/\\\/flamencomadrid.com\\\/it\\\/flamenco-sin-fronteras\\\/\",\"url\":\"https:\\\/\\\/flamencomadrid.com\\\/it\\\/flamenco-sin-fronteras\\\/\",\"name\":\"Dall\u2019Argentina a Madrid: il flamenco e un amore senza frontiere - Flamenco Madrid\",\"isPartOf\":{\"@id\":\"https:\\\/\\\/flamencomadrid.com\\\/it\\\/#website\"},\"primaryImageOfPage\":{\"@id\":\"https:\\\/\\\/flamencomadrid.com\\\/it\\\/flamenco-sin-fronteras\\\/#primaryimage\"},\"image\":{\"@id\":\"https:\\\/\\\/flamencomadrid.com\\\/es\\\/flamenco-sin-fronteras\\\/#primaryimage\"},\"thumbnailUrl\":\"https:\\\/\\\/flamencomadrid.com\\\/wp-content\\\/uploads\\\/2025\\\/07\\\/ivo-glibota-con-jose-maya.jpeg\",\"datePublished\":\"2025-07-07T08:31:32+00:00\",\"author\":{\"@id\":\"https:\\\/\\\/flamencomadrid.com\\\/es\\\/#\\\/schema\\\/person\\\/e60bef1612b66bdb46e0d88400bfab7e\"},\"description\":\"Flamenco senza frontiere: la storia di Ivo Glibota, un argentino che ha trovato a Madrid la sua casa flamenca. Un\u2019intervista intima su emozione, identit\u00e0 e notti indimenticabili nei tablao.\",\"breadcrumb\":{\"@id\":\"https:\\\/\\\/flamencomadrid.com\\\/it\\\/flamenco-sin-fronteras\\\/#breadcrumb\"},\"inLanguage\":\"it-IT\",\"potentialAction\":[{\"@type\":\"ReadAction\",\"target\":[[\"https:\\\/\\\/flamencomadrid.com\\\/it\\\/flamenco-sin-fronteras\\\/\"]]}]},{\"@type\":\"ImageObject\",\"inLanguage\":\"it-IT\",\"@id\":\"https:\\\/\\\/flamencomadrid.com\\\/it\\\/flamenco-sin-fronteras\\\/#primaryimage\",\"url\":\"https:\\\/\\\/flamencomadrid.com\\\/wp-content\\\/uploads\\\/2025\\\/07\\\/ivo-glibota-con-jose-maya.jpeg\",\"contentUrl\":\"https:\\\/\\\/flamencomadrid.com\\\/wp-content\\\/uploads\\\/2025\\\/07\\\/ivo-glibota-con-jose-maya.jpeg\",\"width\":769,\"height\":673,\"caption\":\"Fotograf\u00eda del gran Jose Maya con el adicionado argentino Ivo Glibota\"},{\"@type\":\"BreadcrumbList\",\"@id\":\"https:\\\/\\\/flamencomadrid.com\\\/it\\\/flamenco-sin-fronteras\\\/#breadcrumb\",\"itemListElement\":[{\"@type\":\"ListItem\",\"position\":1,\"name\":\"Home\",\"item\":\"https:\\\/\\\/flamencomadrid.com\\\/it\\\/\"},{\"@type\":\"ListItem\",\"position\":2,\"name\":\"De Argentina a Madrid: El Flamenco y un amor sin fronteras\"}]},{\"@type\":\"WebSite\",\"@id\":\"https:\\\/\\\/flamencomadrid.com\\\/it\\\/#website\",\"url\":\"https:\\\/\\\/flamencomadrid.com\\\/it\\\/\",\"name\":\"Flamenco Madrid\",\"description\":\"Otro sitio realizado con WordPress\",\"potentialAction\":[{\"@type\":\"SearchAction\",\"target\":{\"@type\":\"EntryPoint\",\"urlTemplate\":\"https:\\\/\\\/flamencomadrid.com\\\/it\\\/?s={search_term_string}\"},\"query-input\":{\"@type\":\"PropertyValueSpecification\",\"valueRequired\":true,\"valueName\":\"search_term_string\"}}],\"inLanguage\":\"it-IT\"},{\"@type\":\"Person\",\"@id\":\"https:\\\/\\\/flamencomadrid.com\\\/es\\\/#\\\/schema\\\/person\\\/e60bef1612b66bdb46e0d88400bfab7e\",\"name\":\"Miguel Blanco\",\"image\":{\"@type\":\"ImageObject\",\"inLanguage\":\"it-IT\",\"@id\":\"https:\\\/\\\/secure.gravatar.com\\\/avatar\\\/359874fd676a9bfbf3a5d62f8bb888a22a657034662dd62c3669b5e7274a1365?s=96&d=mm&r=g\",\"url\":\"https:\\\/\\\/secure.gravatar.com\\\/avatar\\\/359874fd676a9bfbf3a5d62f8bb888a22a657034662dd62c3669b5e7274a1365?s=96&d=mm&r=g\",\"contentUrl\":\"https:\\\/\\\/secure.gravatar.com\\\/avatar\\\/359874fd676a9bfbf3a5d62f8bb888a22a657034662dd62c3669b5e7274a1365?s=96&d=mm&r=g\",\"caption\":\"Miguel Blanco\"}}]}<\/script>\n<!-- \/ Yoast SEO plugin. -->","yoast_head_json":{"title":"Dall\u2019Argentina a Madrid: il flamenco e un amore senza frontiere - Flamenco Madrid","description":"Flamenco senza frontiere: la storia di Ivo Glibota, un argentino che ha trovato a Madrid la sua casa flamenca. Un\u2019intervista intima su emozione, identit\u00e0 e notti indimenticabili nei tablao.","robots":{"index":"index","follow":"follow","max-snippet":"max-snippet:-1","max-image-preview":"max-image-preview:large","max-video-preview":"max-video-preview:-1"},"canonical":"\/","og_locale":"it_IT","og_type":"article","og_title":"Dall\u2019Argentina a Madrid: il flamenco e un amore senza frontiere - Flamenco Madrid","og_description":"Flamenco senza frontiere: la storia di Ivo Glibota, un argentino che ha trovato a Madrid la sua casa flamenca. Un\u2019intervista intima su emozione, identit\u00e0 e notti indimenticabili nei tablao.","og_url":"https:\/\/flamencomadrid.com\/it\/flamenco-sin-fronteras\/","og_site_name":"Flamenco Madrid","article_published_time":"2025-07-07T08:31:32+00:00","og_image":[{"width":769,"height":673,"url":"https:\/\/flamencomadrid.com\/wp-content\/uploads\/2025\/07\/ivo-glibota-con-jose-maya.jpeg","type":"image\/jpeg"}],"author":"Miguel Blanco","twitter_card":"summary_large_image","twitter_misc":{"Scritto da":"Miguel Blanco","Tempo di lettura stimato":"4 minuti"},"schema":{"@context":"https:\/\/schema.org","@graph":[{"@type":"Article","@id":"https:\/\/flamencomadrid.com\/es\/flamenco-sin-fronteras\/#article","isPartOf":{"@id":"https:\/\/flamencomadrid.com\/es\/flamenco-sin-fronteras\/"},"author":{"name":"Miguel Blanco","@id":"https:\/\/flamencomadrid.com\/es\/#\/schema\/person\/e60bef1612b66bdb46e0d88400bfab7e"},"headline":"Dall\u2019Argentina a Madrid: il flamenco e un amore senza frontiere","datePublished":"2025-07-07T08:31:32+00:00","mainEntityOfPage":{"@id":"https:\/\/flamencomadrid.com\/es\/flamenco-sin-fronteras\/"},"wordCount":2591,"commentCount":0,"image":{"@id":"https:\/\/flamencomadrid.com\/es\/flamenco-sin-fronteras\/#primaryimage"},"thumbnailUrl":"https:\/\/flamencomadrid.com\/wp-content\/uploads\/2025\/07\/ivo-glibota-con-jose-maya.jpeg","articleSection":["Curiosidades Flamencas"],"inLanguage":"it-IT","potentialAction":[{"@type":"CommentAction","name":"Comment","target":["https:\/\/flamencomadrid.com\/es\/flamenco-sin-fronteras\/#respond"]}]},{"@type":"WebPage","@id":"https:\/\/flamencomadrid.com\/it\/flamenco-sin-fronteras\/","url":"https:\/\/flamencomadrid.com\/it\/flamenco-sin-fronteras\/","name":"Dall\u2019Argentina a Madrid: il flamenco e un amore senza frontiere - Flamenco Madrid","isPartOf":{"@id":"https:\/\/flamencomadrid.com\/it\/#website"},"primaryImageOfPage":{"@id":"https:\/\/flamencomadrid.com\/it\/flamenco-sin-fronteras\/#primaryimage"},"image":{"@id":"https:\/\/flamencomadrid.com\/es\/flamenco-sin-fronteras\/#primaryimage"},"thumbnailUrl":"https:\/\/flamencomadrid.com\/wp-content\/uploads\/2025\/07\/ivo-glibota-con-jose-maya.jpeg","datePublished":"2025-07-07T08:31:32+00:00","author":{"@id":"https:\/\/flamencomadrid.com\/es\/#\/schema\/person\/e60bef1612b66bdb46e0d88400bfab7e"},"description":"Flamenco senza frontiere: la storia di Ivo Glibota, un argentino che ha trovato a Madrid la sua casa flamenca. Un\u2019intervista intima su emozione, identit\u00e0 e notti indimenticabili nei tablao.","breadcrumb":{"@id":"https:\/\/flamencomadrid.com\/it\/flamenco-sin-fronteras\/#breadcrumb"},"inLanguage":"it-IT","potentialAction":[{"@type":"ReadAction","target":[["https:\/\/flamencomadrid.com\/it\/flamenco-sin-fronteras\/"]]}]},{"@type":"ImageObject","inLanguage":"it-IT","@id":"https:\/\/flamencomadrid.com\/it\/flamenco-sin-fronteras\/#primaryimage","url":"https:\/\/flamencomadrid.com\/wp-content\/uploads\/2025\/07\/ivo-glibota-con-jose-maya.jpeg","contentUrl":"https:\/\/flamencomadrid.com\/wp-content\/uploads\/2025\/07\/ivo-glibota-con-jose-maya.jpeg","width":769,"height":673,"caption":"Fotograf\u00eda del gran Jose Maya con el adicionado argentino Ivo Glibota"},{"@type":"BreadcrumbList","@id":"https:\/\/flamencomadrid.com\/it\/flamenco-sin-fronteras\/#breadcrumb","itemListElement":[{"@type":"ListItem","position":1,"name":"Home","item":"https:\/\/flamencomadrid.com\/it\/"},{"@type":"ListItem","position":2,"name":"De Argentina a Madrid: El Flamenco y un amor sin fronteras"}]},{"@type":"WebSite","@id":"https:\/\/flamencomadrid.com\/it\/#website","url":"https:\/\/flamencomadrid.com\/it\/","name":"Flamenco Madrid","description":"Otro sitio realizado con WordPress","potentialAction":[{"@type":"SearchAction","target":{"@type":"EntryPoint","urlTemplate":"https:\/\/flamencomadrid.com\/it\/?s={search_term_string}"},"query-input":{"@type":"PropertyValueSpecification","valueRequired":true,"valueName":"search_term_string"}}],"inLanguage":"it-IT"},{"@type":"Person","@id":"https:\/\/flamencomadrid.com\/es\/#\/schema\/person\/e60bef1612b66bdb46e0d88400bfab7e","name":"Miguel Blanco","image":{"@type":"ImageObject","inLanguage":"it-IT","@id":"https:\/\/secure.gravatar.com\/avatar\/359874fd676a9bfbf3a5d62f8bb888a22a657034662dd62c3669b5e7274a1365?s=96&d=mm&r=g","url":"https:\/\/secure.gravatar.com\/avatar\/359874fd676a9bfbf3a5d62f8bb888a22a657034662dd62c3669b5e7274a1365?s=96&d=mm&r=g","contentUrl":"https:\/\/secure.gravatar.com\/avatar\/359874fd676a9bfbf3a5d62f8bb888a22a657034662dd62c3669b5e7274a1365?s=96&d=mm&r=g","caption":"Miguel Blanco"}}]}},"_links":{"self":[{"href":"https:\/\/flamencomadrid.com\/it\/wp-json\/wp\/v2\/posts\/1150","targetHints":{"allow":["GET"]}}],"collection":[{"href":"https:\/\/flamencomadrid.com\/it\/wp-json\/wp\/v2\/posts"}],"about":[{"href":"https:\/\/flamencomadrid.com\/it\/wp-json\/wp\/v2\/types\/post"}],"author":[{"embeddable":true,"href":"https:\/\/flamencomadrid.com\/it\/wp-json\/wp\/v2\/users\/6"}],"replies":[{"embeddable":true,"href":"https:\/\/flamencomadrid.com\/it\/wp-json\/wp\/v2\/comments?post=1150"}],"version-history":[{"count":9,"href":"https:\/\/flamencomadrid.com\/it\/wp-json\/wp\/v2\/posts\/1150\/revisions"}],"predecessor-version":[{"id":1166,"href":"https:\/\/flamencomadrid.com\/it\/wp-json\/wp\/v2\/posts\/1150\/revisions\/1166"}],"wp:featuredmedia":[{"embeddable":true,"href":"https:\/\/flamencomadrid.com\/it\/wp-json\/wp\/v2\/media\/1164"}],"wp:attachment":[{"href":"https:\/\/flamencomadrid.com\/it\/wp-json\/wp\/v2\/media?parent=1150"}],"wp:term":[{"taxonomy":"category","embeddable":true,"href":"https:\/\/flamencomadrid.com\/it\/wp-json\/wp\/v2\/categories?post=1150"},{"taxonomy":"post_tag","embeddable":true,"href":"https:\/\/flamencomadrid.com\/it\/wp-json\/wp\/v2\/tags?post=1150"}],"curies":[{"name":"wp","href":"https:\/\/api.w.org\/{rel}","templated":true}]}}