{"id":1144,"date":"2025-07-13T10:06:59","date_gmt":"2025-07-13T08:06:59","guid":{"rendered":"https:\/\/flamencomadrid.com\/es\/?p=1144"},"modified":"2025-12-15T10:35:01","modified_gmt":"2025-12-15T09:35:01","slug":"un-paseo-por-los-barrios-flamencos-de-madrid","status":"publish","type":"post","link":"https:\/\/flamencomadrid.com\/it\/quartieri-flamenco-madrid\/","title":{"rendered":"Una Passeggiata nei Quartieri Flamenco di Madrid"},"content":{"rendered":"<p><\/p>\n<h2 data-start=\"2898\" data-end=\"2981\">Dove Risuona il Flamenco a Madrid? Una Passeggiata nei Quartieri con Pi\u00f9 Duende<\/h2>\n<p data-start=\"2983\" data-end=\"3256\">Madrid ha un comp\u00e1s segreto. Il flamenco non suona allo stesso modo nei vicoli del centro rispetto al cuore popolare di Lavapi\u00e9s o ai quartieri pi\u00f9 periferici, dove si trovano le sue radici. Ogni zona ha il suo <em data-start=\"3194\" data-end=\"3205\">soniquete<\/em>, il suo modo unico di vivere e sentire quest\u2019arte.<\/p>\n<p data-start=\"3258\" data-end=\"3487\">Vuoi fare una passeggiata diversa con flamencomadrid.com? Dimentica le solite guide turistiche. Andiamo a cercare il <em data-start=\"3375\" data-end=\"3383\">duende<\/em>, <strong data-start=\"3385\" data-end=\"3412\">quartiere per quartiere<\/strong>, per sentire dove batte il cuore del <strong data-start=\"3450\" data-end=\"3486\">flamenco pi\u00f9 autentico di Madrid<\/strong>.<\/p>\n<h2 data-start=\"3489\" data-end=\"3572\">Il Centro Storico (Letras, Sol, Austrias): Eleganza e Tradizione tra i Ciottoli<\/h2>\n<p data-start=\"3574\" data-end=\"4119\">Qui si respira storia. Tra piazze maestose e strade intitolate a grandi scrittori, il flamenco si veste di eleganza.<\/p>\n<p data-start=\"3574\" data-end=\"4119\">\u00c8 una zona di <strong>tablao leggendari<\/strong>, alcuni con pi\u00f9 di cento anni di arte alle spalle; <a href=\"https:\/\/tablaoflamenco1911.com\/it\/\">un tablao storico nel centro citt\u00e0<\/a> (immagina la solera del 1911 in Plaza de Santa Ana!), e altri pi\u00f9 recenti ma con un\u2019energia travolgente e artisti di primo livello (fai un salto da Cardamomo, nel Barrio de Las Letras!).<\/p>\n<p data-start=\"3574\" data-end=\"4119\"><img loading=\"lazy\" decoding=\"async\" class=\"aligncenter wp-image-1146 size-large\" src=\"https:\/\/flamencomadrid.com\/wp-content\/uploads\/2025\/07\/fachada_villarosa_optimizada-1024x576.jpg\" alt=\"La elegancia y la historia del flamenco en el centro de Madrid.\" width=\"900\" height=\"506\" \/><\/p>\n<h2 data-start=\"7439\" data-end=\"7499\">Lavapi\u00e9s: Il Caos Flamenco Pi\u00f9 Autentico e Multiculturale<\/h2>\n<p data-start=\"7501\" data-end=\"7969\">Scendere a Lavapi\u00e9s significa immergersi in una Madrid diversa: popolare, rumorosa, meticcia&#8230; e tremendamente flamenca! Qui forse non trovi il lusso, ma troverai la <strong data-start=\"7668\" data-end=\"7678\">verit\u00e0<\/strong>. \u00c8 il quartiere delle <strong data-start=\"7701\" data-end=\"7720\">scuole storiche<\/strong> dove si formano gli artisti (<em data-start=\"7750\" data-end=\"7771\">ciao, Amor de Dios!<\/em>), delle <strong data-start=\"7780\" data-end=\"7789\">pe\u00f1as<\/strong> dove si onora il cante puro, e dei <strong data-start=\"7825\" data-end=\"7832\">bar<\/strong> dove, se hai fortuna, la festa esplode all\u2019improvviso. Il flamenco di Lavapi\u00e9s \u00e8 pi\u00f9 crudo, pi\u00f9 da strada, pi\u00f9 imprevedibile. Pura vida!<\/p>\n<h2 data-start=\"7971\" data-end=\"8036\">Vallecas, Carabanchel, Ca\u00f1o Roto\u2026 La Radice che Nutre l\u2019Albero<\/h2>\n<p data-start=\"8038\" data-end=\"8320\">Bisogna allontanarsi un po\u2019 dal centro per trovare <strong data-start=\"8089\" data-end=\"8123\">la culla di molte saghe gitane<\/strong>, vere colonne del flamenco madrileno. Quartieri come <strong data-start=\"8177\" data-end=\"8189\">Vallecas<\/strong>, <strong data-start=\"8191\" data-end=\"8206\">Carabanchel<\/strong> (con zone come Pan Bendito) o lo storico <strong data-start=\"8248\" data-end=\"8261\">Ca\u00f1o Roto<\/strong> (<em data-start=\"8263\" data-end=\"8292\">ah, quel suono di chitarra!<\/em>) sono pura scuola flamenca.<\/p>\n<p data-start=\"8322\" data-end=\"8612\">Qui il flamenco non \u00e8 tanto spettacolo, ma <strong data-start=\"8365\" data-end=\"8396\">parte della vita quotidiana<\/strong>: feste familiari, pe\u00f1as di quartiere, ricorrenze vissute con passione. Non cercare grandi tablaos turistici, ma l\u2019eco della tradizione, il flamenco vissuto come eredit\u00e0. \u00c8 un altro Madrid, ma altrettanto essenziale.<\/p>\n<p data-start=\"8322\" data-end=\"8612\"><img loading=\"lazy\" decoding=\"async\" class=\"aligncenter wp-image-1147 size-large\" src=\"https:\/\/flamencomadrid.com\/wp-content\/uploads\/2025\/07\/vida_de_barrio_horizontal_opt-1024x683.jpg\" alt=\"La ra\u00edz familiar y la tradici\u00f3n flamenca en los barrios de la periferia de Madrid. \" width=\"900\" height=\"600\" \/><\/p>\n<h2 data-start=\"8614\" data-end=\"8658\">Tutta Madrid: Il Comp\u00e1s Non Si Ferma Mai!<\/h2>\n<p data-start=\"8660\" data-end=\"8831\">La verit\u00e0 \u00e8 che il flamenco a Madrid non finisce qui. Ci sono scuole in quasi tutti i quartieri, locali con concerti, festival che riempiono la citt\u00e0&#8230; \u00c8 un\u2019arte ovunque!<\/p>\n<p data-start=\"8833\" data-end=\"8968\">L\u2019importante \u00e8 cercarlo con le orecchie e il cuore aperti. Ogni quartiere ti racconter\u00e0 una storia flamenca diversa. Quale sar\u00e0 la tua?<\/p>\n<p><\/p>","protected":false},"excerpt":{"rendered":"Dove Risuona il Flamenco a Madrid? Una Passeggiata nei Quartieri con Pi\u00f9 Duende Madrid ha un comp\u00e1s segreto. Il flamenco non suona allo stesso modo nei vicoli del centro rispetto al cuore popolare di Lavapi\u00e9s o ai quartieri pi\u00f9 periferici, dove si trovano le sue radici. Ogni zona ha il suo soniquete, il suo modo&#8230;","protected":false},"author":6,"featured_media":1145,"comment_status":"open","ping_status":"open","sticky":false,"template":"","format":"standard","meta":{"_acf_changed":false,"footnotes":""},"categories":[13],"tags":[],"class_list":["post-1144","post","type-post","status-publish","format-standard","has-post-thumbnail","hentry","category-curiosidades-flamencas"],"acf":[],"yoast_head":"<!-- This site is optimized with the Yoast SEO plugin v27.4 - https:\/\/yoast.com\/product\/yoast-seo-wordpress\/ -->\n<title>Una Passeggiata nei Quartieri Flamenco di Madrid - Flamenco Madrid<\/title>\n<meta name=\"robots\" content=\"index, follow, max-snippet:-1, max-image-preview:large, max-video-preview:-1\" \/>\n<link rel=\"canonical\" href=\"\/\" \/>\n<meta property=\"og:locale\" content=\"it_IT\" \/>\n<meta property=\"og:type\" content=\"article\" \/>\n<meta property=\"og:title\" content=\"Una Passeggiata nei Quartieri Flamenco di Madrid - Flamenco Madrid\" \/>\n<meta property=\"og:url\" content=\"https:\/\/flamencomadrid.com\/it\/barrios-flamencos-madrid\/\" \/>\n<meta property=\"og:site_name\" content=\"Flamenco Madrid\" \/>\n<meta property=\"article:published_time\" content=\"2025-07-13T08:06:59+00:00\" \/>\n<meta property=\"article:modified_time\" content=\"2025-12-15T09:35:01+00:00\" \/>\n<meta property=\"og:image\" content=\"https:\/\/flamencomadrid.com\/wp-content\/uploads\/2025\/07\/madrid_flamenco_mapa_optimizado.jpg\" \/>\n\t<meta property=\"og:image:width\" content=\"1536\" \/>\n\t<meta property=\"og:image:height\" content=\"1024\" \/>\n\t<meta property=\"og:image:type\" content=\"image\/jpeg\" \/>\n<meta name=\"author\" content=\"Miguel Blanco\" \/>\n<meta name=\"twitter:card\" content=\"summary_large_image\" \/>\n<meta name=\"twitter:label1\" content=\"Scritto da\" \/>\n\t<meta name=\"twitter:data1\" content=\"Miguel Blanco\" \/>\n\t<meta name=\"twitter:label2\" content=\"Tempo di lettura stimato\" \/>\n\t<meta name=\"twitter:data2\" content=\"3 minuti\" \/>\n<script type=\"application\/ld+json\" class=\"yoast-schema-graph\">{\"@context\":\"https:\\\/\\\/schema.org\",\"@graph\":[{\"@type\":\"Article\",\"@id\":\"https:\\\/\\\/flamencomadrid.com\\\/es\\\/barrios-flamencos-madrid\\\/#article\",\"isPartOf\":{\"@id\":\"https:\\\/\\\/flamencomadrid.com\\\/es\\\/barrios-flamencos-madrid\\\/\"},\"author\":{\"name\":\"Miguel Blanco\",\"@id\":\"https:\\\/\\\/flamencomadrid.com\\\/es\\\/#\\\/schema\\\/person\\\/e60bef1612b66bdb46e0d88400bfab7e\"},\"headline\":\"Una Passeggiata nei Quartieri Flamenco di Madrid\",\"datePublished\":\"2025-07-13T08:06:59+00:00\",\"dateModified\":\"2025-12-15T09:35:01+00:00\",\"mainEntityOfPage\":{\"@id\":\"https:\\\/\\\/flamencomadrid.com\\\/es\\\/barrios-flamencos-madrid\\\/\"},\"wordCount\":1911,\"commentCount\":0,\"image\":{\"@id\":\"https:\\\/\\\/flamencomadrid.com\\\/es\\\/barrios-flamencos-madrid\\\/#primaryimage\"},\"thumbnailUrl\":\"https:\\\/\\\/flamencomadrid.com\\\/wp-content\\\/uploads\\\/2025\\\/07\\\/madrid_flamenco_mapa_optimizado.jpg\",\"articleSection\":[\"Curiosidades Flamencas\"],\"inLanguage\":\"it-IT\",\"potentialAction\":[{\"@type\":\"CommentAction\",\"name\":\"Comment\",\"target\":[\"https:\\\/\\\/flamencomadrid.com\\\/es\\\/barrios-flamencos-madrid\\\/#respond\"]}]},{\"@type\":\"WebPage\",\"@id\":\"https:\\\/\\\/flamencomadrid.com\\\/it\\\/barrios-flamencos-madrid\\\/\",\"url\":\"https:\\\/\\\/flamencomadrid.com\\\/it\\\/barrios-flamencos-madrid\\\/\",\"name\":\"Una Passeggiata nei Quartieri Flamenco di Madrid - Flamenco Madrid\",\"isPartOf\":{\"@id\":\"https:\\\/\\\/flamencomadrid.com\\\/it\\\/#website\"},\"primaryImageOfPage\":{\"@id\":\"https:\\\/\\\/flamencomadrid.com\\\/it\\\/barrios-flamencos-madrid\\\/#primaryimage\"},\"image\":{\"@id\":\"https:\\\/\\\/flamencomadrid.com\\\/es\\\/barrios-flamencos-madrid\\\/#primaryimage\"},\"thumbnailUrl\":\"https:\\\/\\\/flamencomadrid.com\\\/wp-content\\\/uploads\\\/2025\\\/07\\\/madrid_flamenco_mapa_optimizado.jpg\",\"datePublished\":\"2025-07-13T08:06:59+00:00\",\"dateModified\":\"2025-12-15T09:35:01+00:00\",\"author\":{\"@id\":\"https:\\\/\\\/flamencomadrid.com\\\/es\\\/#\\\/schema\\\/person\\\/e60bef1612b66bdb46e0d88400bfab7e\"},\"description\":\"\",\"breadcrumb\":{\"@id\":\"https:\\\/\\\/flamencomadrid.com\\\/it\\\/barrios-flamencos-madrid\\\/#breadcrumb\"},\"inLanguage\":\"it-IT\",\"potentialAction\":[{\"@type\":\"ReadAction\",\"target\":[[\"https:\\\/\\\/flamencomadrid.com\\\/it\\\/barrios-flamencos-madrid\\\/\"]]}]},{\"@type\":\"ImageObject\",\"inLanguage\":\"it-IT\",\"@id\":\"https:\\\/\\\/flamencomadrid.com\\\/it\\\/barrios-flamencos-madrid\\\/#primaryimage\",\"url\":\"https:\\\/\\\/flamencomadrid.com\\\/wp-content\\\/uploads\\\/2025\\\/07\\\/madrid_flamenco_mapa_optimizado.jpg\",\"contentUrl\":\"https:\\\/\\\/flamencomadrid.com\\\/wp-content\\\/uploads\\\/2025\\\/07\\\/madrid_flamenco_mapa_optimizado.jpg\",\"width\":1536,\"height\":1024,\"caption\":\"Sintiendo el diferente duende flamenco en los barrios de Madrid.\"},{\"@type\":\"BreadcrumbList\",\"@id\":\"https:\\\/\\\/flamencomadrid.com\\\/it\\\/barrios-flamencos-madrid\\\/#breadcrumb\",\"itemListElement\":[{\"@type\":\"ListItem\",\"position\":1,\"name\":\"Home\",\"item\":\"https:\\\/\\\/flamencomadrid.com\\\/it\\\/\"},{\"@type\":\"ListItem\",\"position\":2,\"name\":\"Un Paseo por los Barrios Flamencos de Madrid\"}]},{\"@type\":\"WebSite\",\"@id\":\"https:\\\/\\\/flamencomadrid.com\\\/it\\\/#website\",\"url\":\"https:\\\/\\\/flamencomadrid.com\\\/it\\\/\",\"name\":\"Flamenco Madrid\",\"description\":\"Otro sitio realizado con WordPress\",\"potentialAction\":[{\"@type\":\"SearchAction\",\"target\":{\"@type\":\"EntryPoint\",\"urlTemplate\":\"https:\\\/\\\/flamencomadrid.com\\\/it\\\/?s={search_term_string}\"},\"query-input\":{\"@type\":\"PropertyValueSpecification\",\"valueRequired\":true,\"valueName\":\"search_term_string\"}}],\"inLanguage\":\"it-IT\"},{\"@type\":\"Person\",\"@id\":\"https:\\\/\\\/flamencomadrid.com\\\/es\\\/#\\\/schema\\\/person\\\/e60bef1612b66bdb46e0d88400bfab7e\",\"name\":\"Miguel Blanco\",\"image\":{\"@type\":\"ImageObject\",\"inLanguage\":\"it-IT\",\"@id\":\"https:\\\/\\\/secure.gravatar.com\\\/avatar\\\/359874fd676a9bfbf3a5d62f8bb888a22a657034662dd62c3669b5e7274a1365?s=96&d=mm&r=g\",\"url\":\"https:\\\/\\\/secure.gravatar.com\\\/avatar\\\/359874fd676a9bfbf3a5d62f8bb888a22a657034662dd62c3669b5e7274a1365?s=96&d=mm&r=g\",\"contentUrl\":\"https:\\\/\\\/secure.gravatar.com\\\/avatar\\\/359874fd676a9bfbf3a5d62f8bb888a22a657034662dd62c3669b5e7274a1365?s=96&d=mm&r=g\",\"caption\":\"Miguel Blanco\"}}]}<\/script>\n<!-- \/ Yoast SEO plugin. -->","yoast_head_json":{"title":"Una Passeggiata nei Quartieri Flamenco di Madrid - Flamenco Madrid","robots":{"index":"index","follow":"follow","max-snippet":"max-snippet:-1","max-image-preview":"max-image-preview:large","max-video-preview":"max-video-preview:-1"},"canonical":"\/","og_locale":"it_IT","og_type":"article","og_title":"Una Passeggiata nei Quartieri Flamenco di Madrid - Flamenco Madrid","og_url":"https:\/\/flamencomadrid.com\/it\/barrios-flamencos-madrid\/","og_site_name":"Flamenco Madrid","article_published_time":"2025-07-13T08:06:59+00:00","article_modified_time":"2025-12-15T09:35:01+00:00","og_image":[{"width":1536,"height":1024,"url":"https:\/\/flamencomadrid.com\/wp-content\/uploads\/2025\/07\/madrid_flamenco_mapa_optimizado.jpg","type":"image\/jpeg"}],"author":"Miguel Blanco","twitter_card":"summary_large_image","twitter_misc":{"Scritto da":"Miguel Blanco","Tempo di lettura stimato":"3 minuti"},"schema":{"@context":"https:\/\/schema.org","@graph":[{"@type":"Article","@id":"https:\/\/flamencomadrid.com\/es\/barrios-flamencos-madrid\/#article","isPartOf":{"@id":"https:\/\/flamencomadrid.com\/es\/barrios-flamencos-madrid\/"},"author":{"name":"Miguel Blanco","@id":"https:\/\/flamencomadrid.com\/es\/#\/schema\/person\/e60bef1612b66bdb46e0d88400bfab7e"},"headline":"Una Passeggiata nei Quartieri Flamenco di Madrid","datePublished":"2025-07-13T08:06:59+00:00","dateModified":"2025-12-15T09:35:01+00:00","mainEntityOfPage":{"@id":"https:\/\/flamencomadrid.com\/es\/barrios-flamencos-madrid\/"},"wordCount":1911,"commentCount":0,"image":{"@id":"https:\/\/flamencomadrid.com\/es\/barrios-flamencos-madrid\/#primaryimage"},"thumbnailUrl":"https:\/\/flamencomadrid.com\/wp-content\/uploads\/2025\/07\/madrid_flamenco_mapa_optimizado.jpg","articleSection":["Curiosidades Flamencas"],"inLanguage":"it-IT","potentialAction":[{"@type":"CommentAction","name":"Comment","target":["https:\/\/flamencomadrid.com\/es\/barrios-flamencos-madrid\/#respond"]}]},{"@type":"WebPage","@id":"https:\/\/flamencomadrid.com\/it\/barrios-flamencos-madrid\/","url":"https:\/\/flamencomadrid.com\/it\/barrios-flamencos-madrid\/","name":"Una Passeggiata nei Quartieri Flamenco di Madrid - Flamenco Madrid","isPartOf":{"@id":"https:\/\/flamencomadrid.com\/it\/#website"},"primaryImageOfPage":{"@id":"https:\/\/flamencomadrid.com\/it\/barrios-flamencos-madrid\/#primaryimage"},"image":{"@id":"https:\/\/flamencomadrid.com\/es\/barrios-flamencos-madrid\/#primaryimage"},"thumbnailUrl":"https:\/\/flamencomadrid.com\/wp-content\/uploads\/2025\/07\/madrid_flamenco_mapa_optimizado.jpg","datePublished":"2025-07-13T08:06:59+00:00","dateModified":"2025-12-15T09:35:01+00:00","author":{"@id":"https:\/\/flamencomadrid.com\/es\/#\/schema\/person\/e60bef1612b66bdb46e0d88400bfab7e"},"description":"","breadcrumb":{"@id":"https:\/\/flamencomadrid.com\/it\/barrios-flamencos-madrid\/#breadcrumb"},"inLanguage":"it-IT","potentialAction":[{"@type":"ReadAction","target":[["https:\/\/flamencomadrid.com\/it\/barrios-flamencos-madrid\/"]]}]},{"@type":"ImageObject","inLanguage":"it-IT","@id":"https:\/\/flamencomadrid.com\/it\/barrios-flamencos-madrid\/#primaryimage","url":"https:\/\/flamencomadrid.com\/wp-content\/uploads\/2025\/07\/madrid_flamenco_mapa_optimizado.jpg","contentUrl":"https:\/\/flamencomadrid.com\/wp-content\/uploads\/2025\/07\/madrid_flamenco_mapa_optimizado.jpg","width":1536,"height":1024,"caption":"Sintiendo el diferente duende flamenco en los barrios de Madrid."},{"@type":"BreadcrumbList","@id":"https:\/\/flamencomadrid.com\/it\/barrios-flamencos-madrid\/#breadcrumb","itemListElement":[{"@type":"ListItem","position":1,"name":"Home","item":"https:\/\/flamencomadrid.com\/it\/"},{"@type":"ListItem","position":2,"name":"Un Paseo por los Barrios Flamencos de Madrid"}]},{"@type":"WebSite","@id":"https:\/\/flamencomadrid.com\/it\/#website","url":"https:\/\/flamencomadrid.com\/it\/","name":"Flamenco Madrid","description":"Otro sitio realizado con WordPress","potentialAction":[{"@type":"SearchAction","target":{"@type":"EntryPoint","urlTemplate":"https:\/\/flamencomadrid.com\/it\/?s={search_term_string}"},"query-input":{"@type":"PropertyValueSpecification","valueRequired":true,"valueName":"search_term_string"}}],"inLanguage":"it-IT"},{"@type":"Person","@id":"https:\/\/flamencomadrid.com\/es\/#\/schema\/person\/e60bef1612b66bdb46e0d88400bfab7e","name":"Miguel Blanco","image":{"@type":"ImageObject","inLanguage":"it-IT","@id":"https:\/\/secure.gravatar.com\/avatar\/359874fd676a9bfbf3a5d62f8bb888a22a657034662dd62c3669b5e7274a1365?s=96&d=mm&r=g","url":"https:\/\/secure.gravatar.com\/avatar\/359874fd676a9bfbf3a5d62f8bb888a22a657034662dd62c3669b5e7274a1365?s=96&d=mm&r=g","contentUrl":"https:\/\/secure.gravatar.com\/avatar\/359874fd676a9bfbf3a5d62f8bb888a22a657034662dd62c3669b5e7274a1365?s=96&d=mm&r=g","caption":"Miguel Blanco"}}]}},"_links":{"self":[{"href":"https:\/\/flamencomadrid.com\/it\/wp-json\/wp\/v2\/posts\/1144","targetHints":{"allow":["GET"]}}],"collection":[{"href":"https:\/\/flamencomadrid.com\/it\/wp-json\/wp\/v2\/posts"}],"about":[{"href":"https:\/\/flamencomadrid.com\/it\/wp-json\/wp\/v2\/types\/post"}],"author":[{"embeddable":true,"href":"https:\/\/flamencomadrid.com\/it\/wp-json\/wp\/v2\/users\/6"}],"replies":[{"embeddable":true,"href":"https:\/\/flamencomadrid.com\/it\/wp-json\/wp\/v2\/comments?post=1144"}],"version-history":[{"count":3,"href":"https:\/\/flamencomadrid.com\/it\/wp-json\/wp\/v2\/posts\/1144\/revisions"}],"predecessor-version":[{"id":1344,"href":"https:\/\/flamencomadrid.com\/it\/wp-json\/wp\/v2\/posts\/1144\/revisions\/1344"}],"wp:featuredmedia":[{"embeddable":true,"href":"https:\/\/flamencomadrid.com\/it\/wp-json\/wp\/v2\/media\/1145"}],"wp:attachment":[{"href":"https:\/\/flamencomadrid.com\/it\/wp-json\/wp\/v2\/media?parent=1144"}],"wp:term":[{"taxonomy":"category","embeddable":true,"href":"https:\/\/flamencomadrid.com\/it\/wp-json\/wp\/v2\/categories?post=1144"},{"taxonomy":"post_tag","embeddable":true,"href":"https:\/\/flamencomadrid.com\/it\/wp-json\/wp\/v2\/tags?post=1144"}],"curies":[{"name":"wp","href":"https:\/\/api.w.org\/{rel}","templated":true}]}}