{"id":1125,"date":"2025-06-25T19:10:26","date_gmt":"2025-06-25T17:10:26","guid":{"rendered":"https:\/\/flamencomadrid.com\/es\/?p=1125"},"modified":"2025-06-25T20:01:38","modified_gmt":"2025-06-25T18:01:38","slug":"el-madrid-de-los-cafes-cantantes-noches-de-juerga-y-quejio","status":"publish","type":"post","link":"https:\/\/flamencomadrid.com\/it\/i-cafe-cantantes\/","title":{"rendered":"La Madrid dei Caf\u00e9s Cantantes: Notti di Festa e di Quej\u00edo"},"content":{"rendered":"<p><\/p>\n<p data-start=\"3224\" data-end=\"3677\">Immagina di chiudere gli occhi e tornare nella Madrid di fine Ottocento. Le strade odorano di gas, le carrozze fanno rumore, e quando scende la notte una musica nuova e struggente comincia a risuonare in locali che stanno rivoluzionando la citt\u00e0: i <strong data-start=\"3473\" data-end=\"3492\">Caf\u00e9s Cantantes<\/strong>. Ah, amico mio! Non erano semplici bar. Erano il cuore pulsante della modernit\u00e0, della boh\u00e8me \u2014 e il primo grande palcoscenico dove il <strong data-start=\"3628\" data-end=\"3640\">flamenco<\/strong> iss\u00f2 la sua bandiera nella capitale!<\/p>\n<p data-start=\"3679\" data-end=\"4004\">Anche se le sue radici <em data-start=\"3702\" data-end=\"3710\">jondas<\/em> sono nel sud, \u00e8 qui, nel fermento di Madrid, che il flamenco divenne professionale, si affin\u00f2 e conquist\u00f2 tutti. Su flamenco-madrid.com ti invitiamo a immergerti in quelle notti leggendarie e scoprire <strong data-start=\"3912\" data-end=\"3957\">l\u2019et\u00e0 d\u2019oro dei caf\u00e9s cantantes madrileni<\/strong>. Prendi un bicchiere immaginario\u2026 si comincia!<\/p>\n<h2 data-start=\"4006\" data-end=\"4072\">Caff\u00e8, Bicchiere&#8230; e Flamenco? Cos\u00ec Erano Quei Templi Notturni<\/h2>\n<p data-start=\"4074\" data-end=\"4392\">Dimentica il tablao intimo di oggi. I caf\u00e9s cantantes erano enormi! Sale decorate sfarzosamente, a volte un po\u2019 decadenti, piene di specchi, velluti e fumo. Il piano? Una lunga notte con un po\u2019 di tutto: cantanti di cupl\u00e9, numeri comici, danze regionali&#8230; e sempre pi\u00f9 spesso, la stella della serata: il <strong data-start=\"4379\" data-end=\"4391\">flamenco<\/strong>.<\/p>\n<p data-start=\"4394\" data-end=\"4718\">L\u00ec si mescolava tutta Madrid: giovani signori in cerca di emozioni forti, intellettuali e artisti affascinati da quest\u2019arte \u201cautentica\u201d, e gente del popolo che ritrovava in quelle note le proprie gioie e dolori. Che atmosfera doveva esserci! Tra palmas, bicchieri e qualche scandalo, il flamenco cresceva a passi da gigante.<\/p>\n<p data-start=\"4394\" data-end=\"4718\"><img loading=\"lazy\" decoding=\"async\" class=\"aligncenter wp-image-1129 size-large\" src=\"https:\/\/flamencomadrid.com\/wp-content\/uploads\/2025\/06\/cafe_suizo_madrid_ca-1873-1024x745.jpeg\" alt=\"Dibujo (alegor\u00eda del Madrid de la segunda mitad del siglo XIX) con varios tipos castizos ante el Cafe Suizo, con un cartel de la proclamaci\u00f3n de la Rep\u00fablica Federal.\" width=\"900\" height=\"655\" \/><\/p>\n<h2 data-start=\"2667\" data-end=\"2721\">Madrid: Il Magnete Irresistibile per l\u2019Arte del Sud<\/h2>\n<p data-start=\"2723\" data-end=\"2825\">Perch\u00e9 Madrid \u00e8 diventata la Mecca dei caff\u00e8 cantanti e del flamenco? Perch\u00e9 Madrid era (ed \u00e8) Madrid.<\/p>\n<p data-start=\"2827\" data-end=\"3190\">Era la Capitale: Qui si muovevano soldi, politica, cultura\u2026 e festa!<br data-start=\"2895\" data-end=\"2898\" \/>Fame di Novit\u00e0: Il pubblico madrileno \u00e8 sempre stato curioso e aperto a nuovi spettacoli.<br data-start=\"2987\" data-end=\"2990\" \/>Il Sogno del Successo: Per un cantaor, una bailaora o un chitarrista del sud, trionfare a Madrid era il passaporto per la fama \u2014 e per vivere della propria arte. Tutti volevano tentare la fortuna qui!<\/p>\n<p data-start=\"3192\" data-end=\"3447\">Nomi come il Caf\u00e9 de Silverio (anche se era sivigliano, qui ha organizzato feste memorabili!), il Caf\u00e9 de Chinitas (non quello di M\u00e1laga!), El Gato, il Barbieri\u2026 sono entrati nella leggenda. I loro cartelloni annunciavano le pi\u00f9 grandi stelle del momento.<\/p>\n<h3 data-start=\"3449\" data-end=\"3493\">Figure Diventate Giganti tra Quelle Mura<\/h3>\n<p data-start=\"3495\" data-end=\"3879\">Immagina chi \u00e8 passato di l\u00ec! Su quei palchi si consacrarono maestri come Don Antonio Chac\u00f3n con la sua eleganza nel canto; l\u2019inimitabile Pastora Pav\u00f3n &#8220;Ni\u00f1a de los Peines&#8221;, che sapeva cantare tutto e sempre alla perfezione; il temperamento infuocato di Manuel Torre\u2026 Furono i primi veri \u201cprofessionisti\u201d del flamenco, coloro che iniziarono a definire gli stili e a creare una scuola.<\/p>\n<p data-start=\"3495\" data-end=\"3879\"><img loading=\"lazy\" decoding=\"async\" class=\"aligncenter wp-image-1126 size-large\" src=\"https:\/\/flamencomadrid.com\/wp-content\/uploads\/2025\/06\/oleo-de-un-cafe-cantante-de-lorca-1024x630.jpeg\" alt=\"El vibrante ambiente de un caf\u00e9 cantante en el Madrid del siglo XIX.\" width=\"900\" height=\"554\" \/><\/p>\n<h2 data-start=\"2508\" data-end=\"2576\">Cosa ci hanno lasciato i Caf\u00e9s Cantantes (oltre al Mal di Testa)?<\/h2>\n<p data-start=\"2578\" data-end=\"2614\">Tantissimo! Sono stati fondamentali:<\/p>\n<ul data-start=\"2616\" data-end=\"3100\">\n<li data-start=\"2616\" data-end=\"2751\">\n<p data-start=\"2618\" data-end=\"2751\"><strong data-start=\"2618\" data-end=\"2644\">Professionalizzazione:<\/strong> Basta cantare solo per amore dell\u2019arte! Gli artisti iniziarono a firmare contratti e a vivere di questo.<\/p>\n<\/li>\n<li data-start=\"2752\" data-end=\"2893\">\n<p data-start=\"2754\" data-end=\"2893\"><strong data-start=\"2754\" data-end=\"2780\">Definizione dei Palos:<\/strong> Con cos\u00ec tante esibizioni, i canti e i balli si affinarono, formando le strutture base di molti palos di oggi.<\/p>\n<\/li>\n<li data-start=\"2894\" data-end=\"2992\">\n<p data-start=\"2896\" data-end=\"2992\"><strong data-start=\"2896\" data-end=\"2923\">Il Flamenco per Tutti!:<\/strong> Usc\u00ec dalle feste private e arriv\u00f2 a un pubblico vasto e variegato.<\/p>\n<\/li>\n<li data-start=\"2993\" data-end=\"3100\">\n<p data-start=\"2995\" data-end=\"3100\"><strong data-start=\"2995\" data-end=\"3031\">Sana (e Meno Sana) Competizione:<\/strong> La rivalit\u00e0 tra artisti e locali fece alzare il livello alle stelle.<\/p>\n<\/li>\n<\/ul>\n<h2 data-start=\"3102\" data-end=\"3147\">La Fine di un\u2019Era\u2026 o l\u2019Inizio di un\u2019Altra?<\/h2>\n<p data-start=\"3149\" data-end=\"3421\">Come tutte le mode, anche quella dei caf\u00e9s cantantes \u00e8 passata. Arrivarono i teatri dell\u2019\u201c\u00d3pera Flamenca\u201d e poi i tablaos raccolti di oggi.<br data-start=\"3288\" data-end=\"3291\" \/>Ma lo spirito di quei luoghi pionieristici \u2014 quel mix di arte, festa e passione \u2014 aleggia ancora nell\u2019aria del flamenco madrileno.<\/p>\n<p data-start=\"3423\" data-end=\"3635\">La prossima volta che ti siedi in un buon tablao madrileno e senti quella connessione intima con l\u2019artista,<br data-start=\"3530\" data-end=\"3533\" \/>ricorda che un po\u2019 di quella magia la devi a quei rumorosi e affascinanti caf\u00e9s cantantes del passato.<\/p>\n<hr data-start=\"3637\" data-end=\"3640\" \/>\n<p data-start=\"3642\" data-end=\"3741\" data-is-last-node=\"\" data-is-only-node=\"\">\n<p><\/p>","protected":false},"excerpt":{"rendered":"Immagina di chiudere gli occhi e tornare nella Madrid di fine Ottocento. Le strade odorano di gas, le carrozze fanno rumore, e quando scende la notte una musica nuova e struggente comincia a risuonare in locali che stanno rivoluzionando la citt\u00e0: i Caf\u00e9s Cantantes. Ah, amico mio! Non erano semplici bar. Erano il cuore pulsante&#8230;","protected":false},"author":6,"featured_media":1131,"comment_status":"open","ping_status":"open","sticky":false,"template":"","format":"standard","meta":{"_acf_changed":false,"footnotes":""},"categories":[13],"tags":[],"class_list":["post-1125","post","type-post","status-publish","format-standard","has-post-thumbnail","hentry","category-curiosidades-flamencas"],"acf":[],"yoast_head":"<!-- This site is optimized with the Yoast SEO plugin v27.4 - https:\/\/yoast.com\/product\/yoast-seo-wordpress\/ -->\n<title>La Madrid dei Caf\u00e9s Cantantes: Notti di Festa e di Quej\u00edo - Flamenco Madrid<\/title>\n<meta name=\"description\" content=\"Scopri l\u2019eredit\u00e0 dei caf\u00e9s cantantes a Madrid: la nascita del flamenco professionale e il palcoscenico dove tutto ha preso forma.\" \/>\n<meta name=\"robots\" content=\"index, follow, max-snippet:-1, max-image-preview:large, max-video-preview:-1\" \/>\n<link rel=\"canonical\" href=\"\/\" \/>\n<meta property=\"og:locale\" content=\"it_IT\" \/>\n<meta property=\"og:type\" content=\"article\" \/>\n<meta property=\"og:title\" content=\"La Madrid dei Caf\u00e9s Cantantes: Notti di Festa e di Quej\u00edo - Flamenco Madrid\" \/>\n<meta property=\"og:description\" content=\"Scopri l\u2019eredit\u00e0 dei caf\u00e9s cantantes a Madrid: la nascita del flamenco professionale e il palcoscenico dove tutto ha preso forma.\" \/>\n<meta property=\"og:url\" content=\"https:\/\/flamencomadrid.com\/it\/los-cafes-cantantes\/\" \/>\n<meta property=\"og:site_name\" content=\"Flamenco Madrid\" \/>\n<meta property=\"article:published_time\" content=\"2025-06-25T17:10:26+00:00\" \/>\n<meta property=\"article:modified_time\" content=\"2025-06-25T18:01:38+00:00\" \/>\n<meta property=\"og:image\" content=\"https:\/\/flamencomadrid.com\/wp-content\/uploads\/2025\/06\/cafe-cantante-3.jpg\" \/>\n\t<meta property=\"og:image:width\" content=\"601\" \/>\n\t<meta property=\"og:image:height\" content=\"410\" \/>\n\t<meta property=\"og:image:type\" content=\"image\/jpeg\" \/>\n<meta name=\"author\" content=\"Miguel Blanco\" \/>\n<meta name=\"twitter:card\" content=\"summary_large_image\" \/>\n<meta name=\"twitter:label1\" content=\"Scritto da\" \/>\n\t<meta name=\"twitter:data1\" content=\"Miguel Blanco\" \/>\n\t<meta name=\"twitter:label2\" content=\"Tempo di lettura stimato\" \/>\n\t<meta name=\"twitter:data2\" content=\"4 minuti\" \/>\n<script type=\"application\/ld+json\" class=\"yoast-schema-graph\">{\"@context\":\"https:\\\/\\\/schema.org\",\"@graph\":[{\"@type\":\"Article\",\"@id\":\"https:\\\/\\\/flamencomadrid.com\\\/es\\\/los-cafes-cantantes\\\/#article\",\"isPartOf\":{\"@id\":\"https:\\\/\\\/flamencomadrid.com\\\/es\\\/los-cafes-cantantes\\\/\"},\"author\":{\"name\":\"Miguel Blanco\",\"@id\":\"https:\\\/\\\/flamencomadrid.com\\\/es\\\/#\\\/schema\\\/person\\\/e60bef1612b66bdb46e0d88400bfab7e\"},\"headline\":\"La Madrid dei Caf\u00e9s Cantantes: Notti di Festa e di Quej\u00edo\",\"datePublished\":\"2025-06-25T17:10:26+00:00\",\"dateModified\":\"2025-06-25T18:01:38+00:00\",\"mainEntityOfPage\":{\"@id\":\"https:\\\/\\\/flamencomadrid.com\\\/es\\\/los-cafes-cantantes\\\/\"},\"wordCount\":2716,\"commentCount\":0,\"image\":{\"@id\":\"https:\\\/\\\/flamencomadrid.com\\\/es\\\/los-cafes-cantantes\\\/#primaryimage\"},\"thumbnailUrl\":\"https:\\\/\\\/flamencomadrid.com\\\/wp-content\\\/uploads\\\/2025\\\/06\\\/cafe-cantante-3.jpg\",\"articleSection\":[\"Curiosidades Flamencas\"],\"inLanguage\":\"it-IT\",\"potentialAction\":[{\"@type\":\"CommentAction\",\"name\":\"Comment\",\"target\":[\"https:\\\/\\\/flamencomadrid.com\\\/es\\\/los-cafes-cantantes\\\/#respond\"]}]},{\"@type\":\"WebPage\",\"@id\":\"https:\\\/\\\/flamencomadrid.com\\\/it\\\/los-cafes-cantantes\\\/\",\"url\":\"https:\\\/\\\/flamencomadrid.com\\\/it\\\/los-cafes-cantantes\\\/\",\"name\":\"La Madrid dei Caf\u00e9s Cantantes: Notti di Festa e di Quej\u00edo - Flamenco Madrid\",\"isPartOf\":{\"@id\":\"https:\\\/\\\/flamencomadrid.com\\\/it\\\/#website\"},\"primaryImageOfPage\":{\"@id\":\"https:\\\/\\\/flamencomadrid.com\\\/it\\\/los-cafes-cantantes\\\/#primaryimage\"},\"image\":{\"@id\":\"https:\\\/\\\/flamencomadrid.com\\\/es\\\/los-cafes-cantantes\\\/#primaryimage\"},\"thumbnailUrl\":\"https:\\\/\\\/flamencomadrid.com\\\/wp-content\\\/uploads\\\/2025\\\/06\\\/cafe-cantante-3.jpg\",\"datePublished\":\"2025-06-25T17:10:26+00:00\",\"dateModified\":\"2025-06-25T18:01:38+00:00\",\"author\":{\"@id\":\"https:\\\/\\\/flamencomadrid.com\\\/es\\\/#\\\/schema\\\/person\\\/e60bef1612b66bdb46e0d88400bfab7e\"},\"description\":\"Scopri l\u2019eredit\u00e0 dei caf\u00e9s cantantes a Madrid: la nascita del flamenco professionale e il palcoscenico dove tutto ha preso forma.\",\"breadcrumb\":{\"@id\":\"https:\\\/\\\/flamencomadrid.com\\\/it\\\/los-cafes-cantantes\\\/#breadcrumb\"},\"inLanguage\":\"it-IT\",\"potentialAction\":[{\"@type\":\"ReadAction\",\"target\":[[\"https:\\\/\\\/flamencomadrid.com\\\/it\\\/los-cafes-cantantes\\\/\"]]}]},{\"@type\":\"ImageObject\",\"inLanguage\":\"it-IT\",\"@id\":\"https:\\\/\\\/flamencomadrid.com\\\/it\\\/los-cafes-cantantes\\\/#primaryimage\",\"url\":\"https:\\\/\\\/flamencomadrid.com\\\/wp-content\\\/uploads\\\/2025\\\/06\\\/cafe-cantante-3.jpg\",\"contentUrl\":\"https:\\\/\\\/flamencomadrid.com\\\/wp-content\\\/uploads\\\/2025\\\/06\\\/cafe-cantante-3.jpg\",\"width\":601,\"height\":410},{\"@type\":\"BreadcrumbList\",\"@id\":\"https:\\\/\\\/flamencomadrid.com\\\/it\\\/los-cafes-cantantes\\\/#breadcrumb\",\"itemListElement\":[{\"@type\":\"ListItem\",\"position\":1,\"name\":\"Home\",\"item\":\"https:\\\/\\\/flamencomadrid.com\\\/it\\\/\"},{\"@type\":\"ListItem\",\"position\":2,\"name\":\"El Madrid de los Caf\u00e9s Cantantes: Noches de Juerga y Quej\u00edo\"}]},{\"@type\":\"WebSite\",\"@id\":\"https:\\\/\\\/flamencomadrid.com\\\/it\\\/#website\",\"url\":\"https:\\\/\\\/flamencomadrid.com\\\/it\\\/\",\"name\":\"Flamenco Madrid\",\"description\":\"Otro sitio realizado con WordPress\",\"potentialAction\":[{\"@type\":\"SearchAction\",\"target\":{\"@type\":\"EntryPoint\",\"urlTemplate\":\"https:\\\/\\\/flamencomadrid.com\\\/it\\\/?s={search_term_string}\"},\"query-input\":{\"@type\":\"PropertyValueSpecification\",\"valueRequired\":true,\"valueName\":\"search_term_string\"}}],\"inLanguage\":\"it-IT\"},{\"@type\":\"Person\",\"@id\":\"https:\\\/\\\/flamencomadrid.com\\\/es\\\/#\\\/schema\\\/person\\\/e60bef1612b66bdb46e0d88400bfab7e\",\"name\":\"Miguel Blanco\",\"image\":{\"@type\":\"ImageObject\",\"inLanguage\":\"it-IT\",\"@id\":\"https:\\\/\\\/secure.gravatar.com\\\/avatar\\\/359874fd676a9bfbf3a5d62f8bb888a22a657034662dd62c3669b5e7274a1365?s=96&d=mm&r=g\",\"url\":\"https:\\\/\\\/secure.gravatar.com\\\/avatar\\\/359874fd676a9bfbf3a5d62f8bb888a22a657034662dd62c3669b5e7274a1365?s=96&d=mm&r=g\",\"contentUrl\":\"https:\\\/\\\/secure.gravatar.com\\\/avatar\\\/359874fd676a9bfbf3a5d62f8bb888a22a657034662dd62c3669b5e7274a1365?s=96&d=mm&r=g\",\"caption\":\"Miguel Blanco\"}}]}<\/script>\n<!-- \/ Yoast SEO plugin. -->","yoast_head_json":{"title":"La Madrid dei Caf\u00e9s Cantantes: Notti di Festa e di Quej\u00edo - Flamenco Madrid","description":"Scopri l\u2019eredit\u00e0 dei caf\u00e9s cantantes a Madrid: la nascita del flamenco professionale e il palcoscenico dove tutto ha preso forma.","robots":{"index":"index","follow":"follow","max-snippet":"max-snippet:-1","max-image-preview":"max-image-preview:large","max-video-preview":"max-video-preview:-1"},"canonical":"\/","og_locale":"it_IT","og_type":"article","og_title":"La Madrid dei Caf\u00e9s Cantantes: Notti di Festa e di Quej\u00edo - Flamenco Madrid","og_description":"Scopri l\u2019eredit\u00e0 dei caf\u00e9s cantantes a Madrid: la nascita del flamenco professionale e il palcoscenico dove tutto ha preso forma.","og_url":"https:\/\/flamencomadrid.com\/it\/los-cafes-cantantes\/","og_site_name":"Flamenco Madrid","article_published_time":"2025-06-25T17:10:26+00:00","article_modified_time":"2025-06-25T18:01:38+00:00","og_image":[{"width":601,"height":410,"url":"https:\/\/flamencomadrid.com\/wp-content\/uploads\/2025\/06\/cafe-cantante-3.jpg","type":"image\/jpeg"}],"author":"Miguel Blanco","twitter_card":"summary_large_image","twitter_misc":{"Scritto da":"Miguel Blanco","Tempo di lettura stimato":"4 minuti"},"schema":{"@context":"https:\/\/schema.org","@graph":[{"@type":"Article","@id":"https:\/\/flamencomadrid.com\/es\/los-cafes-cantantes\/#article","isPartOf":{"@id":"https:\/\/flamencomadrid.com\/es\/los-cafes-cantantes\/"},"author":{"name":"Miguel Blanco","@id":"https:\/\/flamencomadrid.com\/es\/#\/schema\/person\/e60bef1612b66bdb46e0d88400bfab7e"},"headline":"La Madrid dei Caf\u00e9s Cantantes: Notti di Festa e di Quej\u00edo","datePublished":"2025-06-25T17:10:26+00:00","dateModified":"2025-06-25T18:01:38+00:00","mainEntityOfPage":{"@id":"https:\/\/flamencomadrid.com\/es\/los-cafes-cantantes\/"},"wordCount":2716,"commentCount":0,"image":{"@id":"https:\/\/flamencomadrid.com\/es\/los-cafes-cantantes\/#primaryimage"},"thumbnailUrl":"https:\/\/flamencomadrid.com\/wp-content\/uploads\/2025\/06\/cafe-cantante-3.jpg","articleSection":["Curiosidades Flamencas"],"inLanguage":"it-IT","potentialAction":[{"@type":"CommentAction","name":"Comment","target":["https:\/\/flamencomadrid.com\/es\/los-cafes-cantantes\/#respond"]}]},{"@type":"WebPage","@id":"https:\/\/flamencomadrid.com\/it\/los-cafes-cantantes\/","url":"https:\/\/flamencomadrid.com\/it\/los-cafes-cantantes\/","name":"La Madrid dei Caf\u00e9s Cantantes: Notti di Festa e di Quej\u00edo - Flamenco Madrid","isPartOf":{"@id":"https:\/\/flamencomadrid.com\/it\/#website"},"primaryImageOfPage":{"@id":"https:\/\/flamencomadrid.com\/it\/los-cafes-cantantes\/#primaryimage"},"image":{"@id":"https:\/\/flamencomadrid.com\/es\/los-cafes-cantantes\/#primaryimage"},"thumbnailUrl":"https:\/\/flamencomadrid.com\/wp-content\/uploads\/2025\/06\/cafe-cantante-3.jpg","datePublished":"2025-06-25T17:10:26+00:00","dateModified":"2025-06-25T18:01:38+00:00","author":{"@id":"https:\/\/flamencomadrid.com\/es\/#\/schema\/person\/e60bef1612b66bdb46e0d88400bfab7e"},"description":"Scopri l\u2019eredit\u00e0 dei caf\u00e9s cantantes a Madrid: la nascita del flamenco professionale e il palcoscenico dove tutto ha preso forma.","breadcrumb":{"@id":"https:\/\/flamencomadrid.com\/it\/los-cafes-cantantes\/#breadcrumb"},"inLanguage":"it-IT","potentialAction":[{"@type":"ReadAction","target":[["https:\/\/flamencomadrid.com\/it\/los-cafes-cantantes\/"]]}]},{"@type":"ImageObject","inLanguage":"it-IT","@id":"https:\/\/flamencomadrid.com\/it\/los-cafes-cantantes\/#primaryimage","url":"https:\/\/flamencomadrid.com\/wp-content\/uploads\/2025\/06\/cafe-cantante-3.jpg","contentUrl":"https:\/\/flamencomadrid.com\/wp-content\/uploads\/2025\/06\/cafe-cantante-3.jpg","width":601,"height":410},{"@type":"BreadcrumbList","@id":"https:\/\/flamencomadrid.com\/it\/los-cafes-cantantes\/#breadcrumb","itemListElement":[{"@type":"ListItem","position":1,"name":"Home","item":"https:\/\/flamencomadrid.com\/it\/"},{"@type":"ListItem","position":2,"name":"El Madrid de los Caf\u00e9s Cantantes: Noches de Juerga y Quej\u00edo"}]},{"@type":"WebSite","@id":"https:\/\/flamencomadrid.com\/it\/#website","url":"https:\/\/flamencomadrid.com\/it\/","name":"Flamenco Madrid","description":"Otro sitio realizado con WordPress","potentialAction":[{"@type":"SearchAction","target":{"@type":"EntryPoint","urlTemplate":"https:\/\/flamencomadrid.com\/it\/?s={search_term_string}"},"query-input":{"@type":"PropertyValueSpecification","valueRequired":true,"valueName":"search_term_string"}}],"inLanguage":"it-IT"},{"@type":"Person","@id":"https:\/\/flamencomadrid.com\/es\/#\/schema\/person\/e60bef1612b66bdb46e0d88400bfab7e","name":"Miguel Blanco","image":{"@type":"ImageObject","inLanguage":"it-IT","@id":"https:\/\/secure.gravatar.com\/avatar\/359874fd676a9bfbf3a5d62f8bb888a22a657034662dd62c3669b5e7274a1365?s=96&d=mm&r=g","url":"https:\/\/secure.gravatar.com\/avatar\/359874fd676a9bfbf3a5d62f8bb888a22a657034662dd62c3669b5e7274a1365?s=96&d=mm&r=g","contentUrl":"https:\/\/secure.gravatar.com\/avatar\/359874fd676a9bfbf3a5d62f8bb888a22a657034662dd62c3669b5e7274a1365?s=96&d=mm&r=g","caption":"Miguel Blanco"}}]}},"_links":{"self":[{"href":"https:\/\/flamencomadrid.com\/it\/wp-json\/wp\/v2\/posts\/1125","targetHints":{"allow":["GET"]}}],"collection":[{"href":"https:\/\/flamencomadrid.com\/it\/wp-json\/wp\/v2\/posts"}],"about":[{"href":"https:\/\/flamencomadrid.com\/it\/wp-json\/wp\/v2\/types\/post"}],"author":[{"embeddable":true,"href":"https:\/\/flamencomadrid.com\/it\/wp-json\/wp\/v2\/users\/6"}],"replies":[{"embeddable":true,"href":"https:\/\/flamencomadrid.com\/it\/wp-json\/wp\/v2\/comments?post=1125"}],"version-history":[{"count":4,"href":"https:\/\/flamencomadrid.com\/it\/wp-json\/wp\/v2\/posts\/1125\/revisions"}],"predecessor-version":[{"id":1132,"href":"https:\/\/flamencomadrid.com\/it\/wp-json\/wp\/v2\/posts\/1125\/revisions\/1132"}],"wp:featuredmedia":[{"embeddable":true,"href":"https:\/\/flamencomadrid.com\/it\/wp-json\/wp\/v2\/media\/1131"}],"wp:attachment":[{"href":"https:\/\/flamencomadrid.com\/it\/wp-json\/wp\/v2\/media?parent=1125"}],"wp:term":[{"taxonomy":"category","embeddable":true,"href":"https:\/\/flamencomadrid.com\/it\/wp-json\/wp\/v2\/categories?post=1125"},{"taxonomy":"post_tag","embeddable":true,"href":"https:\/\/flamencomadrid.com\/it\/wp-json\/wp\/v2\/tags?post=1125"}],"curies":[{"name":"wp","href":"https:\/\/api.w.org\/{rel}","templated":true}]}}