{"id":1072,"date":"2025-04-21T14:32:22","date_gmt":"2025-04-21T12:32:22","guid":{"rendered":"https:\/\/flamencomadrid.com\/es\/?p=1072"},"modified":"2025-04-22T15:14:36","modified_gmt":"2025-04-22T13:14:36","slug":"ii-festival-de-la-guitarra-de-madrid-2025-cartel-de-lujo-y-homenaje-a-sabicas","status":"publish","type":"post","link":"https:\/\/flamencomadrid.com\/it\/festival-chitarra-madrid-2025\/","title":{"rendered":"2\u00ba Festival della Chitarra di Madrid 2025: Line-up d\u2019Eccezione e Omaggio a Sabicas"},"content":{"rendered":"<p><\/p>\n<p class=\"\" data-start=\"1174\" data-end=\"1627\">Madrid si prepara a vibrare al suono delle sei corde con la seconda edizione del Festival della Chitarra, un\u2019iniziativa della Comunit\u00e0 di Madrid che, dopo il grande successo del debutto dedicato a Ram\u00f3n Montoya, torna ai Teatros del Canal dal 22 al 27 aprile 2025. Quest\u2019anno, il festival rende omaggio a una figura rivoluzionaria \u2014 un genio navarro che ha conquistato il mondo da New York: l\u2019indimenticabile Agust\u00edn Castell\u00f3n Campos, in arte &#8220;Sabicas&#8221;.<\/p>\n<h2 class=\"\" data-start=\"350\" data-end=\"426\">Approfondendo l\u2019Eredit\u00e0: Attivit\u00e0 Parallele nella Sala Negra (Gratuite)<\/h2>\n<p data-start=\"1884\" data-end=\"2050\">Per comprendere meglio il maestro e il suo contesto, la Sala Negra dei Teatros del Canal ospiter\u00e0 tre giornate di riflessione e musica a ingresso libero:<\/p>\n<ul data-start=\"2052\" data-end=\"2717\">\n<li class=\"\" data-start=\"2052\" data-end=\"2248\">\n<p class=\"\" data-start=\"2054\" data-end=\"2248\"><strong data-start=\"2054\" data-end=\"2077\">Marted\u00ec 22 (18:30):<\/strong> Tavola rotonda \u00abSabicas. Un nuovo suono&#8230;\u00bb con figure come Jos\u00e9 Manuel Gamboa, Serranito e giovani talenti come Alejandro Hurtado. A seguire, concerto di Javier Conde.<\/p>\n<\/li>\n<li class=\"\" data-start=\"2249\" data-end=\"2436\">\n<p class=\"\" data-start=\"2251\" data-end=\"2436\"><strong data-start=\"2251\" data-end=\"2276\">Mercoled\u00ec 23 (18:30):<\/strong> Conferenza \u00abL\u2019eredit\u00e0 di Sabicas a Madrid e New York\u00bb a cura dell\u2019immancabile Jos\u00e9 Manuel Gamboa. Poi concerto del virtuoso Jer\u00f3nimo Maya con Antonio Losada.<\/p>\n<\/li>\n<li class=\"\" data-start=\"2437\" data-end=\"2717\">\n<p class=\"\" data-start=\"2439\" data-end=\"2717\"><strong data-start=\"2439\" data-end=\"2462\">Gioved\u00ec 24 (18:30):<\/strong> Conferenza \u00abLa scuola chitarristica di Ca\u00f1o Roto\u00bb di Pablo San Nicasio, seguita dal concerto di Jes\u00fas de Rosario e David Cerreduela (con Israel Cerreduela e Antonio Losada) e un incontro con il leggendario \u00abEl Nani\u00bb. Connessione Madrid\u2013Sabicas\u2013Ca\u00f1o Roto!<\/p>\n<\/li>\n<\/ul>\n<p><img loading=\"lazy\" decoding=\"async\" class=\"aligncenter\" src=\"https:\/\/cardamomo.ams3.digitaloceanspaces.com\/wp-content\/uploads\/2018\/10\/15114034\/cm-118-scaled.jpg\" alt=\"Sabicas, el influyente guitarrista flamenco homenajeado en Madrid.\" width=\"948\" height=\"632\" \/><\/p>\n<h2 class=\"\" data-start=\"3996\" data-end=\"4074\">Le Serate della Sala Verde: Quattro Notti, Quattro Stelle del Toque Attuale<\/h2>\n<p class=\"\" data-start=\"4076\" data-end=\"4310\">Il cuore del festival batter\u00e0 nella Sala Verde con quattro serate (biglietti da 9\u20ac) che riuniscono chitarristi di diverse generazioni, tutti in qualche modo eredi dell\u2019eredit\u00e0 di Sabicas, accompagnati da ospiti di autentico prestigio:<\/p>\n<ul data-start=\"4312\" data-end=\"5104\">\n<li class=\"\" data-start=\"4312\" data-end=\"4492\">\n<p class=\"\" data-start=\"4314\" data-end=\"4492\"><strong data-start=\"4314\" data-end=\"4337\">Gioved\u00ec 24 (21:00):<\/strong> PACO JARANA. Il maestro veterano sivigliano, accompagnato da Segundo Falc\u00f3n e dalla leggenda della danza flamenca Eva Yerbabuena (con la sua compagnia).<\/p>\n<\/li>\n<li class=\"\" data-start=\"4493\" data-end=\"4715\">\n<p class=\"\" data-start=\"4495\" data-end=\"4715\"><strong data-start=\"4495\" data-end=\"4518\">Venerd\u00ec 25 (21:00):<\/strong> DANI DE MOR\u00d3N. La creativit\u00e0 esplosiva di uno dei chitarristi pi\u00f9 influenti di oggi, insieme alla voce inconfondibile di La Tremendita e alla danza potente di Patricia Guerrero (con Los Mellis).<\/p>\n<\/li>\n<li class=\"\" data-start=\"4716\" data-end=\"4899\">\n<p class=\"\" data-start=\"4718\" data-end=\"4899\"><strong data-start=\"4718\" data-end=\"4740\">Sabato 26 (21:00):<\/strong> MANUEL VALENCIA. Suono puro di Jerez. Con lui, la grande Esperanza Fern\u00e1ndez, il geniale ballerino Manuel Li\u00f1\u00e1n (con Juan de la Mar\u00eda) e il comp\u00e1s jerezano.<\/p>\n<\/li>\n<li class=\"\" data-start=\"4900\" data-end=\"5104\">\n<p class=\"\" data-start=\"4902\" data-end=\"5104\"><strong data-start=\"4902\" data-end=\"4926\">Domenica 27 (20:00):<\/strong> DAVID DE ARAHAL. Il giovanissimo virtuoso sivigliano chiude il festival con Sandra Carrasco, il ballerino madrileno Jos\u00e9 Maya, seconda chitarra, percussioni e quartetto d\u2019archi!<\/p>\n<\/li>\n<\/ul>\n<p class=\"\" data-start=\"5106\" data-end=\"5305\">Come ha detto l\u2019Assessore, \u201cbasta citare nomi come Eva Yerbabuena, La Tremendita, Esperanza Fern\u00e1ndez o Manuel Li\u00f1\u00e1n per comprendere la portata e il talento artistico che si concentreranno a Madrid\u201d.<\/p>\n<h2 class=\"\" data-start=\"5312\" data-end=\"5353\">Madrid, Terra di Chitarra (e Flamenco)<\/h2>\n<p class=\"\" data-start=\"5355\" data-end=\"5853\">Questo festival conferma l\u2019impegno della Comunit\u00e0 di Madrid per il flamenco (dichiarato Patrimonio Culturale Immateriale lo scorso anno) e in particolare per la chitarra. Come sottolinea Mariano de Paco, \u201cMadrid richiama i flamencos da tutta la Spagna perch\u00e9 nel suo territorio sono nate scuole e tradizioni proprie\u201d, come il suono Ca\u00f1o Roto, protagonista anche nelle attivit\u00e0 parallele. Un affascinante incontro tra l\u2019eredit\u00e0 dei maestri e le nuove generazioni che il festival intende valorizzare.<\/p>\n<h3 class=\"\" data-start=\"855\" data-end=\"901\"><strong data-start=\"864\" data-end=\"901\">Biglietti e Informazioni Pratiche<\/strong><\/h3>\n<ul data-start=\"903\" data-end=\"1211\">\n<li class=\"\" data-start=\"903\" data-end=\"942\">\n<p class=\"\" data-start=\"905\" data-end=\"942\"><strong data-start=\"905\" data-end=\"914\">Date:<\/strong> Dal 22 al 27 aprile 2025.<\/p>\n<\/li>\n<li class=\"\" data-start=\"943\" data-end=\"1002\">\n<p class=\"\" data-start=\"945\" data-end=\"1002\"><strong data-start=\"945\" data-end=\"955\">Luogo:<\/strong> Teatros del Canal (Sala Verde e Sala Negra).<\/p>\n<\/li>\n<li class=\"\" data-start=\"1003\" data-end=\"1092\">\n<p class=\"\" data-start=\"1005\" data-end=\"1092\"><strong data-start=\"1005\" data-end=\"1037\">Biglietti Gala (Sala Verde):<\/strong> A partire da 9 \u20ac. <a class=\"\" href=\"#\" rel=\"noopener\" data-start=\"1056\" data-end=\"1090\">Acquista i tuoi biglietti qui<\/a><\/p>\n<\/li>\n<li class=\"\" data-start=\"1093\" data-end=\"1165\">\n<p class=\"\" data-start=\"1095\" data-end=\"1165\"><strong data-start=\"1095\" data-end=\"1121\">Attivit\u00e0 (Sala Negra):<\/strong> Ingresso libero fino a esaurimento posti.<\/p>\n<\/li>\n<li class=\"\" data-start=\"1166\" data-end=\"1211\">\n<p class=\"\" data-start=\"1168\" data-end=\"1211\"><strong data-start=\"1168\" data-end=\"1192\">Direttore Artistico:<\/strong> Antonio Benamargo.<\/p>\n<\/li>\n<\/ul>\n<p><a href=\"https:\/\/www.teatroscanal.com\/espectaculo\/ll-festival-de-la-guitarra-2025\/\"><img loading=\"lazy\" decoding=\"async\" class=\"aligncenter wp-image-1075 size-full\" src=\"https:\/\/flamencomadrid.com\/wp-content\/uploads\/2025\/04\/cartel-ii-festival-de-la-guitarra-comunidad-de-madrid.jpg\" alt=\"El II Festival de la Guitarra Flamenca de Madrid 2025 rinde homenaje a Sabicas en Teatros del Canal.\" width=\"1024\" height=\"512\" \/><\/a><\/p>\n<h2 class=\"\" data-start=\"1293\" data-end=\"1351\">Non Perderti la Grande Festa della Chitarra a Madrid!<\/h2>\n<p class=\"\" data-start=\"1352\" data-end=\"1651\">Il II Festival della Chitarra Flamenca di Madrid, con l\u2019omaggio a Sabicas e un cast stellare, \u00e8 l\u2019evento imperdibile della primavera flamenca 2025. Un\u2019occasione unica per godersi, imparare ed emozionarsi con le sei corde. Ti terremo aggiornato su flamencomadrid.com. Ci vediamo ai Teatros del Canal!<\/p>\n<p><\/p>","protected":false},"excerpt":{"rendered":"Madrid si prepara a vibrare al suono delle sei corde con la seconda edizione del Festival della Chitarra, un\u2019iniziativa della Comunit\u00e0 di Madrid che, dopo il grande successo del debutto dedicato a Ram\u00f3n Montoya, torna ai Teatros del Canal dal 22 al 27 aprile 2025. Quest\u2019anno, il festival rende omaggio a una figura rivoluzionaria \u2014&#8230;","protected":false},"author":6,"featured_media":1093,"comment_status":"open","ping_status":"open","sticky":false,"template":"","format":"standard","meta":{"_acf_changed":false,"footnotes":""},"categories":[12],"tags":[],"class_list":["post-1072","post","type-post","status-publish","format-standard","has-post-thumbnail","hentry","category-proximos-shows-en-madrid"],"acf":[],"yoast_head":"<!-- This site is optimized with the Yoast SEO plugin v27.4 - https:\/\/yoast.com\/product\/yoast-seo-wordpress\/ -->\n<title>2\u00ba Festival della Chitarra di Madrid 2025: Line-up d\u2019Eccezione e Omaggio a Sabicas - Flamenco Madrid<\/title>\n<meta name=\"description\" content=\"II Festival de la Guitarra de Madrid 2025 con grandes nombres del flamenco y un homenaje especial al maestro Sabicas.\" \/>\n<meta name=\"robots\" content=\"index, follow, max-snippet:-1, max-image-preview:large, max-video-preview:-1\" \/>\n<link rel=\"canonical\" href=\"\/\" \/>\n<meta property=\"og:locale\" content=\"it_IT\" \/>\n<meta property=\"og:type\" content=\"article\" \/>\n<meta property=\"og:title\" content=\"2\u00ba Festival della Chitarra di Madrid 2025: Line-up d\u2019Eccezione e Omaggio a Sabicas - Flamenco Madrid\" \/>\n<meta property=\"og:description\" content=\"II Festival de la Guitarra de Madrid 2025 con grandes nombres del flamenco y un homenaje especial al maestro Sabicas.\" \/>\n<meta property=\"og:url\" content=\"https:\/\/flamencomadrid.com\/it\/festival-guitarra-madrid-2025\/\" \/>\n<meta property=\"og:site_name\" content=\"Flamenco Madrid\" \/>\n<meta property=\"article:published_time\" content=\"2025-04-21T12:32:22+00:00\" \/>\n<meta property=\"article:modified_time\" content=\"2025-04-22T13:14:36+00:00\" \/>\n<meta property=\"og:image\" content=\"https:\/\/flamencomadrid.com\/wp-content\/uploads\/2025\/04\/blog_festivalguitarra.png\" \/>\n\t<meta property=\"og:image:width\" content=\"900\" \/>\n\t<meta property=\"og:image:height\" content=\"600\" \/>\n\t<meta property=\"og:image:type\" content=\"image\/png\" \/>\n<meta name=\"author\" content=\"Miguel Blanco\" \/>\n<meta name=\"twitter:card\" content=\"summary_large_image\" \/>\n<meta name=\"twitter:label1\" content=\"Scritto da\" \/>\n\t<meta name=\"twitter:data1\" content=\"Miguel Blanco\" \/>\n\t<meta name=\"twitter:label2\" content=\"Tempo di lettura stimato\" \/>\n\t<meta name=\"twitter:data2\" content=\"4 minuti\" \/>\n<script type=\"application\/ld+json\" class=\"yoast-schema-graph\">{\"@context\":\"https:\\\/\\\/schema.org\",\"@graph\":[{\"@type\":\"Article\",\"@id\":\"https:\\\/\\\/flamencomadrid.com\\\/es\\\/festival-guitarra-madrid-2025\\\/#article\",\"isPartOf\":{\"@id\":\"https:\\\/\\\/flamencomadrid.com\\\/es\\\/festival-guitarra-madrid-2025\\\/\"},\"author\":{\"name\":\"Miguel Blanco\",\"@id\":\"https:\\\/\\\/flamencomadrid.com\\\/es\\\/#\\\/schema\\\/person\\\/e60bef1612b66bdb46e0d88400bfab7e\"},\"headline\":\"2\u00ba Festival della Chitarra di Madrid 2025: Line-up d\u2019Eccezione e Omaggio a Sabicas\",\"datePublished\":\"2025-04-21T12:32:22+00:00\",\"dateModified\":\"2025-04-22T13:14:36+00:00\",\"mainEntityOfPage\":{\"@id\":\"https:\\\/\\\/flamencomadrid.com\\\/es\\\/festival-guitarra-madrid-2025\\\/\"},\"wordCount\":2553,\"commentCount\":0,\"image\":{\"@id\":\"https:\\\/\\\/flamencomadrid.com\\\/es\\\/festival-guitarra-madrid-2025\\\/#primaryimage\"},\"thumbnailUrl\":\"https:\\\/\\\/flamencomadrid.com\\\/wp-content\\\/uploads\\\/2025\\\/04\\\/blog_festivalguitarra.png\",\"articleSection\":[\"Pr\u00f3ximos Shows en Madrid\"],\"inLanguage\":\"it-IT\",\"potentialAction\":[{\"@type\":\"CommentAction\",\"name\":\"Comment\",\"target\":[\"https:\\\/\\\/flamencomadrid.com\\\/es\\\/festival-guitarra-madrid-2025\\\/#respond\"]}]},{\"@type\":\"WebPage\",\"@id\":\"https:\\\/\\\/flamencomadrid.com\\\/it\\\/festival-guitarra-madrid-2025\\\/\",\"url\":\"https:\\\/\\\/flamencomadrid.com\\\/it\\\/festival-guitarra-madrid-2025\\\/\",\"name\":\"2\u00ba Festival della Chitarra di Madrid 2025: Line-up d\u2019Eccezione e Omaggio a Sabicas - Flamenco Madrid\",\"isPartOf\":{\"@id\":\"https:\\\/\\\/flamencomadrid.com\\\/it\\\/#website\"},\"primaryImageOfPage\":{\"@id\":\"https:\\\/\\\/flamencomadrid.com\\\/it\\\/festival-guitarra-madrid-2025\\\/#primaryimage\"},\"image\":{\"@id\":\"https:\\\/\\\/flamencomadrid.com\\\/es\\\/festival-guitarra-madrid-2025\\\/#primaryimage\"},\"thumbnailUrl\":\"https:\\\/\\\/flamencomadrid.com\\\/wp-content\\\/uploads\\\/2025\\\/04\\\/blog_festivalguitarra.png\",\"datePublished\":\"2025-04-21T12:32:22+00:00\",\"dateModified\":\"2025-04-22T13:14:36+00:00\",\"author\":{\"@id\":\"https:\\\/\\\/flamencomadrid.com\\\/es\\\/#\\\/schema\\\/person\\\/e60bef1612b66bdb46e0d88400bfab7e\"},\"description\":\"II Festival de la Guitarra de Madrid 2025 con grandes nombres del flamenco y un homenaje especial al maestro Sabicas.\",\"breadcrumb\":{\"@id\":\"https:\\\/\\\/flamencomadrid.com\\\/it\\\/festival-guitarra-madrid-2025\\\/#breadcrumb\"},\"inLanguage\":\"it-IT\",\"potentialAction\":[{\"@type\":\"ReadAction\",\"target\":[[\"https:\\\/\\\/flamencomadrid.com\\\/it\\\/festival-guitarra-madrid-2025\\\/\"]]}]},{\"@type\":\"ImageObject\",\"inLanguage\":\"it-IT\",\"@id\":\"https:\\\/\\\/flamencomadrid.com\\\/it\\\/festival-guitarra-madrid-2025\\\/#primaryimage\",\"url\":\"https:\\\/\\\/flamencomadrid.com\\\/wp-content\\\/uploads\\\/2025\\\/04\\\/blog_festivalguitarra.png\",\"contentUrl\":\"https:\\\/\\\/flamencomadrid.com\\\/wp-content\\\/uploads\\\/2025\\\/04\\\/blog_festivalguitarra.png\",\"width\":900,\"height\":600,\"caption\":\"FESTIVAL DE GUITARRA 2025\"},{\"@type\":\"BreadcrumbList\",\"@id\":\"https:\\\/\\\/flamencomadrid.com\\\/it\\\/festival-guitarra-madrid-2025\\\/#breadcrumb\",\"itemListElement\":[{\"@type\":\"ListItem\",\"position\":1,\"name\":\"Home\",\"item\":\"https:\\\/\\\/flamencomadrid.com\\\/it\\\/\"},{\"@type\":\"ListItem\",\"position\":2,\"name\":\"II Festival de la Guitarra de Madrid 2025: \u00a1Cartel de Lujo y Homenaje a Sabicas!\"}]},{\"@type\":\"WebSite\",\"@id\":\"https:\\\/\\\/flamencomadrid.com\\\/it\\\/#website\",\"url\":\"https:\\\/\\\/flamencomadrid.com\\\/it\\\/\",\"name\":\"Flamenco Madrid\",\"description\":\"Otro sitio realizado con WordPress\",\"potentialAction\":[{\"@type\":\"SearchAction\",\"target\":{\"@type\":\"EntryPoint\",\"urlTemplate\":\"https:\\\/\\\/flamencomadrid.com\\\/it\\\/?s={search_term_string}\"},\"query-input\":{\"@type\":\"PropertyValueSpecification\",\"valueRequired\":true,\"valueName\":\"search_term_string\"}}],\"inLanguage\":\"it-IT\"},{\"@type\":\"Person\",\"@id\":\"https:\\\/\\\/flamencomadrid.com\\\/es\\\/#\\\/schema\\\/person\\\/e60bef1612b66bdb46e0d88400bfab7e\",\"name\":\"Miguel Blanco\",\"image\":{\"@type\":\"ImageObject\",\"inLanguage\":\"it-IT\",\"@id\":\"https:\\\/\\\/secure.gravatar.com\\\/avatar\\\/359874fd676a9bfbf3a5d62f8bb888a22a657034662dd62c3669b5e7274a1365?s=96&d=mm&r=g\",\"url\":\"https:\\\/\\\/secure.gravatar.com\\\/avatar\\\/359874fd676a9bfbf3a5d62f8bb888a22a657034662dd62c3669b5e7274a1365?s=96&d=mm&r=g\",\"contentUrl\":\"https:\\\/\\\/secure.gravatar.com\\\/avatar\\\/359874fd676a9bfbf3a5d62f8bb888a22a657034662dd62c3669b5e7274a1365?s=96&d=mm&r=g\",\"caption\":\"Miguel Blanco\"}}]}<\/script>\n<!-- \/ Yoast SEO plugin. -->","yoast_head_json":{"title":"2\u00ba Festival della Chitarra di Madrid 2025: Line-up d\u2019Eccezione e Omaggio a Sabicas - Flamenco Madrid","description":"II Festival de la Guitarra de Madrid 2025 con grandes nombres del flamenco y un homenaje especial al maestro Sabicas.","robots":{"index":"index","follow":"follow","max-snippet":"max-snippet:-1","max-image-preview":"max-image-preview:large","max-video-preview":"max-video-preview:-1"},"canonical":"\/","og_locale":"it_IT","og_type":"article","og_title":"2\u00ba Festival della Chitarra di Madrid 2025: Line-up d\u2019Eccezione e Omaggio a Sabicas - Flamenco Madrid","og_description":"II Festival de la Guitarra de Madrid 2025 con grandes nombres del flamenco y un homenaje especial al maestro Sabicas.","og_url":"https:\/\/flamencomadrid.com\/it\/festival-guitarra-madrid-2025\/","og_site_name":"Flamenco Madrid","article_published_time":"2025-04-21T12:32:22+00:00","article_modified_time":"2025-04-22T13:14:36+00:00","og_image":[{"width":900,"height":600,"url":"https:\/\/flamencomadrid.com\/wp-content\/uploads\/2025\/04\/blog_festivalguitarra.png","type":"image\/png"}],"author":"Miguel Blanco","twitter_card":"summary_large_image","twitter_misc":{"Scritto da":"Miguel Blanco","Tempo di lettura stimato":"4 minuti"},"schema":{"@context":"https:\/\/schema.org","@graph":[{"@type":"Article","@id":"https:\/\/flamencomadrid.com\/es\/festival-guitarra-madrid-2025\/#article","isPartOf":{"@id":"https:\/\/flamencomadrid.com\/es\/festival-guitarra-madrid-2025\/"},"author":{"name":"Miguel Blanco","@id":"https:\/\/flamencomadrid.com\/es\/#\/schema\/person\/e60bef1612b66bdb46e0d88400bfab7e"},"headline":"2\u00ba Festival della Chitarra di Madrid 2025: Line-up d\u2019Eccezione e Omaggio a Sabicas","datePublished":"2025-04-21T12:32:22+00:00","dateModified":"2025-04-22T13:14:36+00:00","mainEntityOfPage":{"@id":"https:\/\/flamencomadrid.com\/es\/festival-guitarra-madrid-2025\/"},"wordCount":2553,"commentCount":0,"image":{"@id":"https:\/\/flamencomadrid.com\/es\/festival-guitarra-madrid-2025\/#primaryimage"},"thumbnailUrl":"https:\/\/flamencomadrid.com\/wp-content\/uploads\/2025\/04\/blog_festivalguitarra.png","articleSection":["Pr\u00f3ximos Shows en Madrid"],"inLanguage":"it-IT","potentialAction":[{"@type":"CommentAction","name":"Comment","target":["https:\/\/flamencomadrid.com\/es\/festival-guitarra-madrid-2025\/#respond"]}]},{"@type":"WebPage","@id":"https:\/\/flamencomadrid.com\/it\/festival-guitarra-madrid-2025\/","url":"https:\/\/flamencomadrid.com\/it\/festival-guitarra-madrid-2025\/","name":"2\u00ba Festival della Chitarra di Madrid 2025: Line-up d\u2019Eccezione e Omaggio a Sabicas - Flamenco Madrid","isPartOf":{"@id":"https:\/\/flamencomadrid.com\/it\/#website"},"primaryImageOfPage":{"@id":"https:\/\/flamencomadrid.com\/it\/festival-guitarra-madrid-2025\/#primaryimage"},"image":{"@id":"https:\/\/flamencomadrid.com\/es\/festival-guitarra-madrid-2025\/#primaryimage"},"thumbnailUrl":"https:\/\/flamencomadrid.com\/wp-content\/uploads\/2025\/04\/blog_festivalguitarra.png","datePublished":"2025-04-21T12:32:22+00:00","dateModified":"2025-04-22T13:14:36+00:00","author":{"@id":"https:\/\/flamencomadrid.com\/es\/#\/schema\/person\/e60bef1612b66bdb46e0d88400bfab7e"},"description":"II Festival de la Guitarra de Madrid 2025 con grandes nombres del flamenco y un homenaje especial al maestro Sabicas.","breadcrumb":{"@id":"https:\/\/flamencomadrid.com\/it\/festival-guitarra-madrid-2025\/#breadcrumb"},"inLanguage":"it-IT","potentialAction":[{"@type":"ReadAction","target":[["https:\/\/flamencomadrid.com\/it\/festival-guitarra-madrid-2025\/"]]}]},{"@type":"ImageObject","inLanguage":"it-IT","@id":"https:\/\/flamencomadrid.com\/it\/festival-guitarra-madrid-2025\/#primaryimage","url":"https:\/\/flamencomadrid.com\/wp-content\/uploads\/2025\/04\/blog_festivalguitarra.png","contentUrl":"https:\/\/flamencomadrid.com\/wp-content\/uploads\/2025\/04\/blog_festivalguitarra.png","width":900,"height":600,"caption":"FESTIVAL DE GUITARRA 2025"},{"@type":"BreadcrumbList","@id":"https:\/\/flamencomadrid.com\/it\/festival-guitarra-madrid-2025\/#breadcrumb","itemListElement":[{"@type":"ListItem","position":1,"name":"Home","item":"https:\/\/flamencomadrid.com\/it\/"},{"@type":"ListItem","position":2,"name":"II Festival de la Guitarra de Madrid 2025: \u00a1Cartel de Lujo y Homenaje a Sabicas!"}]},{"@type":"WebSite","@id":"https:\/\/flamencomadrid.com\/it\/#website","url":"https:\/\/flamencomadrid.com\/it\/","name":"Flamenco Madrid","description":"Otro sitio realizado con WordPress","potentialAction":[{"@type":"SearchAction","target":{"@type":"EntryPoint","urlTemplate":"https:\/\/flamencomadrid.com\/it\/?s={search_term_string}"},"query-input":{"@type":"PropertyValueSpecification","valueRequired":true,"valueName":"search_term_string"}}],"inLanguage":"it-IT"},{"@type":"Person","@id":"https:\/\/flamencomadrid.com\/es\/#\/schema\/person\/e60bef1612b66bdb46e0d88400bfab7e","name":"Miguel Blanco","image":{"@type":"ImageObject","inLanguage":"it-IT","@id":"https:\/\/secure.gravatar.com\/avatar\/359874fd676a9bfbf3a5d62f8bb888a22a657034662dd62c3669b5e7274a1365?s=96&d=mm&r=g","url":"https:\/\/secure.gravatar.com\/avatar\/359874fd676a9bfbf3a5d62f8bb888a22a657034662dd62c3669b5e7274a1365?s=96&d=mm&r=g","contentUrl":"https:\/\/secure.gravatar.com\/avatar\/359874fd676a9bfbf3a5d62f8bb888a22a657034662dd62c3669b5e7274a1365?s=96&d=mm&r=g","caption":"Miguel Blanco"}}]}},"_links":{"self":[{"href":"https:\/\/flamencomadrid.com\/it\/wp-json\/wp\/v2\/posts\/1072","targetHints":{"allow":["GET"]}}],"collection":[{"href":"https:\/\/flamencomadrid.com\/it\/wp-json\/wp\/v2\/posts"}],"about":[{"href":"https:\/\/flamencomadrid.com\/it\/wp-json\/wp\/v2\/types\/post"}],"author":[{"embeddable":true,"href":"https:\/\/flamencomadrid.com\/it\/wp-json\/wp\/v2\/users\/6"}],"replies":[{"embeddable":true,"href":"https:\/\/flamencomadrid.com\/it\/wp-json\/wp\/v2\/comments?post=1072"}],"version-history":[{"count":18,"href":"https:\/\/flamencomadrid.com\/it\/wp-json\/wp\/v2\/posts\/1072\/revisions"}],"predecessor-version":[{"id":1092,"href":"https:\/\/flamencomadrid.com\/it\/wp-json\/wp\/v2\/posts\/1072\/revisions\/1092"}],"wp:featuredmedia":[{"embeddable":true,"href":"https:\/\/flamencomadrid.com\/it\/wp-json\/wp\/v2\/media\/1093"}],"wp:attachment":[{"href":"https:\/\/flamencomadrid.com\/it\/wp-json\/wp\/v2\/media?parent=1072"}],"wp:term":[{"taxonomy":"category","embeddable":true,"href":"https:\/\/flamencomadrid.com\/it\/wp-json\/wp\/v2\/categories?post=1072"},{"taxonomy":"post_tag","embeddable":true,"href":"https:\/\/flamencomadrid.com\/it\/wp-json\/wp\/v2\/tags?post=1072"}],"curies":[{"name":"wp","href":"https:\/\/api.w.org\/{rel}","templated":true}]}}