{"id":1047,"date":"2025-04-07T14:33:56","date_gmt":"2025-04-07T12:33:56","guid":{"rendered":"https:\/\/flamencomadrid.com\/es\/?p=1047"},"modified":"2025-04-21T14:11:12","modified_gmt":"2025-04-21T12:11:12","slug":"las-alegrias-en-el-flamenco-el-salero-de-cadiz","status":"publish","type":"post","link":"https:\/\/flamencomadrid.com\/it\/alegrias-di-cadice\/","title":{"rendered":"Alegr\u00edas di Cadice, il fascino del flamenco"},"content":{"rendered":"<p><\/p>\n<h2 data-start=\"162\" data-end=\"234\"><strong data-start=\"166\" data-end=\"234\">Alegr\u00edas di Cadice: La scintilla gaditana che illumina il tablao<\/strong><\/h2>\n<p class=\"\" data-start=\"236\" data-end=\"596\">Se c\u2019\u00e8 un <em data-start=\"246\" data-end=\"261\">palo flamenco<\/em> che sa di festa, di brezza marina e di pura luce, queste sono le <em data-start=\"327\" data-end=\"337\">Alegr\u00edas<\/em>. \u00c8 impossibile non sorridere quando iniziano! Questo stile, nato al caldo del golfo di Cadice, \u00e8 uno dei gioielli pi\u00f9 luminosi del flamenco. Capire un po\u2019 cosa sono le <em data-start=\"506\" data-end=\"526\">Alegr\u00edas flamencas<\/em> ti far\u00e0 apprezzarle ancora di pi\u00f9 quando le vedrai dal vivo a Madrid.<\/p>\n<h3 class=\"\" data-start=\"603\" data-end=\"642\"><strong data-start=\"607\" data-end=\"642\">Il cuore delle Alegr\u00edas: Cadice<\/strong><\/h3>\n<p class=\"\" data-start=\"644\" data-end=\"895\">Anche se le loro radici si intrecciano con la <em data-start=\"690\" data-end=\"696\">jota<\/em>, \u00e8 a Cadice che hanno acquisito quell\u2019aria inconfondibile, quella <em data-start=\"763\" data-end=\"772\">malizia<\/em> che le rende uniche. Fanno parte della famiglia delle <em data-start=\"827\" data-end=\"837\">Canti\u00f1as<\/em>, il ramo pi\u00f9 festoso e tipicamente gaditano del flamenco!<\/p>\n<h3 class=\"\" data-start=\"902\" data-end=\"934\"><strong data-start=\"906\" data-end=\"934\">Il Comp\u00e1s delle Alegr\u00edas<\/strong><\/h3>\n<p class=\"\" data-start=\"936\" data-end=\"1118\">Cosa rende cos\u00ec speciali le <em data-start=\"964\" data-end=\"974\">Alegr\u00edas<\/em> nel mondo del flamenco? Il loro ritmo a 12 tempi \u00e8 la chiave \u2014 simile alla <em data-start=\"1050\" data-end=\"1057\">Sole\u00e1<\/em>, ma pi\u00f9 leggero e vivace. \u00c8 un comp\u00e1s ottimista ed elegante.<\/p>\n<p class=\"\" data-start=\"1120\" data-end=\"1325\">Un trucco per riconoscerle: ascolta quando comincia il canto. Le parole iniziano spesso proprio sul tempo 1 del comp\u00e1s. Invece la <em data-start=\"1250\" data-end=\"1261\">coletilla<\/em> (la parte che segue) ha il suo segreto: entra dopo il tempo 10!<\/p>\n<h3 class=\"\" data-start=\"1332\" data-end=\"1378\"><strong data-start=\"1336\" data-end=\"1378\">Canto, Chitarra e Danza nelle Alegr\u00edas<\/strong><\/h3>\n<p class=\"\" data-start=\"1380\" data-end=\"1477\"><strong data-start=\"1380\" data-end=\"1415\">Canto (<em data-start=\"1389\" data-end=\"1396\">Cante<\/em>) nelle Alegr\u00edas:<\/strong> Qui risplende la struttura tradizionale pensata per la danza.<\/p>\n<ul data-start=\"1479\" data-end=\"1875\">\n<li class=\"\" data-start=\"1479\" data-end=\"1725\">\n<p class=\"\" data-start=\"1481\" data-end=\"1725\"><strong data-start=\"1481\" data-end=\"1491\">Testo:<\/strong> Di solito si compone di quattro versi con ripetizioni. Una struttura comune \u00e8: verso 1, verso 2, ripetizione del 1, verso 3 e 4, e poi ripetizione del 3 e 4. Inconfondibile l\u2019inizio giocoso con il famoso \u201c<em data-start=\"1697\" data-end=\"1721\">tirititr\u00e1n, tr\u00e1n, tr\u00e1n<\/em>\u201d.<\/p>\n<\/li>\n<li class=\"\" data-start=\"1726\" data-end=\"1875\">\n<p class=\"\" data-start=\"1728\" data-end=\"1875\"><strong data-start=\"1728\" data-end=\"1740\">Spirito:<\/strong> I testi sono allegri, maliziosi\u2026 E se vuoi sentire il vero <em data-start=\"1800\" data-end=\"1820\">soniquete gaditano<\/em>, ascolta il maestro Chano Lobato. Una vera meraviglia!<\/p>\n<\/li>\n<\/ul>\n<p class=\"\" data-start=\"1877\" data-end=\"2042\"><strong data-start=\"1877\" data-end=\"1915\">Chitarra (<em data-start=\"1889\" data-end=\"1896\">Toque<\/em>) nelle Alegr\u00edas:<\/strong> La chitarra suona brillante, chiara, con <em data-start=\"1957\" data-end=\"1967\">falsetas<\/em> virtuose e un ritmo ben marcato che accompagna perfettamente voce e danza.<\/p>\n<p class=\"\" data-start=\"2044\" data-end=\"2570\"><strong data-start=\"2044\" data-end=\"2079\">Danza (<em data-start=\"2053\" data-end=\"2060\">Baile<\/em>) nelle Alegr\u00edas:<\/strong> \u00c8 qui che questo <em data-start=\"2097\" data-end=\"2103\">palo<\/em> brilla davvero! Le <em data-start=\"2123\" data-end=\"2133\">Alegr\u00edas<\/em> ballate sono pura eleganza e vivacit\u00e0. Vedrai movimenti delle braccia raffinati, l\u2019uso spettacolare del <em data-start=\"2238\" data-end=\"2246\">mant\u00f3n<\/em> (a volte), colpi ritmici dei piedi ma senza la durezza di altri stili, e soprattutto quell\u2019atteggiamento giocoso e civettuolo. \u00c8 una danza che celebra la vita.<br data-start=\"2406\" data-end=\"2409\" \/>Include momenti caratteristici come la <em data-start=\"2448\" data-end=\"2457\">llamada<\/em>, i versi cantati, il <em data-start=\"2479\" data-end=\"2489\">silencio<\/em> (solo di chitarra), la <em data-start=\"2513\" data-end=\"2524\">escobilla<\/em> (sezione di <em data-start=\"2537\" data-end=\"2548\">zapateado<\/em>) e un finale festoso.<\/p>\n<p data-start=\"2044\" data-end=\"2570\"><img loading=\"lazy\" decoding=\"async\" class=\"aligncenter\" src=\"https:\/\/flamencomadrid.com\/wp-content\/uploads\/2025\/04\/juan-jose-villar.jpg\" alt=\"alegrias flamenco\" width=\"600\" height=\"750\" \/><\/p>\n<h3 class=\"\" data-start=\"2577\" data-end=\"2644\"><strong data-start=\"2581\" data-end=\"2644\">Come riconoscere le Alegr\u00edas in un tablao flamenco a Madrid<\/strong><\/h3>\n<p class=\"\" data-start=\"2646\" data-end=\"2732\">La prossima volta che vai in un tablao consigliato da Flamenco Madrid, fai attenzione:<\/p>\n<ul data-start=\"2734\" data-end=\"2924\">\n<li class=\"\" data-start=\"2734\" data-end=\"2781\">\n<p class=\"\" data-start=\"2736\" data-end=\"2781\">Cerca il ritmo veloce e gioioso a 12 tempi.<\/p>\n<\/li>\n<li class=\"\" data-start=\"2782\" data-end=\"2829\">\n<p class=\"\" data-start=\"2784\" data-end=\"2829\">Ascolta il tipico \u201c<em data-start=\"2803\" data-end=\"2815\">tirititr\u00e1n<\/em>\u201d del canto.<\/p>\n<\/li>\n<li class=\"\" data-start=\"2830\" data-end=\"2924\">\n<p class=\"\" data-start=\"2832\" data-end=\"2924\">Guarda l\u2019eleganza e la malizia del ballerino o della ballerina \u2013 noti quel sorriso complice?<\/p>\n<\/li>\n<\/ul>\n<p class=\"\" data-start=\"2926\" data-end=\"3010\">Se senti una festa elegante con un profumo di mare\u2026 stai assistendo a una <em data-start=\"3000\" data-end=\"3009\">Alegr\u00eda<\/em>!<\/p>\n<p class=\"\" data-start=\"3017\" data-end=\"3181\"><strong data-start=\"3017\" data-end=\"3067\">Vuoi vivere la magia delle Alegr\u00edas di Cadice?<\/strong> Dai un\u2019occhiata ai nostri consigli e trova il tablao perfetto a Madrid per sentirne il ritmo e la gioia dal vivo!<\/p>\n<p><\/p>","protected":false},"excerpt":{"rendered":"Alegr\u00edas di Cadice: La scintilla gaditana che illumina il tablao Se c\u2019\u00e8 un palo flamenco che sa di festa, di brezza marina e di pura luce, queste sono le Alegr\u00edas. \u00c8 impossibile non sorridere quando iniziano! Questo stile, nato al caldo del golfo di Cadice, \u00e8 uno dei gioielli pi\u00f9 luminosi del flamenco. Capire un&#8230;","protected":false},"author":6,"featured_media":1049,"comment_status":"open","ping_status":"open","sticky":false,"template":"","format":"standard","meta":{"_acf_changed":false,"footnotes":""},"categories":[4],"tags":[],"class_list":["post-1047","post","type-post","status-publish","format-standard","has-post-thumbnail","hentry","category-sonidos-y-canciones"],"acf":[],"yoast_head":"<!-- This site is optimized with the Yoast SEO plugin v27.4 - https:\/\/yoast.com\/product\/yoast-seo-wordpress\/ -->\n<title>Alegr\u00edas di Cadice, il fascino del flamenco - Flamenco Madrid<\/title>\n<meta name=\"description\" content=\"Descubre las Alegr\u00edas de C\u00e1diz, un palo flamenco vibrante. Conoce su comp\u00e1s, cante y baile por alegr\u00edas. \u00a1Vive la fiesta flamenca en Madrid!\" \/>\n<meta name=\"robots\" content=\"index, follow, max-snippet:-1, max-image-preview:large, max-video-preview:-1\" \/>\n<link rel=\"canonical\" href=\"\/\" \/>\n<meta property=\"og:locale\" content=\"it_IT\" \/>\n<meta property=\"og:type\" content=\"article\" \/>\n<meta property=\"og:title\" content=\"Alegr\u00edas di Cadice, il fascino del flamenco - Flamenco Madrid\" \/>\n<meta property=\"og:description\" content=\"Descubre las Alegr\u00edas de C\u00e1diz, un palo flamenco vibrante. Conoce su comp\u00e1s, cante y baile por alegr\u00edas. \u00a1Vive la fiesta flamenca en Madrid!\" \/>\n<meta property=\"og:url\" content=\"https:\/\/flamencomadrid.com\/it\/alegrias-de-cadiz\/\" \/>\n<meta property=\"og:site_name\" content=\"Flamenco Madrid\" \/>\n<meta property=\"article:published_time\" content=\"2025-04-07T12:33:56+00:00\" \/>\n<meta property=\"article:modified_time\" content=\"2025-04-21T12:11:12+00:00\" \/>\n<meta property=\"og:image\" content=\"https:\/\/flamencomadrid.com\/wp-content\/uploads\/2025\/04\/chanolobato1-e1745237453867.jpg\" \/>\n\t<meta property=\"og:image:width\" content=\"292\" \/>\n\t<meta property=\"og:image:height\" content=\"225\" \/>\n\t<meta property=\"og:image:type\" content=\"image\/jpeg\" \/>\n<meta name=\"author\" content=\"Miguel Blanco\" \/>\n<meta name=\"twitter:card\" content=\"summary_large_image\" \/>\n<meta name=\"twitter:label1\" content=\"Scritto da\" \/>\n\t<meta name=\"twitter:data1\" content=\"Miguel Blanco\" \/>\n\t<meta name=\"twitter:label2\" content=\"Tempo di lettura stimato\" \/>\n\t<meta name=\"twitter:data2\" content=\"3 minuti\" \/>\n<script type=\"application\/ld+json\" class=\"yoast-schema-graph\">{\"@context\":\"https:\\\/\\\/schema.org\",\"@graph\":[{\"@type\":\"Article\",\"@id\":\"https:\\\/\\\/flamencomadrid.com\\\/es\\\/alegrias-de-cadiz\\\/#article\",\"isPartOf\":{\"@id\":\"https:\\\/\\\/flamencomadrid.com\\\/es\\\/alegrias-de-cadiz\\\/\"},\"author\":{\"name\":\"Miguel Blanco\",\"@id\":\"https:\\\/\\\/flamencomadrid.com\\\/es\\\/#\\\/schema\\\/person\\\/e60bef1612b66bdb46e0d88400bfab7e\"},\"headline\":\"Alegr\u00edas di Cadice, il fascino del flamenco\",\"datePublished\":\"2025-04-07T12:33:56+00:00\",\"dateModified\":\"2025-04-21T12:11:12+00:00\",\"mainEntityOfPage\":{\"@id\":\"https:\\\/\\\/flamencomadrid.com\\\/es\\\/alegrias-de-cadiz\\\/\"},\"wordCount\":2092,\"commentCount\":0,\"image\":{\"@id\":\"https:\\\/\\\/flamencomadrid.com\\\/es\\\/alegrias-de-cadiz\\\/#primaryimage\"},\"thumbnailUrl\":\"https:\\\/\\\/flamencomadrid.com\\\/wp-content\\\/uploads\\\/2025\\\/04\\\/chanolobato1-e1745237453867.jpg\",\"articleSection\":[\"Sonidos y canciones\"],\"inLanguage\":\"it-IT\",\"potentialAction\":[{\"@type\":\"CommentAction\",\"name\":\"Comment\",\"target\":[\"https:\\\/\\\/flamencomadrid.com\\\/es\\\/alegrias-de-cadiz\\\/#respond\"]}]},{\"@type\":\"WebPage\",\"@id\":\"https:\\\/\\\/flamencomadrid.com\\\/it\\\/alegrias-de-cadiz\\\/\",\"url\":\"https:\\\/\\\/flamencomadrid.com\\\/it\\\/alegrias-de-cadiz\\\/\",\"name\":\"Alegr\u00edas di Cadice, il fascino del flamenco - Flamenco Madrid\",\"isPartOf\":{\"@id\":\"https:\\\/\\\/flamencomadrid.com\\\/it\\\/#website\"},\"primaryImageOfPage\":{\"@id\":\"https:\\\/\\\/flamencomadrid.com\\\/it\\\/alegrias-de-cadiz\\\/#primaryimage\"},\"image\":{\"@id\":\"https:\\\/\\\/flamencomadrid.com\\\/es\\\/alegrias-de-cadiz\\\/#primaryimage\"},\"thumbnailUrl\":\"https:\\\/\\\/flamencomadrid.com\\\/wp-content\\\/uploads\\\/2025\\\/04\\\/chanolobato1-e1745237453867.jpg\",\"datePublished\":\"2025-04-07T12:33:56+00:00\",\"dateModified\":\"2025-04-21T12:11:12+00:00\",\"author\":{\"@id\":\"https:\\\/\\\/flamencomadrid.com\\\/es\\\/#\\\/schema\\\/person\\\/e60bef1612b66bdb46e0d88400bfab7e\"},\"description\":\"Descubre las Alegr\u00edas de C\u00e1diz, un palo flamenco vibrante. Conoce su comp\u00e1s, cante y baile por alegr\u00edas. \u00a1Vive la fiesta flamenca en Madrid!\",\"breadcrumb\":{\"@id\":\"https:\\\/\\\/flamencomadrid.com\\\/it\\\/alegrias-de-cadiz\\\/#breadcrumb\"},\"inLanguage\":\"it-IT\",\"potentialAction\":[{\"@type\":\"ReadAction\",\"target\":[[\"https:\\\/\\\/flamencomadrid.com\\\/it\\\/alegrias-de-cadiz\\\/\"]]}]},{\"@type\":\"ImageObject\",\"inLanguage\":\"it-IT\",\"@id\":\"https:\\\/\\\/flamencomadrid.com\\\/it\\\/alegrias-de-cadiz\\\/#primaryimage\",\"url\":\"https:\\\/\\\/flamencomadrid.com\\\/wp-content\\\/uploads\\\/2025\\\/04\\\/chanolobato1-e1745237453867.jpg\",\"contentUrl\":\"https:\\\/\\\/flamencomadrid.com\\\/wp-content\\\/uploads\\\/2025\\\/04\\\/chanolobato1-e1745237453867.jpg\",\"width\":292,\"height\":225},{\"@type\":\"BreadcrumbList\",\"@id\":\"https:\\\/\\\/flamencomadrid.com\\\/it\\\/alegrias-de-cadiz\\\/#breadcrumb\",\"itemListElement\":[{\"@type\":\"ListItem\",\"position\":1,\"name\":\"Home\",\"item\":\"https:\\\/\\\/flamencomadrid.com\\\/it\\\/\"},{\"@type\":\"ListItem\",\"position\":2,\"name\":\"Alegr\u00edas: Flamenco y gracia\"}]},{\"@type\":\"WebSite\",\"@id\":\"https:\\\/\\\/flamencomadrid.com\\\/it\\\/#website\",\"url\":\"https:\\\/\\\/flamencomadrid.com\\\/it\\\/\",\"name\":\"Flamenco Madrid\",\"description\":\"Otro sitio realizado con WordPress\",\"potentialAction\":[{\"@type\":\"SearchAction\",\"target\":{\"@type\":\"EntryPoint\",\"urlTemplate\":\"https:\\\/\\\/flamencomadrid.com\\\/it\\\/?s={search_term_string}\"},\"query-input\":{\"@type\":\"PropertyValueSpecification\",\"valueRequired\":true,\"valueName\":\"search_term_string\"}}],\"inLanguage\":\"it-IT\"},{\"@type\":\"Person\",\"@id\":\"https:\\\/\\\/flamencomadrid.com\\\/es\\\/#\\\/schema\\\/person\\\/e60bef1612b66bdb46e0d88400bfab7e\",\"name\":\"Miguel Blanco\",\"image\":{\"@type\":\"ImageObject\",\"inLanguage\":\"it-IT\",\"@id\":\"https:\\\/\\\/secure.gravatar.com\\\/avatar\\\/359874fd676a9bfbf3a5d62f8bb888a22a657034662dd62c3669b5e7274a1365?s=96&d=mm&r=g\",\"url\":\"https:\\\/\\\/secure.gravatar.com\\\/avatar\\\/359874fd676a9bfbf3a5d62f8bb888a22a657034662dd62c3669b5e7274a1365?s=96&d=mm&r=g\",\"contentUrl\":\"https:\\\/\\\/secure.gravatar.com\\\/avatar\\\/359874fd676a9bfbf3a5d62f8bb888a22a657034662dd62c3669b5e7274a1365?s=96&d=mm&r=g\",\"caption\":\"Miguel Blanco\"}}]}<\/script>\n<!-- \/ Yoast SEO plugin. -->","yoast_head_json":{"title":"Alegr\u00edas di Cadice, il fascino del flamenco - Flamenco Madrid","description":"Descubre las Alegr\u00edas de C\u00e1diz, un palo flamenco vibrante. Conoce su comp\u00e1s, cante y baile por alegr\u00edas. \u00a1Vive la fiesta flamenca en Madrid!","robots":{"index":"index","follow":"follow","max-snippet":"max-snippet:-1","max-image-preview":"max-image-preview:large","max-video-preview":"max-video-preview:-1"},"canonical":"\/","og_locale":"it_IT","og_type":"article","og_title":"Alegr\u00edas di Cadice, il fascino del flamenco - Flamenco Madrid","og_description":"Descubre las Alegr\u00edas de C\u00e1diz, un palo flamenco vibrante. Conoce su comp\u00e1s, cante y baile por alegr\u00edas. \u00a1Vive la fiesta flamenca en Madrid!","og_url":"https:\/\/flamencomadrid.com\/it\/alegrias-de-cadiz\/","og_site_name":"Flamenco Madrid","article_published_time":"2025-04-07T12:33:56+00:00","article_modified_time":"2025-04-21T12:11:12+00:00","og_image":[{"width":292,"height":225,"url":"https:\/\/flamencomadrid.com\/wp-content\/uploads\/2025\/04\/chanolobato1-e1745237453867.jpg","type":"image\/jpeg"}],"author":"Miguel Blanco","twitter_card":"summary_large_image","twitter_misc":{"Scritto da":"Miguel Blanco","Tempo di lettura stimato":"3 minuti"},"schema":{"@context":"https:\/\/schema.org","@graph":[{"@type":"Article","@id":"https:\/\/flamencomadrid.com\/es\/alegrias-de-cadiz\/#article","isPartOf":{"@id":"https:\/\/flamencomadrid.com\/es\/alegrias-de-cadiz\/"},"author":{"name":"Miguel Blanco","@id":"https:\/\/flamencomadrid.com\/es\/#\/schema\/person\/e60bef1612b66bdb46e0d88400bfab7e"},"headline":"Alegr\u00edas di Cadice, il fascino del flamenco","datePublished":"2025-04-07T12:33:56+00:00","dateModified":"2025-04-21T12:11:12+00:00","mainEntityOfPage":{"@id":"https:\/\/flamencomadrid.com\/es\/alegrias-de-cadiz\/"},"wordCount":2092,"commentCount":0,"image":{"@id":"https:\/\/flamencomadrid.com\/es\/alegrias-de-cadiz\/#primaryimage"},"thumbnailUrl":"https:\/\/flamencomadrid.com\/wp-content\/uploads\/2025\/04\/chanolobato1-e1745237453867.jpg","articleSection":["Sonidos y canciones"],"inLanguage":"it-IT","potentialAction":[{"@type":"CommentAction","name":"Comment","target":["https:\/\/flamencomadrid.com\/es\/alegrias-de-cadiz\/#respond"]}]},{"@type":"WebPage","@id":"https:\/\/flamencomadrid.com\/it\/alegrias-de-cadiz\/","url":"https:\/\/flamencomadrid.com\/it\/alegrias-de-cadiz\/","name":"Alegr\u00edas di Cadice, il fascino del flamenco - Flamenco Madrid","isPartOf":{"@id":"https:\/\/flamencomadrid.com\/it\/#website"},"primaryImageOfPage":{"@id":"https:\/\/flamencomadrid.com\/it\/alegrias-de-cadiz\/#primaryimage"},"image":{"@id":"https:\/\/flamencomadrid.com\/es\/alegrias-de-cadiz\/#primaryimage"},"thumbnailUrl":"https:\/\/flamencomadrid.com\/wp-content\/uploads\/2025\/04\/chanolobato1-e1745237453867.jpg","datePublished":"2025-04-07T12:33:56+00:00","dateModified":"2025-04-21T12:11:12+00:00","author":{"@id":"https:\/\/flamencomadrid.com\/es\/#\/schema\/person\/e60bef1612b66bdb46e0d88400bfab7e"},"description":"Descubre las Alegr\u00edas de C\u00e1diz, un palo flamenco vibrante. Conoce su comp\u00e1s, cante y baile por alegr\u00edas. \u00a1Vive la fiesta flamenca en Madrid!","breadcrumb":{"@id":"https:\/\/flamencomadrid.com\/it\/alegrias-de-cadiz\/#breadcrumb"},"inLanguage":"it-IT","potentialAction":[{"@type":"ReadAction","target":[["https:\/\/flamencomadrid.com\/it\/alegrias-de-cadiz\/"]]}]},{"@type":"ImageObject","inLanguage":"it-IT","@id":"https:\/\/flamencomadrid.com\/it\/alegrias-de-cadiz\/#primaryimage","url":"https:\/\/flamencomadrid.com\/wp-content\/uploads\/2025\/04\/chanolobato1-e1745237453867.jpg","contentUrl":"https:\/\/flamencomadrid.com\/wp-content\/uploads\/2025\/04\/chanolobato1-e1745237453867.jpg","width":292,"height":225},{"@type":"BreadcrumbList","@id":"https:\/\/flamencomadrid.com\/it\/alegrias-de-cadiz\/#breadcrumb","itemListElement":[{"@type":"ListItem","position":1,"name":"Home","item":"https:\/\/flamencomadrid.com\/it\/"},{"@type":"ListItem","position":2,"name":"Alegr\u00edas: Flamenco y gracia"}]},{"@type":"WebSite","@id":"https:\/\/flamencomadrid.com\/it\/#website","url":"https:\/\/flamencomadrid.com\/it\/","name":"Flamenco Madrid","description":"Otro sitio realizado con WordPress","potentialAction":[{"@type":"SearchAction","target":{"@type":"EntryPoint","urlTemplate":"https:\/\/flamencomadrid.com\/it\/?s={search_term_string}"},"query-input":{"@type":"PropertyValueSpecification","valueRequired":true,"valueName":"search_term_string"}}],"inLanguage":"it-IT"},{"@type":"Person","@id":"https:\/\/flamencomadrid.com\/es\/#\/schema\/person\/e60bef1612b66bdb46e0d88400bfab7e","name":"Miguel Blanco","image":{"@type":"ImageObject","inLanguage":"it-IT","@id":"https:\/\/secure.gravatar.com\/avatar\/359874fd676a9bfbf3a5d62f8bb888a22a657034662dd62c3669b5e7274a1365?s=96&d=mm&r=g","url":"https:\/\/secure.gravatar.com\/avatar\/359874fd676a9bfbf3a5d62f8bb888a22a657034662dd62c3669b5e7274a1365?s=96&d=mm&r=g","contentUrl":"https:\/\/secure.gravatar.com\/avatar\/359874fd676a9bfbf3a5d62f8bb888a22a657034662dd62c3669b5e7274a1365?s=96&d=mm&r=g","caption":"Miguel Blanco"}}]}},"_links":{"self":[{"href":"https:\/\/flamencomadrid.com\/it\/wp-json\/wp\/v2\/posts\/1047","targetHints":{"allow":["GET"]}}],"collection":[{"href":"https:\/\/flamencomadrid.com\/it\/wp-json\/wp\/v2\/posts"}],"about":[{"href":"https:\/\/flamencomadrid.com\/it\/wp-json\/wp\/v2\/types\/post"}],"author":[{"embeddable":true,"href":"https:\/\/flamencomadrid.com\/it\/wp-json\/wp\/v2\/users\/6"}],"replies":[{"embeddable":true,"href":"https:\/\/flamencomadrid.com\/it\/wp-json\/wp\/v2\/comments?post=1047"}],"version-history":[{"count":17,"href":"https:\/\/flamencomadrid.com\/it\/wp-json\/wp\/v2\/posts\/1047\/revisions"}],"predecessor-version":[{"id":1067,"href":"https:\/\/flamencomadrid.com\/it\/wp-json\/wp\/v2\/posts\/1047\/revisions\/1067"}],"wp:featuredmedia":[{"embeddable":true,"href":"https:\/\/flamencomadrid.com\/it\/wp-json\/wp\/v2\/media\/1049"}],"wp:attachment":[{"href":"https:\/\/flamencomadrid.com\/it\/wp-json\/wp\/v2\/media?parent=1047"}],"wp:term":[{"taxonomy":"category","embeddable":true,"href":"https:\/\/flamencomadrid.com\/it\/wp-json\/wp\/v2\/categories?post=1047"},{"taxonomy":"post_tag","embeddable":true,"href":"https:\/\/flamencomadrid.com\/it\/wp-json\/wp\/v2\/tags?post=1047"}],"curies":[{"name":"wp","href":"https:\/\/api.w.org\/{rel}","templated":true}]}}