{"id":895,"date":"2023-09-05T16:56:53","date_gmt":"2023-09-05T14:56:53","guid":{"rendered":"https:\/\/flamencomadrid.com\/es\/?p=895"},"modified":"2024-01-26T14:56:54","modified_gmt":"2024-01-26T13:56:54","slug":"el-primer-taranto","status":"publish","type":"post","link":"https:\/\/flamencomadrid.com\/fr\/le-premier-taranto\/","title":{"rendered":"Le premier taranto"},"content":{"rendered":"<p><\/p>\n<h4 data-sourcepos=\"3:1-3:191\">Carmen Amaya, l&rsquo;une des figures les plus importantes du flamenco, a \u00e9t\u00e9 la premi\u00e8re \u00e0 danser le taranto sur sc\u00e8ne, notamment le 12 janvier 1942 au Carnegie Hall de New York.<\/h4>\n<p><strong><img loading=\"lazy\" decoding=\"async\" class=\"alignnone wp-image-897 size-full\" src=\"https:\/\/flamencomadrid.com\/es\/wp-content\/uploads\/2023\/09\/amaya-644x462-1.webp\" alt=\"\" width=\"644\" height=\"462\" \/><br \/>\n<\/strong><\/p>\n<p data-sourcepos=\"3:1-3:191\">Ce jour-l\u00e0, la brillante bailaora catalane a pr\u00e9sent\u00e9 un grand spectacle de 15 num\u00e9ros, produit par <strong>Hurok Atractions Inc.<\/strong> L&rsquo;un de ces num\u00e9ros, <strong>le neuvi\u00e8me du programme, est le taranto,<\/strong> qu&rsquo;elle danse accompagn\u00e9e \u00e0 la guitare par le grand Agust\u00edn Castell\u00f3n, Sabicas. Elle est accompagn\u00e9e de son p\u00e8re, El Chino, de ses fr\u00e8res et s\u0153urs Paco, Mar\u00eda, Antonia et Leonor, du bailaor Antonio Triana, de Pelao el Viejo, de Lola Montes, de Diego Castell\u00f3n et du professeur Garc\u00eda Matos, en tant que pianiste et chef d&rsquo;orchestre.<\/p>\n<p><img loading=\"lazy\" decoding=\"async\" class=\"alignnone wp-image-900 \" src=\"https:\/\/flamencomadrid.com\/es\/wp-content\/uploads\/2023\/09\/59be7072b7e170063d7c34341e767ab1.jpeg\" alt=\"\" width=\"672\" height=\"305\" \/><\/p>\n<p>Le taranto est un cante minier caract\u00e9ris\u00e9 par son rythme marqu\u00e9 et soumis \u00e0 un comp\u00e1s. <strong>Amaya a adapt\u00e9 ce cante en une forme de danse, cr\u00e9ant ainsi un nouveau style flamenco qui combine l&rsquo;expression dramatique du taranta avec le rythme de la zambra.<\/strong><\/p>\n<p>Le taranto d&rsquo;Amaya a connu un <strong>succ\u00e8s retentissant<\/strong> et est devenu l<strong>&lsquo;une des danses les plus populaires du flamenco.<\/strong> Sa formule initiale, bas\u00e9e sur la ronde\u00f1a por zambra, a ensuite \u00e9t\u00e9 enrichie par d&rsquo;autres artistes, qui y ont ajout\u00e9 leurs propres contributions.<\/p>\n<p><em style=\"color: #000000;\"><strong><img loading=\"lazy\" decoding=\"async\" class=\"alignnone wp-image-908 \" src=\"https:\/\/flamencomadrid.com\/es\/wp-content\/uploads\/2023\/09\/carmen-amaya-genio-y-personalidad-catalana-en-el-baile-flamenco.jpeg\" alt=\"\" width=\"681\" height=\"385\" \/><\/strong><\/em><\/p>\n<h5>Le taranto est aujourd&rsquo;hui une danse plus m\u00e9lancolique et sentimentale que dramatique. C&rsquo;est le seul style minier dansable et l&rsquo;une des danses les plus appr\u00e9ci\u00e9es du flamenco.<\/h5>\n<p><\/p>","protected":false},"excerpt":{"rendered":"Carmen Amaya, l&rsquo;une des figures les plus importantes du flamenco, a \u00e9t\u00e9 la premi\u00e8re \u00e0 danser le taranto sur sc\u00e8ne, notamment le 12 janvier 1942 au Carnegie Hall de New York. Ce jour-l\u00e0, la brillante bailaora catalane a pr\u00e9sent\u00e9 un grand spectacle de 15 num\u00e9ros, produit par Hurok Atractions Inc. L&rsquo;un de ces num\u00e9ros, le&#8230;","protected":false},"author":5,"featured_media":901,"comment_status":"closed","ping_status":"open","sticky":false,"template":"","format":"standard","meta":{"_acf_changed":false,"footnotes":""},"categories":[13],"tags":[],"class_list":["post-895","post","type-post","status-publish","format-standard","has-post-thumbnail","hentry","category-curiosidades-flamencas"],"acf":[],"yoast_head":"<!-- This site is optimized with the Yoast SEO plugin v27.4 - https:\/\/yoast.com\/product\/yoast-seo-wordpress\/ -->\n<title>Le premier taranto - Flamenco Madrid<\/title>\n<meta name=\"robots\" content=\"index, follow, max-snippet:-1, max-image-preview:large, max-video-preview:-1\" \/>\n<link rel=\"canonical\" href=\"\/\" \/>\n<meta property=\"og:locale\" content=\"fr_FR\" \/>\n<meta property=\"og:type\" content=\"article\" \/>\n<meta property=\"og:title\" content=\"Le premier taranto - Flamenco Madrid\" \/>\n<meta property=\"og:description\" content=\"Carmen Amaya, l&rsquo;une des figures les plus importantes du flamenco, a \u00e9t\u00e9 la premi\u00e8re \u00e0 danser le taranto sur sc\u00e8ne, notamment le 12 janvier 1942 au Carnegie Hall de New York. Ce jour-l\u00e0, la brillante bailaora catalane a pr\u00e9sent\u00e9 un grand spectacle de 15 num\u00e9ros, produit par Hurok Atractions Inc. L&rsquo;un de ces num\u00e9ros, le...\" \/>\n<meta property=\"og:url\" content=\"https:\/\/flamencomadrid.com\/fr\/el-primer-taranto\/\" \/>\n<meta property=\"og:site_name\" content=\"Flamenco Madrid\" \/>\n<meta property=\"article:published_time\" content=\"2023-09-05T14:56:53+00:00\" \/>\n<meta property=\"article:modified_time\" content=\"2024-01-26T13:56:54+00:00\" \/>\n<meta property=\"og:image\" content=\"https:\/\/flamencomadrid.com\/wp-content\/uploads\/2023\/09\/image_7794_carmen_amaya_1684515891792650427.jpeg\" \/>\n\t<meta property=\"og:image:width\" content=\"841\" \/>\n\t<meta property=\"og:image:height\" content=\"1102\" \/>\n\t<meta property=\"og:image:type\" content=\"image\/jpeg\" \/>\n<meta name=\"author\" content=\"Pirunator\" \/>\n<meta name=\"twitter:card\" content=\"summary_large_image\" \/>\n<meta name=\"twitter:label1\" content=\"\u00c9crit par\" \/>\n\t<meta name=\"twitter:data1\" content=\"Pirunator\" \/>\n\t<meta name=\"twitter:label2\" content=\"Dur\u00e9e de lecture estim\u00e9e\" \/>\n\t<meta name=\"twitter:data2\" content=\"2 minutes\" \/>\n<script type=\"application\/ld+json\" class=\"yoast-schema-graph\">{\"@context\":\"https:\\\/\\\/schema.org\",\"@graph\":[{\"@type\":\"Article\",\"@id\":\"https:\\\/\\\/flamencomadrid.com\\\/es\\\/el-primer-taranto\\\/#article\",\"isPartOf\":{\"@id\":\"https:\\\/\\\/flamencomadrid.com\\\/es\\\/el-primer-taranto\\\/\"},\"author\":{\"name\":\"Pirunator\",\"@id\":\"https:\\\/\\\/flamencomadrid.com\\\/es\\\/#\\\/schema\\\/person\\\/748b99b947dc33587201a0837db18640\"},\"headline\":\"Le premier taranto\",\"datePublished\":\"2023-09-05T14:56:53+00:00\",\"dateModified\":\"2024-01-26T13:56:54+00:00\",\"mainEntityOfPage\":{\"@id\":\"https:\\\/\\\/flamencomadrid.com\\\/es\\\/el-primer-taranto\\\/\"},\"wordCount\":956,\"image\":{\"@id\":\"https:\\\/\\\/flamencomadrid.com\\\/es\\\/el-primer-taranto\\\/#primaryimage\"},\"thumbnailUrl\":\"https:\\\/\\\/flamencomadrid.com\\\/wp-content\\\/uploads\\\/2023\\\/09\\\/image_7794_carmen_amaya_1684515891792650427.jpeg\",\"articleSection\":[\"Curiosidades Flamencas\"],\"inLanguage\":\"fr-FR\"},{\"@type\":\"WebPage\",\"@id\":\"https:\\\/\\\/flamencomadrid.com\\\/fr\\\/el-primer-taranto\\\/\",\"url\":\"https:\\\/\\\/flamencomadrid.com\\\/fr\\\/el-primer-taranto\\\/\",\"name\":\"Le premier taranto - Flamenco Madrid\",\"isPartOf\":{\"@id\":\"https:\\\/\\\/flamencomadrid.com\\\/fr\\\/#website\"},\"primaryImageOfPage\":{\"@id\":\"https:\\\/\\\/flamencomadrid.com\\\/fr\\\/el-primer-taranto\\\/#primaryimage\"},\"image\":{\"@id\":\"https:\\\/\\\/flamencomadrid.com\\\/es\\\/el-primer-taranto\\\/#primaryimage\"},\"thumbnailUrl\":\"https:\\\/\\\/flamencomadrid.com\\\/wp-content\\\/uploads\\\/2023\\\/09\\\/image_7794_carmen_amaya_1684515891792650427.jpeg\",\"datePublished\":\"2023-09-05T14:56:53+00:00\",\"dateModified\":\"2024-01-26T13:56:54+00:00\",\"author\":{\"@id\":\"https:\\\/\\\/flamencomadrid.com\\\/es\\\/#\\\/schema\\\/person\\\/748b99b947dc33587201a0837db18640\"},\"breadcrumb\":{\"@id\":\"https:\\\/\\\/flamencomadrid.com\\\/fr\\\/el-primer-taranto\\\/#breadcrumb\"},\"inLanguage\":\"fr-FR\",\"potentialAction\":[{\"@type\":\"ReadAction\",\"target\":[[\"https:\\\/\\\/flamencomadrid.com\\\/fr\\\/el-primer-taranto\\\/\"]]}]},{\"@type\":\"ImageObject\",\"inLanguage\":\"fr-FR\",\"@id\":\"https:\\\/\\\/flamencomadrid.com\\\/fr\\\/el-primer-taranto\\\/#primaryimage\",\"url\":\"https:\\\/\\\/flamencomadrid.com\\\/wp-content\\\/uploads\\\/2023\\\/09\\\/image_7794_carmen_amaya_1684515891792650427.jpeg\",\"contentUrl\":\"https:\\\/\\\/flamencomadrid.com\\\/wp-content\\\/uploads\\\/2023\\\/09\\\/image_7794_carmen_amaya_1684515891792650427.jpeg\",\"width\":841,\"height\":1102},{\"@type\":\"BreadcrumbList\",\"@id\":\"https:\\\/\\\/flamencomadrid.com\\\/fr\\\/el-primer-taranto\\\/#breadcrumb\",\"itemListElement\":[{\"@type\":\"ListItem\",\"position\":1,\"name\":\"Home\",\"item\":\"https:\\\/\\\/flamencomadrid.com\\\/fr\\\/\"},{\"@type\":\"ListItem\",\"position\":2,\"name\":\"El primer taranto\"}]},{\"@type\":\"WebSite\",\"@id\":\"https:\\\/\\\/flamencomadrid.com\\\/fr\\\/#website\",\"url\":\"https:\\\/\\\/flamencomadrid.com\\\/fr\\\/\",\"name\":\"Flamenco Madrid\",\"description\":\"Otro sitio realizado con WordPress\",\"potentialAction\":[{\"@type\":\"SearchAction\",\"target\":{\"@type\":\"EntryPoint\",\"urlTemplate\":\"https:\\\/\\\/flamencomadrid.com\\\/fr\\\/?s={search_term_string}\"},\"query-input\":{\"@type\":\"PropertyValueSpecification\",\"valueRequired\":true,\"valueName\":\"search_term_string\"}}],\"inLanguage\":\"fr-FR\"},{\"@type\":\"Person\",\"@id\":\"https:\\\/\\\/flamencomadrid.com\\\/es\\\/#\\\/schema\\\/person\\\/748b99b947dc33587201a0837db18640\",\"name\":\"Pirunator\",\"image\":{\"@type\":\"ImageObject\",\"inLanguage\":\"fr-FR\",\"@id\":\"https:\\\/\\\/secure.gravatar.com\\\/avatar\\\/617673d226a438889f1548bea8a21192c4c0d0351bdc8c087ee3ebf56ac86871?s=96&d=mm&r=g\",\"url\":\"https:\\\/\\\/secure.gravatar.com\\\/avatar\\\/617673d226a438889f1548bea8a21192c4c0d0351bdc8c087ee3ebf56ac86871?s=96&d=mm&r=g\",\"contentUrl\":\"https:\\\/\\\/secure.gravatar.com\\\/avatar\\\/617673d226a438889f1548bea8a21192c4c0d0351bdc8c087ee3ebf56ac86871?s=96&d=mm&r=g\",\"caption\":\"Pirunator\"}}]}<\/script>\n<!-- \/ Yoast SEO plugin. -->","yoast_head_json":{"title":"Le premier taranto - Flamenco Madrid","robots":{"index":"index","follow":"follow","max-snippet":"max-snippet:-1","max-image-preview":"max-image-preview:large","max-video-preview":"max-video-preview:-1"},"canonical":"\/","og_locale":"fr_FR","og_type":"article","og_title":"Le premier taranto - Flamenco Madrid","og_description":"Carmen Amaya, l&rsquo;une des figures les plus importantes du flamenco, a \u00e9t\u00e9 la premi\u00e8re \u00e0 danser le taranto sur sc\u00e8ne, notamment le 12 janvier 1942 au Carnegie Hall de New York. Ce jour-l\u00e0, la brillante bailaora catalane a pr\u00e9sent\u00e9 un grand spectacle de 15 num\u00e9ros, produit par Hurok Atractions Inc. L&rsquo;un de ces num\u00e9ros, le...","og_url":"https:\/\/flamencomadrid.com\/fr\/el-primer-taranto\/","og_site_name":"Flamenco Madrid","article_published_time":"2023-09-05T14:56:53+00:00","article_modified_time":"2024-01-26T13:56:54+00:00","og_image":[{"width":841,"height":1102,"url":"https:\/\/flamencomadrid.com\/wp-content\/uploads\/2023\/09\/image_7794_carmen_amaya_1684515891792650427.jpeg","type":"image\/jpeg"}],"author":"Pirunator","twitter_card":"summary_large_image","twitter_misc":{"\u00c9crit par":"Pirunator","Dur\u00e9e de lecture estim\u00e9e":"2 minutes"},"schema":{"@context":"https:\/\/schema.org","@graph":[{"@type":"Article","@id":"https:\/\/flamencomadrid.com\/es\/el-primer-taranto\/#article","isPartOf":{"@id":"https:\/\/flamencomadrid.com\/es\/el-primer-taranto\/"},"author":{"name":"Pirunator","@id":"https:\/\/flamencomadrid.com\/es\/#\/schema\/person\/748b99b947dc33587201a0837db18640"},"headline":"Le premier taranto","datePublished":"2023-09-05T14:56:53+00:00","dateModified":"2024-01-26T13:56:54+00:00","mainEntityOfPage":{"@id":"https:\/\/flamencomadrid.com\/es\/el-primer-taranto\/"},"wordCount":956,"image":{"@id":"https:\/\/flamencomadrid.com\/es\/el-primer-taranto\/#primaryimage"},"thumbnailUrl":"https:\/\/flamencomadrid.com\/wp-content\/uploads\/2023\/09\/image_7794_carmen_amaya_1684515891792650427.jpeg","articleSection":["Curiosidades Flamencas"],"inLanguage":"fr-FR"},{"@type":"WebPage","@id":"https:\/\/flamencomadrid.com\/fr\/el-primer-taranto\/","url":"https:\/\/flamencomadrid.com\/fr\/el-primer-taranto\/","name":"Le premier taranto - Flamenco Madrid","isPartOf":{"@id":"https:\/\/flamencomadrid.com\/fr\/#website"},"primaryImageOfPage":{"@id":"https:\/\/flamencomadrid.com\/fr\/el-primer-taranto\/#primaryimage"},"image":{"@id":"https:\/\/flamencomadrid.com\/es\/el-primer-taranto\/#primaryimage"},"thumbnailUrl":"https:\/\/flamencomadrid.com\/wp-content\/uploads\/2023\/09\/image_7794_carmen_amaya_1684515891792650427.jpeg","datePublished":"2023-09-05T14:56:53+00:00","dateModified":"2024-01-26T13:56:54+00:00","author":{"@id":"https:\/\/flamencomadrid.com\/es\/#\/schema\/person\/748b99b947dc33587201a0837db18640"},"breadcrumb":{"@id":"https:\/\/flamencomadrid.com\/fr\/el-primer-taranto\/#breadcrumb"},"inLanguage":"fr-FR","potentialAction":[{"@type":"ReadAction","target":[["https:\/\/flamencomadrid.com\/fr\/el-primer-taranto\/"]]}]},{"@type":"ImageObject","inLanguage":"fr-FR","@id":"https:\/\/flamencomadrid.com\/fr\/el-primer-taranto\/#primaryimage","url":"https:\/\/flamencomadrid.com\/wp-content\/uploads\/2023\/09\/image_7794_carmen_amaya_1684515891792650427.jpeg","contentUrl":"https:\/\/flamencomadrid.com\/wp-content\/uploads\/2023\/09\/image_7794_carmen_amaya_1684515891792650427.jpeg","width":841,"height":1102},{"@type":"BreadcrumbList","@id":"https:\/\/flamencomadrid.com\/fr\/el-primer-taranto\/#breadcrumb","itemListElement":[{"@type":"ListItem","position":1,"name":"Home","item":"https:\/\/flamencomadrid.com\/fr\/"},{"@type":"ListItem","position":2,"name":"El primer taranto"}]},{"@type":"WebSite","@id":"https:\/\/flamencomadrid.com\/fr\/#website","url":"https:\/\/flamencomadrid.com\/fr\/","name":"Flamenco Madrid","description":"Otro sitio realizado con WordPress","potentialAction":[{"@type":"SearchAction","target":{"@type":"EntryPoint","urlTemplate":"https:\/\/flamencomadrid.com\/fr\/?s={search_term_string}"},"query-input":{"@type":"PropertyValueSpecification","valueRequired":true,"valueName":"search_term_string"}}],"inLanguage":"fr-FR"},{"@type":"Person","@id":"https:\/\/flamencomadrid.com\/es\/#\/schema\/person\/748b99b947dc33587201a0837db18640","name":"Pirunator","image":{"@type":"ImageObject","inLanguage":"fr-FR","@id":"https:\/\/secure.gravatar.com\/avatar\/617673d226a438889f1548bea8a21192c4c0d0351bdc8c087ee3ebf56ac86871?s=96&d=mm&r=g","url":"https:\/\/secure.gravatar.com\/avatar\/617673d226a438889f1548bea8a21192c4c0d0351bdc8c087ee3ebf56ac86871?s=96&d=mm&r=g","contentUrl":"https:\/\/secure.gravatar.com\/avatar\/617673d226a438889f1548bea8a21192c4c0d0351bdc8c087ee3ebf56ac86871?s=96&d=mm&r=g","caption":"Pirunator"}}]}},"_links":{"self":[{"href":"https:\/\/flamencomadrid.com\/fr\/wp-json\/wp\/v2\/posts\/895","targetHints":{"allow":["GET"]}}],"collection":[{"href":"https:\/\/flamencomadrid.com\/fr\/wp-json\/wp\/v2\/posts"}],"about":[{"href":"https:\/\/flamencomadrid.com\/fr\/wp-json\/wp\/v2\/types\/post"}],"author":[{"embeddable":true,"href":"https:\/\/flamencomadrid.com\/fr\/wp-json\/wp\/v2\/users\/5"}],"replies":[{"embeddable":true,"href":"https:\/\/flamencomadrid.com\/fr\/wp-json\/wp\/v2\/comments?post=895"}],"version-history":[{"count":14,"href":"https:\/\/flamencomadrid.com\/fr\/wp-json\/wp\/v2\/posts\/895\/revisions"}],"predecessor-version":[{"id":1031,"href":"https:\/\/flamencomadrid.com\/fr\/wp-json\/wp\/v2\/posts\/895\/revisions\/1031"}],"wp:featuredmedia":[{"embeddable":true,"href":"https:\/\/flamencomadrid.com\/fr\/wp-json\/wp\/v2\/media\/901"}],"wp:attachment":[{"href":"https:\/\/flamencomadrid.com\/fr\/wp-json\/wp\/v2\/media?parent=895"}],"wp:term":[{"taxonomy":"category","embeddable":true,"href":"https:\/\/flamencomadrid.com\/fr\/wp-json\/wp\/v2\/categories?post=895"},{"taxonomy":"post_tag","embeddable":true,"href":"https:\/\/flamencomadrid.com\/fr\/wp-json\/wp\/v2\/tags?post=895"}],"curies":[{"name":"wp","href":"https:\/\/api.w.org\/{rel}","templated":true}]}}