{"id":882,"date":"2023-09-02T18:30:42","date_gmt":"2023-09-02T16:30:42","guid":{"rendered":"https:\/\/flamencomadrid.com\/es\/?p=882"},"modified":"2024-01-26T14:53:05","modified_gmt":"2024-01-26T13:53:05","slug":"suma-flamenca-joven-2023","status":"publish","type":"post","link":"https:\/\/flamencomadrid.com\/fr\/suma-flamenca-joven-2023\/","title":{"rendered":"III SUMA FLAMENCA JOVEN"},"content":{"rendered":"<p><\/p>\n<h3>Apr\u00e8s le succ\u00e8s de l&rsquo;ann\u00e9e derni\u00e8re, le directeur Antonio Benamargo esp\u00e8re consolider ce cycle dans la Sala Verde des Teatros del Canal.<\/h3>\n<h4>Dates : 21 au 24 septembre<\/h4>\n<p>Depuis 2021, la ville de Madrid a ce pr\u00e9ambule \u00e0 ce qui sera la prochaine Suma Flamenca en octobre. Quatre jours de chant, de jeu de guitare et de danse o\u00f9 l&rsquo;on peut appr\u00e9cier la fra\u00eecheur et la cr\u00e9ativit\u00e9 apport\u00e9es par les propositions des plus jeunes artistes flamenco. Cette troisi\u00e8me \u00e9dition se concentre sur les \u00ab\u00a0d\u00e9buts\u00a0\u00bb, c&rsquo;est-\u00e0-dire les moments o\u00f9 les artistes osent tracer de nouvelles voies et vivre de nouvelles exp\u00e9riences \u00e0 travers l&rsquo;art.<\/p>\n<p>Bien que les propositions soient ax\u00e9es sur le flamenco classique, nous pouvons assurer que cette \u00e9dition propose un programme qui ne laissera aucun spectateur indiff\u00e9rent. Un festival qui ne se contente pas d&rsquo;accueillir des artistes dont la carri\u00e8re est en train de d\u00e9coller, mais qui tente \u00e9galement de susciter l&rsquo;enthousiasme des jeunes gr\u00e2ce aux <a href=\"https:\/\/www.teatroscanal.com\/espectaculo\/sumaflamencajoventc2324\/\">r\u00e9ductions<\/a> offertes par le th\u00e9\u00e2tre.<\/p>\n<p><strong>Le Gala I<\/strong> s&rsquo;ouvrira avec <strong>Andr\u00e9s Barrios<\/strong> au piano. Ce S\u00e9villan de 26 ans a d\u00e9j\u00e0 un enregistrement et de nombreux concerts \u00e0 son actif. <strong>Nazaret Reyes<\/strong>, qui a collabor\u00e9 avec des artistes de l&rsquo;envergure de Joaqu\u00edn Cort\u00e9s et Farruquito, participera avec sa danse. \u00c0 Madrid, nous pourrons la voir danser au tablao <a href=\"https:\/\/cardamomo.com\/es\/\">Cardamomo<\/a>.<\/p>\n<p>Enfin, nous pourrons \u00e9couter <strong>Rafael del Calli<\/strong>, actuel vainqueur du <em>Concurso Nacional de Arte Flamenco de C\u00f3rdoba<\/em> dans la cat\u00e9gorie cante.<\/p>\n<div style=\"width: 570px\" class=\"wp-caption aligncenter\"><img loading=\"lazy\" decoding=\"async\" class=\"attachment-large wp-post-image\" src=\"https:\/\/cardamomo.com\/wp-content\/uploads\/2022\/05\/nazaret-reyes-6-e1662223033438-737x1024.jpg\" alt=\"https:\/\/cardamomo.com\/es\/artist\/nazaret-reyez\/\" width=\"560\" height=\"778\" \/><p class=\"wp-caption-text\">Nazaret Reyes,\u00a0<i>danseuse<\/i><\/p><\/div>\n<p><strong>Le Gala II<\/strong> sera repr\u00e9sent\u00e9 par Grenade, Cadix et Ja\u00e9n. Depuis la ville de l&rsquo;Alhambra, nous pourrons \u00e9couter le jeu de guitare de <strong>Jose Ferm\u00edn Fernandez<\/strong>, <em>Bord\u00f3n Minero<\/em> en 2019. Ce jeune homme originaire d&rsquo;Iznalloz a une longue carri\u00e8re de cante et d&rsquo;accompagnateur de danse dans de nombreux tablaos et grottes.<\/p>\n<p>En danse, nous pourrons appr\u00e9cier <strong>Juan Tom\u00e1s de la Mol\u00eda<\/strong>, actuel vainqueur du <em>Concurso Nacional de Arte Flamenco de C\u00f3rdoba<\/em> dans la cat\u00e9gorie danse. Il a particip\u00e9 au <em>Ballet Flamenco de Andaluc\u00eda<\/em> ainsi qu&rsquo;\u00e0 de nombreux tablaos et pe\u00f1as de sa communaut\u00e9 autonome. Enfin, nous pourrons \u00e9couter <strong>Laura Marchal<\/strong> au chant. Cette jeune danseuse de Ja\u00e9n a une longue carri\u00e8re de cantaora solo dans des pe\u00f1as et des f\u00eates.<\/p>\n<div style=\"width: 787px\" class=\"wp-caption aligncenter\"><img loading=\"lazy\" decoding=\"async\" class=\"attachment-new-img-l wp-post-image \" src=\"https:\/\/www.granadadigital.es\/wp-content\/uploads\/2022\/01\/Jose-Fermin-Fernadez-1010x750.jpg\" sizes=\"auto, (max-width: 1010px) 100vw, 1010px\" srcset=\"https:\/\/www.granadadigital.es\/wp-content\/uploads\/2022\/01\/Jose-Fermin-Fernadez-1010x750.jpg 1010w, https:\/\/www.granadadigital.es\/wp-content\/uploads\/2022\/01\/Jose-Fermin-Fernadez-566x420.jpg 566w, https:\/\/www.granadadigital.es\/wp-content\/uploads\/2022\/01\/Jose-Fermin-Fernadez-1536x1140.jpg 1536w, https:\/\/www.granadadigital.es\/wp-content\/uploads\/2022\/01\/Jose-Fermin-Fernadez-316x235.jpg 316w, https:\/\/www.granadadigital.es\/wp-content\/uploads\/2022\/01\/Jose-Fermin-Fernadez-128x95.jpg 128w, https:\/\/www.granadadigital.es\/wp-content\/uploads\/2022\/01\/Jose-Fermin-Fernadez-94x70.jpg 94w, https:\/\/www.granadadigital.es\/wp-content\/uploads\/2022\/01\/Jose-Fermin-Fernadez-86x64.jpg 86w, https:\/\/www.granadadigital.es\/wp-content\/uploads\/2022\/01\/Jose-Fermin-Fernadez-240x178.jpg 240w, https:\/\/www.granadadigital.es\/wp-content\/uploads\/2022\/01\/Jose-Fermin-Fernadez-202x150.jpg 202w, https:\/\/www.granadadigital.es\/wp-content\/uploads\/2022\/01\/Jose-Fermin-Fernadez-1080x802.jpg 1080w, https:\/\/www.granadadigital.es\/wp-content\/uploads\/2022\/01\/Jose-Fermin-Fernadez.jpg 1599w\" alt=\"Jos\u00e9 Ferm\u00edn Fernadez\" width=\"777\" height=\"577\" data-src=\"https:\/\/www.granadadigital.es\/wp-content\/uploads\/2022\/01\/Jose-Fermin-Fernadez-1010x750.jpg\" data-srcset=\"https:\/\/www.granadadigital.es\/wp-content\/uploads\/2022\/01\/Jose-Fermin-Fernadez-1010x750.jpg 1010w, https:\/\/www.granadadigital.es\/wp-content\/uploads\/2022\/01\/Jose-Fermin-Fernadez-566x420.jpg 566w, https:\/\/www.granadadigital.es\/wp-content\/uploads\/2022\/01\/Jose-Fermin-Fernadez-1536x1140.jpg 1536w, https:\/\/www.granadadigital.es\/wp-content\/uploads\/2022\/01\/Jose-Fermin-Fernadez-316x235.jpg 316w, https:\/\/www.granadadigital.es\/wp-content\/uploads\/2022\/01\/Jose-Fermin-Fernadez-128x95.jpg 128w, https:\/\/www.granadadigital.es\/wp-content\/uploads\/2022\/01\/Jose-Fermin-Fernadez-94x70.jpg 94w, https:\/\/www.granadadigital.es\/wp-content\/uploads\/2022\/01\/Jose-Fermin-Fernadez-86x64.jpg 86w, https:\/\/www.granadadigital.es\/wp-content\/uploads\/2022\/01\/Jose-Fermin-Fernadez-240x178.jpg 240w, https:\/\/www.granadadigital.es\/wp-content\/uploads\/2022\/01\/Jose-Fermin-Fernadez-202x150.jpg 202w, https:\/\/www.granadadigital.es\/wp-content\/uploads\/2022\/01\/Jose-Fermin-Fernadez-1080x802.jpg 1080w, https:\/\/www.granadadigital.es\/wp-content\/uploads\/2022\/01\/Jose-Fermin-Fernadez.jpg 1599w\" \/><p class=\"wp-caption-text\">Jos\u00e9 Ferm\u00edn Fernadez,\u00a0<i>guitariste<\/i>. Photo: Granada Folk Music Festival<\/p><\/div>\n<p><strong>Le Gala III<\/strong> mettra en vedette <strong>Marcos de Silva<\/strong> \u00e0 la guitare, <strong>Luc\u00eda Beltr\u00e1n<\/strong> au chant et <strong>Claudia &lsquo;la Debla&rsquo;<\/strong> \u00e0 la danse. Ag\u00e9s respectivement de 17, 19 et 18 ans, ces trois artistes ont re\u00e7u une formation approfondie dans des acad\u00e9mies, des conservatoires ou chez eux, et ont fait leurs preuves en compagnie d&rsquo;artistes flamenco importants.<\/p>\n<div style=\"width: 787px\" class=\"wp-caption aligncenter\"><img loading=\"lazy\" decoding=\"async\" class=\"\" src=\"https:\/\/i0.wp.com\/soleraespectaculos.com\/wp-content\/uploads\/2020\/01\/destacada-claudia.jpg?resize=1000%2C509&amp;ssl=1\" alt=\"\" width=\"777\" height=\"396\" \/><p class=\"wp-caption-text\">Claudia &lsquo;la Debla&rsquo;, <em>danseuse<\/em><\/p><\/div>\n<p>La <strong>fin<\/strong> de ce cycle correspond \u00e0 <strong>Benito Bernal, Jos\u00e9 \u00ab\u00a0el Berenjeno\u00a0\u00bb<\/strong> et <strong>Laura<\/strong> <strong>F\u00fanez<\/strong>. Le premier a une carri\u00e8re passionnante de guitariste accompagnateur. Il a particip\u00e9 \u00e0 la compagnie Est\u00e9vez\/Pa\u00f1os ainsi qu&rsquo;au spectacle Origen d&rsquo;Eduardo Guerrero au<a href=\".\"> Corral de la Morer\u00eda,<\/a> entre autres.<\/p>\n<p>Quant \u00e0 \u00ab\u00a0el Berenjeno\u00a0\u00bb, il a remport\u00e9 des prix importants comme le premier prix du concours <em>Naranjito de Triana<\/em> et a particip\u00e9 \u00e0 des sc\u00e8nes importantes comme la <em>Biennale de Flamenco de S\u00e9ville<\/em>. Laura F\u00fanez est une artiste qui \u00e9volue entre <em>l&rsquo;\u00e9cole bolera et le flamenco<\/em>, r\u00e9alisant une synergie entre les deux disciplines qu&rsquo;elle incorpore dans son exploration de la danse dans des tablaos tels que <a href=\".\">Las Carboneras<\/a> ou le <a href=\"https:\/\/tablaoflamenco1911.com\/es\/?gclid=Cj0KCQjwusunBhCYARIsAFBsUP8tXjmk4C9o596Rnt3Ysuqn74D6EfZTNTUOqB31_fLFiRNZqVXD590aAkBgEALw_wcB\">Tablao 1911.<\/a><\/p>\n<div style=\"width: 633px\" class=\"wp-caption aligncenter\"><img loading=\"lazy\" decoding=\"async\" class=\"r48jcc pT0Scc iPVvYb\" src=\"https:\/\/i.pinimg.com\/736x\/dc\/6f\/b0\/dc6fb03c896bd05e3dd4a019312c24a2.jpg\" alt=\"\" width=\"623\" height=\"778\" aria-hidden=\"false\" \/><p class=\"wp-caption-text\">Laura F\u00fanez, <em>danzaora<\/em>. Photo: Lucrecia D\u00edaz<\/p><\/div>\n<p>&nbsp;<\/p>","protected":false},"excerpt":{"rendered":"Apr\u00e8s le succ\u00e8s de l&rsquo;ann\u00e9e derni\u00e8re, le directeur Antonio Benamargo esp\u00e8re consolider ce cycle dans la Sala Verde des Teatros del Canal. Dates : 21 au 24 septembre Depuis 2021, la ville de Madrid a ce pr\u00e9ambule \u00e0 ce qui sera la prochaine Suma Flamenca en octobre. Quatre jours de chant, de jeu de guitare&#8230;","protected":false},"author":5,"featured_media":883,"comment_status":"closed","ping_status":"open","sticky":false,"template":"","format":"standard","meta":{"_acf_changed":false,"footnotes":""},"categories":[12],"tags":[],"class_list":["post-882","post","type-post","status-publish","format-standard","has-post-thumbnail","hentry","category-proximos-shows-en-madrid"],"acf":[],"yoast_head":"<!-- This site is optimized with the Yoast SEO plugin v27.4 - https:\/\/yoast.com\/product\/yoast-seo-wordpress\/ -->\n<title>III SUMA FLAMENCA JOVEN - Flamenco Madrid<\/title>\n<meta name=\"robots\" content=\"index, follow, max-snippet:-1, max-image-preview:large, max-video-preview:-1\" \/>\n<link rel=\"canonical\" href=\"\/\" \/>\n<meta property=\"og:locale\" content=\"fr_FR\" \/>\n<meta property=\"og:type\" content=\"article\" \/>\n<meta property=\"og:title\" content=\"III SUMA FLAMENCA JOVEN - Flamenco Madrid\" \/>\n<meta property=\"og:description\" content=\"Apr\u00e8s le succ\u00e8s de l&rsquo;ann\u00e9e derni\u00e8re, le directeur Antonio Benamargo esp\u00e8re consolider ce cycle dans la Sala Verde des Teatros del Canal. Dates : 21 au 24 septembre Depuis 2021, la ville de Madrid a ce pr\u00e9ambule \u00e0 ce qui sera la prochaine Suma Flamenca en octobre. Quatre jours de chant, de jeu de guitare...\" \/>\n<meta property=\"og:url\" content=\"https:\/\/flamencomadrid.com\/fr\/suma-flamenca-joven-2023\/\" \/>\n<meta property=\"og:site_name\" content=\"Flamenco Madrid\" \/>\n<meta property=\"article:published_time\" content=\"2023-09-02T16:30:42+00:00\" \/>\n<meta property=\"article:modified_time\" content=\"2024-01-26T13:53:05+00:00\" \/>\n<meta property=\"og:image\" content=\"https:\/\/flamencomadrid.com\/wp-content\/uploads\/2023\/09\/cartel-suma-flamenca-joven-2023.jpg\" \/>\n\t<meta property=\"og:image:width\" content=\"8268\" \/>\n\t<meta property=\"og:image:height\" content=\"12047\" \/>\n\t<meta property=\"og:image:type\" content=\"image\/jpeg\" \/>\n<meta name=\"author\" content=\"Pirunator\" \/>\n<meta name=\"twitter:card\" content=\"summary_large_image\" \/>\n<meta name=\"twitter:label1\" content=\"\u00c9crit par\" \/>\n\t<meta name=\"twitter:data1\" content=\"Pirunator\" \/>\n\t<meta name=\"twitter:label2\" content=\"Dur\u00e9e de lecture estim\u00e9e\" \/>\n\t<meta name=\"twitter:data2\" content=\"4 minutes\" \/>\n<script type=\"application\/ld+json\" class=\"yoast-schema-graph\">{\"@context\":\"https:\\\/\\\/schema.org\",\"@graph\":[{\"@type\":\"Article\",\"@id\":\"https:\\\/\\\/flamencomadrid.com\\\/es\\\/suma-flamenca-joven-2023\\\/#article\",\"isPartOf\":{\"@id\":\"https:\\\/\\\/flamencomadrid.com\\\/es\\\/suma-flamenca-joven-2023\\\/\"},\"author\":{\"name\":\"Pirunator\",\"@id\":\"https:\\\/\\\/flamencomadrid.com\\\/es\\\/#\\\/schema\\\/person\\\/748b99b947dc33587201a0837db18640\"},\"headline\":\"III SUMA FLAMENCA JOVEN\",\"datePublished\":\"2023-09-02T16:30:42+00:00\",\"dateModified\":\"2024-01-26T13:53:05+00:00\",\"mainEntityOfPage\":{\"@id\":\"https:\\\/\\\/flamencomadrid.com\\\/es\\\/suma-flamenca-joven-2023\\\/\"},\"wordCount\":2421,\"image\":{\"@id\":\"https:\\\/\\\/flamencomadrid.com\\\/es\\\/suma-flamenca-joven-2023\\\/#primaryimage\"},\"thumbnailUrl\":\"https:\\\/\\\/flamencomadrid.com\\\/wp-content\\\/uploads\\\/2023\\\/09\\\/cartel-suma-flamenca-joven-2023.jpg\",\"articleSection\":[\"Pr\u00f3ximos Shows en Madrid\"],\"inLanguage\":\"fr-FR\"},{\"@type\":\"WebPage\",\"@id\":\"https:\\\/\\\/flamencomadrid.com\\\/fr\\\/suma-flamenca-joven-2023\\\/\",\"url\":\"https:\\\/\\\/flamencomadrid.com\\\/fr\\\/suma-flamenca-joven-2023\\\/\",\"name\":\"III SUMA FLAMENCA JOVEN - Flamenco Madrid\",\"isPartOf\":{\"@id\":\"https:\\\/\\\/flamencomadrid.com\\\/fr\\\/#website\"},\"primaryImageOfPage\":{\"@id\":\"https:\\\/\\\/flamencomadrid.com\\\/fr\\\/suma-flamenca-joven-2023\\\/#primaryimage\"},\"image\":{\"@id\":\"https:\\\/\\\/flamencomadrid.com\\\/es\\\/suma-flamenca-joven-2023\\\/#primaryimage\"},\"thumbnailUrl\":\"https:\\\/\\\/flamencomadrid.com\\\/wp-content\\\/uploads\\\/2023\\\/09\\\/cartel-suma-flamenca-joven-2023.jpg\",\"datePublished\":\"2023-09-02T16:30:42+00:00\",\"dateModified\":\"2024-01-26T13:53:05+00:00\",\"author\":{\"@id\":\"https:\\\/\\\/flamencomadrid.com\\\/es\\\/#\\\/schema\\\/person\\\/748b99b947dc33587201a0837db18640\"},\"breadcrumb\":{\"@id\":\"https:\\\/\\\/flamencomadrid.com\\\/fr\\\/suma-flamenca-joven-2023\\\/#breadcrumb\"},\"inLanguage\":\"fr-FR\",\"potentialAction\":[{\"@type\":\"ReadAction\",\"target\":[[\"https:\\\/\\\/flamencomadrid.com\\\/fr\\\/suma-flamenca-joven-2023\\\/\"]]}]},{\"@type\":\"ImageObject\",\"inLanguage\":\"fr-FR\",\"@id\":\"https:\\\/\\\/flamencomadrid.com\\\/fr\\\/suma-flamenca-joven-2023\\\/#primaryimage\",\"url\":\"https:\\\/\\\/flamencomadrid.com\\\/wp-content\\\/uploads\\\/2023\\\/09\\\/cartel-suma-flamenca-joven-2023.jpg\",\"contentUrl\":\"https:\\\/\\\/flamencomadrid.com\\\/wp-content\\\/uploads\\\/2023\\\/09\\\/cartel-suma-flamenca-joven-2023.jpg\",\"width\":8268,\"height\":12047},{\"@type\":\"BreadcrumbList\",\"@id\":\"https:\\\/\\\/flamencomadrid.com\\\/fr\\\/suma-flamenca-joven-2023\\\/#breadcrumb\",\"itemListElement\":[{\"@type\":\"ListItem\",\"position\":1,\"name\":\"Home\",\"item\":\"https:\\\/\\\/flamencomadrid.com\\\/fr\\\/\"},{\"@type\":\"ListItem\",\"position\":2,\"name\":\"III SUMA FLAMENCA JOVEN\"}]},{\"@type\":\"WebSite\",\"@id\":\"https:\\\/\\\/flamencomadrid.com\\\/fr\\\/#website\",\"url\":\"https:\\\/\\\/flamencomadrid.com\\\/fr\\\/\",\"name\":\"Flamenco Madrid\",\"description\":\"Otro sitio realizado con WordPress\",\"potentialAction\":[{\"@type\":\"SearchAction\",\"target\":{\"@type\":\"EntryPoint\",\"urlTemplate\":\"https:\\\/\\\/flamencomadrid.com\\\/fr\\\/?s={search_term_string}\"},\"query-input\":{\"@type\":\"PropertyValueSpecification\",\"valueRequired\":true,\"valueName\":\"search_term_string\"}}],\"inLanguage\":\"fr-FR\"},{\"@type\":\"Person\",\"@id\":\"https:\\\/\\\/flamencomadrid.com\\\/es\\\/#\\\/schema\\\/person\\\/748b99b947dc33587201a0837db18640\",\"name\":\"Pirunator\",\"image\":{\"@type\":\"ImageObject\",\"inLanguage\":\"fr-FR\",\"@id\":\"https:\\\/\\\/secure.gravatar.com\\\/avatar\\\/617673d226a438889f1548bea8a21192c4c0d0351bdc8c087ee3ebf56ac86871?s=96&d=mm&r=g\",\"url\":\"https:\\\/\\\/secure.gravatar.com\\\/avatar\\\/617673d226a438889f1548bea8a21192c4c0d0351bdc8c087ee3ebf56ac86871?s=96&d=mm&r=g\",\"contentUrl\":\"https:\\\/\\\/secure.gravatar.com\\\/avatar\\\/617673d226a438889f1548bea8a21192c4c0d0351bdc8c087ee3ebf56ac86871?s=96&d=mm&r=g\",\"caption\":\"Pirunator\"}}]}<\/script>\n<!-- \/ Yoast SEO plugin. -->","yoast_head_json":{"title":"III SUMA FLAMENCA JOVEN - Flamenco Madrid","robots":{"index":"index","follow":"follow","max-snippet":"max-snippet:-1","max-image-preview":"max-image-preview:large","max-video-preview":"max-video-preview:-1"},"canonical":"\/","og_locale":"fr_FR","og_type":"article","og_title":"III SUMA FLAMENCA JOVEN - Flamenco Madrid","og_description":"Apr\u00e8s le succ\u00e8s de l&rsquo;ann\u00e9e derni\u00e8re, le directeur Antonio Benamargo esp\u00e8re consolider ce cycle dans la Sala Verde des Teatros del Canal. Dates : 21 au 24 septembre Depuis 2021, la ville de Madrid a ce pr\u00e9ambule \u00e0 ce qui sera la prochaine Suma Flamenca en octobre. Quatre jours de chant, de jeu de guitare...","og_url":"https:\/\/flamencomadrid.com\/fr\/suma-flamenca-joven-2023\/","og_site_name":"Flamenco Madrid","article_published_time":"2023-09-02T16:30:42+00:00","article_modified_time":"2024-01-26T13:53:05+00:00","og_image":[{"width":8268,"height":12047,"url":"https:\/\/flamencomadrid.com\/wp-content\/uploads\/2023\/09\/cartel-suma-flamenca-joven-2023.jpg","type":"image\/jpeg"}],"author":"Pirunator","twitter_card":"summary_large_image","twitter_misc":{"\u00c9crit par":"Pirunator","Dur\u00e9e de lecture estim\u00e9e":"4 minutes"},"schema":{"@context":"https:\/\/schema.org","@graph":[{"@type":"Article","@id":"https:\/\/flamencomadrid.com\/es\/suma-flamenca-joven-2023\/#article","isPartOf":{"@id":"https:\/\/flamencomadrid.com\/es\/suma-flamenca-joven-2023\/"},"author":{"name":"Pirunator","@id":"https:\/\/flamencomadrid.com\/es\/#\/schema\/person\/748b99b947dc33587201a0837db18640"},"headline":"III SUMA FLAMENCA JOVEN","datePublished":"2023-09-02T16:30:42+00:00","dateModified":"2024-01-26T13:53:05+00:00","mainEntityOfPage":{"@id":"https:\/\/flamencomadrid.com\/es\/suma-flamenca-joven-2023\/"},"wordCount":2421,"image":{"@id":"https:\/\/flamencomadrid.com\/es\/suma-flamenca-joven-2023\/#primaryimage"},"thumbnailUrl":"https:\/\/flamencomadrid.com\/wp-content\/uploads\/2023\/09\/cartel-suma-flamenca-joven-2023.jpg","articleSection":["Pr\u00f3ximos Shows en Madrid"],"inLanguage":"fr-FR"},{"@type":"WebPage","@id":"https:\/\/flamencomadrid.com\/fr\/suma-flamenca-joven-2023\/","url":"https:\/\/flamencomadrid.com\/fr\/suma-flamenca-joven-2023\/","name":"III SUMA FLAMENCA JOVEN - Flamenco Madrid","isPartOf":{"@id":"https:\/\/flamencomadrid.com\/fr\/#website"},"primaryImageOfPage":{"@id":"https:\/\/flamencomadrid.com\/fr\/suma-flamenca-joven-2023\/#primaryimage"},"image":{"@id":"https:\/\/flamencomadrid.com\/es\/suma-flamenca-joven-2023\/#primaryimage"},"thumbnailUrl":"https:\/\/flamencomadrid.com\/wp-content\/uploads\/2023\/09\/cartel-suma-flamenca-joven-2023.jpg","datePublished":"2023-09-02T16:30:42+00:00","dateModified":"2024-01-26T13:53:05+00:00","author":{"@id":"https:\/\/flamencomadrid.com\/es\/#\/schema\/person\/748b99b947dc33587201a0837db18640"},"breadcrumb":{"@id":"https:\/\/flamencomadrid.com\/fr\/suma-flamenca-joven-2023\/#breadcrumb"},"inLanguage":"fr-FR","potentialAction":[{"@type":"ReadAction","target":[["https:\/\/flamencomadrid.com\/fr\/suma-flamenca-joven-2023\/"]]}]},{"@type":"ImageObject","inLanguage":"fr-FR","@id":"https:\/\/flamencomadrid.com\/fr\/suma-flamenca-joven-2023\/#primaryimage","url":"https:\/\/flamencomadrid.com\/wp-content\/uploads\/2023\/09\/cartel-suma-flamenca-joven-2023.jpg","contentUrl":"https:\/\/flamencomadrid.com\/wp-content\/uploads\/2023\/09\/cartel-suma-flamenca-joven-2023.jpg","width":8268,"height":12047},{"@type":"BreadcrumbList","@id":"https:\/\/flamencomadrid.com\/fr\/suma-flamenca-joven-2023\/#breadcrumb","itemListElement":[{"@type":"ListItem","position":1,"name":"Home","item":"https:\/\/flamencomadrid.com\/fr\/"},{"@type":"ListItem","position":2,"name":"III SUMA FLAMENCA JOVEN"}]},{"@type":"WebSite","@id":"https:\/\/flamencomadrid.com\/fr\/#website","url":"https:\/\/flamencomadrid.com\/fr\/","name":"Flamenco Madrid","description":"Otro sitio realizado con WordPress","potentialAction":[{"@type":"SearchAction","target":{"@type":"EntryPoint","urlTemplate":"https:\/\/flamencomadrid.com\/fr\/?s={search_term_string}"},"query-input":{"@type":"PropertyValueSpecification","valueRequired":true,"valueName":"search_term_string"}}],"inLanguage":"fr-FR"},{"@type":"Person","@id":"https:\/\/flamencomadrid.com\/es\/#\/schema\/person\/748b99b947dc33587201a0837db18640","name":"Pirunator","image":{"@type":"ImageObject","inLanguage":"fr-FR","@id":"https:\/\/secure.gravatar.com\/avatar\/617673d226a438889f1548bea8a21192c4c0d0351bdc8c087ee3ebf56ac86871?s=96&d=mm&r=g","url":"https:\/\/secure.gravatar.com\/avatar\/617673d226a438889f1548bea8a21192c4c0d0351bdc8c087ee3ebf56ac86871?s=96&d=mm&r=g","contentUrl":"https:\/\/secure.gravatar.com\/avatar\/617673d226a438889f1548bea8a21192c4c0d0351bdc8c087ee3ebf56ac86871?s=96&d=mm&r=g","caption":"Pirunator"}}]}},"_links":{"self":[{"href":"https:\/\/flamencomadrid.com\/fr\/wp-json\/wp\/v2\/posts\/882","targetHints":{"allow":["GET"]}}],"collection":[{"href":"https:\/\/flamencomadrid.com\/fr\/wp-json\/wp\/v2\/posts"}],"about":[{"href":"https:\/\/flamencomadrid.com\/fr\/wp-json\/wp\/v2\/types\/post"}],"author":[{"embeddable":true,"href":"https:\/\/flamencomadrid.com\/fr\/wp-json\/wp\/v2\/users\/5"}],"replies":[{"embeddable":true,"href":"https:\/\/flamencomadrid.com\/fr\/wp-json\/wp\/v2\/comments?post=882"}],"version-history":[{"count":17,"href":"https:\/\/flamencomadrid.com\/fr\/wp-json\/wp\/v2\/posts\/882\/revisions"}],"predecessor-version":[{"id":1030,"href":"https:\/\/flamencomadrid.com\/fr\/wp-json\/wp\/v2\/posts\/882\/revisions\/1030"}],"wp:featuredmedia":[{"embeddable":true,"href":"https:\/\/flamencomadrid.com\/fr\/wp-json\/wp\/v2\/media\/883"}],"wp:attachment":[{"href":"https:\/\/flamencomadrid.com\/fr\/wp-json\/wp\/v2\/media?parent=882"}],"wp:term":[{"taxonomy":"category","embeddable":true,"href":"https:\/\/flamencomadrid.com\/fr\/wp-json\/wp\/v2\/categories?post=882"},{"taxonomy":"post_tag","embeddable":true,"href":"https:\/\/flamencomadrid.com\/fr\/wp-json\/wp\/v2\/tags?post=882"}],"curies":[{"name":"wp","href":"https:\/\/api.w.org\/{rel}","templated":true}]}}