{"id":832,"date":"2023-08-16T17:10:13","date_gmt":"2023-08-16T15:10:13","guid":{"rendered":"https:\/\/flamencomadrid.com\/es\/?p=832"},"modified":"2024-01-26T14:41:46","modified_gmt":"2024-01-26T13:41:46","slug":"festival-internacional-de-verano-del-escorial","status":"publish","type":"post","link":"https:\/\/flamencomadrid.com\/fr\/festival-international-dete-del-escorial\/","title":{"rendered":"El Escorial International Summer Festival"},"content":{"rendered":"<p><\/p>\n<div class=\"flex-1 overflow-hidden\">\n<div class=\"react-scroll-to-bottom--css-hfdwm-79elbk h-full dark:bg-gray-800\">\n<div class=\"react-scroll-to-bottom--css-hfdwm-1n7m0yu\">\n<div class=\"flex flex-col text-sm dark:bg-gray-800\">\n<div class=\"group w-full text-token-text-primary border-b border-black\/10 dark:border-gray-900\/50 bg-gray-50 dark:bg-[#444654]\">\n<div class=\"flex p-4 gap-4 text-base md:gap-6 md:max-w-2xl lg:max-w-[38rem] xl:max-w-3xl md:py-6 lg:px-0 m-auto\">\n<div class=\"relative flex w-[calc(100%-50px)] flex-col gap-1 md:gap-3 lg:w-[calc(100%-115px)]\">\n<div class=\"flex flex-grow flex-col gap-3\">\n<div class=\"min-h-[20px] flex flex-col items-start gap-3 overflow-x-auto whitespace-pre-wrap break-words\">\n<div class=\"markdown prose w-full break-words dark:prose-invert light\">\n<h4>\u00ab\u00a0R\u00eaves d&rsquo;\u00e9t\u00e9\u00a0\u00bb : Musique live et \u00e9motions \u00e0 FIVE<\/h4>\n<p>\ud83d\uddd3\ufe0f Dates : 4 ao\u00fbt 2023 &#8211; 26 ao\u00fbt 2023<\/p>\n<p><strong>Musique live et \u00e9motions dans le cadre du Festival international d&rsquo;\u00e9t\u00e9 d&rsquo;El Escorial (FIVE).<\/strong><\/p>\n<p>La premi\u00e8re directrice artistique <strong>Paloma Concejero<\/strong>, immerg\u00e9e dans l&rsquo;excitation de la musique en direct, rel\u00e8ve le d\u00e9fi de cr\u00e9er une troisi\u00e8me \u00e9dition de <strong>FIVE<\/strong> qui offre des exp\u00e9riences inoubliables et profond\u00e9ment connect\u00e9es au public.<\/p>\n<p>Enracin\u00e9 dans les classiques, <strong>FIVE<\/strong> vise \u00e0 fusionner des airs, des chansons et des textes litt\u00e9raires qui \u00e9voquent des souvenirs pass\u00e9s et cr\u00e9ent des moments intemporels, dans le but de faire de chaque soir\u00e9e une exp\u00e9rience distincte et de laisser une impression durable \u00e0 chaque spectateur. Le metteur en sc\u00e8ne s&rsquo;efforce de tisser un lien \u00e9motionnel profond qui permette aux participants de vivre une cascade de sensations inoubliables.<\/p>\n<p>L&rsquo;ouverture de <strong>FIVE<\/strong> est marqu\u00e9e par la prestation du <strong>t\u00e9nor Juan Diego Fl\u00f3rez<\/strong> dans le majestueux auditorium de San Lorenzo de El Escorial. Le r\u00e9cit retrace son parcours depuis Lima jusqu&rsquo;aux sc\u00e8nes les plus prestigieuses du monde, et souligne que son r\u00e9pertoire comprend aussi bien des classiques que des m\u00e9lodies latino-am\u00e9ricaines.<\/p>\n<\/div>\n<\/div>\n<\/div>\n<\/div>\n<\/div>\n<\/div>\n<div class=\"h-32 md:h-48 flex-shrink-0\">\n<p><img loading=\"lazy\" decoding=\"async\" class=\"alignnone wp-image-837 \" src=\"https:\/\/flamencomadrid.com\/es\/wp-content\/uploads\/2023\/08\/av_58849-scaled.webp\" alt=\"\" width=\"769\" height=\"490\" \/><br \/>\n<em>L&rsquo;auditorium de San Lorenzo del Escorial<\/em><\/p>\n<p>La cl\u00f4ture de la <strong>FIVE<\/strong> sera marqu\u00e9e par une premi\u00e8re \u00e9tonnante : <strong>\u00ab\u00a0Hamlet flamenco\u00a0\u00bb<\/strong>, une production dans laquelle le danseur Manuel Reyes joue le r\u00f4le du prince du Danemark, sous la direction de Cristiane Azem. La l\u00e9gendaire Merche Esmeralda revient \u00e9galement sur sc\u00e8ne dans ce projet, trente ans apr\u00e8s avoir interpr\u00e9t\u00e9 des r\u00f4les similaires avec le Ballet national d&rsquo;Espagne.<\/p>\n<p><img loading=\"lazy\" decoding=\"async\" class=\"alignnone wp-image-836 size-full\" src=\"https:\/\/flamencomadrid.com\/es\/wp-content\/uploads\/2023\/08\/hamlet-flamenco_five_180423_1-768x375-jpg-1.webp\" alt=\"\" width=\"768\" height=\"375\" \/><br \/>\n<em>\u00ab\u00a0Hamlet flamenco\u00a0\u00bb<\/em><\/p>\n<p>Au cours de la derni\u00e8re semaine du festival, musique et \u00e9motions convergent une fois de plus avec la repr\u00e9sentation de <strong>\u00ab\u00a0Div\u00e1n del Tamarit\u00a0\u00bb<\/strong>, avec la musique de <strong>Carlos Cano<\/strong> et la version courageuse de <strong>Juan Valderrama.<\/strong><\/p>\n<p><img loading=\"lazy\" decoding=\"async\" class=\"alignnone wp-image-833 \" src=\"https:\/\/flamencomadrid.com\/es\/wp-content\/uploads\/2023\/08\/juan-valderrama-03.jpg\" alt=\"\" width=\"776\" height=\"474\" \/><br \/>\n<em>Juan Valderrama<\/em><strong><br \/>\n<\/strong><\/p>\n<p>L&rsquo;histoire se termine par une r\u00e9flexion sur le lien humain que la musique parvient \u00e0 forger, au-del\u00e0 des notes de musique. <strong>FIVE<\/strong> 2023 est pr\u00e9sent\u00e9 comme un hommage \u00e0 cette connexion, c\u00e9l\u00e9brant \u00e0 la fois la musique classique et populaire et enrichissant l&rsquo;exp\u00e9rience humaine gr\u00e2ce \u00e0 la musique en direct.<\/p>\n<p><img loading=\"lazy\" decoding=\"async\" class=\"alignnone wp-image-835 \" src=\"https:\/\/flamencomadrid.com\/es\/wp-content\/uploads\/2023\/08\/juan-valderrama-02-1.jpg\" alt=\"\" width=\"801\" height=\"489\" \/><\/p>\n<\/div>\n<\/div>\n<\/div>\n<\/div>\n<\/div>\n<div class=\"absolute bottom-0 left-0 w-full border-t md:border-t-0 dark:border-white\/20 md:border-transparent md:dark:border-transparent md:bg-vert-light-gradient bg-white dark:bg-gray-800 md:!bg-transparent dark:md:bg-vert-dark-gradient pt-2 md:pl-2 md:w-[calc(100%-.5rem)]\">\n<form class=\"stretch mx-2 flex flex-row gap-3 last:mb-2 md:mx-4 md:last:mb-6 lg:mx-auto lg:max-w-2xl xl:max-w-3xl\">\n<div class=\"relative flex h-full flex-1 items-stretch md:flex-col\">\n<div>\n<div class=\"h-full flex ml-1 md:w-full md:m-auto md:mb-4 gap-0 md:gap-2 justify-center\">\n<p><strong>Le programme:<\/strong> <a href=\"https:\/\/www.madrid.org\/veranoescorial\/2023\/programacion.html\">Verano en el Escorial<\/a><\/p>\n<\/div>\n<div><\/div>\n<\/div>\n<\/div>\n<\/form>\n<\/div>\n<p><\/p>","protected":false},"excerpt":{"rendered":"\u00ab\u00a0R\u00eaves d&rsquo;\u00e9t\u00e9\u00a0\u00bb : Musique live et \u00e9motions \u00e0 FIVE \ud83d\uddd3\ufe0f Dates : 4 ao\u00fbt 2023 &#8211; 26 ao\u00fbt 2023 Musique live et \u00e9motions dans le cadre du Festival international d&rsquo;\u00e9t\u00e9 d&rsquo;El Escorial (FIVE). La premi\u00e8re directrice artistique Paloma Concejero, immerg\u00e9e dans l&rsquo;excitation de la musique en direct, rel\u00e8ve le d\u00e9fi de cr\u00e9er une troisi\u00e8me \u00e9dition&#8230;","protected":false},"author":5,"featured_media":836,"comment_status":"closed","ping_status":"open","sticky":false,"template":"","format":"standard","meta":{"_acf_changed":false,"footnotes":""},"categories":[12],"tags":[],"class_list":["post-832","post","type-post","status-publish","format-standard","has-post-thumbnail","hentry","category-proximos-shows-en-madrid"],"acf":[],"yoast_head":"<!-- This site is optimized with the Yoast SEO plugin v27.4 - https:\/\/yoast.com\/product\/yoast-seo-wordpress\/ -->\n<title>El Escorial International Summer Festival - Flamenco Madrid<\/title>\n<meta name=\"robots\" content=\"index, follow, max-snippet:-1, max-image-preview:large, max-video-preview:-1\" \/>\n<link rel=\"canonical\" href=\"\/\" \/>\n<meta property=\"og:locale\" content=\"fr_FR\" \/>\n<meta property=\"og:type\" content=\"article\" \/>\n<meta property=\"og:title\" content=\"El Escorial International Summer Festival - Flamenco Madrid\" \/>\n<meta property=\"og:description\" content=\"\u00ab\u00a0R\u00eaves d&rsquo;\u00e9t\u00e9\u00a0\u00bb : Musique live et \u00e9motions \u00e0 FIVE \ud83d\uddd3\ufe0f Dates : 4 ao\u00fbt 2023 &#8211; 26 ao\u00fbt 2023 Musique live et \u00e9motions dans le cadre du Festival international d&rsquo;\u00e9t\u00e9 d&rsquo;El Escorial (FIVE). La premi\u00e8re directrice artistique Paloma Concejero, immerg\u00e9e dans l&rsquo;excitation de la musique en direct, rel\u00e8ve le d\u00e9fi de cr\u00e9er une troisi\u00e8me \u00e9dition...\" \/>\n<meta property=\"og:url\" content=\"https:\/\/flamencomadrid.com\/fr\/festival-internacional-de-verano-del-escorial\/\" \/>\n<meta property=\"og:site_name\" content=\"Flamenco Madrid\" \/>\n<meta property=\"article:published_time\" content=\"2023-08-16T15:10:13+00:00\" \/>\n<meta property=\"article:modified_time\" content=\"2024-01-26T13:41:46+00:00\" \/>\n<meta property=\"og:image\" content=\"https:\/\/flamencomadrid.com\/wp-content\/uploads\/2023\/08\/hamlet-flamenco_five_180423_1-768x375-jpg-1.webp\" \/>\n\t<meta property=\"og:image:width\" content=\"768\" \/>\n\t<meta property=\"og:image:height\" content=\"375\" \/>\n\t<meta property=\"og:image:type\" content=\"image\/webp\" \/>\n<meta name=\"author\" content=\"Pirunator\" \/>\n<meta name=\"twitter:card\" content=\"summary_large_image\" \/>\n<meta name=\"twitter:label1\" content=\"\u00c9crit par\" \/>\n\t<meta name=\"twitter:data1\" content=\"Pirunator\" \/>\n\t<meta name=\"twitter:label2\" content=\"Dur\u00e9e de lecture estim\u00e9e\" \/>\n\t<meta name=\"twitter:data2\" content=\"3 minutes\" \/>\n<script type=\"application\/ld+json\" class=\"yoast-schema-graph\">{\"@context\":\"https:\\\/\\\/schema.org\",\"@graph\":[{\"@type\":\"Article\",\"@id\":\"https:\\\/\\\/flamencomadrid.com\\\/es\\\/festival-internacional-de-verano-del-escorial\\\/#article\",\"isPartOf\":{\"@id\":\"https:\\\/\\\/flamencomadrid.com\\\/es\\\/festival-internacional-de-verano-del-escorial\\\/\"},\"author\":{\"name\":\"Pirunator\",\"@id\":\"https:\\\/\\\/flamencomadrid.com\\\/es\\\/#\\\/schema\\\/person\\\/748b99b947dc33587201a0837db18640\"},\"headline\":\"El Escorial International Summer Festival\",\"datePublished\":\"2023-08-16T15:10:13+00:00\",\"dateModified\":\"2024-01-26T13:41:46+00:00\",\"mainEntityOfPage\":{\"@id\":\"https:\\\/\\\/flamencomadrid.com\\\/es\\\/festival-internacional-de-verano-del-escorial\\\/\"},\"wordCount\":1448,\"image\":{\"@id\":\"https:\\\/\\\/flamencomadrid.com\\\/es\\\/festival-internacional-de-verano-del-escorial\\\/#primaryimage\"},\"thumbnailUrl\":\"https:\\\/\\\/flamencomadrid.com\\\/wp-content\\\/uploads\\\/2023\\\/08\\\/hamlet-flamenco_five_180423_1-768x375-jpg-1.webp\",\"articleSection\":[\"Pr\u00f3ximos Shows en Madrid\"],\"inLanguage\":\"fr-FR\"},{\"@type\":\"WebPage\",\"@id\":\"https:\\\/\\\/flamencomadrid.com\\\/fr\\\/festival-internacional-de-verano-del-escorial\\\/\",\"url\":\"https:\\\/\\\/flamencomadrid.com\\\/fr\\\/festival-internacional-de-verano-del-escorial\\\/\",\"name\":\"El Escorial International Summer Festival - Flamenco Madrid\",\"isPartOf\":{\"@id\":\"https:\\\/\\\/flamencomadrid.com\\\/fr\\\/#website\"},\"primaryImageOfPage\":{\"@id\":\"https:\\\/\\\/flamencomadrid.com\\\/fr\\\/festival-internacional-de-verano-del-escorial\\\/#primaryimage\"},\"image\":{\"@id\":\"https:\\\/\\\/flamencomadrid.com\\\/es\\\/festival-internacional-de-verano-del-escorial\\\/#primaryimage\"},\"thumbnailUrl\":\"https:\\\/\\\/flamencomadrid.com\\\/wp-content\\\/uploads\\\/2023\\\/08\\\/hamlet-flamenco_five_180423_1-768x375-jpg-1.webp\",\"datePublished\":\"2023-08-16T15:10:13+00:00\",\"dateModified\":\"2024-01-26T13:41:46+00:00\",\"author\":{\"@id\":\"https:\\\/\\\/flamencomadrid.com\\\/es\\\/#\\\/schema\\\/person\\\/748b99b947dc33587201a0837db18640\"},\"breadcrumb\":{\"@id\":\"https:\\\/\\\/flamencomadrid.com\\\/fr\\\/festival-internacional-de-verano-del-escorial\\\/#breadcrumb\"},\"inLanguage\":\"fr-FR\",\"potentialAction\":[{\"@type\":\"ReadAction\",\"target\":[[\"https:\\\/\\\/flamencomadrid.com\\\/fr\\\/festival-internacional-de-verano-del-escorial\\\/\"]]}]},{\"@type\":\"ImageObject\",\"inLanguage\":\"fr-FR\",\"@id\":\"https:\\\/\\\/flamencomadrid.com\\\/fr\\\/festival-internacional-de-verano-del-escorial\\\/#primaryimage\",\"url\":\"https:\\\/\\\/flamencomadrid.com\\\/wp-content\\\/uploads\\\/2023\\\/08\\\/hamlet-flamenco_five_180423_1-768x375-jpg-1.webp\",\"contentUrl\":\"https:\\\/\\\/flamencomadrid.com\\\/wp-content\\\/uploads\\\/2023\\\/08\\\/hamlet-flamenco_five_180423_1-768x375-jpg-1.webp\",\"width\":768,\"height\":375},{\"@type\":\"BreadcrumbList\",\"@id\":\"https:\\\/\\\/flamencomadrid.com\\\/fr\\\/festival-internacional-de-verano-del-escorial\\\/#breadcrumb\",\"itemListElement\":[{\"@type\":\"ListItem\",\"position\":1,\"name\":\"Home\",\"item\":\"https:\\\/\\\/flamencomadrid.com\\\/fr\\\/\"},{\"@type\":\"ListItem\",\"position\":2,\"name\":\"Festival Internacional de Verano del Escorial\"}]},{\"@type\":\"WebSite\",\"@id\":\"https:\\\/\\\/flamencomadrid.com\\\/fr\\\/#website\",\"url\":\"https:\\\/\\\/flamencomadrid.com\\\/fr\\\/\",\"name\":\"Flamenco Madrid\",\"description\":\"Otro sitio realizado con WordPress\",\"potentialAction\":[{\"@type\":\"SearchAction\",\"target\":{\"@type\":\"EntryPoint\",\"urlTemplate\":\"https:\\\/\\\/flamencomadrid.com\\\/fr\\\/?s={search_term_string}\"},\"query-input\":{\"@type\":\"PropertyValueSpecification\",\"valueRequired\":true,\"valueName\":\"search_term_string\"}}],\"inLanguage\":\"fr-FR\"},{\"@type\":\"Person\",\"@id\":\"https:\\\/\\\/flamencomadrid.com\\\/es\\\/#\\\/schema\\\/person\\\/748b99b947dc33587201a0837db18640\",\"name\":\"Pirunator\",\"image\":{\"@type\":\"ImageObject\",\"inLanguage\":\"fr-FR\",\"@id\":\"https:\\\/\\\/secure.gravatar.com\\\/avatar\\\/617673d226a438889f1548bea8a21192c4c0d0351bdc8c087ee3ebf56ac86871?s=96&d=mm&r=g\",\"url\":\"https:\\\/\\\/secure.gravatar.com\\\/avatar\\\/617673d226a438889f1548bea8a21192c4c0d0351bdc8c087ee3ebf56ac86871?s=96&d=mm&r=g\",\"contentUrl\":\"https:\\\/\\\/secure.gravatar.com\\\/avatar\\\/617673d226a438889f1548bea8a21192c4c0d0351bdc8c087ee3ebf56ac86871?s=96&d=mm&r=g\",\"caption\":\"Pirunator\"}}]}<\/script>\n<!-- \/ Yoast SEO plugin. -->","yoast_head_json":{"title":"El Escorial International Summer Festival - Flamenco Madrid","robots":{"index":"index","follow":"follow","max-snippet":"max-snippet:-1","max-image-preview":"max-image-preview:large","max-video-preview":"max-video-preview:-1"},"canonical":"\/","og_locale":"fr_FR","og_type":"article","og_title":"El Escorial International Summer Festival - Flamenco Madrid","og_description":"\u00ab\u00a0R\u00eaves d&rsquo;\u00e9t\u00e9\u00a0\u00bb : Musique live et \u00e9motions \u00e0 FIVE \ud83d\uddd3\ufe0f Dates : 4 ao\u00fbt 2023 &#8211; 26 ao\u00fbt 2023 Musique live et \u00e9motions dans le cadre du Festival international d&rsquo;\u00e9t\u00e9 d&rsquo;El Escorial (FIVE). La premi\u00e8re directrice artistique Paloma Concejero, immerg\u00e9e dans l&rsquo;excitation de la musique en direct, rel\u00e8ve le d\u00e9fi de cr\u00e9er une troisi\u00e8me \u00e9dition...","og_url":"https:\/\/flamencomadrid.com\/fr\/festival-internacional-de-verano-del-escorial\/","og_site_name":"Flamenco Madrid","article_published_time":"2023-08-16T15:10:13+00:00","article_modified_time":"2024-01-26T13:41:46+00:00","og_image":[{"width":768,"height":375,"url":"https:\/\/flamencomadrid.com\/wp-content\/uploads\/2023\/08\/hamlet-flamenco_five_180423_1-768x375-jpg-1.webp","type":"image\/webp"}],"author":"Pirunator","twitter_card":"summary_large_image","twitter_misc":{"\u00c9crit par":"Pirunator","Dur\u00e9e de lecture estim\u00e9e":"3 minutes"},"schema":{"@context":"https:\/\/schema.org","@graph":[{"@type":"Article","@id":"https:\/\/flamencomadrid.com\/es\/festival-internacional-de-verano-del-escorial\/#article","isPartOf":{"@id":"https:\/\/flamencomadrid.com\/es\/festival-internacional-de-verano-del-escorial\/"},"author":{"name":"Pirunator","@id":"https:\/\/flamencomadrid.com\/es\/#\/schema\/person\/748b99b947dc33587201a0837db18640"},"headline":"El Escorial International Summer Festival","datePublished":"2023-08-16T15:10:13+00:00","dateModified":"2024-01-26T13:41:46+00:00","mainEntityOfPage":{"@id":"https:\/\/flamencomadrid.com\/es\/festival-internacional-de-verano-del-escorial\/"},"wordCount":1448,"image":{"@id":"https:\/\/flamencomadrid.com\/es\/festival-internacional-de-verano-del-escorial\/#primaryimage"},"thumbnailUrl":"https:\/\/flamencomadrid.com\/wp-content\/uploads\/2023\/08\/hamlet-flamenco_five_180423_1-768x375-jpg-1.webp","articleSection":["Pr\u00f3ximos Shows en Madrid"],"inLanguage":"fr-FR"},{"@type":"WebPage","@id":"https:\/\/flamencomadrid.com\/fr\/festival-internacional-de-verano-del-escorial\/","url":"https:\/\/flamencomadrid.com\/fr\/festival-internacional-de-verano-del-escorial\/","name":"El Escorial International Summer Festival - Flamenco Madrid","isPartOf":{"@id":"https:\/\/flamencomadrid.com\/fr\/#website"},"primaryImageOfPage":{"@id":"https:\/\/flamencomadrid.com\/fr\/festival-internacional-de-verano-del-escorial\/#primaryimage"},"image":{"@id":"https:\/\/flamencomadrid.com\/es\/festival-internacional-de-verano-del-escorial\/#primaryimage"},"thumbnailUrl":"https:\/\/flamencomadrid.com\/wp-content\/uploads\/2023\/08\/hamlet-flamenco_five_180423_1-768x375-jpg-1.webp","datePublished":"2023-08-16T15:10:13+00:00","dateModified":"2024-01-26T13:41:46+00:00","author":{"@id":"https:\/\/flamencomadrid.com\/es\/#\/schema\/person\/748b99b947dc33587201a0837db18640"},"breadcrumb":{"@id":"https:\/\/flamencomadrid.com\/fr\/festival-internacional-de-verano-del-escorial\/#breadcrumb"},"inLanguage":"fr-FR","potentialAction":[{"@type":"ReadAction","target":[["https:\/\/flamencomadrid.com\/fr\/festival-internacional-de-verano-del-escorial\/"]]}]},{"@type":"ImageObject","inLanguage":"fr-FR","@id":"https:\/\/flamencomadrid.com\/fr\/festival-internacional-de-verano-del-escorial\/#primaryimage","url":"https:\/\/flamencomadrid.com\/wp-content\/uploads\/2023\/08\/hamlet-flamenco_five_180423_1-768x375-jpg-1.webp","contentUrl":"https:\/\/flamencomadrid.com\/wp-content\/uploads\/2023\/08\/hamlet-flamenco_five_180423_1-768x375-jpg-1.webp","width":768,"height":375},{"@type":"BreadcrumbList","@id":"https:\/\/flamencomadrid.com\/fr\/festival-internacional-de-verano-del-escorial\/#breadcrumb","itemListElement":[{"@type":"ListItem","position":1,"name":"Home","item":"https:\/\/flamencomadrid.com\/fr\/"},{"@type":"ListItem","position":2,"name":"Festival Internacional de Verano del Escorial"}]},{"@type":"WebSite","@id":"https:\/\/flamencomadrid.com\/fr\/#website","url":"https:\/\/flamencomadrid.com\/fr\/","name":"Flamenco Madrid","description":"Otro sitio realizado con WordPress","potentialAction":[{"@type":"SearchAction","target":{"@type":"EntryPoint","urlTemplate":"https:\/\/flamencomadrid.com\/fr\/?s={search_term_string}"},"query-input":{"@type":"PropertyValueSpecification","valueRequired":true,"valueName":"search_term_string"}}],"inLanguage":"fr-FR"},{"@type":"Person","@id":"https:\/\/flamencomadrid.com\/es\/#\/schema\/person\/748b99b947dc33587201a0837db18640","name":"Pirunator","image":{"@type":"ImageObject","inLanguage":"fr-FR","@id":"https:\/\/secure.gravatar.com\/avatar\/617673d226a438889f1548bea8a21192c4c0d0351bdc8c087ee3ebf56ac86871?s=96&d=mm&r=g","url":"https:\/\/secure.gravatar.com\/avatar\/617673d226a438889f1548bea8a21192c4c0d0351bdc8c087ee3ebf56ac86871?s=96&d=mm&r=g","contentUrl":"https:\/\/secure.gravatar.com\/avatar\/617673d226a438889f1548bea8a21192c4c0d0351bdc8c087ee3ebf56ac86871?s=96&d=mm&r=g","caption":"Pirunator"}}]}},"_links":{"self":[{"href":"https:\/\/flamencomadrid.com\/fr\/wp-json\/wp\/v2\/posts\/832","targetHints":{"allow":["GET"]}}],"collection":[{"href":"https:\/\/flamencomadrid.com\/fr\/wp-json\/wp\/v2\/posts"}],"about":[{"href":"https:\/\/flamencomadrid.com\/fr\/wp-json\/wp\/v2\/types\/post"}],"author":[{"embeddable":true,"href":"https:\/\/flamencomadrid.com\/fr\/wp-json\/wp\/v2\/users\/5"}],"replies":[{"embeddable":true,"href":"https:\/\/flamencomadrid.com\/fr\/wp-json\/wp\/v2\/comments?post=832"}],"version-history":[{"count":13,"href":"https:\/\/flamencomadrid.com\/fr\/wp-json\/wp\/v2\/posts\/832\/revisions"}],"predecessor-version":[{"id":1028,"href":"https:\/\/flamencomadrid.com\/fr\/wp-json\/wp\/v2\/posts\/832\/revisions\/1028"}],"wp:featuredmedia":[{"embeddable":true,"href":"https:\/\/flamencomadrid.com\/fr\/wp-json\/wp\/v2\/media\/836"}],"wp:attachment":[{"href":"https:\/\/flamencomadrid.com\/fr\/wp-json\/wp\/v2\/media?parent=832"}],"wp:term":[{"taxonomy":"category","embeddable":true,"href":"https:\/\/flamencomadrid.com\/fr\/wp-json\/wp\/v2\/categories?post=832"},{"taxonomy":"post_tag","embeddable":true,"href":"https:\/\/flamencomadrid.com\/fr\/wp-json\/wp\/v2\/tags?post=832"}],"curies":[{"name":"wp","href":"https:\/\/api.w.org\/{rel}","templated":true}]}}