{"id":812,"date":"2023-08-07T19:07:46","date_gmt":"2023-08-07T17:07:46","guid":{"rendered":"https:\/\/flamencomadrid.com\/es\/?p=812"},"modified":"2024-01-26T14:38:31","modified_gmt":"2024-01-26T13:38:31","slug":"5-tendencias-de-la-moda-flamenca-2024","status":"publish","type":"post","link":"https:\/\/flamencomadrid.com\/fr\/5-tendances-de-la-mode-flamenco-2024\/","title":{"rendered":"5 Tendances de la mode flamenco 2024"},"content":{"rendered":"<p><strong>La mode flamenco<\/strong> est une tendance festive, des robes pleines <strong>de<\/strong> <strong>couleurs et de joie<\/strong> qui repr\u00e9sentent la <strong>passion et l&rsquo;\u00e9nergie <\/strong>du flamenco. Ces robes sont \u00e9galement agr\u00e9ables \u00e0 porter et permettent de bouger librement, ce qui est important pour<strong> danser le flamenco.<\/strong><\/p>\n<p>En plus d&rsquo;\u00eatre une c\u00e9l\u00e9bration de la culture espagnole, la mode flamenco est <strong>\u00e9l\u00e9gante et sophistiqu\u00e9e.<\/strong> Les robes sont fabriqu\u00e9es dans des tissus de haute qualit\u00e9 et sont orn\u00e9es de <strong>broderies et d&rsquo;imprim\u00e9s magnifiques<\/strong>. Les robes sont <strong>\u00e9galement<\/strong> <strong>polyvalentes<\/strong> et peuvent \u00eatre port\u00e9es \u00e0 diff\u00e9rentes occasions, qu&rsquo;il s&rsquo;agisse d&rsquo;un \u00e9v\u00e9nement formel ou informel.<\/p>\n<p>Les 5 tendances les plus importantes sont les suivantes :<\/p>\n<p><strong>1. Les couleurs vives:<\/strong> Les couleurs vives seront \u00e0 la mode en 2024, comme le rouge, le jaune, le vert et le bleu. Ces couleurs donneront une touche festive \u00e0 votre robe flamenco.<\/p>\n<p><strong>2. Volants<\/strong>: Les volants sont un \u00e9l\u00e9ment essentiel de la mode flamenco, et ils seront toujours \u00e0 la mode en 2024. Les volants peuvent \u00eatre grands ou petits, et peuvent se trouver n&rsquo;importe o\u00f9 sur le costume, comme sur la jupe, les manches ou l&rsquo;encolure.<\/p>\n<p><img loading=\"lazy\" decoding=\"async\" class=\"alignnone wp-image-815 \" src=\"https:\/\/flamencomadrid.com\/es\/wp-content\/uploads\/2023\/08\/7baa11ea3659b078e91b90293c17955a.jpeg\" alt=\"\" width=\"307\" height=\"577\" \/> <img loading=\"lazy\" decoding=\"async\" class=\"alignnone wp-image-816 \" src=\"https:\/\/flamencomadrid.com\/es\/wp-content\/uploads\/2023\/08\/2da3f90b74fb87045a46c982a57816c1.jpeg\" alt=\"\" width=\"433\" height=\"577\" \/><\/p>\n<p><strong>3. La broderie:<\/strong> La broderie est une autre tendance importante de la mode flamenca. Les broderies peuvent \u00eatre florales, g\u00e9om\u00e9triques ou abstraites, et peuvent \u00eatre r\u00e9alis\u00e9es dans n&rsquo;importe quelle couleur.<\/p>\n<p><strong>4. Tissus l\u00e9gers:<\/strong> Les tissus l\u00e9gers, tels que le lin, le coton et la mousseline, seront les plus populaires en 2024. Ces tissus sont agr\u00e9ables \u00e0 porter et permettent de bouger librement, ce qui est important pour la danse flamenco.<\/p>\n<p><strong><img loading=\"lazy\" decoding=\"async\" class=\"alignnone wp-image-817 \" src=\"https:\/\/flamencomadrid.com\/es\/wp-content\/uploads\/2023\/08\/36f5a8020faab35a72281dba4e22d425.jpeg\" alt=\"\" width=\"337\" height=\"587\" \/> <img loading=\"lazy\" decoding=\"async\" class=\"alignnone wp-image-819 \" src=\"https:\/\/flamencomadrid.com\/es\/wp-content\/uploads\/2023\/08\/27223c1396628bff955af5858fa8116f-1.jpeg\" alt=\"\" width=\"367\" height=\"586\" \/><br \/>\n<\/strong><\/p>\n<p><strong>5. Coupe ample:<\/strong> En 2024, les robes de flamenco seront plus amples que les ann\u00e9es pr\u00e9c\u00e9dentes. Cela s&rsquo;explique par le fait que la mode flamenco devient plus d\u00e9contract\u00e9e et moins formelle.<\/p>\n<p><strong>La mode flamenco 2024 est parfaite pour toutes les occasions, qu&rsquo;il s&rsquo;agisse d&rsquo;une f\u00eate, d&rsquo;un festival ou d&rsquo;une occasion sp\u00e9ciale.<\/strong><\/p>","protected":false},"excerpt":{"rendered":"La mode flamenco est une tendance festive, des robes pleines de couleurs et de joie qui repr\u00e9sentent la passion et l&rsquo;\u00e9nergie du flamenco. Ces robes sont \u00e9galement agr\u00e9ables \u00e0 porter et permettent de bouger librement, ce qui est important pour danser le flamenco. En plus d&rsquo;\u00eatre une c\u00e9l\u00e9bration de la culture espagnole, la mode flamenco&#8230;","protected":false},"author":5,"featured_media":822,"comment_status":"closed","ping_status":"open","sticky":false,"template":"","format":"standard","meta":{"_acf_changed":false,"footnotes":""},"categories":[5],"tags":[],"class_list":["post-812","post","type-post","status-publish","format-standard","has-post-thumbnail","hentry","category-vestuario-flamenco"],"acf":[],"yoast_head":"<!-- This site is optimized with the Yoast SEO plugin v27.4 - https:\/\/yoast.com\/product\/yoast-seo-wordpress\/ -->\n<title>5 Tendances de la mode flamenco 2024 - Flamenco Madrid<\/title>\n<meta name=\"robots\" content=\"index, follow, max-snippet:-1, max-image-preview:large, max-video-preview:-1\" \/>\n<link rel=\"canonical\" href=\"\/\" \/>\n<meta property=\"og:locale\" content=\"fr_FR\" \/>\n<meta property=\"og:type\" content=\"article\" \/>\n<meta property=\"og:title\" content=\"5 Tendances de la mode flamenco 2024 - Flamenco Madrid\" \/>\n<meta property=\"og:description\" content=\"La mode flamenco est une tendance festive, des robes pleines de couleurs et de joie qui repr\u00e9sentent la passion et l&rsquo;\u00e9nergie du flamenco. Ces robes sont \u00e9galement agr\u00e9ables \u00e0 porter et permettent de bouger librement, ce qui est important pour danser le flamenco. En plus d&rsquo;\u00eatre une c\u00e9l\u00e9bration de la culture espagnole, la mode flamenco...\" \/>\n<meta property=\"og:url\" content=\"https:\/\/flamencomadrid.com\/fr\/5-tendencias-de-la-moda-flamenca-2024\/\" \/>\n<meta property=\"og:site_name\" content=\"Flamenco Madrid\" \/>\n<meta property=\"article:published_time\" content=\"2023-08-07T17:07:46+00:00\" \/>\n<meta property=\"article:modified_time\" content=\"2024-01-26T13:38:31+00:00\" \/>\n<meta property=\"og:image\" content=\"https:\/\/flamencomadrid.com\/wp-content\/uploads\/2023\/08\/bb33a10b15e721ba1eaf3fe9f3fd45e3.jpeg\" \/>\n\t<meta property=\"og:image:width\" content=\"448\" \/>\n\t<meta property=\"og:image:height\" content=\"301\" \/>\n\t<meta property=\"og:image:type\" content=\"image\/jpeg\" \/>\n<meta name=\"author\" content=\"Pirunator\" \/>\n<meta name=\"twitter:card\" content=\"summary_large_image\" \/>\n<meta name=\"twitter:label1\" content=\"\u00c9crit par\" \/>\n\t<meta name=\"twitter:data1\" content=\"Pirunator\" \/>\n\t<meta name=\"twitter:label2\" content=\"Dur\u00e9e de lecture estim\u00e9e\" \/>\n\t<meta name=\"twitter:data2\" content=\"3 minutes\" \/>\n<script type=\"application\/ld+json\" class=\"yoast-schema-graph\">{\"@context\":\"https:\\\/\\\/schema.org\",\"@graph\":[{\"@type\":\"Article\",\"@id\":\"https:\\\/\\\/flamencomadrid.com\\\/es\\\/5-tendencias-de-la-moda-flamenca-2024\\\/#article\",\"isPartOf\":{\"@id\":\"https:\\\/\\\/flamencomadrid.com\\\/es\\\/5-tendencias-de-la-moda-flamenca-2024\\\/\"},\"author\":{\"name\":\"Pirunator\",\"@id\":\"https:\\\/\\\/flamencomadrid.com\\\/es\\\/#\\\/schema\\\/person\\\/748b99b947dc33587201a0837db18640\"},\"headline\":\"5 Tendances de la mode flamenco 2024\",\"datePublished\":\"2023-08-07T17:07:46+00:00\",\"dateModified\":\"2024-01-26T13:38:31+00:00\",\"mainEntityOfPage\":{\"@id\":\"https:\\\/\\\/flamencomadrid.com\\\/es\\\/5-tendencias-de-la-moda-flamenca-2024\\\/\"},\"wordCount\":1208,\"image\":{\"@id\":\"https:\\\/\\\/flamencomadrid.com\\\/es\\\/5-tendencias-de-la-moda-flamenca-2024\\\/#primaryimage\"},\"thumbnailUrl\":\"https:\\\/\\\/flamencomadrid.com\\\/wp-content\\\/uploads\\\/2023\\\/08\\\/bb33a10b15e721ba1eaf3fe9f3fd45e3.jpeg\",\"articleSection\":[\"Vestuario flamenco\"],\"inLanguage\":\"fr-FR\"},{\"@type\":\"WebPage\",\"@id\":\"https:\\\/\\\/flamencomadrid.com\\\/fr\\\/5-tendencias-de-la-moda-flamenca-2024\\\/\",\"url\":\"https:\\\/\\\/flamencomadrid.com\\\/fr\\\/5-tendencias-de-la-moda-flamenca-2024\\\/\",\"name\":\"5 Tendances de la mode flamenco 2024 - Flamenco Madrid\",\"isPartOf\":{\"@id\":\"https:\\\/\\\/flamencomadrid.com\\\/fr\\\/#website\"},\"primaryImageOfPage\":{\"@id\":\"https:\\\/\\\/flamencomadrid.com\\\/fr\\\/5-tendencias-de-la-moda-flamenca-2024\\\/#primaryimage\"},\"image\":{\"@id\":\"https:\\\/\\\/flamencomadrid.com\\\/es\\\/5-tendencias-de-la-moda-flamenca-2024\\\/#primaryimage\"},\"thumbnailUrl\":\"https:\\\/\\\/flamencomadrid.com\\\/wp-content\\\/uploads\\\/2023\\\/08\\\/bb33a10b15e721ba1eaf3fe9f3fd45e3.jpeg\",\"datePublished\":\"2023-08-07T17:07:46+00:00\",\"dateModified\":\"2024-01-26T13:38:31+00:00\",\"author\":{\"@id\":\"https:\\\/\\\/flamencomadrid.com\\\/es\\\/#\\\/schema\\\/person\\\/748b99b947dc33587201a0837db18640\"},\"breadcrumb\":{\"@id\":\"https:\\\/\\\/flamencomadrid.com\\\/fr\\\/5-tendencias-de-la-moda-flamenca-2024\\\/#breadcrumb\"},\"inLanguage\":\"fr-FR\",\"potentialAction\":[{\"@type\":\"ReadAction\",\"target\":[[\"https:\\\/\\\/flamencomadrid.com\\\/fr\\\/5-tendencias-de-la-moda-flamenca-2024\\\/\"]]}]},{\"@type\":\"ImageObject\",\"inLanguage\":\"fr-FR\",\"@id\":\"https:\\\/\\\/flamencomadrid.com\\\/fr\\\/5-tendencias-de-la-moda-flamenca-2024\\\/#primaryimage\",\"url\":\"https:\\\/\\\/flamencomadrid.com\\\/wp-content\\\/uploads\\\/2023\\\/08\\\/bb33a10b15e721ba1eaf3fe9f3fd45e3.jpeg\",\"contentUrl\":\"https:\\\/\\\/flamencomadrid.com\\\/wp-content\\\/uploads\\\/2023\\\/08\\\/bb33a10b15e721ba1eaf3fe9f3fd45e3.jpeg\",\"width\":448,\"height\":301},{\"@type\":\"BreadcrumbList\",\"@id\":\"https:\\\/\\\/flamencomadrid.com\\\/fr\\\/5-tendencias-de-la-moda-flamenca-2024\\\/#breadcrumb\",\"itemListElement\":[{\"@type\":\"ListItem\",\"position\":1,\"name\":\"Home\",\"item\":\"https:\\\/\\\/flamencomadrid.com\\\/fr\\\/\"},{\"@type\":\"ListItem\",\"position\":2,\"name\":\"5 tendencias de la Moda Flamenca 2024\"}]},{\"@type\":\"WebSite\",\"@id\":\"https:\\\/\\\/flamencomadrid.com\\\/fr\\\/#website\",\"url\":\"https:\\\/\\\/flamencomadrid.com\\\/fr\\\/\",\"name\":\"Flamenco Madrid\",\"description\":\"Otro sitio realizado con WordPress\",\"potentialAction\":[{\"@type\":\"SearchAction\",\"target\":{\"@type\":\"EntryPoint\",\"urlTemplate\":\"https:\\\/\\\/flamencomadrid.com\\\/fr\\\/?s={search_term_string}\"},\"query-input\":{\"@type\":\"PropertyValueSpecification\",\"valueRequired\":true,\"valueName\":\"search_term_string\"}}],\"inLanguage\":\"fr-FR\"},{\"@type\":\"Person\",\"@id\":\"https:\\\/\\\/flamencomadrid.com\\\/es\\\/#\\\/schema\\\/person\\\/748b99b947dc33587201a0837db18640\",\"name\":\"Pirunator\",\"image\":{\"@type\":\"ImageObject\",\"inLanguage\":\"fr-FR\",\"@id\":\"https:\\\/\\\/secure.gravatar.com\\\/avatar\\\/617673d226a438889f1548bea8a21192c4c0d0351bdc8c087ee3ebf56ac86871?s=96&d=mm&r=g\",\"url\":\"https:\\\/\\\/secure.gravatar.com\\\/avatar\\\/617673d226a438889f1548bea8a21192c4c0d0351bdc8c087ee3ebf56ac86871?s=96&d=mm&r=g\",\"contentUrl\":\"https:\\\/\\\/secure.gravatar.com\\\/avatar\\\/617673d226a438889f1548bea8a21192c4c0d0351bdc8c087ee3ebf56ac86871?s=96&d=mm&r=g\",\"caption\":\"Pirunator\"}}]}<\/script>\n<!-- \/ Yoast SEO plugin. -->","yoast_head_json":{"title":"5 Tendances de la mode flamenco 2024 - Flamenco Madrid","robots":{"index":"index","follow":"follow","max-snippet":"max-snippet:-1","max-image-preview":"max-image-preview:large","max-video-preview":"max-video-preview:-1"},"canonical":"\/","og_locale":"fr_FR","og_type":"article","og_title":"5 Tendances de la mode flamenco 2024 - Flamenco Madrid","og_description":"La mode flamenco est une tendance festive, des robes pleines de couleurs et de joie qui repr\u00e9sentent la passion et l&rsquo;\u00e9nergie du flamenco. Ces robes sont \u00e9galement agr\u00e9ables \u00e0 porter et permettent de bouger librement, ce qui est important pour danser le flamenco. En plus d&rsquo;\u00eatre une c\u00e9l\u00e9bration de la culture espagnole, la mode flamenco...","og_url":"https:\/\/flamencomadrid.com\/fr\/5-tendencias-de-la-moda-flamenca-2024\/","og_site_name":"Flamenco Madrid","article_published_time":"2023-08-07T17:07:46+00:00","article_modified_time":"2024-01-26T13:38:31+00:00","og_image":[{"width":448,"height":301,"url":"https:\/\/flamencomadrid.com\/wp-content\/uploads\/2023\/08\/bb33a10b15e721ba1eaf3fe9f3fd45e3.jpeg","type":"image\/jpeg"}],"author":"Pirunator","twitter_card":"summary_large_image","twitter_misc":{"\u00c9crit par":"Pirunator","Dur\u00e9e de lecture estim\u00e9e":"3 minutes"},"schema":{"@context":"https:\/\/schema.org","@graph":[{"@type":"Article","@id":"https:\/\/flamencomadrid.com\/es\/5-tendencias-de-la-moda-flamenca-2024\/#article","isPartOf":{"@id":"https:\/\/flamencomadrid.com\/es\/5-tendencias-de-la-moda-flamenca-2024\/"},"author":{"name":"Pirunator","@id":"https:\/\/flamencomadrid.com\/es\/#\/schema\/person\/748b99b947dc33587201a0837db18640"},"headline":"5 Tendances de la mode flamenco 2024","datePublished":"2023-08-07T17:07:46+00:00","dateModified":"2024-01-26T13:38:31+00:00","mainEntityOfPage":{"@id":"https:\/\/flamencomadrid.com\/es\/5-tendencias-de-la-moda-flamenca-2024\/"},"wordCount":1208,"image":{"@id":"https:\/\/flamencomadrid.com\/es\/5-tendencias-de-la-moda-flamenca-2024\/#primaryimage"},"thumbnailUrl":"https:\/\/flamencomadrid.com\/wp-content\/uploads\/2023\/08\/bb33a10b15e721ba1eaf3fe9f3fd45e3.jpeg","articleSection":["Vestuario flamenco"],"inLanguage":"fr-FR"},{"@type":"WebPage","@id":"https:\/\/flamencomadrid.com\/fr\/5-tendencias-de-la-moda-flamenca-2024\/","url":"https:\/\/flamencomadrid.com\/fr\/5-tendencias-de-la-moda-flamenca-2024\/","name":"5 Tendances de la mode flamenco 2024 - Flamenco Madrid","isPartOf":{"@id":"https:\/\/flamencomadrid.com\/fr\/#website"},"primaryImageOfPage":{"@id":"https:\/\/flamencomadrid.com\/fr\/5-tendencias-de-la-moda-flamenca-2024\/#primaryimage"},"image":{"@id":"https:\/\/flamencomadrid.com\/es\/5-tendencias-de-la-moda-flamenca-2024\/#primaryimage"},"thumbnailUrl":"https:\/\/flamencomadrid.com\/wp-content\/uploads\/2023\/08\/bb33a10b15e721ba1eaf3fe9f3fd45e3.jpeg","datePublished":"2023-08-07T17:07:46+00:00","dateModified":"2024-01-26T13:38:31+00:00","author":{"@id":"https:\/\/flamencomadrid.com\/es\/#\/schema\/person\/748b99b947dc33587201a0837db18640"},"breadcrumb":{"@id":"https:\/\/flamencomadrid.com\/fr\/5-tendencias-de-la-moda-flamenca-2024\/#breadcrumb"},"inLanguage":"fr-FR","potentialAction":[{"@type":"ReadAction","target":[["https:\/\/flamencomadrid.com\/fr\/5-tendencias-de-la-moda-flamenca-2024\/"]]}]},{"@type":"ImageObject","inLanguage":"fr-FR","@id":"https:\/\/flamencomadrid.com\/fr\/5-tendencias-de-la-moda-flamenca-2024\/#primaryimage","url":"https:\/\/flamencomadrid.com\/wp-content\/uploads\/2023\/08\/bb33a10b15e721ba1eaf3fe9f3fd45e3.jpeg","contentUrl":"https:\/\/flamencomadrid.com\/wp-content\/uploads\/2023\/08\/bb33a10b15e721ba1eaf3fe9f3fd45e3.jpeg","width":448,"height":301},{"@type":"BreadcrumbList","@id":"https:\/\/flamencomadrid.com\/fr\/5-tendencias-de-la-moda-flamenca-2024\/#breadcrumb","itemListElement":[{"@type":"ListItem","position":1,"name":"Home","item":"https:\/\/flamencomadrid.com\/fr\/"},{"@type":"ListItem","position":2,"name":"5 tendencias de la Moda Flamenca 2024"}]},{"@type":"WebSite","@id":"https:\/\/flamencomadrid.com\/fr\/#website","url":"https:\/\/flamencomadrid.com\/fr\/","name":"Flamenco Madrid","description":"Otro sitio realizado con WordPress","potentialAction":[{"@type":"SearchAction","target":{"@type":"EntryPoint","urlTemplate":"https:\/\/flamencomadrid.com\/fr\/?s={search_term_string}"},"query-input":{"@type":"PropertyValueSpecification","valueRequired":true,"valueName":"search_term_string"}}],"inLanguage":"fr-FR"},{"@type":"Person","@id":"https:\/\/flamencomadrid.com\/es\/#\/schema\/person\/748b99b947dc33587201a0837db18640","name":"Pirunator","image":{"@type":"ImageObject","inLanguage":"fr-FR","@id":"https:\/\/secure.gravatar.com\/avatar\/617673d226a438889f1548bea8a21192c4c0d0351bdc8c087ee3ebf56ac86871?s=96&d=mm&r=g","url":"https:\/\/secure.gravatar.com\/avatar\/617673d226a438889f1548bea8a21192c4c0d0351bdc8c087ee3ebf56ac86871?s=96&d=mm&r=g","contentUrl":"https:\/\/secure.gravatar.com\/avatar\/617673d226a438889f1548bea8a21192c4c0d0351bdc8c087ee3ebf56ac86871?s=96&d=mm&r=g","caption":"Pirunator"}}]}},"_links":{"self":[{"href":"https:\/\/flamencomadrid.com\/fr\/wp-json\/wp\/v2\/posts\/812","targetHints":{"allow":["GET"]}}],"collection":[{"href":"https:\/\/flamencomadrid.com\/fr\/wp-json\/wp\/v2\/posts"}],"about":[{"href":"https:\/\/flamencomadrid.com\/fr\/wp-json\/wp\/v2\/types\/post"}],"author":[{"embeddable":true,"href":"https:\/\/flamencomadrid.com\/fr\/wp-json\/wp\/v2\/users\/5"}],"replies":[{"embeddable":true,"href":"https:\/\/flamencomadrid.com\/fr\/wp-json\/wp\/v2\/comments?post=812"}],"version-history":[{"count":11,"href":"https:\/\/flamencomadrid.com\/fr\/wp-json\/wp\/v2\/posts\/812\/revisions"}],"predecessor-version":[{"id":1027,"href":"https:\/\/flamencomadrid.com\/fr\/wp-json\/wp\/v2\/posts\/812\/revisions\/1027"}],"wp:featuredmedia":[{"embeddable":true,"href":"https:\/\/flamencomadrid.com\/fr\/wp-json\/wp\/v2\/media\/822"}],"wp:attachment":[{"href":"https:\/\/flamencomadrid.com\/fr\/wp-json\/wp\/v2\/media?parent=812"}],"wp:term":[{"taxonomy":"category","embeddable":true,"href":"https:\/\/flamencomadrid.com\/fr\/wp-json\/wp\/v2\/categories?post=812"},{"taxonomy":"post_tag","embeddable":true,"href":"https:\/\/flamencomadrid.com\/fr\/wp-json\/wp\/v2\/tags?post=812"}],"curies":[{"name":"wp","href":"https:\/\/api.w.org\/{rel}","templated":true}]}}