{"id":802,"date":"2023-08-01T19:43:31","date_gmt":"2023-08-01T17:43:31","guid":{"rendered":"https:\/\/flamencomadrid.com\/es\/?p=802"},"modified":"2024-01-26T14:36:18","modified_gmt":"2024-01-26T13:36:18","slug":"el-ballet-nacional-de-espana-en-el-patio-central-de-conde-duque","status":"publish","type":"post","link":"https:\/\/flamencomadrid.com\/fr\/le-ballet-national-despagne-dans-la-cour-centrale-de-conde-duque\/","title":{"rendered":"Le Ballet national d&rsquo;Espagne dans la cour centrale de Conde Duque"},"content":{"rendered":"<p><strong>Le Ballet Nacional de Espa\u00f1a (BNE) avec la collaboration de la Fundaci\u00f3n Orquesta y Coro de la Comunidad de Madrid pr\u00e9sente du 2 au 5 ao\u00fbt au Patio Central de Conde Duque<\/strong> dans le cadre du programme <a href=\"https:\/\/www.esmadrid.com\/agenda\/veranos-de-la-villa\">Veranos de la Villa<\/a>, des chor\u00e9graphies qui traversent le flamenco traditionnel depuis ses origines, tant au niveau des costumes que de la musique.<\/p>\n<p><img loading=\"lazy\" decoding=\"async\" class=\"alignnone wp-image-804 size-full\" src=\"https:\/\/flamencomadrid.com\/es\/wp-content\/uploads\/2023\/08\/captura-de-pantalla-2023-08-01-a-las-19-34-31.png\" alt=\"\" width=\"1104\" height=\"916\" \/><br \/>\nPremi\u00e8re danseuse sur la photo <a href=\"https:\/\/cardamomo.com\/es\/artist\/noelia-ruiz\/\">Noelia Ruiz.<\/a><\/p>\n<div class=\"flex-1 overflow-hidden\">\n<div class=\"react-scroll-to-bottom--css-mvmqj-79elbk h-full dark:bg-gray-800\">\n<div class=\"react-scroll-to-bottom--css-mvmqj-1n7m0yu\">\n<div class=\"flex flex-col text-sm dark:bg-gray-800\">\n<div class=\"group w-full text-gray-800 dark:text-gray-100 border-b border-black\/10 dark:border-gray-900\/50 bg-gray-50 dark:bg-[#444654]\">\n<div class=\"flex p-4 gap-4 text-base md:gap-6 md:max-w-2xl lg:max-w-[38rem] xl:max-w-3xl md:py-6 lg:px-0 m-auto\">\n<div class=\"relative flex w-[calc(100%-50px)] flex-col gap-1 md:gap-3 lg:w-[calc(100%-115px)]\">\n<div class=\"flex flex-grow flex-col gap-3\">\n<div class=\"min-h-[20px] flex items-start overflow-x-auto whitespace-pre-wrap break-words\">\n<div class=\"markdown prose w-full break-words dark:prose-invert light\">\n<p>Dans le spectacle \u00ab\u00a0Estampas flamencas\u00a0\u00bb, <strong>Rub\u00e9n Olmo et Miguel \u00c1ngel Corbacho<\/strong> ont cr\u00e9\u00e9 quatre pi\u00e8ces captivantes qui s&rsquo;inspirent du style, de l&rsquo;esth\u00e9tique et de l&rsquo;essence artistique <strong>d&rsquo;Antonio Ruiz Soler.<\/strong> Ces chor\u00e9graphies parcourent le flamenco traditionnel, explorant ses racines dans les costumes et la musique.<\/p>\n<p>\u00ab\u00a0Hijo del alba\u00a0\u00bb, un solo \u00e9mouvant inspir\u00e9 par Picasso, magistralement interpr\u00e9t\u00e9 par <strong>Rub\u00e9n Olmo<\/strong> avec son langage de danse distinctif, repr\u00e9sente la naissance d&rsquo;une nouvelle vie : un homme et un artiste \u00e9mergent dans ce personnage unique, l&rsquo;arlequin, qui incarne les sentiments, les diff\u00e9rences et les contradictions.<\/p>\n<p><img loading=\"lazy\" decoding=\"async\" class=\"alignnone wp-image-805 size-full\" src=\"https:\/\/flamencomadrid.com\/es\/wp-content\/uploads\/2023\/08\/captura-de-pantalla-2023-08-01-a-las-19-42-25.png\" alt=\"\" width=\"1071\" height=\"640\" \/><\/p>\n<p>En guise de conclusion, <em>\u00ab\u00a0El sombrero de tres picos\u00a0\u00bb<\/em>, l&rsquo;une des \u0153uvres les plus embl\u00e9matiques du r\u00e9pertoire <strong>du Ballet national d&rsquo;Espagne<\/strong>, sera pr\u00e9sent\u00e9e. La captivante partition de <strong>Manuel de Falla<\/strong>, interpr\u00e9t\u00e9e \u00e0 cette occasion par le talentueux <strong>Orquesta de la Comunidad de Madrid<\/strong> sous la direction du maestro <strong>Manuel Coves<\/strong>, et la brillante chor\u00e9graphie <strong>d&rsquo;Antonio Ruiz Soler<\/strong> sont d&rsquo;authentiques chefs-d&rsquo;\u0153uvre qui stylisent et rehaussent les rythmes et les danses populaires. Cette production reprend \u00e9galement les costumes \u00e9blouissants et reproduit les impressionnantes toiles de fond et les d\u00e9cors con\u00e7us par le g\u00e9nial <strong>Pablo Picasso<\/strong> pour la premi\u00e8re \u00e0 Londres, en 1919, de la version de<em> L\u00e9onide Massine des c\u00e9l\u00e8bres Ballets russes de Serge Diaghilev.<\/em><\/p>\n<\/div>\n<\/div>\n<\/div>\n<div class=\"flex justify-between lg:block\">\n<div class=\"text-gray-400 flex self-end lg:self-center justify-center mt-2 gap-2 md:gap-3 lg:gap-1 lg:absolute lg:top-0 lg:translate-x-full lg:right-0 lg:mt-0 lg:pl-2 visible\"><\/div>\n<\/div>\n<\/div>\n<\/div>\n<\/div>\n<div class=\"h-32 md:h-48 flex-shrink-0\"><\/div>\n<\/div>\n<\/div>\n<\/div>\n<\/div>\n<div class=\"absolute bottom-0 left-0 w-full border-t md:border-t-0 dark:border-white\/20 md:border-transparent md:dark:border-transparent md:bg-vert-light-gradient bg-white dark:bg-gray-800 md:!bg-transparent dark:md:bg-vert-dark-gradient pt-2 md:pl-2 md:w-[calc(100%-.5rem)]\">\n<form class=\"stretch mx-2 flex flex-row gap-3 last:mb-2 md:mx-4 md:last:mb-6 lg:mx-auto lg:max-w-2xl xl:max-w-3xl\">\n<div class=\"relative flex h-full flex-1 items-stretch md:flex-col\" role=\"presentation\">\n<div>\n<div class=\"h-full flex ml-1 md:w-full md:m-auto md:mb-4 gap-0 md:gap-2 justify-center\"><\/div>\n<\/div>\n<\/div>\n<\/form>\n<\/div>\n<p>&nbsp;<\/p>","protected":false},"excerpt":{"rendered":"Le Ballet Nacional de Espa\u00f1a (BNE) avec la collaboration de la Fundaci\u00f3n Orquesta y Coro de la Comunidad de Madrid pr\u00e9sente du 2 au 5 ao\u00fbt au Patio Central de Conde Duque dans le cadre du programme Veranos de la Villa, des chor\u00e9graphies qui traversent le flamenco traditionnel depuis ses origines, tant au niveau des&#8230;","protected":false},"author":5,"featured_media":803,"comment_status":"closed","ping_status":"open","sticky":false,"template":"","format":"standard","meta":{"_acf_changed":false,"footnotes":""},"categories":[12],"tags":[],"class_list":["post-802","post","type-post","status-publish","format-standard","has-post-thumbnail","hentry","category-proximos-shows-en-madrid"],"acf":[],"yoast_head":"<!-- This site is optimized with the Yoast SEO plugin v27.4 - https:\/\/yoast.com\/product\/yoast-seo-wordpress\/ -->\n<title>Le Ballet national d&#039;Espagne dans la cour centrale de Conde Duque - Flamenco Madrid<\/title>\n<meta name=\"robots\" content=\"index, follow, max-snippet:-1, max-image-preview:large, max-video-preview:-1\" \/>\n<link rel=\"canonical\" href=\"\/\" \/>\n<meta property=\"og:locale\" content=\"fr_FR\" \/>\n<meta property=\"og:type\" content=\"article\" \/>\n<meta property=\"og:title\" content=\"Le Ballet national d&#039;Espagne dans la cour centrale de Conde Duque - Flamenco Madrid\" \/>\n<meta property=\"og:description\" content=\"Le Ballet Nacional de Espa\u00f1a (BNE) avec la collaboration de la Fundaci\u00f3n Orquesta y Coro de la Comunidad de Madrid pr\u00e9sente du 2 au 5 ao\u00fbt au Patio Central de Conde Duque dans le cadre du programme Veranos de la Villa, des chor\u00e9graphies qui traversent le flamenco traditionnel depuis ses origines, tant au niveau des...\" \/>\n<meta property=\"og:url\" content=\"https:\/\/flamencomadrid.com\/fr\/el-ballet-nacional-de-espana-en-el-patio-central-de-conde-duque\/\" \/>\n<meta property=\"og:site_name\" content=\"Flamenco Madrid\" \/>\n<meta property=\"article:published_time\" content=\"2023-08-01T17:43:31+00:00\" \/>\n<meta property=\"article:modified_time\" content=\"2024-01-26T13:36:18+00:00\" \/>\n<meta property=\"og:image\" content=\"https:\/\/flamencomadrid.com\/wp-content\/uploads\/2023\/08\/captura-de-pantalla-2023-08-01-a-las-19-34-17-e1690911310348.png\" \/>\n\t<meta property=\"og:image:width\" content=\"1041\" \/>\n\t<meta property=\"og:image:height\" content=\"439\" \/>\n\t<meta property=\"og:image:type\" content=\"image\/png\" \/>\n<meta name=\"author\" content=\"Pirunator\" \/>\n<meta name=\"twitter:card\" content=\"summary_large_image\" \/>\n<meta name=\"twitter:label1\" content=\"\u00c9crit par\" \/>\n\t<meta name=\"twitter:data1\" content=\"Pirunator\" \/>\n\t<meta name=\"twitter:label2\" content=\"Dur\u00e9e de lecture estim\u00e9e\" \/>\n\t<meta name=\"twitter:data2\" content=\"2 minutes\" \/>\n<script type=\"application\/ld+json\" class=\"yoast-schema-graph\">{\"@context\":\"https:\\\/\\\/schema.org\",\"@graph\":[{\"@type\":\"Article\",\"@id\":\"https:\\\/\\\/flamencomadrid.com\\\/es\\\/el-ballet-nacional-de-espana-en-el-patio-central-de-conde-duque\\\/#article\",\"isPartOf\":{\"@id\":\"https:\\\/\\\/flamencomadrid.com\\\/es\\\/el-ballet-nacional-de-espana-en-el-patio-central-de-conde-duque\\\/\"},\"author\":{\"name\":\"Pirunator\",\"@id\":\"https:\\\/\\\/flamencomadrid.com\\\/es\\\/#\\\/schema\\\/person\\\/748b99b947dc33587201a0837db18640\"},\"headline\":\"Le Ballet national d&rsquo;Espagne dans la cour centrale de Conde Duque\",\"datePublished\":\"2023-08-01T17:43:31+00:00\",\"dateModified\":\"2024-01-26T13:36:18+00:00\",\"mainEntityOfPage\":{\"@id\":\"https:\\\/\\\/flamencomadrid.com\\\/es\\\/el-ballet-nacional-de-espana-en-el-patio-central-de-conde-duque\\\/\"},\"wordCount\":1185,\"image\":{\"@id\":\"https:\\\/\\\/flamencomadrid.com\\\/es\\\/el-ballet-nacional-de-espana-en-el-patio-central-de-conde-duque\\\/#primaryimage\"},\"thumbnailUrl\":\"https:\\\/\\\/flamencomadrid.com\\\/wp-content\\\/uploads\\\/2023\\\/08\\\/captura-de-pantalla-2023-08-01-a-las-19-34-17-e1690911310348.png\",\"articleSection\":[\"Pr\u00f3ximos Shows en Madrid\"],\"inLanguage\":\"fr-FR\"},{\"@type\":\"WebPage\",\"@id\":\"https:\\\/\\\/flamencomadrid.com\\\/fr\\\/el-ballet-nacional-de-espana-en-el-patio-central-de-conde-duque\\\/\",\"url\":\"https:\\\/\\\/flamencomadrid.com\\\/fr\\\/el-ballet-nacional-de-espana-en-el-patio-central-de-conde-duque\\\/\",\"name\":\"Le Ballet national d'Espagne dans la cour centrale de Conde Duque - Flamenco Madrid\",\"isPartOf\":{\"@id\":\"https:\\\/\\\/flamencomadrid.com\\\/fr\\\/#website\"},\"primaryImageOfPage\":{\"@id\":\"https:\\\/\\\/flamencomadrid.com\\\/fr\\\/el-ballet-nacional-de-espana-en-el-patio-central-de-conde-duque\\\/#primaryimage\"},\"image\":{\"@id\":\"https:\\\/\\\/flamencomadrid.com\\\/es\\\/el-ballet-nacional-de-espana-en-el-patio-central-de-conde-duque\\\/#primaryimage\"},\"thumbnailUrl\":\"https:\\\/\\\/flamencomadrid.com\\\/wp-content\\\/uploads\\\/2023\\\/08\\\/captura-de-pantalla-2023-08-01-a-las-19-34-17-e1690911310348.png\",\"datePublished\":\"2023-08-01T17:43:31+00:00\",\"dateModified\":\"2024-01-26T13:36:18+00:00\",\"author\":{\"@id\":\"https:\\\/\\\/flamencomadrid.com\\\/es\\\/#\\\/schema\\\/person\\\/748b99b947dc33587201a0837db18640\"},\"breadcrumb\":{\"@id\":\"https:\\\/\\\/flamencomadrid.com\\\/fr\\\/el-ballet-nacional-de-espana-en-el-patio-central-de-conde-duque\\\/#breadcrumb\"},\"inLanguage\":\"fr-FR\",\"potentialAction\":[{\"@type\":\"ReadAction\",\"target\":[[\"https:\\\/\\\/flamencomadrid.com\\\/fr\\\/el-ballet-nacional-de-espana-en-el-patio-central-de-conde-duque\\\/\"]]}]},{\"@type\":\"ImageObject\",\"inLanguage\":\"fr-FR\",\"@id\":\"https:\\\/\\\/flamencomadrid.com\\\/fr\\\/el-ballet-nacional-de-espana-en-el-patio-central-de-conde-duque\\\/#primaryimage\",\"url\":\"https:\\\/\\\/flamencomadrid.com\\\/wp-content\\\/uploads\\\/2023\\\/08\\\/captura-de-pantalla-2023-08-01-a-las-19-34-17-e1690911310348.png\",\"contentUrl\":\"https:\\\/\\\/flamencomadrid.com\\\/wp-content\\\/uploads\\\/2023\\\/08\\\/captura-de-pantalla-2023-08-01-a-las-19-34-17-e1690911310348.png\",\"width\":1041,\"height\":439},{\"@type\":\"BreadcrumbList\",\"@id\":\"https:\\\/\\\/flamencomadrid.com\\\/fr\\\/el-ballet-nacional-de-espana-en-el-patio-central-de-conde-duque\\\/#breadcrumb\",\"itemListElement\":[{\"@type\":\"ListItem\",\"position\":1,\"name\":\"Home\",\"item\":\"https:\\\/\\\/flamencomadrid.com\\\/fr\\\/\"},{\"@type\":\"ListItem\",\"position\":2,\"name\":\"El Ballet Nacional de Espa\u00f1a en el Patio Central de Conde Duque\"}]},{\"@type\":\"WebSite\",\"@id\":\"https:\\\/\\\/flamencomadrid.com\\\/fr\\\/#website\",\"url\":\"https:\\\/\\\/flamencomadrid.com\\\/fr\\\/\",\"name\":\"Flamenco Madrid\",\"description\":\"Otro sitio realizado con WordPress\",\"potentialAction\":[{\"@type\":\"SearchAction\",\"target\":{\"@type\":\"EntryPoint\",\"urlTemplate\":\"https:\\\/\\\/flamencomadrid.com\\\/fr\\\/?s={search_term_string}\"},\"query-input\":{\"@type\":\"PropertyValueSpecification\",\"valueRequired\":true,\"valueName\":\"search_term_string\"}}],\"inLanguage\":\"fr-FR\"},{\"@type\":\"Person\",\"@id\":\"https:\\\/\\\/flamencomadrid.com\\\/es\\\/#\\\/schema\\\/person\\\/748b99b947dc33587201a0837db18640\",\"name\":\"Pirunator\",\"image\":{\"@type\":\"ImageObject\",\"inLanguage\":\"fr-FR\",\"@id\":\"https:\\\/\\\/secure.gravatar.com\\\/avatar\\\/617673d226a438889f1548bea8a21192c4c0d0351bdc8c087ee3ebf56ac86871?s=96&d=mm&r=g\",\"url\":\"https:\\\/\\\/secure.gravatar.com\\\/avatar\\\/617673d226a438889f1548bea8a21192c4c0d0351bdc8c087ee3ebf56ac86871?s=96&d=mm&r=g\",\"contentUrl\":\"https:\\\/\\\/secure.gravatar.com\\\/avatar\\\/617673d226a438889f1548bea8a21192c4c0d0351bdc8c087ee3ebf56ac86871?s=96&d=mm&r=g\",\"caption\":\"Pirunator\"}}]}<\/script>\n<!-- \/ Yoast SEO plugin. -->","yoast_head_json":{"title":"Le Ballet national d'Espagne dans la cour centrale de Conde Duque - Flamenco Madrid","robots":{"index":"index","follow":"follow","max-snippet":"max-snippet:-1","max-image-preview":"max-image-preview:large","max-video-preview":"max-video-preview:-1"},"canonical":"\/","og_locale":"fr_FR","og_type":"article","og_title":"Le Ballet national d'Espagne dans la cour centrale de Conde Duque - Flamenco Madrid","og_description":"Le Ballet Nacional de Espa\u00f1a (BNE) avec la collaboration de la Fundaci\u00f3n Orquesta y Coro de la Comunidad de Madrid pr\u00e9sente du 2 au 5 ao\u00fbt au Patio Central de Conde Duque dans le cadre du programme Veranos de la Villa, des chor\u00e9graphies qui traversent le flamenco traditionnel depuis ses origines, tant au niveau des...","og_url":"https:\/\/flamencomadrid.com\/fr\/el-ballet-nacional-de-espana-en-el-patio-central-de-conde-duque\/","og_site_name":"Flamenco Madrid","article_published_time":"2023-08-01T17:43:31+00:00","article_modified_time":"2024-01-26T13:36:18+00:00","og_image":[{"width":1041,"height":439,"url":"https:\/\/flamencomadrid.com\/wp-content\/uploads\/2023\/08\/captura-de-pantalla-2023-08-01-a-las-19-34-17-e1690911310348.png","type":"image\/png"}],"author":"Pirunator","twitter_card":"summary_large_image","twitter_misc":{"\u00c9crit par":"Pirunator","Dur\u00e9e de lecture estim\u00e9e":"2 minutes"},"schema":{"@context":"https:\/\/schema.org","@graph":[{"@type":"Article","@id":"https:\/\/flamencomadrid.com\/es\/el-ballet-nacional-de-espana-en-el-patio-central-de-conde-duque\/#article","isPartOf":{"@id":"https:\/\/flamencomadrid.com\/es\/el-ballet-nacional-de-espana-en-el-patio-central-de-conde-duque\/"},"author":{"name":"Pirunator","@id":"https:\/\/flamencomadrid.com\/es\/#\/schema\/person\/748b99b947dc33587201a0837db18640"},"headline":"Le Ballet national d&rsquo;Espagne dans la cour centrale de Conde Duque","datePublished":"2023-08-01T17:43:31+00:00","dateModified":"2024-01-26T13:36:18+00:00","mainEntityOfPage":{"@id":"https:\/\/flamencomadrid.com\/es\/el-ballet-nacional-de-espana-en-el-patio-central-de-conde-duque\/"},"wordCount":1185,"image":{"@id":"https:\/\/flamencomadrid.com\/es\/el-ballet-nacional-de-espana-en-el-patio-central-de-conde-duque\/#primaryimage"},"thumbnailUrl":"https:\/\/flamencomadrid.com\/wp-content\/uploads\/2023\/08\/captura-de-pantalla-2023-08-01-a-las-19-34-17-e1690911310348.png","articleSection":["Pr\u00f3ximos Shows en Madrid"],"inLanguage":"fr-FR"},{"@type":"WebPage","@id":"https:\/\/flamencomadrid.com\/fr\/el-ballet-nacional-de-espana-en-el-patio-central-de-conde-duque\/","url":"https:\/\/flamencomadrid.com\/fr\/el-ballet-nacional-de-espana-en-el-patio-central-de-conde-duque\/","name":"Le Ballet national d'Espagne dans la cour centrale de Conde Duque - Flamenco Madrid","isPartOf":{"@id":"https:\/\/flamencomadrid.com\/fr\/#website"},"primaryImageOfPage":{"@id":"https:\/\/flamencomadrid.com\/fr\/el-ballet-nacional-de-espana-en-el-patio-central-de-conde-duque\/#primaryimage"},"image":{"@id":"https:\/\/flamencomadrid.com\/es\/el-ballet-nacional-de-espana-en-el-patio-central-de-conde-duque\/#primaryimage"},"thumbnailUrl":"https:\/\/flamencomadrid.com\/wp-content\/uploads\/2023\/08\/captura-de-pantalla-2023-08-01-a-las-19-34-17-e1690911310348.png","datePublished":"2023-08-01T17:43:31+00:00","dateModified":"2024-01-26T13:36:18+00:00","author":{"@id":"https:\/\/flamencomadrid.com\/es\/#\/schema\/person\/748b99b947dc33587201a0837db18640"},"breadcrumb":{"@id":"https:\/\/flamencomadrid.com\/fr\/el-ballet-nacional-de-espana-en-el-patio-central-de-conde-duque\/#breadcrumb"},"inLanguage":"fr-FR","potentialAction":[{"@type":"ReadAction","target":[["https:\/\/flamencomadrid.com\/fr\/el-ballet-nacional-de-espana-en-el-patio-central-de-conde-duque\/"]]}]},{"@type":"ImageObject","inLanguage":"fr-FR","@id":"https:\/\/flamencomadrid.com\/fr\/el-ballet-nacional-de-espana-en-el-patio-central-de-conde-duque\/#primaryimage","url":"https:\/\/flamencomadrid.com\/wp-content\/uploads\/2023\/08\/captura-de-pantalla-2023-08-01-a-las-19-34-17-e1690911310348.png","contentUrl":"https:\/\/flamencomadrid.com\/wp-content\/uploads\/2023\/08\/captura-de-pantalla-2023-08-01-a-las-19-34-17-e1690911310348.png","width":1041,"height":439},{"@type":"BreadcrumbList","@id":"https:\/\/flamencomadrid.com\/fr\/el-ballet-nacional-de-espana-en-el-patio-central-de-conde-duque\/#breadcrumb","itemListElement":[{"@type":"ListItem","position":1,"name":"Home","item":"https:\/\/flamencomadrid.com\/fr\/"},{"@type":"ListItem","position":2,"name":"El Ballet Nacional de Espa\u00f1a en el Patio Central de Conde Duque"}]},{"@type":"WebSite","@id":"https:\/\/flamencomadrid.com\/fr\/#website","url":"https:\/\/flamencomadrid.com\/fr\/","name":"Flamenco Madrid","description":"Otro sitio realizado con WordPress","potentialAction":[{"@type":"SearchAction","target":{"@type":"EntryPoint","urlTemplate":"https:\/\/flamencomadrid.com\/fr\/?s={search_term_string}"},"query-input":{"@type":"PropertyValueSpecification","valueRequired":true,"valueName":"search_term_string"}}],"inLanguage":"fr-FR"},{"@type":"Person","@id":"https:\/\/flamencomadrid.com\/es\/#\/schema\/person\/748b99b947dc33587201a0837db18640","name":"Pirunator","image":{"@type":"ImageObject","inLanguage":"fr-FR","@id":"https:\/\/secure.gravatar.com\/avatar\/617673d226a438889f1548bea8a21192c4c0d0351bdc8c087ee3ebf56ac86871?s=96&d=mm&r=g","url":"https:\/\/secure.gravatar.com\/avatar\/617673d226a438889f1548bea8a21192c4c0d0351bdc8c087ee3ebf56ac86871?s=96&d=mm&r=g","contentUrl":"https:\/\/secure.gravatar.com\/avatar\/617673d226a438889f1548bea8a21192c4c0d0351bdc8c087ee3ebf56ac86871?s=96&d=mm&r=g","caption":"Pirunator"}}]}},"_links":{"self":[{"href":"https:\/\/flamencomadrid.com\/fr\/wp-json\/wp\/v2\/posts\/802","targetHints":{"allow":["GET"]}}],"collection":[{"href":"https:\/\/flamencomadrid.com\/fr\/wp-json\/wp\/v2\/posts"}],"about":[{"href":"https:\/\/flamencomadrid.com\/fr\/wp-json\/wp\/v2\/types\/post"}],"author":[{"embeddable":true,"href":"https:\/\/flamencomadrid.com\/fr\/wp-json\/wp\/v2\/users\/5"}],"replies":[{"embeddable":true,"href":"https:\/\/flamencomadrid.com\/fr\/wp-json\/wp\/v2\/comments?post=802"}],"version-history":[{"count":5,"href":"https:\/\/flamencomadrid.com\/fr\/wp-json\/wp\/v2\/posts\/802\/revisions"}],"predecessor-version":[{"id":1026,"href":"https:\/\/flamencomadrid.com\/fr\/wp-json\/wp\/v2\/posts\/802\/revisions\/1026"}],"wp:featuredmedia":[{"embeddable":true,"href":"https:\/\/flamencomadrid.com\/fr\/wp-json\/wp\/v2\/media\/803"}],"wp:attachment":[{"href":"https:\/\/flamencomadrid.com\/fr\/wp-json\/wp\/v2\/media?parent=802"}],"wp:term":[{"taxonomy":"category","embeddable":true,"href":"https:\/\/flamencomadrid.com\/fr\/wp-json\/wp\/v2\/categories?post=802"},{"taxonomy":"post_tag","embeddable":true,"href":"https:\/\/flamencomadrid.com\/fr\/wp-json\/wp\/v2\/tags?post=802"}],"curies":[{"name":"wp","href":"https:\/\/api.w.org\/{rel}","templated":true}]}}