{"id":738,"date":"2023-07-10T17:25:54","date_gmt":"2023-07-10T15:25:54","guid":{"rendered":"https:\/\/flamencomadrid.com\/es\/?p=738"},"modified":"2024-01-26T14:16:41","modified_gmt":"2024-01-26T13:16:41","slug":"master-de-formacion-permanente-en-flamenco","status":"publish","type":"post","link":"https:\/\/flamencomadrid.com\/fr\/master-de-formation-continue-en-flamenco\/","title":{"rendered":"Master de formation continue en flamenco"},"content":{"rendered":"<p><strong>Le <a href=\"https:\/\/www.ucm.es\/titulospropios\/flamenco\/\">Master de Formation Continue en Flamenco<\/a> de l&rsquo;Universit\u00e9 Complutense de Madrid.<\/strong><\/p>\n<p>Le Master en Flamenco est un programme \u00e9ducatif con\u00e7u pour r\u00e9pondre aux normes de l&rsquo;Espace europ\u00e9en de l&rsquo;enseignement sup\u00e9rieur, qui octroie 60 cr\u00e9dits de formation reconnus. Ce programme se concentre \u00e0 la fois sur la th\u00e9orie et l&rsquo;interpr\u00e9tation du flamenco, offrant une formation compl\u00e8te dans ces deux domaines.<\/p>\n<p>Le Master en Flamenco se distingue par son approche innovante, car il n&rsquo;existe actuellement aucun programme similaire dans les universit\u00e9s publiques de Madrid. Les cours sont principalement dispens\u00e9s en ligne, \u00e0 l&rsquo;exception de quelques sessions en pr\u00e9sentiel qui seront programm\u00e9es \u00e0 l&rsquo;avance. En outre, ce master offre de nombreuses opportunit\u00e9s professionnelles \u00e0 ses dipl\u00f4m\u00e9s :<\/p>\n<ul>\n<li><strong>Gestion d&rsquo;activit\u00e9s musicales:<\/strong> fondations culturelles, festivals, cycles et saisons de concerts o\u00f9 le flamenco ou les formations musicales sont pr\u00e9sents.<\/li>\n<li><strong>M\u00e9dias:<\/strong> demande de professionnels qualifi\u00e9s capables de conna\u00eetre et de comprendre le flamenco dans toute son ampleur, sa diversit\u00e9 et sa complexit\u00e9.<\/li>\n<li><strong>Interpr\u00e9tation du flamenco:<\/strong> dans les espaces d&rsquo;interpr\u00e9tation classiques de la discipline, ainsi que dans les formations classiques qui requi\u00e8rent des sp\u00e9cialistes de la connaissance du flamenco.<\/li>\n<li><strong>Analyse et transcription du flamenco:<\/strong> n\u00e9cessaires \u00e0 la r\u00e9cup\u00e9ration et \u00e0 l&rsquo;interpr\u00e9tation d&rsquo;un r\u00e9pertoire de plus en plus demand\u00e9.<\/li>\n<\/ul>\n<h2>Informations pratiques<\/h2>\n<ul>\n<li>Adresse : Elena Torres Clemente<\/li>\n<li>Coordination acad\u00e9mique : Inmaculada Mat\u00eda Polo<\/li>\n<li>Coordination artistique : Francisco J. Bethencourt Llobet<\/li>\n<li>Secr\u00e9taires : Eduardo Murillo Saborido, Rosa Mar\u00eda Garc\u00eda Mira<\/li>\n<li>R\u00e9seaux sociaux : Carlos Ruiz L\u00f3pez<\/li>\n<\/ul>\n<p><strong>E-mail : <a href=\"flamenco@ucm.es\">flamenco@ucm.es<\/a><\/strong><\/p>\n<ul>\n<li>Lieu : Facult\u00e9 de g\u00e9ographie et d&rsquo;histoire. Profesor Aranguren s\/n, 28040 Madrid<\/li>\n<\/ul>\n<p><\/p>","protected":false},"excerpt":{"rendered":"Le Master de Formation Continue en Flamenco de l&rsquo;Universit\u00e9 Complutense de Madrid. Le Master en Flamenco est un programme \u00e9ducatif con\u00e7u pour r\u00e9pondre aux normes de l&rsquo;Espace europ\u00e9en de l&rsquo;enseignement sup\u00e9rieur, qui octroie 60 cr\u00e9dits de formation reconnus. Ce programme se concentre \u00e0 la fois sur la th\u00e9orie et l&rsquo;interpr\u00e9tation du flamenco, offrant une formation&#8230;","protected":false},"author":5,"featured_media":739,"comment_status":"closed","ping_status":"open","sticky":false,"template":"","format":"standard","meta":{"_acf_changed":false,"footnotes":""},"categories":[13],"tags":[],"class_list":["post-738","post","type-post","status-publish","format-standard","has-post-thumbnail","hentry","category-curiosidades-flamencas"],"acf":[],"yoast_head":"<!-- This site is optimized with the Yoast SEO plugin v27.4 - https:\/\/yoast.com\/product\/yoast-seo-wordpress\/ -->\n<title>Master de formation continue en flamenco - Flamenco Madrid<\/title>\n<meta name=\"robots\" content=\"index, follow, max-snippet:-1, max-image-preview:large, max-video-preview:-1\" \/>\n<link rel=\"canonical\" href=\"\/\" \/>\n<meta property=\"og:locale\" content=\"fr_FR\" \/>\n<meta property=\"og:type\" content=\"article\" \/>\n<meta property=\"og:title\" content=\"Master de formation continue en flamenco - Flamenco Madrid\" \/>\n<meta property=\"og:description\" content=\"Le Master de Formation Continue en Flamenco de l&rsquo;Universit\u00e9 Complutense de Madrid. Le Master en Flamenco est un programme \u00e9ducatif con\u00e7u pour r\u00e9pondre aux normes de l&rsquo;Espace europ\u00e9en de l&rsquo;enseignement sup\u00e9rieur, qui octroie 60 cr\u00e9dits de formation reconnus. Ce programme se concentre \u00e0 la fois sur la th\u00e9orie et l&rsquo;interpr\u00e9tation du flamenco, offrant une formation...\" \/>\n<meta property=\"og:url\" content=\"https:\/\/flamencomadrid.com\/fr\/master-de-formacion-permanente-en-flamenco\/\" \/>\n<meta property=\"og:site_name\" content=\"Flamenco Madrid\" \/>\n<meta property=\"article:published_time\" content=\"2023-07-10T15:25:54+00:00\" \/>\n<meta property=\"article:modified_time\" content=\"2024-01-26T13:16:41+00:00\" \/>\n<meta property=\"og:image\" content=\"https:\/\/flamencomadrid.com\/wp-content\/uploads\/2023\/07\/cartel-logos-autorizados-ok-copia_page-0001.jpeg\" \/>\n\t<meta property=\"og:image:width\" content=\"850\" \/>\n\t<meta property=\"og:image:height\" content=\"772\" \/>\n\t<meta property=\"og:image:type\" content=\"image\/jpeg\" \/>\n<meta name=\"author\" content=\"Pirunator\" \/>\n<meta name=\"twitter:card\" content=\"summary_large_image\" \/>\n<meta name=\"twitter:label1\" content=\"\u00c9crit par\" \/>\n\t<meta name=\"twitter:data1\" content=\"Pirunator\" \/>\n\t<meta name=\"twitter:label2\" content=\"Dur\u00e9e de lecture estim\u00e9e\" \/>\n\t<meta name=\"twitter:data2\" content=\"2 minutes\" \/>\n<script type=\"application\/ld+json\" class=\"yoast-schema-graph\">{\"@context\":\"https:\\\/\\\/schema.org\",\"@graph\":[{\"@type\":\"Article\",\"@id\":\"https:\\\/\\\/flamencomadrid.com\\\/es\\\/master-de-formacion-permanente-en-flamenco\\\/#article\",\"isPartOf\":{\"@id\":\"https:\\\/\\\/flamencomadrid.com\\\/es\\\/master-de-formacion-permanente-en-flamenco\\\/\"},\"author\":{\"name\":\"Pirunator\",\"@id\":\"https:\\\/\\\/flamencomadrid.com\\\/es\\\/#\\\/schema\\\/person\\\/748b99b947dc33587201a0837db18640\"},\"headline\":\"Master de formation continue en flamenco\",\"datePublished\":\"2023-07-10T15:25:54+00:00\",\"dateModified\":\"2024-01-26T13:16:41+00:00\",\"mainEntityOfPage\":{\"@id\":\"https:\\\/\\\/flamencomadrid.com\\\/es\\\/master-de-formacion-permanente-en-flamenco\\\/\"},\"wordCount\":1086,\"image\":{\"@id\":\"https:\\\/\\\/flamencomadrid.com\\\/es\\\/master-de-formacion-permanente-en-flamenco\\\/#primaryimage\"},\"thumbnailUrl\":\"https:\\\/\\\/flamencomadrid.com\\\/wp-content\\\/uploads\\\/2023\\\/07\\\/cartel-logos-autorizados-ok-copia_page-0001.jpeg\",\"articleSection\":[\"Curiosidades Flamencas\"],\"inLanguage\":\"fr-FR\"},{\"@type\":\"WebPage\",\"@id\":\"https:\\\/\\\/flamencomadrid.com\\\/fr\\\/master-de-formacion-permanente-en-flamenco\\\/\",\"url\":\"https:\\\/\\\/flamencomadrid.com\\\/fr\\\/master-de-formacion-permanente-en-flamenco\\\/\",\"name\":\"Master de formation continue en flamenco - Flamenco Madrid\",\"isPartOf\":{\"@id\":\"https:\\\/\\\/flamencomadrid.com\\\/fr\\\/#website\"},\"primaryImageOfPage\":{\"@id\":\"https:\\\/\\\/flamencomadrid.com\\\/fr\\\/master-de-formacion-permanente-en-flamenco\\\/#primaryimage\"},\"image\":{\"@id\":\"https:\\\/\\\/flamencomadrid.com\\\/es\\\/master-de-formacion-permanente-en-flamenco\\\/#primaryimage\"},\"thumbnailUrl\":\"https:\\\/\\\/flamencomadrid.com\\\/wp-content\\\/uploads\\\/2023\\\/07\\\/cartel-logos-autorizados-ok-copia_page-0001.jpeg\",\"datePublished\":\"2023-07-10T15:25:54+00:00\",\"dateModified\":\"2024-01-26T13:16:41+00:00\",\"author\":{\"@id\":\"https:\\\/\\\/flamencomadrid.com\\\/es\\\/#\\\/schema\\\/person\\\/748b99b947dc33587201a0837db18640\"},\"breadcrumb\":{\"@id\":\"https:\\\/\\\/flamencomadrid.com\\\/fr\\\/master-de-formacion-permanente-en-flamenco\\\/#breadcrumb\"},\"inLanguage\":\"fr-FR\",\"potentialAction\":[{\"@type\":\"ReadAction\",\"target\":[[\"https:\\\/\\\/flamencomadrid.com\\\/fr\\\/master-de-formacion-permanente-en-flamenco\\\/\"]]}]},{\"@type\":\"ImageObject\",\"inLanguage\":\"fr-FR\",\"@id\":\"https:\\\/\\\/flamencomadrid.com\\\/fr\\\/master-de-formacion-permanente-en-flamenco\\\/#primaryimage\",\"url\":\"https:\\\/\\\/flamencomadrid.com\\\/wp-content\\\/uploads\\\/2023\\\/07\\\/cartel-logos-autorizados-ok-copia_page-0001.jpeg\",\"contentUrl\":\"https:\\\/\\\/flamencomadrid.com\\\/wp-content\\\/uploads\\\/2023\\\/07\\\/cartel-logos-autorizados-ok-copia_page-0001.jpeg\",\"width\":850,\"height\":772},{\"@type\":\"BreadcrumbList\",\"@id\":\"https:\\\/\\\/flamencomadrid.com\\\/fr\\\/master-de-formacion-permanente-en-flamenco\\\/#breadcrumb\",\"itemListElement\":[{\"@type\":\"ListItem\",\"position\":1,\"name\":\"Home\",\"item\":\"https:\\\/\\\/flamencomadrid.com\\\/fr\\\/\"},{\"@type\":\"ListItem\",\"position\":2,\"name\":\"M\u00e1ster de Formaci\u00f3n Permanente en Flamenco\"}]},{\"@type\":\"WebSite\",\"@id\":\"https:\\\/\\\/flamencomadrid.com\\\/fr\\\/#website\",\"url\":\"https:\\\/\\\/flamencomadrid.com\\\/fr\\\/\",\"name\":\"Flamenco Madrid\",\"description\":\"Otro sitio realizado con WordPress\",\"potentialAction\":[{\"@type\":\"SearchAction\",\"target\":{\"@type\":\"EntryPoint\",\"urlTemplate\":\"https:\\\/\\\/flamencomadrid.com\\\/fr\\\/?s={search_term_string}\"},\"query-input\":{\"@type\":\"PropertyValueSpecification\",\"valueRequired\":true,\"valueName\":\"search_term_string\"}}],\"inLanguage\":\"fr-FR\"},{\"@type\":\"Person\",\"@id\":\"https:\\\/\\\/flamencomadrid.com\\\/es\\\/#\\\/schema\\\/person\\\/748b99b947dc33587201a0837db18640\",\"name\":\"Pirunator\",\"image\":{\"@type\":\"ImageObject\",\"inLanguage\":\"fr-FR\",\"@id\":\"https:\\\/\\\/secure.gravatar.com\\\/avatar\\\/617673d226a438889f1548bea8a21192c4c0d0351bdc8c087ee3ebf56ac86871?s=96&d=mm&r=g\",\"url\":\"https:\\\/\\\/secure.gravatar.com\\\/avatar\\\/617673d226a438889f1548bea8a21192c4c0d0351bdc8c087ee3ebf56ac86871?s=96&d=mm&r=g\",\"contentUrl\":\"https:\\\/\\\/secure.gravatar.com\\\/avatar\\\/617673d226a438889f1548bea8a21192c4c0d0351bdc8c087ee3ebf56ac86871?s=96&d=mm&r=g\",\"caption\":\"Pirunator\"}}]}<\/script>\n<!-- \/ Yoast SEO plugin. -->","yoast_head_json":{"title":"Master de formation continue en flamenco - Flamenco Madrid","robots":{"index":"index","follow":"follow","max-snippet":"max-snippet:-1","max-image-preview":"max-image-preview:large","max-video-preview":"max-video-preview:-1"},"canonical":"\/","og_locale":"fr_FR","og_type":"article","og_title":"Master de formation continue en flamenco - Flamenco Madrid","og_description":"Le Master de Formation Continue en Flamenco de l&rsquo;Universit\u00e9 Complutense de Madrid. Le Master en Flamenco est un programme \u00e9ducatif con\u00e7u pour r\u00e9pondre aux normes de l&rsquo;Espace europ\u00e9en de l&rsquo;enseignement sup\u00e9rieur, qui octroie 60 cr\u00e9dits de formation reconnus. Ce programme se concentre \u00e0 la fois sur la th\u00e9orie et l&rsquo;interpr\u00e9tation du flamenco, offrant une formation...","og_url":"https:\/\/flamencomadrid.com\/fr\/master-de-formacion-permanente-en-flamenco\/","og_site_name":"Flamenco Madrid","article_published_time":"2023-07-10T15:25:54+00:00","article_modified_time":"2024-01-26T13:16:41+00:00","og_image":[{"width":850,"height":772,"url":"https:\/\/flamencomadrid.com\/wp-content\/uploads\/2023\/07\/cartel-logos-autorizados-ok-copia_page-0001.jpeg","type":"image\/jpeg"}],"author":"Pirunator","twitter_card":"summary_large_image","twitter_misc":{"\u00c9crit par":"Pirunator","Dur\u00e9e de lecture estim\u00e9e":"2 minutes"},"schema":{"@context":"https:\/\/schema.org","@graph":[{"@type":"Article","@id":"https:\/\/flamencomadrid.com\/es\/master-de-formacion-permanente-en-flamenco\/#article","isPartOf":{"@id":"https:\/\/flamencomadrid.com\/es\/master-de-formacion-permanente-en-flamenco\/"},"author":{"name":"Pirunator","@id":"https:\/\/flamencomadrid.com\/es\/#\/schema\/person\/748b99b947dc33587201a0837db18640"},"headline":"Master de formation continue en flamenco","datePublished":"2023-07-10T15:25:54+00:00","dateModified":"2024-01-26T13:16:41+00:00","mainEntityOfPage":{"@id":"https:\/\/flamencomadrid.com\/es\/master-de-formacion-permanente-en-flamenco\/"},"wordCount":1086,"image":{"@id":"https:\/\/flamencomadrid.com\/es\/master-de-formacion-permanente-en-flamenco\/#primaryimage"},"thumbnailUrl":"https:\/\/flamencomadrid.com\/wp-content\/uploads\/2023\/07\/cartel-logos-autorizados-ok-copia_page-0001.jpeg","articleSection":["Curiosidades Flamencas"],"inLanguage":"fr-FR"},{"@type":"WebPage","@id":"https:\/\/flamencomadrid.com\/fr\/master-de-formacion-permanente-en-flamenco\/","url":"https:\/\/flamencomadrid.com\/fr\/master-de-formacion-permanente-en-flamenco\/","name":"Master de formation continue en flamenco - Flamenco Madrid","isPartOf":{"@id":"https:\/\/flamencomadrid.com\/fr\/#website"},"primaryImageOfPage":{"@id":"https:\/\/flamencomadrid.com\/fr\/master-de-formacion-permanente-en-flamenco\/#primaryimage"},"image":{"@id":"https:\/\/flamencomadrid.com\/es\/master-de-formacion-permanente-en-flamenco\/#primaryimage"},"thumbnailUrl":"https:\/\/flamencomadrid.com\/wp-content\/uploads\/2023\/07\/cartel-logos-autorizados-ok-copia_page-0001.jpeg","datePublished":"2023-07-10T15:25:54+00:00","dateModified":"2024-01-26T13:16:41+00:00","author":{"@id":"https:\/\/flamencomadrid.com\/es\/#\/schema\/person\/748b99b947dc33587201a0837db18640"},"breadcrumb":{"@id":"https:\/\/flamencomadrid.com\/fr\/master-de-formacion-permanente-en-flamenco\/#breadcrumb"},"inLanguage":"fr-FR","potentialAction":[{"@type":"ReadAction","target":[["https:\/\/flamencomadrid.com\/fr\/master-de-formacion-permanente-en-flamenco\/"]]}]},{"@type":"ImageObject","inLanguage":"fr-FR","@id":"https:\/\/flamencomadrid.com\/fr\/master-de-formacion-permanente-en-flamenco\/#primaryimage","url":"https:\/\/flamencomadrid.com\/wp-content\/uploads\/2023\/07\/cartel-logos-autorizados-ok-copia_page-0001.jpeg","contentUrl":"https:\/\/flamencomadrid.com\/wp-content\/uploads\/2023\/07\/cartel-logos-autorizados-ok-copia_page-0001.jpeg","width":850,"height":772},{"@type":"BreadcrumbList","@id":"https:\/\/flamencomadrid.com\/fr\/master-de-formacion-permanente-en-flamenco\/#breadcrumb","itemListElement":[{"@type":"ListItem","position":1,"name":"Home","item":"https:\/\/flamencomadrid.com\/fr\/"},{"@type":"ListItem","position":2,"name":"M\u00e1ster de Formaci\u00f3n Permanente en Flamenco"}]},{"@type":"WebSite","@id":"https:\/\/flamencomadrid.com\/fr\/#website","url":"https:\/\/flamencomadrid.com\/fr\/","name":"Flamenco Madrid","description":"Otro sitio realizado con WordPress","potentialAction":[{"@type":"SearchAction","target":{"@type":"EntryPoint","urlTemplate":"https:\/\/flamencomadrid.com\/fr\/?s={search_term_string}"},"query-input":{"@type":"PropertyValueSpecification","valueRequired":true,"valueName":"search_term_string"}}],"inLanguage":"fr-FR"},{"@type":"Person","@id":"https:\/\/flamencomadrid.com\/es\/#\/schema\/person\/748b99b947dc33587201a0837db18640","name":"Pirunator","image":{"@type":"ImageObject","inLanguage":"fr-FR","@id":"https:\/\/secure.gravatar.com\/avatar\/617673d226a438889f1548bea8a21192c4c0d0351bdc8c087ee3ebf56ac86871?s=96&d=mm&r=g","url":"https:\/\/secure.gravatar.com\/avatar\/617673d226a438889f1548bea8a21192c4c0d0351bdc8c087ee3ebf56ac86871?s=96&d=mm&r=g","contentUrl":"https:\/\/secure.gravatar.com\/avatar\/617673d226a438889f1548bea8a21192c4c0d0351bdc8c087ee3ebf56ac86871?s=96&d=mm&r=g","caption":"Pirunator"}}]}},"_links":{"self":[{"href":"https:\/\/flamencomadrid.com\/fr\/wp-json\/wp\/v2\/posts\/738","targetHints":{"allow":["GET"]}}],"collection":[{"href":"https:\/\/flamencomadrid.com\/fr\/wp-json\/wp\/v2\/posts"}],"about":[{"href":"https:\/\/flamencomadrid.com\/fr\/wp-json\/wp\/v2\/types\/post"}],"author":[{"embeddable":true,"href":"https:\/\/flamencomadrid.com\/fr\/wp-json\/wp\/v2\/users\/5"}],"replies":[{"embeddable":true,"href":"https:\/\/flamencomadrid.com\/fr\/wp-json\/wp\/v2\/comments?post=738"}],"version-history":[{"count":8,"href":"https:\/\/flamencomadrid.com\/fr\/wp-json\/wp\/v2\/posts\/738\/revisions"}],"predecessor-version":[{"id":1022,"href":"https:\/\/flamencomadrid.com\/fr\/wp-json\/wp\/v2\/posts\/738\/revisions\/1022"}],"wp:featuredmedia":[{"embeddable":true,"href":"https:\/\/flamencomadrid.com\/fr\/wp-json\/wp\/v2\/media\/739"}],"wp:attachment":[{"href":"https:\/\/flamencomadrid.com\/fr\/wp-json\/wp\/v2\/media?parent=738"}],"wp:term":[{"taxonomy":"category","embeddable":true,"href":"https:\/\/flamencomadrid.com\/fr\/wp-json\/wp\/v2\/categories?post=738"},{"taxonomy":"post_tag","embeddable":true,"href":"https:\/\/flamencomadrid.com\/fr\/wp-json\/wp\/v2\/tags?post=738"}],"curies":[{"name":"wp","href":"https:\/\/api.w.org\/{rel}","templated":true}]}}