{"id":646,"date":"2023-06-19T19:55:39","date_gmt":"2023-06-19T17:55:39","guid":{"rendered":"https:\/\/flamencomadrid.com\/es\/?p=646"},"modified":"2024-01-26T14:06:37","modified_gmt":"2024-01-26T13:06:37","slug":"6-razones-para-ver-flamenco-en-madrid","status":"publish","type":"post","link":"https:\/\/flamencomadrid.com\/fr\/6-raisons-de-voir-le-flamenco-a-madrid\/","title":{"rendered":"6 raisons de voir du flamenco \u00e0 Madrid"},"content":{"rendered":"<p><\/p>\n<h5><\/h5>\n<h5><strong>1- LE BERCEAU DU FLAMENCO :<\/strong><\/h5>\n<p>Madrid est l&rsquo;un des endroits les plus importants d&rsquo;Espagne pour appr\u00e9cier le flamenco. La ville est un centre culturel et artistique depuis des si\u00e8cles et a accueilli certains des meilleurs danseurs, chanteurs et guitaristes de flamenco. De grandes figures telles que Lola Flores, Frank Sinatra, Ava Gardner, Richard Gere, Maria Carey et bien d&rsquo;autres encore s&rsquo;y sont produites.<\/p>\n<pre><img loading=\"lazy\" decoding=\"async\" class=\"alignnone wp-image-649 \" src=\"https:\/\/flamencomadrid.com\/es\/wp-content\/uploads\/2023\/06\/conversacion-entre-famosos-en-la-mesa-landscape-verde-1400x800-1.jpg\" alt=\"Referencia: Lola Flores alternando con Frank Sinatra y Ava Gardner en Madrid. 1960 (Tablao Flamenco 1911, antiguo Villa Rosa)\" width=\"788\" height=\"450\" \/>\r\n\r\nR\u00e9f\u00e9rence: Lola Flores en alternance avec Frank Sinatra y Ava Gardner \u00e0 Madrid. 1960<\/pre>\n<pre>(Tablao Flamenco 1911, previously Villa Rosa). R\u00e9f.: <a href=\"https:\/\/tablaoflamenco1911.com\/es\/el-tablao\/los-secretos-del-tablao\/\">tablaoflamenco1911.com<\/a><\/pre>\n<p>&nbsp;<\/p>\n<p><img loading=\"lazy\" decoding=\"async\" class=\"alignnone wp-image-651 \" src=\"https:\/\/flamencomadrid.com\/es\/wp-content\/uploads\/2023\/06\/9-richard-gere-400x284-1-e1687265738737-300x204.jpeg\" alt=\"\" width=\"389\" height=\"265\" \/>\u00a0\u00a0<img loading=\"lazy\" decoding=\"async\" class=\"alignnone wp-image-652 \" src=\"https:\/\/flamencomadrid.com\/es\/wp-content\/uploads\/2023\/06\/24-mariah-carey-400x284-1-e1687265708380-300x204.jpeg\" alt=\"\" width=\"390\" height=\"265\" \/><\/p>\n<pre>Richard Gere (Corral de la Morer\u00eda).        Mariah Carey (Corral de la Morer\u00eda).\r\n\r\n<\/pre>\n<h5><strong>2- UN LARGE \u00c9VENTAIL DE TABLAOS<\/strong><\/h5>\n<p>Madrid dispose d&rsquo;un large choix de tablaos flamenco. Ces lieux proposent des spectacles de grande qualit\u00e9 avec des artistes professionnels, o\u00f9 vous pourrez vous immerger totalement dans la passion et l&rsquo;\u00e9nergie du flamenco.<\/p>\n<pre><img loading=\"lazy\" decoding=\"async\" class=\"alignnone wp-image-669 size-full\" src=\"https:\/\/flamencomadrid.com\/es\/wp-content\/uploads\/2023\/06\/farruquito-34-copia.jpg\" alt=\"\" width=\"1706\" height=\"1137\" \/>\r\n\"Farruquito\" \u00e0 <a href=\"https:\/\/cardamomo.com\/es\/\">Cardamomo<\/a> 2021.<\/pre>\n<pre><img loading=\"lazy\" decoding=\"async\" class=\"alignnone wp-image-673 \" src=\"https:\/\/flamencomadrid.com\/es\/wp-content\/uploads\/2023\/06\/centro-cultural-flamenco-sala-ver.jpeg\" alt=\"\" width=\"927\" height=\"1236\" \/>\r\n<a href=\"https:\/\/flamencocultural.com\/\">Centro Cultural Flamenco en Madrid <\/a><\/pre>\n<p>&nbsp;<\/p>\n<h5><strong>3- LA VARI\u00c9T\u00c9 DES STYLES<\/strong><\/h5>\n<p>\u00c0 Madrid, vous aurez l&rsquo;occasion d&rsquo;assister \u00e0 diff\u00e9rents styles de flamenco. Des styles les plus traditionnels et les plus purs aux fusions contemporaines qui combinent le flamenco avec d&rsquo;autres genres musicaux. Vous pourrez ainsi appr\u00e9cier la diversit\u00e9 et l&rsquo;\u00e9volution de cet art dans la capitale espagnole.<\/p>\n<p><img loading=\"lazy\" decoding=\"async\" class=\"alignnone wp-image-679 size-full\" src=\"https:\/\/flamencomadrid.com\/es\/wp-content\/uploads\/2023\/06\/web.jpg\" alt=\"\" width=\"1120\" height=\"630\" \/><\/p>\n<pre>Laura F\u00fanez dansant l'estyle Bolera: <a href=\"https:\/\/tablaoflamenco1911.com\/es\/\">tablaoflamenco1911.com<\/a><\/pre>\n<h5><\/h5>\n<p>&nbsp;<\/p>\n<h5><strong>4- EXP\u00c9RIENCE CULTURELLE<\/strong><\/h5>\n<p>Regarder du flamenco \u00e0 Madrid est une exp\u00e9rience culturelle unique. Le flamenco n&rsquo;est pas seulement de la musique et de la danse, c&rsquo;est aussi une expression artistique enracin\u00e9e dans l&rsquo;histoire et l&rsquo;identit\u00e9 espagnoles. En assistant \u00e0 un spectacle de flamenco, vous serez immerg\u00e9 dans la riche tradition culturelle de l&rsquo;Espagne et pourrez en appr\u00e9cier la profondeur \u00e9motionnelle.<\/p>\n<p><img loading=\"lazy\" decoding=\"async\" class=\"alignnone wp-image-689 size-full\" src=\"https:\/\/flamencomadrid.com\/es\/wp-content\/uploads\/2023\/06\/viber_image_2022-04-14_21-52-32-223.jpeg\" alt=\"\" width=\"1360\" height=\"1020\" \/><\/p>\n<pre><a href=\"https:\/\/flamencocultural.com\/\">Centro Cultural Flamenco en Madrid <\/a><\/pre>\n<h5><\/h5>\n<h5><strong>5-UNE ATMOSPH\u00c8RE VIBRANTE<\/strong><\/h5>\n<p>Madrid est une ville pleine de vie et d&rsquo;\u00e9nergie, et le flamenco s&rsquo;inscrit parfaitement dans cette atmosph\u00e8re. De nombreux tablaos flamencos sont situ\u00e9s dans le centre-ville, dans des quartiers embl\u00e9matiques tels que Las Letras ou Lavapi\u00e9s, o\u00f9 vous pourrez profiter du spectacle et continuer \u00e0 explorer la vie nocturne anim\u00e9e de la ville.<\/p>\n<p><img loading=\"lazy\" decoding=\"async\" class=\"alignnone wp-image-691 \" src=\"https:\/\/flamencomadrid.com\/es\/wp-content\/uploads\/2023\/06\/espacio-cardamomo-5-copia.jpg\" alt=\"\" width=\"870\" height=\"1306\" \/><\/p>\n<pre>Rue Echegaray 15, Las Letras, Madrid: <a href=\"https:\/\/cardamomo.com\/es\/\">Cardamomo<\/a><\/pre>\n<p>&nbsp;<\/p>\n<h5><strong>6-LE TALENT ARTISTIQUE<\/strong><\/h5>\n<p>\u00c0 Madrid, vous aurez l&rsquo;occasion de d\u00e9couvrir les talents de certains des meilleurs artistes de flamenco au monde. Des danseurs virtuoses, des chanteurs \u00e0 la voix captivante et des guitaristes habiles se produisent r\u00e9guli\u00e8rement sur la sc\u00e8ne flamenco de la ville. Regarder ces artistes en action est une exp\u00e9rience enrichissante et passionnante&#8230;<\/p>\n<p><img loading=\"lazy\" decoding=\"async\" class=\"alignnone wp-image-699 size-full\" src=\"https:\/\/flamencomadrid.com\/es\/wp-content\/uploads\/2023\/06\/dsc9665-copia.jpg\" alt=\"\" width=\"1120\" height=\"630\" \/><\/p>\n<pre><span style=\"font-family: Consolas, Monaco, monospace;\">Danseurs: \"El Yiyo\", Paula Rodr\u00edguez y Mar\u00eda Reyes. Chanteurs: Jos\u00e9 del Calli <\/span><\/pre>\n<pre><span style=\"font-family: Consolas, Monaco, monospace;\">y \"El Cancu\". <\/span>Percussion: Felipe Maya. Guitares: David Jim\u00e9nez y Antonio Jim\u00e9nez.<\/pre>\n<pre>Saxo et Fl\u00fbte: Jes\u00fas Montoya. <a href=\"https:\/\/tablaoflamenco1911.com\/es\/\">tablaoflamenco1911.com<\/a><\/pre>\n<h5><\/h5>\n<p>&nbsp;<\/p>\n<h5>En r\u00e9sum\u00e9, aller voir du flamenco \u00e0 Madrid vous permettra de vous immerger dans la riche tradition culturelle espagnole, d&rsquo;assister \u00e0 des spectacles de grande qualit\u00e9, d&rsquo;explorer diff\u00e9rents styles et de vivre une exp\u00e9rience vibrante dans l&rsquo;une des villes les plus passionnantes d&rsquo;Europe.<\/h5>\n<p><\/p>","protected":false},"excerpt":{"rendered":"1- LE BERCEAU DU FLAMENCO : Madrid est l&rsquo;un des endroits les plus importants d&rsquo;Espagne pour appr\u00e9cier le flamenco. La ville est un centre culturel et artistique depuis des si\u00e8cles et a accueilli certains des meilleurs danseurs, chanteurs et guitaristes de flamenco. De grandes figures telles que Lola Flores, Frank Sinatra, Ava Gardner, Richard Gere,&#8230;","protected":false},"author":5,"featured_media":656,"comment_status":"open","ping_status":"open","sticky":false,"template":"","format":"standard","meta":{"_acf_changed":false,"footnotes":""},"categories":[13],"tags":[],"class_list":["post-646","post","type-post","status-publish","format-standard","has-post-thumbnail","hentry","category-curiosidades-flamencas"],"acf":[],"yoast_head":"<!-- This site is optimized with the Yoast SEO plugin v27.4 - https:\/\/yoast.com\/product\/yoast-seo-wordpress\/ -->\n<title>6 raisons de voir du flamenco \u00e0 Madrid - Flamenco Madrid<\/title>\n<meta name=\"robots\" content=\"index, follow, max-snippet:-1, max-image-preview:large, max-video-preview:-1\" \/>\n<link rel=\"canonical\" href=\"\/\" \/>\n<meta property=\"og:locale\" content=\"fr_FR\" \/>\n<meta property=\"og:type\" content=\"article\" \/>\n<meta property=\"og:title\" content=\"6 raisons de voir du flamenco \u00e0 Madrid - Flamenco Madrid\" \/>\n<meta property=\"og:description\" content=\"1- LE BERCEAU DU FLAMENCO : Madrid est l&rsquo;un des endroits les plus importants d&rsquo;Espagne pour appr\u00e9cier le flamenco. La ville est un centre culturel et artistique depuis des si\u00e8cles et a accueilli certains des meilleurs danseurs, chanteurs et guitaristes de flamenco. De grandes figures telles que Lola Flores, Frank Sinatra, Ava Gardner, Richard Gere,...\" \/>\n<meta property=\"og:url\" content=\"https:\/\/flamencomadrid.com\/fr\/6-razones-para-ver-flamenco-en-madrid\/\" \/>\n<meta property=\"og:site_name\" content=\"Flamenco Madrid\" \/>\n<meta property=\"article:published_time\" content=\"2023-06-19T17:55:39+00:00\" \/>\n<meta property=\"article:modified_time\" content=\"2024-01-26T13:06:37+00:00\" \/>\n<meta property=\"og:image\" content=\"https:\/\/flamencomadrid.com\/wp-content\/uploads\/2023\/06\/captura-de-pantalla-2023-06-19-a-las-19-56-30.png\" \/>\n\t<meta property=\"og:image:width\" content=\"1119\" \/>\n\t<meta property=\"og:image:height\" content=\"621\" \/>\n\t<meta property=\"og:image:type\" content=\"image\/png\" \/>\n<meta name=\"author\" content=\"Pirunator\" \/>\n<meta name=\"twitter:card\" content=\"summary_large_image\" \/>\n<meta name=\"twitter:label1\" content=\"\u00c9crit par\" \/>\n\t<meta name=\"twitter:data1\" content=\"Pirunator\" \/>\n\t<meta name=\"twitter:label2\" content=\"Dur\u00e9e de lecture estim\u00e9e\" \/>\n\t<meta name=\"twitter:data2\" content=\"4 minutes\" \/>\n<script type=\"application\/ld+json\" class=\"yoast-schema-graph\">{\"@context\":\"https:\\\/\\\/schema.org\",\"@graph\":[{\"@type\":\"Article\",\"@id\":\"https:\\\/\\\/flamencomadrid.com\\\/es\\\/6-razones-para-ver-flamenco-en-madrid\\\/#article\",\"isPartOf\":{\"@id\":\"https:\\\/\\\/flamencomadrid.com\\\/es\\\/6-razones-para-ver-flamenco-en-madrid\\\/\"},\"author\":{\"name\":\"Pirunator\",\"@id\":\"https:\\\/\\\/flamencomadrid.com\\\/es\\\/#\\\/schema\\\/person\\\/748b99b947dc33587201a0837db18640\"},\"headline\":\"6 raisons de voir du flamenco \u00e0 Madrid\",\"datePublished\":\"2023-06-19T17:55:39+00:00\",\"dateModified\":\"2024-01-26T13:06:37+00:00\",\"mainEntityOfPage\":{\"@id\":\"https:\\\/\\\/flamencomadrid.com\\\/es\\\/6-razones-para-ver-flamenco-en-madrid\\\/\"},\"wordCount\":1514,\"commentCount\":0,\"image\":{\"@id\":\"https:\\\/\\\/flamencomadrid.com\\\/es\\\/6-razones-para-ver-flamenco-en-madrid\\\/#primaryimage\"},\"thumbnailUrl\":\"https:\\\/\\\/flamencomadrid.com\\\/wp-content\\\/uploads\\\/2023\\\/06\\\/captura-de-pantalla-2023-06-19-a-las-19-56-30.png\",\"articleSection\":[\"Curiosidades Flamencas\"],\"inLanguage\":\"fr-FR\",\"potentialAction\":[{\"@type\":\"CommentAction\",\"name\":\"Comment\",\"target\":[\"https:\\\/\\\/flamencomadrid.com\\\/es\\\/6-razones-para-ver-flamenco-en-madrid\\\/#respond\"]}]},{\"@type\":\"WebPage\",\"@id\":\"https:\\\/\\\/flamencomadrid.com\\\/fr\\\/6-razones-para-ver-flamenco-en-madrid\\\/\",\"url\":\"https:\\\/\\\/flamencomadrid.com\\\/fr\\\/6-razones-para-ver-flamenco-en-madrid\\\/\",\"name\":\"6 raisons de voir du flamenco \u00e0 Madrid - Flamenco Madrid\",\"isPartOf\":{\"@id\":\"https:\\\/\\\/flamencomadrid.com\\\/fr\\\/#website\"},\"primaryImageOfPage\":{\"@id\":\"https:\\\/\\\/flamencomadrid.com\\\/fr\\\/6-razones-para-ver-flamenco-en-madrid\\\/#primaryimage\"},\"image\":{\"@id\":\"https:\\\/\\\/flamencomadrid.com\\\/es\\\/6-razones-para-ver-flamenco-en-madrid\\\/#primaryimage\"},\"thumbnailUrl\":\"https:\\\/\\\/flamencomadrid.com\\\/wp-content\\\/uploads\\\/2023\\\/06\\\/captura-de-pantalla-2023-06-19-a-las-19-56-30.png\",\"datePublished\":\"2023-06-19T17:55:39+00:00\",\"dateModified\":\"2024-01-26T13:06:37+00:00\",\"author\":{\"@id\":\"https:\\\/\\\/flamencomadrid.com\\\/es\\\/#\\\/schema\\\/person\\\/748b99b947dc33587201a0837db18640\"},\"breadcrumb\":{\"@id\":\"https:\\\/\\\/flamencomadrid.com\\\/fr\\\/6-razones-para-ver-flamenco-en-madrid\\\/#breadcrumb\"},\"inLanguage\":\"fr-FR\",\"potentialAction\":[{\"@type\":\"ReadAction\",\"target\":[[\"https:\\\/\\\/flamencomadrid.com\\\/fr\\\/6-razones-para-ver-flamenco-en-madrid\\\/\"]]}]},{\"@type\":\"ImageObject\",\"inLanguage\":\"fr-FR\",\"@id\":\"https:\\\/\\\/flamencomadrid.com\\\/fr\\\/6-razones-para-ver-flamenco-en-madrid\\\/#primaryimage\",\"url\":\"https:\\\/\\\/flamencomadrid.com\\\/wp-content\\\/uploads\\\/2023\\\/06\\\/captura-de-pantalla-2023-06-19-a-las-19-56-30.png\",\"contentUrl\":\"https:\\\/\\\/flamencomadrid.com\\\/wp-content\\\/uploads\\\/2023\\\/06\\\/captura-de-pantalla-2023-06-19-a-las-19-56-30.png\",\"width\":1119,\"height\":621},{\"@type\":\"BreadcrumbList\",\"@id\":\"https:\\\/\\\/flamencomadrid.com\\\/fr\\\/6-razones-para-ver-flamenco-en-madrid\\\/#breadcrumb\",\"itemListElement\":[{\"@type\":\"ListItem\",\"position\":1,\"name\":\"Home\",\"item\":\"https:\\\/\\\/flamencomadrid.com\\\/fr\\\/\"},{\"@type\":\"ListItem\",\"position\":2,\"name\":\"6 razones para ver Flamenco en Madrid\"}]},{\"@type\":\"WebSite\",\"@id\":\"https:\\\/\\\/flamencomadrid.com\\\/fr\\\/#website\",\"url\":\"https:\\\/\\\/flamencomadrid.com\\\/fr\\\/\",\"name\":\"Flamenco Madrid\",\"description\":\"Otro sitio realizado con WordPress\",\"potentialAction\":[{\"@type\":\"SearchAction\",\"target\":{\"@type\":\"EntryPoint\",\"urlTemplate\":\"https:\\\/\\\/flamencomadrid.com\\\/fr\\\/?s={search_term_string}\"},\"query-input\":{\"@type\":\"PropertyValueSpecification\",\"valueRequired\":true,\"valueName\":\"search_term_string\"}}],\"inLanguage\":\"fr-FR\"},{\"@type\":\"Person\",\"@id\":\"https:\\\/\\\/flamencomadrid.com\\\/es\\\/#\\\/schema\\\/person\\\/748b99b947dc33587201a0837db18640\",\"name\":\"Pirunator\",\"image\":{\"@type\":\"ImageObject\",\"inLanguage\":\"fr-FR\",\"@id\":\"https:\\\/\\\/secure.gravatar.com\\\/avatar\\\/617673d226a438889f1548bea8a21192c4c0d0351bdc8c087ee3ebf56ac86871?s=96&d=mm&r=g\",\"url\":\"https:\\\/\\\/secure.gravatar.com\\\/avatar\\\/617673d226a438889f1548bea8a21192c4c0d0351bdc8c087ee3ebf56ac86871?s=96&d=mm&r=g\",\"contentUrl\":\"https:\\\/\\\/secure.gravatar.com\\\/avatar\\\/617673d226a438889f1548bea8a21192c4c0d0351bdc8c087ee3ebf56ac86871?s=96&d=mm&r=g\",\"caption\":\"Pirunator\"}}]}<\/script>\n<!-- \/ Yoast SEO plugin. -->","yoast_head_json":{"title":"6 raisons de voir du flamenco \u00e0 Madrid - Flamenco Madrid","robots":{"index":"index","follow":"follow","max-snippet":"max-snippet:-1","max-image-preview":"max-image-preview:large","max-video-preview":"max-video-preview:-1"},"canonical":"\/","og_locale":"fr_FR","og_type":"article","og_title":"6 raisons de voir du flamenco \u00e0 Madrid - Flamenco Madrid","og_description":"1- LE BERCEAU DU FLAMENCO : Madrid est l&rsquo;un des endroits les plus importants d&rsquo;Espagne pour appr\u00e9cier le flamenco. La ville est un centre culturel et artistique depuis des si\u00e8cles et a accueilli certains des meilleurs danseurs, chanteurs et guitaristes de flamenco. De grandes figures telles que Lola Flores, Frank Sinatra, Ava Gardner, Richard Gere,...","og_url":"https:\/\/flamencomadrid.com\/fr\/6-razones-para-ver-flamenco-en-madrid\/","og_site_name":"Flamenco Madrid","article_published_time":"2023-06-19T17:55:39+00:00","article_modified_time":"2024-01-26T13:06:37+00:00","og_image":[{"width":1119,"height":621,"url":"https:\/\/flamencomadrid.com\/wp-content\/uploads\/2023\/06\/captura-de-pantalla-2023-06-19-a-las-19-56-30.png","type":"image\/png"}],"author":"Pirunator","twitter_card":"summary_large_image","twitter_misc":{"\u00c9crit par":"Pirunator","Dur\u00e9e de lecture estim\u00e9e":"4 minutes"},"schema":{"@context":"https:\/\/schema.org","@graph":[{"@type":"Article","@id":"https:\/\/flamencomadrid.com\/es\/6-razones-para-ver-flamenco-en-madrid\/#article","isPartOf":{"@id":"https:\/\/flamencomadrid.com\/es\/6-razones-para-ver-flamenco-en-madrid\/"},"author":{"name":"Pirunator","@id":"https:\/\/flamencomadrid.com\/es\/#\/schema\/person\/748b99b947dc33587201a0837db18640"},"headline":"6 raisons de voir du flamenco \u00e0 Madrid","datePublished":"2023-06-19T17:55:39+00:00","dateModified":"2024-01-26T13:06:37+00:00","mainEntityOfPage":{"@id":"https:\/\/flamencomadrid.com\/es\/6-razones-para-ver-flamenco-en-madrid\/"},"wordCount":1514,"commentCount":0,"image":{"@id":"https:\/\/flamencomadrid.com\/es\/6-razones-para-ver-flamenco-en-madrid\/#primaryimage"},"thumbnailUrl":"https:\/\/flamencomadrid.com\/wp-content\/uploads\/2023\/06\/captura-de-pantalla-2023-06-19-a-las-19-56-30.png","articleSection":["Curiosidades Flamencas"],"inLanguage":"fr-FR","potentialAction":[{"@type":"CommentAction","name":"Comment","target":["https:\/\/flamencomadrid.com\/es\/6-razones-para-ver-flamenco-en-madrid\/#respond"]}]},{"@type":"WebPage","@id":"https:\/\/flamencomadrid.com\/fr\/6-razones-para-ver-flamenco-en-madrid\/","url":"https:\/\/flamencomadrid.com\/fr\/6-razones-para-ver-flamenco-en-madrid\/","name":"6 raisons de voir du flamenco \u00e0 Madrid - Flamenco Madrid","isPartOf":{"@id":"https:\/\/flamencomadrid.com\/fr\/#website"},"primaryImageOfPage":{"@id":"https:\/\/flamencomadrid.com\/fr\/6-razones-para-ver-flamenco-en-madrid\/#primaryimage"},"image":{"@id":"https:\/\/flamencomadrid.com\/es\/6-razones-para-ver-flamenco-en-madrid\/#primaryimage"},"thumbnailUrl":"https:\/\/flamencomadrid.com\/wp-content\/uploads\/2023\/06\/captura-de-pantalla-2023-06-19-a-las-19-56-30.png","datePublished":"2023-06-19T17:55:39+00:00","dateModified":"2024-01-26T13:06:37+00:00","author":{"@id":"https:\/\/flamencomadrid.com\/es\/#\/schema\/person\/748b99b947dc33587201a0837db18640"},"breadcrumb":{"@id":"https:\/\/flamencomadrid.com\/fr\/6-razones-para-ver-flamenco-en-madrid\/#breadcrumb"},"inLanguage":"fr-FR","potentialAction":[{"@type":"ReadAction","target":[["https:\/\/flamencomadrid.com\/fr\/6-razones-para-ver-flamenco-en-madrid\/"]]}]},{"@type":"ImageObject","inLanguage":"fr-FR","@id":"https:\/\/flamencomadrid.com\/fr\/6-razones-para-ver-flamenco-en-madrid\/#primaryimage","url":"https:\/\/flamencomadrid.com\/wp-content\/uploads\/2023\/06\/captura-de-pantalla-2023-06-19-a-las-19-56-30.png","contentUrl":"https:\/\/flamencomadrid.com\/wp-content\/uploads\/2023\/06\/captura-de-pantalla-2023-06-19-a-las-19-56-30.png","width":1119,"height":621},{"@type":"BreadcrumbList","@id":"https:\/\/flamencomadrid.com\/fr\/6-razones-para-ver-flamenco-en-madrid\/#breadcrumb","itemListElement":[{"@type":"ListItem","position":1,"name":"Home","item":"https:\/\/flamencomadrid.com\/fr\/"},{"@type":"ListItem","position":2,"name":"6 razones para ver Flamenco en Madrid"}]},{"@type":"WebSite","@id":"https:\/\/flamencomadrid.com\/fr\/#website","url":"https:\/\/flamencomadrid.com\/fr\/","name":"Flamenco Madrid","description":"Otro sitio realizado con WordPress","potentialAction":[{"@type":"SearchAction","target":{"@type":"EntryPoint","urlTemplate":"https:\/\/flamencomadrid.com\/fr\/?s={search_term_string}"},"query-input":{"@type":"PropertyValueSpecification","valueRequired":true,"valueName":"search_term_string"}}],"inLanguage":"fr-FR"},{"@type":"Person","@id":"https:\/\/flamencomadrid.com\/es\/#\/schema\/person\/748b99b947dc33587201a0837db18640","name":"Pirunator","image":{"@type":"ImageObject","inLanguage":"fr-FR","@id":"https:\/\/secure.gravatar.com\/avatar\/617673d226a438889f1548bea8a21192c4c0d0351bdc8c087ee3ebf56ac86871?s=96&d=mm&r=g","url":"https:\/\/secure.gravatar.com\/avatar\/617673d226a438889f1548bea8a21192c4c0d0351bdc8c087ee3ebf56ac86871?s=96&d=mm&r=g","contentUrl":"https:\/\/secure.gravatar.com\/avatar\/617673d226a438889f1548bea8a21192c4c0d0351bdc8c087ee3ebf56ac86871?s=96&d=mm&r=g","caption":"Pirunator"}}]}},"_links":{"self":[{"href":"https:\/\/flamencomadrid.com\/fr\/wp-json\/wp\/v2\/posts\/646","targetHints":{"allow":["GET"]}}],"collection":[{"href":"https:\/\/flamencomadrid.com\/fr\/wp-json\/wp\/v2\/posts"}],"about":[{"href":"https:\/\/flamencomadrid.com\/fr\/wp-json\/wp\/v2\/types\/post"}],"author":[{"embeddable":true,"href":"https:\/\/flamencomadrid.com\/fr\/wp-json\/wp\/v2\/users\/5"}],"replies":[{"embeddable":true,"href":"https:\/\/flamencomadrid.com\/fr\/wp-json\/wp\/v2\/comments?post=646"}],"version-history":[{"count":50,"href":"https:\/\/flamencomadrid.com\/fr\/wp-json\/wp\/v2\/posts\/646\/revisions"}],"predecessor-version":[{"id":1019,"href":"https:\/\/flamencomadrid.com\/fr\/wp-json\/wp\/v2\/posts\/646\/revisions\/1019"}],"wp:featuredmedia":[{"embeddable":true,"href":"https:\/\/flamencomadrid.com\/fr\/wp-json\/wp\/v2\/media\/656"}],"wp:attachment":[{"href":"https:\/\/flamencomadrid.com\/fr\/wp-json\/wp\/v2\/media?parent=646"}],"wp:term":[{"taxonomy":"category","embeddable":true,"href":"https:\/\/flamencomadrid.com\/fr\/wp-json\/wp\/v2\/categories?post=646"},{"taxonomy":"post_tag","embeddable":true,"href":"https:\/\/flamencomadrid.com\/fr\/wp-json\/wp\/v2\/tags?post=646"}],"curies":[{"name":"wp","href":"https:\/\/api.w.org\/{rel}","templated":true}]}}