{"id":168,"date":"2022-04-30T11:30:17","date_gmt":"2022-04-30T11:30:17","guid":{"rendered":"http:\/\/fm.fullcircle.es\/?p=168"},"modified":"2024-01-23T13:31:14","modified_gmt":"2024-01-23T12:31:14","slug":"canciones-de-flamenco-que-marcaron-la-historia-de-la-musica","status":"publish","type":"post","link":"https:\/\/flamencomadrid.com\/fr\/chansons-flamenco\/","title":{"rendered":"Les chansons flamenco qui ont marqu\u00e9 l&rsquo;histoire de la musique"},"content":{"rendered":"<p>Dans chaque genre musical, il y a des <strong>artistes et des compositions qui marquent<\/strong> <strong>un avant et un apr\u00e8s<\/strong> dans la conception que le monde s&rsquo;en fait. Ce sont des personnes qui, par leur art, nous aident \u00e0 comprendre et \u00e0 ressentir la musique,<strong> en cr\u00e9ant, en improvisant et en prenant des risques.<\/strong><\/p>\n<p>Cela se produit avec des musiques d&rsquo;\u00e9poques et de styles diff\u00e9rents. Mais venons-en \u00e0 ce qui nous concerne, \u00e0 ce qui nous touche, le <strong>flamenco<\/strong>, bien s\u00fbr.<\/p>\n<p>Sans rien enlever aux autres genres musicaux, le <strong>flamenco<\/strong> <strong>est la musique la plus puissante<\/strong> dans ce sens.<\/p>\n<p>Nous nous rendons compte que lorsque vous voyez un <strong>\u00ab\u00a0baile\u00a0\u00bb<\/strong>, un <strong>\u00ab\u00a0toque\u00a0\u00bb<\/strong> ou un <strong>\u00ab\u00a0cante\u00a0\u00bb<\/strong> flamenco, cela touche votre \u00e2me, <strong>d&rsquo;o\u00f9 que vous veniez<\/strong>. Nous associons cette affirmation \u00e0 la <strong>sensation r\u00e9p\u00e9t\u00e9e<\/strong> qui se produit lorsqu&rsquo;une personne totalement \u00e9trang\u00e8re \u00e0 cette discipline est \u00e9mue en voyant le flamenco <strong>\u00ab\u00a0baile\u00a0\u00bb<\/strong>, <strong>\u00ab\u00a0toque\u00a0\u00bb<\/strong> ou <strong>\u00ab\u00a0cante\u00a0\u00bb.<\/strong><\/p>\n<p><strong>Il y a des chansons qui semblent avoir \u00e9t\u00e9 compos\u00e9es pour soi, comme si l&rsquo;auteur nous connaissait. L&rsquo;identification que nous ressentons \u00e0 l&rsquo;\u00e9coute de certaines chansons est si grande qu&rsquo;il est parfois in\u00e9vitable de s&rsquo;enthousiasmer.<\/strong><\/p>\n<h3>Auriez-vous par hasard l&rsquo;une des chansons s\u00e9lectionn\u00e9es ?<\/h3>\n<p><\/p>","protected":false},"excerpt":{"rendered":"Dans chaque genre musical, il y a des artistes et des compositions qui marquent un avant et un apr\u00e8s dans la conception que le monde s&rsquo;en fait. Ce sont des personnes qui, par leur art, nous aident \u00e0 comprendre et \u00e0 ressentir la musique, en cr\u00e9ant, en improvisant et en prenant des risques. Cela se&#8230;","protected":false},"author":1,"featured_media":269,"comment_status":"closed","ping_status":"open","sticky":false,"template":"","format":"standard","meta":{"_acf_changed":false,"footnotes":""},"categories":[4],"tags":[],"class_list":["post-168","post","type-post","status-publish","format-standard","has-post-thumbnail","hentry","category-sonidos-y-canciones"],"acf":[],"yoast_head":"<!-- This site is optimized with the Yoast SEO plugin v27.4 - https:\/\/yoast.com\/product\/yoast-seo-wordpress\/ -->\n<title>Les chansons flamenco qui ont marqu\u00e9 l&#039;histoire de la musique - Flamenco Madrid<\/title>\n<meta name=\"robots\" content=\"index, follow, max-snippet:-1, max-image-preview:large, max-video-preview:-1\" \/>\n<link rel=\"canonical\" href=\"\/\" \/>\n<meta property=\"og:locale\" content=\"fr_FR\" \/>\n<meta property=\"og:type\" content=\"article\" \/>\n<meta property=\"og:title\" content=\"Les chansons flamenco qui ont marqu\u00e9 l&#039;histoire de la musique - Flamenco Madrid\" \/>\n<meta property=\"og:description\" content=\"Dans chaque genre musical, il y a des artistes et des compositions qui marquent un avant et un apr\u00e8s dans la conception que le monde s&rsquo;en fait. Ce sont des personnes qui, par leur art, nous aident \u00e0 comprendre et \u00e0 ressentir la musique, en cr\u00e9ant, en improvisant et en prenant des risques. Cela se...\" \/>\n<meta property=\"og:url\" content=\"https:\/\/flamencomadrid.com\/fr\/canciones-del-flamenco\/\" \/>\n<meta property=\"og:site_name\" content=\"Flamenco Madrid\" \/>\n<meta property=\"article:published_time\" content=\"2022-04-30T11:30:17+00:00\" \/>\n<meta property=\"article:modified_time\" content=\"2024-01-23T12:31:14+00:00\" \/>\n<meta property=\"og:image\" content=\"https:\/\/flamencomadrid.com\/wp-content\/uploads\/2022\/04\/canciones-de-flamenco.jpg\" \/>\n\t<meta property=\"og:image:width\" content=\"900\" \/>\n\t<meta property=\"og:image:height\" content=\"600\" \/>\n\t<meta property=\"og:image:type\" content=\"image\/jpeg\" \/>\n<meta name=\"author\" content=\"admin_fm\" \/>\n<meta name=\"twitter:card\" content=\"summary_large_image\" \/>\n<meta name=\"twitter:label1\" content=\"\u00c9crit par\" \/>\n\t<meta name=\"twitter:data1\" content=\"admin_fm\" \/>\n\t<meta name=\"twitter:label2\" content=\"Dur\u00e9e de lecture estim\u00e9e\" \/>\n\t<meta name=\"twitter:data2\" content=\"1 minute\" \/>\n<script type=\"application\/ld+json\" class=\"yoast-schema-graph\">{\"@context\":\"https:\\\/\\\/schema.org\",\"@graph\":[{\"@type\":\"Article\",\"@id\":\"https:\\\/\\\/flamencomadrid.com\\\/es\\\/canciones-del-flamenco\\\/#article\",\"isPartOf\":{\"@id\":\"https:\\\/\\\/flamencomadrid.com\\\/es\\\/canciones-del-flamenco\\\/\"},\"author\":{\"name\":\"admin_fm\",\"@id\":\"https:\\\/\\\/flamencomadrid.com\\\/es\\\/#\\\/schema\\\/person\\\/8c59f8648cbca0f7d7ee9498f516c561\"},\"headline\":\"Les chansons flamenco qui ont marqu\u00e9 l&rsquo;histoire de la musique\",\"datePublished\":\"2022-04-30T11:30:17+00:00\",\"dateModified\":\"2024-01-23T12:31:14+00:00\",\"mainEntityOfPage\":{\"@id\":\"https:\\\/\\\/flamencomadrid.com\\\/es\\\/canciones-del-flamenco\\\/\"},\"wordCount\":790,\"image\":{\"@id\":\"https:\\\/\\\/flamencomadrid.com\\\/es\\\/canciones-del-flamenco\\\/#primaryimage\"},\"thumbnailUrl\":\"https:\\\/\\\/flamencomadrid.com\\\/wp-content\\\/uploads\\\/2022\\\/04\\\/canciones-de-flamenco.jpg\",\"articleSection\":[\"Sonidos y canciones\"],\"inLanguage\":\"fr-FR\"},{\"@type\":\"WebPage\",\"@id\":\"https:\\\/\\\/flamencomadrid.com\\\/fr\\\/canciones-del-flamenco\\\/\",\"url\":\"https:\\\/\\\/flamencomadrid.com\\\/fr\\\/canciones-del-flamenco\\\/\",\"name\":\"Les chansons flamenco qui ont marqu\u00e9 l'histoire de la musique - Flamenco Madrid\",\"isPartOf\":{\"@id\":\"https:\\\/\\\/flamencomadrid.com\\\/fr\\\/#website\"},\"primaryImageOfPage\":{\"@id\":\"https:\\\/\\\/flamencomadrid.com\\\/fr\\\/canciones-del-flamenco\\\/#primaryimage\"},\"image\":{\"@id\":\"https:\\\/\\\/flamencomadrid.com\\\/es\\\/canciones-del-flamenco\\\/#primaryimage\"},\"thumbnailUrl\":\"https:\\\/\\\/flamencomadrid.com\\\/wp-content\\\/uploads\\\/2022\\\/04\\\/canciones-de-flamenco.jpg\",\"datePublished\":\"2022-04-30T11:30:17+00:00\",\"dateModified\":\"2024-01-23T12:31:14+00:00\",\"author\":{\"@id\":\"https:\\\/\\\/flamencomadrid.com\\\/es\\\/#\\\/schema\\\/person\\\/8c59f8648cbca0f7d7ee9498f516c561\"},\"breadcrumb\":{\"@id\":\"https:\\\/\\\/flamencomadrid.com\\\/fr\\\/canciones-del-flamenco\\\/#breadcrumb\"},\"inLanguage\":\"fr-FR\",\"potentialAction\":[{\"@type\":\"ReadAction\",\"target\":[[\"https:\\\/\\\/flamencomadrid.com\\\/fr\\\/canciones-del-flamenco\\\/\"]]}]},{\"@type\":\"ImageObject\",\"inLanguage\":\"fr-FR\",\"@id\":\"https:\\\/\\\/flamencomadrid.com\\\/fr\\\/canciones-del-flamenco\\\/#primaryimage\",\"url\":\"https:\\\/\\\/flamencomadrid.com\\\/wp-content\\\/uploads\\\/2022\\\/04\\\/canciones-de-flamenco.jpg\",\"contentUrl\":\"https:\\\/\\\/flamencomadrid.com\\\/wp-content\\\/uploads\\\/2022\\\/04\\\/canciones-de-flamenco.jpg\",\"width\":900,\"height\":600,\"caption\":\"Microfono escenario\"},{\"@type\":\"BreadcrumbList\",\"@id\":\"https:\\\/\\\/flamencomadrid.com\\\/fr\\\/canciones-del-flamenco\\\/#breadcrumb\",\"itemListElement\":[{\"@type\":\"ListItem\",\"position\":1,\"name\":\"Home\",\"item\":\"https:\\\/\\\/flamencomadrid.com\\\/fr\\\/\"},{\"@type\":\"ListItem\",\"position\":2,\"name\":\"Canciones de Flamenco que marcaron la historia de la m\u00fasica\"}]},{\"@type\":\"WebSite\",\"@id\":\"https:\\\/\\\/flamencomadrid.com\\\/fr\\\/#website\",\"url\":\"https:\\\/\\\/flamencomadrid.com\\\/fr\\\/\",\"name\":\"Flamenco Madrid\",\"description\":\"Otro sitio realizado con WordPress\",\"potentialAction\":[{\"@type\":\"SearchAction\",\"target\":{\"@type\":\"EntryPoint\",\"urlTemplate\":\"https:\\\/\\\/flamencomadrid.com\\\/fr\\\/?s={search_term_string}\"},\"query-input\":{\"@type\":\"PropertyValueSpecification\",\"valueRequired\":true,\"valueName\":\"search_term_string\"}}],\"inLanguage\":\"fr-FR\"},{\"@type\":\"Person\",\"@id\":\"https:\\\/\\\/flamencomadrid.com\\\/es\\\/#\\\/schema\\\/person\\\/8c59f8648cbca0f7d7ee9498f516c561\",\"name\":\"admin_fm\",\"image\":{\"@type\":\"ImageObject\",\"inLanguage\":\"fr-FR\",\"@id\":\"https:\\\/\\\/secure.gravatar.com\\\/avatar\\\/74390b26a5e2b464e9c76f16c1e1a834a96863be28dd8c65644a4f9d210168b3?s=96&d=mm&r=g\",\"url\":\"https:\\\/\\\/secure.gravatar.com\\\/avatar\\\/74390b26a5e2b464e9c76f16c1e1a834a96863be28dd8c65644a4f9d210168b3?s=96&d=mm&r=g\",\"contentUrl\":\"https:\\\/\\\/secure.gravatar.com\\\/avatar\\\/74390b26a5e2b464e9c76f16c1e1a834a96863be28dd8c65644a4f9d210168b3?s=96&d=mm&r=g\",\"caption\":\"admin_fm\"},\"sameAs\":[\"http:\\\/\\\/fm.fullcircle.es\"]}]}<\/script>\n<!-- \/ Yoast SEO plugin. -->","yoast_head_json":{"title":"Les chansons flamenco qui ont marqu\u00e9 l'histoire de la musique - Flamenco Madrid","robots":{"index":"index","follow":"follow","max-snippet":"max-snippet:-1","max-image-preview":"max-image-preview:large","max-video-preview":"max-video-preview:-1"},"canonical":"\/","og_locale":"fr_FR","og_type":"article","og_title":"Les chansons flamenco qui ont marqu\u00e9 l'histoire de la musique - Flamenco Madrid","og_description":"Dans chaque genre musical, il y a des artistes et des compositions qui marquent un avant et un apr\u00e8s dans la conception que le monde s&rsquo;en fait. Ce sont des personnes qui, par leur art, nous aident \u00e0 comprendre et \u00e0 ressentir la musique, en cr\u00e9ant, en improvisant et en prenant des risques. Cela se...","og_url":"https:\/\/flamencomadrid.com\/fr\/canciones-del-flamenco\/","og_site_name":"Flamenco Madrid","article_published_time":"2022-04-30T11:30:17+00:00","article_modified_time":"2024-01-23T12:31:14+00:00","og_image":[{"width":900,"height":600,"url":"https:\/\/flamencomadrid.com\/wp-content\/uploads\/2022\/04\/canciones-de-flamenco.jpg","type":"image\/jpeg"}],"author":"admin_fm","twitter_card":"summary_large_image","twitter_misc":{"\u00c9crit par":"admin_fm","Dur\u00e9e de lecture estim\u00e9e":"1 minute"},"schema":{"@context":"https:\/\/schema.org","@graph":[{"@type":"Article","@id":"https:\/\/flamencomadrid.com\/es\/canciones-del-flamenco\/#article","isPartOf":{"@id":"https:\/\/flamencomadrid.com\/es\/canciones-del-flamenco\/"},"author":{"name":"admin_fm","@id":"https:\/\/flamencomadrid.com\/es\/#\/schema\/person\/8c59f8648cbca0f7d7ee9498f516c561"},"headline":"Les chansons flamenco qui ont marqu\u00e9 l&rsquo;histoire de la musique","datePublished":"2022-04-30T11:30:17+00:00","dateModified":"2024-01-23T12:31:14+00:00","mainEntityOfPage":{"@id":"https:\/\/flamencomadrid.com\/es\/canciones-del-flamenco\/"},"wordCount":790,"image":{"@id":"https:\/\/flamencomadrid.com\/es\/canciones-del-flamenco\/#primaryimage"},"thumbnailUrl":"https:\/\/flamencomadrid.com\/wp-content\/uploads\/2022\/04\/canciones-de-flamenco.jpg","articleSection":["Sonidos y canciones"],"inLanguage":"fr-FR"},{"@type":"WebPage","@id":"https:\/\/flamencomadrid.com\/fr\/canciones-del-flamenco\/","url":"https:\/\/flamencomadrid.com\/fr\/canciones-del-flamenco\/","name":"Les chansons flamenco qui ont marqu\u00e9 l'histoire de la musique - Flamenco Madrid","isPartOf":{"@id":"https:\/\/flamencomadrid.com\/fr\/#website"},"primaryImageOfPage":{"@id":"https:\/\/flamencomadrid.com\/fr\/canciones-del-flamenco\/#primaryimage"},"image":{"@id":"https:\/\/flamencomadrid.com\/es\/canciones-del-flamenco\/#primaryimage"},"thumbnailUrl":"https:\/\/flamencomadrid.com\/wp-content\/uploads\/2022\/04\/canciones-de-flamenco.jpg","datePublished":"2022-04-30T11:30:17+00:00","dateModified":"2024-01-23T12:31:14+00:00","author":{"@id":"https:\/\/flamencomadrid.com\/es\/#\/schema\/person\/8c59f8648cbca0f7d7ee9498f516c561"},"breadcrumb":{"@id":"https:\/\/flamencomadrid.com\/fr\/canciones-del-flamenco\/#breadcrumb"},"inLanguage":"fr-FR","potentialAction":[{"@type":"ReadAction","target":[["https:\/\/flamencomadrid.com\/fr\/canciones-del-flamenco\/"]]}]},{"@type":"ImageObject","inLanguage":"fr-FR","@id":"https:\/\/flamencomadrid.com\/fr\/canciones-del-flamenco\/#primaryimage","url":"https:\/\/flamencomadrid.com\/wp-content\/uploads\/2022\/04\/canciones-de-flamenco.jpg","contentUrl":"https:\/\/flamencomadrid.com\/wp-content\/uploads\/2022\/04\/canciones-de-flamenco.jpg","width":900,"height":600,"caption":"Microfono escenario"},{"@type":"BreadcrumbList","@id":"https:\/\/flamencomadrid.com\/fr\/canciones-del-flamenco\/#breadcrumb","itemListElement":[{"@type":"ListItem","position":1,"name":"Home","item":"https:\/\/flamencomadrid.com\/fr\/"},{"@type":"ListItem","position":2,"name":"Canciones de Flamenco que marcaron la historia de la m\u00fasica"}]},{"@type":"WebSite","@id":"https:\/\/flamencomadrid.com\/fr\/#website","url":"https:\/\/flamencomadrid.com\/fr\/","name":"Flamenco Madrid","description":"Otro sitio realizado con WordPress","potentialAction":[{"@type":"SearchAction","target":{"@type":"EntryPoint","urlTemplate":"https:\/\/flamencomadrid.com\/fr\/?s={search_term_string}"},"query-input":{"@type":"PropertyValueSpecification","valueRequired":true,"valueName":"search_term_string"}}],"inLanguage":"fr-FR"},{"@type":"Person","@id":"https:\/\/flamencomadrid.com\/es\/#\/schema\/person\/8c59f8648cbca0f7d7ee9498f516c561","name":"admin_fm","image":{"@type":"ImageObject","inLanguage":"fr-FR","@id":"https:\/\/secure.gravatar.com\/avatar\/74390b26a5e2b464e9c76f16c1e1a834a96863be28dd8c65644a4f9d210168b3?s=96&d=mm&r=g","url":"https:\/\/secure.gravatar.com\/avatar\/74390b26a5e2b464e9c76f16c1e1a834a96863be28dd8c65644a4f9d210168b3?s=96&d=mm&r=g","contentUrl":"https:\/\/secure.gravatar.com\/avatar\/74390b26a5e2b464e9c76f16c1e1a834a96863be28dd8c65644a4f9d210168b3?s=96&d=mm&r=g","caption":"admin_fm"},"sameAs":["http:\/\/fm.fullcircle.es"]}]}},"_links":{"self":[{"href":"https:\/\/flamencomadrid.com\/fr\/wp-json\/wp\/v2\/posts\/168","targetHints":{"allow":["GET"]}}],"collection":[{"href":"https:\/\/flamencomadrid.com\/fr\/wp-json\/wp\/v2\/posts"}],"about":[{"href":"https:\/\/flamencomadrid.com\/fr\/wp-json\/wp\/v2\/types\/post"}],"author":[{"embeddable":true,"href":"https:\/\/flamencomadrid.com\/fr\/wp-json\/wp\/v2\/users\/1"}],"replies":[{"embeddable":true,"href":"https:\/\/flamencomadrid.com\/fr\/wp-json\/wp\/v2\/comments?post=168"}],"version-history":[{"count":35,"href":"https:\/\/flamencomadrid.com\/fr\/wp-json\/wp\/v2\/posts\/168\/revisions"}],"predecessor-version":[{"id":1014,"href":"https:\/\/flamencomadrid.com\/fr\/wp-json\/wp\/v2\/posts\/168\/revisions\/1014"}],"wp:featuredmedia":[{"embeddable":true,"href":"https:\/\/flamencomadrid.com\/fr\/wp-json\/wp\/v2\/media\/269"}],"wp:attachment":[{"href":"https:\/\/flamencomadrid.com\/fr\/wp-json\/wp\/v2\/media?parent=168"}],"wp:term":[{"taxonomy":"category","embeddable":true,"href":"https:\/\/flamencomadrid.com\/fr\/wp-json\/wp\/v2\/categories?post=168"},{"taxonomy":"post_tag","embeddable":true,"href":"https:\/\/flamencomadrid.com\/fr\/wp-json\/wp\/v2\/tags?post=168"}],"curies":[{"name":"wp","href":"https:\/\/api.w.org\/{rel}","templated":true}]}}