{"id":1323,"date":"2025-12-01T11:33:26","date_gmt":"2025-12-01T10:33:26","guid":{"rendered":"https:\/\/flamencomadrid.com\/es\/?p=1323"},"modified":"2025-12-18T18:30:30","modified_gmt":"2025-12-18T17:30:30","slug":"1323-2","status":"publish","type":"post","link":"https:\/\/flamencomadrid.com\/fr\/tablaos-flamenco-noel-madrid\/","title":{"rendered":"Les meilleurs tablaos flamencos pour profiter de No\u00ebl \u00e0 Madrid"},"content":{"rendered":"<p><\/p>\n<p data-start=\"3146\" data-end=\"3437\">Soyons honn\u00eates : Madrid en d\u00e9cembre est magnifique, mais peut aussi \u00eatre chaotique. Entre les lumi\u00e8res de la Gran V\u00eda et les files d\u2019attente chez Do\u00f1a Manolita, on a parfois juste envie de fuir le froid et d\u2019entrer dans un lieu avec une \u00e2me. C\u2019est l\u00e0 qu\u2019interviennent les tablaos flamencos.<\/p>\n<p data-start=\"3781\" data-end=\"4028\">Pendant le mois de d\u00e9cembre, de nombreux tablaos et espaces culturels adaptent leur programmation pour proposer des spectacles uniques, pens\u00e9s aussi bien pour les visiteurs que pour les habitants \u00e0 la recherche d\u2019un plan diff\u00e9rent \u00e0 cette p\u00e9riode.<\/p>\n<p data-start=\"4030\" data-end=\"4261\">Si vous regardez les tablaos flamencos \u00e0 No\u00ebl \u00e0 Madrid, ou si vous vous demandez simplement o\u00f9 le flamenco se vit le mieux \u00e0 cette p\u00e9riode, voici une s\u00e9lection sinc\u00e8re et sans fioritures de lieux qui m\u00e9ritent le d\u00e9tour cette ann\u00e9e.<\/p>\n<h2 data-start=\"4263\" data-end=\"4311\">1. Tablao Flamenco 1911 (Plaza de Santa Ana)<\/h2>\n<p data-start=\"4313\" data-end=\"4564\">Il y a des lieux qui n\u2019ont pas besoin de pr\u00e9sentation : les murs parlent d\u2019eux-m\u00eames. Vous entrez litt\u00e9ralement dans le plus ancien tablao flamenco du monde. Situ\u00e9 sur la Plaza de Santa Ana, m\u00eame s\u2019il s\u2019appelle aujourd\u2019hui 1911, il respire l\u2019histoire.<\/p>\n<p data-start=\"4566\" data-end=\"4914\">Ce qui marque ici, c\u2019est l\u2019ambiance. Les azulejos anciens et le bois qui craque vous font voyager dans le temps. Ils se pr\u00e9sentent comme la cath\u00e9drale du flamenco, et cela se ressent dans le respect port\u00e9 \u00e0 la sc\u00e8ne. \u00c0 cette p\u00e9riode, ils programment souvent des artistes de haut niveau, id\u00e9al si vous cherchez quelque chose de classique et \u00e9l\u00e9gant.<\/p>\n<h2 data-start=\"4916\" data-end=\"4968\">2. Centro Cultural Flamenco de Madrid (Justicia)<\/h2>\n<p data-start=\"4970\" data-end=\"5137\">Ici, c\u2019est pour ceux qui veulent vraiment \u00e9couter le flamenco. Pas de d\u00eeners, pas de verres, pas de serveurs entre les tables. On vient s\u2019asseoir, se taire et \u00e9couter.<\/p>\n<p data-start=\"5139\" data-end=\"5351\">Le format est intime, presque de chambre, et en d\u00e9cembre c\u2019est particuli\u00e8rement agr\u00e9able pour fuir le bruit de No\u00ebl sans quitter le centre. Un lieu parfait pour appr\u00e9cier le cante et la guitare sans distractions.<\/p>\n<h2 data-start=\"5353\" data-end=\"5408\">3. Cardamomo Flamenco Madrid (Barrio de Las Letras)<\/h2>\n<p data-start=\"5410\" data-end=\"5650\">Cardamomo, c\u2019est l\u2019\u00e9nergie. Tout pr\u00e8s de Sol, mais d\u00e8s que l\u2019on passe la porte, tout change. La salle est plus compacte et le public est presque sur la sc\u00e8ne, ce qui permet de ressentir la force et les gestes des artistes \u00e0 quelques m\u00e8tres.<\/p>\n<p data-start=\"5652\" data-end=\"5863\">On ne vient pas ici pour se d\u00e9tendre, on vient pour ressentir. La programmation est tr\u00e8s vivante et, en d\u00e9cembre, elle s\u2019adapte souvent aux f\u00eates. Mieux vaut donc v\u00e9rifier \u00e0 l\u2019avance les jours de repr\u00e9sentation.<\/p>\n<p data-start=\"5865\" data-end=\"6051\">\ud83d\udca1 <strong data-start=\"5868\" data-end=\"5883\">Le d\u00e9tail :<\/strong> si vous aimez l\u2019intensit\u00e9 et voulez \u00eatre s\u00fbr de votre choix, jetez un \u0153il \u00e0 leur <a href=\"https:\/\/cardamomo.com\/fr\/show\/flamenco-show-at-christmas-in-madrid\/\">spectacle flamenco sp\u00e9cial No\u00ebl<\/a>. C\u2019est l\u2019un des plus demand\u00e9s du quartier des Lettres.<\/p>\n<p data-start=\"4284\" data-end=\"4484\"><img loading=\"lazy\" decoding=\"async\" class=\"aligncenter wp-image-1326 size-large\" src=\"https:\/\/flamencomadrid.com\/wp-content\/uploads\/2025\/12\/farruquito33-1024x683.webp\" alt=\"Flamenco en Navidad en Madrid\" width=\"900\" height=\"600\" \/><\/p>\n<h2 data-start=\"2518\" data-end=\"2561\">4. Las Carboneras (Madrid des Habsbourg)<\/h2>\n<p data-start=\"2563\" data-end=\"2760\">Dans les sous-sols du palais du comte de Miranda se cache ce tablao qui fonctionne presque comme un refuge. Il n\u2019a pas le bruit m\u00e9diatique d\u2019autres lieux, et c\u2019est justement ce qui fait son charme.<\/p>\n<p data-start=\"2762\" data-end=\"2984\">C\u2019est un espace chaleureux, avec une bonne acoustique et une programmation qui m\u00eale tradition et propositions plus actuelles. Id\u00e9al si vous cherchez un plan tranquille, bien fait, sans sensation de \u00ab produit touristique \u00bb.<\/p>\n<h2 data-start=\"2986\" data-end=\"3016\">5. Caf\u00e9 Ziryab (Arganzuela)<\/h2>\n<p data-start=\"3018\" data-end=\"3221\">Ziryab est ce lieu qui revient souvent dans les conversations de ceux qui fr\u00e9quentent le flamenco au-del\u00e0 de l\u2019\u00e9vidence. Il est petit, proche, et g\u00e9r\u00e9 par des artistes, ce qui se ressent dans l\u2019ambiance.<\/p>\n<p data-start=\"3223\" data-end=\"3429\">On y trouve aussi bien des noms reconnus que de jeunes talents qui arrivent en force. \u00c0 No\u00ebl, il conserve cet esprit presque familial, parfait si vous cherchez quelque chose d\u2019authentique et sans artifices.<\/p>\n<h2 data-start=\"3431\" data-end=\"3470\">6. Teatro Flamenco Madrid (Malasa\u00f1a)<\/h2>\n<p data-start=\"3472\" data-end=\"3613\">Cet espace s\u2019\u00e9loigne du concept classique du tablao pour proposer un format plus th\u00e9\u00e2tral. Places attribu\u00e9es, bonne visibilit\u00e9 et son soign\u00e9.<\/p>\n<p data-start=\"3615\" data-end=\"3807\">C\u2019est une option tr\u00e8s confortable si vous pr\u00e9f\u00e9rez vous concentrer uniquement sur le spectacle ou si vous \u00eates accompagn\u00e9 de personnes qui appr\u00e9cient un cadre plus ordonn\u00e9, sans interruptions.<\/p>\n<h2 data-start=\"3809\" data-end=\"3862\">Extra : El S\u00f3tano \u2013 Cascorro Flamenco Jam (Centre)<\/h2>\n<p data-start=\"3864\" data-end=\"4069\">Au-del\u00e0 des tablaos classiques, No\u00ebl apporte aussi des propositions diff\u00e9rentes. \u00c0 El S\u00f3tano, en plein centre de Madrid, se tiennent \u00e0 cette p\u00e9riode des sessions de flamenco tr\u00e8s vivantes et peu encadr\u00e9es.<\/p>\n<p data-start=\"4071\" data-end=\"4354\">La Cascorro Flamenco Jam se distingue, dirig\u00e9e par Lucas Carmona. Ce n\u2019est pas un spectacle ferm\u00e9, mais un espace pour profiter, exp\u00e9rimenter et partager le flamenco. Musiciens, cantaores et bailaores se rejoignent pour cr\u00e9er des moments uniques, pleins d\u2019improvisation et d\u2019\u00e9nergie.<\/p>\n<h2 data-start=\"4356\" data-end=\"4384\">Quelques conseils rapides<\/h2>\n<p data-start=\"4386\" data-end=\"4522\">Madrid \u00e0 No\u00ebl ne pardonne pas. Si vous avez une date en t\u00eate, r\u00e9servez \u00e0 l\u2019avance, surtout pour le 24 ou le 31. Les places partent vite.<\/p>\n<p data-start=\"4524\" data-end=\"4699\">Autre d\u00e9tail important : d\u00e9placez-vous \u00e0 pied ou en m\u00e9tro. Tenter d\u2019arriver en voiture dans des zones comme Santa Ana, Letras ou Gran V\u00eda en d\u00e9cembre rel\u00e8ve du sport \u00e0 risque.<\/p>\n<p data-start=\"1824\" data-end=\"2181\">\n<p><\/p>","protected":false},"excerpt":{"rendered":"Soyons honn\u00eates : Madrid en d\u00e9cembre est magnifique, mais peut aussi \u00eatre chaotique. Entre les lumi\u00e8res de la Gran V\u00eda et les files d\u2019attente chez Do\u00f1a Manolita, on a parfois juste envie de fuir le froid et d\u2019entrer dans un lieu avec une \u00e2me. C\u2019est l\u00e0 qu\u2019interviennent les tablaos flamencos. Pendant le mois de d\u00e9cembre,&#8230;","protected":false},"author":6,"featured_media":1324,"comment_status":"open","ping_status":"open","sticky":false,"template":"","format":"standard","meta":{"_acf_changed":false,"footnotes":""},"categories":[12],"tags":[],"class_list":["post-1323","post","type-post","status-publish","format-standard","has-post-thumbnail","hentry","category-proximos-shows-en-madrid"],"acf":[],"yoast_head":"<!-- This site is optimized with the Yoast SEO plugin v27.4 - https:\/\/yoast.com\/product\/yoast-seo-wordpress\/ -->\n<title>Les meilleurs tablaos flamencos pour profiter de No\u00ebl \u00e0 Madrid - Flamenco Madrid<\/title>\n<meta name=\"description\" content=\"Tu cherches du flamenco \u00e0 Madrid pour No\u00ebl ? D\u00e9couvre les tablaos incontournables pour profiter des f\u00eates.\" \/>\n<meta name=\"robots\" content=\"index, follow, max-snippet:-1, max-image-preview:large, max-video-preview:-1\" \/>\n<link rel=\"canonical\" href=\"\/\" \/>\n<meta property=\"og:locale\" content=\"fr_FR\" \/>\n<meta property=\"og:type\" content=\"article\" \/>\n<meta property=\"og:title\" content=\"Les meilleurs tablaos flamencos pour profiter de No\u00ebl \u00e0 Madrid - Flamenco Madrid\" \/>\n<meta property=\"og:description\" content=\"Tu cherches du flamenco \u00e0 Madrid pour No\u00ebl ? D\u00e9couvre les tablaos incontournables pour profiter des f\u00eates.\" \/>\n<meta property=\"og:url\" content=\"https:\/\/flamencomadrid.com\/fr\/tablaos-flamencos-navidad-madrid\/\" \/>\n<meta property=\"og:site_name\" content=\"Flamenco Madrid\" \/>\n<meta property=\"article:published_time\" content=\"2025-12-01T10:33:26+00:00\" \/>\n<meta property=\"article:modified_time\" content=\"2025-12-18T17:30:30+00:00\" \/>\n<meta property=\"og:image\" content=\"https:\/\/flamencomadrid.com\/wp-content\/uploads\/2025\/12\/navidades.webp\" \/>\n\t<meta property=\"og:image:width\" content=\"560\" \/>\n\t<meta property=\"og:image:height\" content=\"314\" \/>\n\t<meta property=\"og:image:type\" content=\"image\/webp\" \/>\n<meta name=\"author\" content=\"Miguel Blanco\" \/>\n<meta name=\"twitter:card\" content=\"summary_large_image\" \/>\n<meta name=\"twitter:label1\" content=\"\u00c9crit par\" \/>\n\t<meta name=\"twitter:data1\" content=\"Miguel Blanco\" \/>\n\t<meta name=\"twitter:label2\" content=\"Dur\u00e9e de lecture estim\u00e9e\" \/>\n\t<meta name=\"twitter:data2\" content=\"5 minutes\" \/>\n<script type=\"application\/ld+json\" class=\"yoast-schema-graph\">{\"@context\":\"https:\\\/\\\/schema.org\",\"@graph\":[{\"@type\":\"Article\",\"@id\":\"https:\\\/\\\/flamencomadrid.com\\\/es\\\/tablaos-flamencos-navidad-madrid\\\/#article\",\"isPartOf\":{\"@id\":\"https:\\\/\\\/flamencomadrid.com\\\/es\\\/tablaos-flamencos-navidad-madrid\\\/\"},\"author\":{\"name\":\"Miguel Blanco\",\"@id\":\"https:\\\/\\\/flamencomadrid.com\\\/es\\\/#\\\/schema\\\/person\\\/e60bef1612b66bdb46e0d88400bfab7e\"},\"headline\":\"Les meilleurs tablaos flamencos pour profiter de No\u00ebl \u00e0 Madrid\",\"datePublished\":\"2025-12-01T10:33:26+00:00\",\"dateModified\":\"2025-12-18T17:30:30+00:00\",\"mainEntityOfPage\":{\"@id\":\"https:\\\/\\\/flamencomadrid.com\\\/es\\\/tablaos-flamencos-navidad-madrid\\\/\"},\"wordCount\":3184,\"commentCount\":0,\"image\":{\"@id\":\"https:\\\/\\\/flamencomadrid.com\\\/es\\\/tablaos-flamencos-navidad-madrid\\\/#primaryimage\"},\"thumbnailUrl\":\"https:\\\/\\\/flamencomadrid.com\\\/wp-content\\\/uploads\\\/2025\\\/12\\\/navidades.webp\",\"articleSection\":[\"Pr\u00f3ximos Shows en Madrid\"],\"inLanguage\":\"fr-FR\",\"potentialAction\":[{\"@type\":\"CommentAction\",\"name\":\"Comment\",\"target\":[\"https:\\\/\\\/flamencomadrid.com\\\/es\\\/tablaos-flamencos-navidad-madrid\\\/#respond\"]}]},{\"@type\":\"WebPage\",\"@id\":\"https:\\\/\\\/flamencomadrid.com\\\/fr\\\/tablaos-flamencos-navidad-madrid\\\/\",\"url\":\"https:\\\/\\\/flamencomadrid.com\\\/fr\\\/tablaos-flamencos-navidad-madrid\\\/\",\"name\":\"Les meilleurs tablaos flamencos pour profiter de No\u00ebl \u00e0 Madrid - Flamenco Madrid\",\"isPartOf\":{\"@id\":\"https:\\\/\\\/flamencomadrid.com\\\/fr\\\/#website\"},\"primaryImageOfPage\":{\"@id\":\"https:\\\/\\\/flamencomadrid.com\\\/fr\\\/tablaos-flamencos-navidad-madrid\\\/#primaryimage\"},\"image\":{\"@id\":\"https:\\\/\\\/flamencomadrid.com\\\/es\\\/tablaos-flamencos-navidad-madrid\\\/#primaryimage\"},\"thumbnailUrl\":\"https:\\\/\\\/flamencomadrid.com\\\/wp-content\\\/uploads\\\/2025\\\/12\\\/navidades.webp\",\"datePublished\":\"2025-12-01T10:33:26+00:00\",\"dateModified\":\"2025-12-18T17:30:30+00:00\",\"author\":{\"@id\":\"https:\\\/\\\/flamencomadrid.com\\\/es\\\/#\\\/schema\\\/person\\\/e60bef1612b66bdb46e0d88400bfab7e\"},\"description\":\"Tu cherches du flamenco \u00e0 Madrid pour No\u00ebl ? D\u00e9couvre les tablaos incontournables pour profiter des f\u00eates.\",\"breadcrumb\":{\"@id\":\"https:\\\/\\\/flamencomadrid.com\\\/fr\\\/tablaos-flamencos-navidad-madrid\\\/#breadcrumb\"},\"inLanguage\":\"fr-FR\",\"potentialAction\":[{\"@type\":\"ReadAction\",\"target\":[[\"https:\\\/\\\/flamencomadrid.com\\\/fr\\\/tablaos-flamencos-navidad-madrid\\\/\"]]}]},{\"@type\":\"ImageObject\",\"inLanguage\":\"fr-FR\",\"@id\":\"https:\\\/\\\/flamencomadrid.com\\\/fr\\\/tablaos-flamencos-navidad-madrid\\\/#primaryimage\",\"url\":\"https:\\\/\\\/flamencomadrid.com\\\/wp-content\\\/uploads\\\/2025\\\/12\\\/navidades.webp\",\"contentUrl\":\"https:\\\/\\\/flamencomadrid.com\\\/wp-content\\\/uploads\\\/2025\\\/12\\\/navidades.webp\",\"width\":560,\"height\":314,\"caption\":\"Shows flamencos en navidad en Madrid\"},{\"@type\":\"BreadcrumbList\",\"@id\":\"https:\\\/\\\/flamencomadrid.com\\\/fr\\\/tablaos-flamencos-navidad-madrid\\\/#breadcrumb\",\"itemListElement\":[{\"@type\":\"ListItem\",\"position\":1,\"name\":\"Home\",\"item\":\"https:\\\/\\\/flamencomadrid.com\\\/fr\\\/\"},{\"@type\":\"ListItem\",\"position\":2,\"name\":\"Flamenco en Navidad en Madrid\"}]},{\"@type\":\"WebSite\",\"@id\":\"https:\\\/\\\/flamencomadrid.com\\\/fr\\\/#website\",\"url\":\"https:\\\/\\\/flamencomadrid.com\\\/fr\\\/\",\"name\":\"Flamenco Madrid\",\"description\":\"Otro sitio realizado con WordPress\",\"potentialAction\":[{\"@type\":\"SearchAction\",\"target\":{\"@type\":\"EntryPoint\",\"urlTemplate\":\"https:\\\/\\\/flamencomadrid.com\\\/fr\\\/?s={search_term_string}\"},\"query-input\":{\"@type\":\"PropertyValueSpecification\",\"valueRequired\":true,\"valueName\":\"search_term_string\"}}],\"inLanguage\":\"fr-FR\"},{\"@type\":\"Person\",\"@id\":\"https:\\\/\\\/flamencomadrid.com\\\/es\\\/#\\\/schema\\\/person\\\/e60bef1612b66bdb46e0d88400bfab7e\",\"name\":\"Miguel Blanco\",\"image\":{\"@type\":\"ImageObject\",\"inLanguage\":\"fr-FR\",\"@id\":\"https:\\\/\\\/secure.gravatar.com\\\/avatar\\\/359874fd676a9bfbf3a5d62f8bb888a22a657034662dd62c3669b5e7274a1365?s=96&d=mm&r=g\",\"url\":\"https:\\\/\\\/secure.gravatar.com\\\/avatar\\\/359874fd676a9bfbf3a5d62f8bb888a22a657034662dd62c3669b5e7274a1365?s=96&d=mm&r=g\",\"contentUrl\":\"https:\\\/\\\/secure.gravatar.com\\\/avatar\\\/359874fd676a9bfbf3a5d62f8bb888a22a657034662dd62c3669b5e7274a1365?s=96&d=mm&r=g\",\"caption\":\"Miguel Blanco\"}}]}<\/script>\n<!-- \/ Yoast SEO plugin. -->","yoast_head_json":{"title":"Les meilleurs tablaos flamencos pour profiter de No\u00ebl \u00e0 Madrid - Flamenco Madrid","description":"Tu cherches du flamenco \u00e0 Madrid pour No\u00ebl ? D\u00e9couvre les tablaos incontournables pour profiter des f\u00eates.","robots":{"index":"index","follow":"follow","max-snippet":"max-snippet:-1","max-image-preview":"max-image-preview:large","max-video-preview":"max-video-preview:-1"},"canonical":"\/","og_locale":"fr_FR","og_type":"article","og_title":"Les meilleurs tablaos flamencos pour profiter de No\u00ebl \u00e0 Madrid - Flamenco Madrid","og_description":"Tu cherches du flamenco \u00e0 Madrid pour No\u00ebl ? D\u00e9couvre les tablaos incontournables pour profiter des f\u00eates.","og_url":"https:\/\/flamencomadrid.com\/fr\/tablaos-flamencos-navidad-madrid\/","og_site_name":"Flamenco Madrid","article_published_time":"2025-12-01T10:33:26+00:00","article_modified_time":"2025-12-18T17:30:30+00:00","og_image":[{"width":560,"height":314,"url":"https:\/\/flamencomadrid.com\/wp-content\/uploads\/2025\/12\/navidades.webp","type":"image\/webp"}],"author":"Miguel Blanco","twitter_card":"summary_large_image","twitter_misc":{"\u00c9crit par":"Miguel Blanco","Dur\u00e9e de lecture estim\u00e9e":"5 minutes"},"schema":{"@context":"https:\/\/schema.org","@graph":[{"@type":"Article","@id":"https:\/\/flamencomadrid.com\/es\/tablaos-flamencos-navidad-madrid\/#article","isPartOf":{"@id":"https:\/\/flamencomadrid.com\/es\/tablaos-flamencos-navidad-madrid\/"},"author":{"name":"Miguel Blanco","@id":"https:\/\/flamencomadrid.com\/es\/#\/schema\/person\/e60bef1612b66bdb46e0d88400bfab7e"},"headline":"Les meilleurs tablaos flamencos pour profiter de No\u00ebl \u00e0 Madrid","datePublished":"2025-12-01T10:33:26+00:00","dateModified":"2025-12-18T17:30:30+00:00","mainEntityOfPage":{"@id":"https:\/\/flamencomadrid.com\/es\/tablaos-flamencos-navidad-madrid\/"},"wordCount":3184,"commentCount":0,"image":{"@id":"https:\/\/flamencomadrid.com\/es\/tablaos-flamencos-navidad-madrid\/#primaryimage"},"thumbnailUrl":"https:\/\/flamencomadrid.com\/wp-content\/uploads\/2025\/12\/navidades.webp","articleSection":["Pr\u00f3ximos Shows en Madrid"],"inLanguage":"fr-FR","potentialAction":[{"@type":"CommentAction","name":"Comment","target":["https:\/\/flamencomadrid.com\/es\/tablaos-flamencos-navidad-madrid\/#respond"]}]},{"@type":"WebPage","@id":"https:\/\/flamencomadrid.com\/fr\/tablaos-flamencos-navidad-madrid\/","url":"https:\/\/flamencomadrid.com\/fr\/tablaos-flamencos-navidad-madrid\/","name":"Les meilleurs tablaos flamencos pour profiter de No\u00ebl \u00e0 Madrid - Flamenco Madrid","isPartOf":{"@id":"https:\/\/flamencomadrid.com\/fr\/#website"},"primaryImageOfPage":{"@id":"https:\/\/flamencomadrid.com\/fr\/tablaos-flamencos-navidad-madrid\/#primaryimage"},"image":{"@id":"https:\/\/flamencomadrid.com\/es\/tablaos-flamencos-navidad-madrid\/#primaryimage"},"thumbnailUrl":"https:\/\/flamencomadrid.com\/wp-content\/uploads\/2025\/12\/navidades.webp","datePublished":"2025-12-01T10:33:26+00:00","dateModified":"2025-12-18T17:30:30+00:00","author":{"@id":"https:\/\/flamencomadrid.com\/es\/#\/schema\/person\/e60bef1612b66bdb46e0d88400bfab7e"},"description":"Tu cherches du flamenco \u00e0 Madrid pour No\u00ebl ? D\u00e9couvre les tablaos incontournables pour profiter des f\u00eates.","breadcrumb":{"@id":"https:\/\/flamencomadrid.com\/fr\/tablaos-flamencos-navidad-madrid\/#breadcrumb"},"inLanguage":"fr-FR","potentialAction":[{"@type":"ReadAction","target":[["https:\/\/flamencomadrid.com\/fr\/tablaos-flamencos-navidad-madrid\/"]]}]},{"@type":"ImageObject","inLanguage":"fr-FR","@id":"https:\/\/flamencomadrid.com\/fr\/tablaos-flamencos-navidad-madrid\/#primaryimage","url":"https:\/\/flamencomadrid.com\/wp-content\/uploads\/2025\/12\/navidades.webp","contentUrl":"https:\/\/flamencomadrid.com\/wp-content\/uploads\/2025\/12\/navidades.webp","width":560,"height":314,"caption":"Shows flamencos en navidad en Madrid"},{"@type":"BreadcrumbList","@id":"https:\/\/flamencomadrid.com\/fr\/tablaos-flamencos-navidad-madrid\/#breadcrumb","itemListElement":[{"@type":"ListItem","position":1,"name":"Home","item":"https:\/\/flamencomadrid.com\/fr\/"},{"@type":"ListItem","position":2,"name":"Flamenco en Navidad en Madrid"}]},{"@type":"WebSite","@id":"https:\/\/flamencomadrid.com\/fr\/#website","url":"https:\/\/flamencomadrid.com\/fr\/","name":"Flamenco Madrid","description":"Otro sitio realizado con WordPress","potentialAction":[{"@type":"SearchAction","target":{"@type":"EntryPoint","urlTemplate":"https:\/\/flamencomadrid.com\/fr\/?s={search_term_string}"},"query-input":{"@type":"PropertyValueSpecification","valueRequired":true,"valueName":"search_term_string"}}],"inLanguage":"fr-FR"},{"@type":"Person","@id":"https:\/\/flamencomadrid.com\/es\/#\/schema\/person\/e60bef1612b66bdb46e0d88400bfab7e","name":"Miguel Blanco","image":{"@type":"ImageObject","inLanguage":"fr-FR","@id":"https:\/\/secure.gravatar.com\/avatar\/359874fd676a9bfbf3a5d62f8bb888a22a657034662dd62c3669b5e7274a1365?s=96&d=mm&r=g","url":"https:\/\/secure.gravatar.com\/avatar\/359874fd676a9bfbf3a5d62f8bb888a22a657034662dd62c3669b5e7274a1365?s=96&d=mm&r=g","contentUrl":"https:\/\/secure.gravatar.com\/avatar\/359874fd676a9bfbf3a5d62f8bb888a22a657034662dd62c3669b5e7274a1365?s=96&d=mm&r=g","caption":"Miguel Blanco"}}]}},"_links":{"self":[{"href":"https:\/\/flamencomadrid.com\/fr\/wp-json\/wp\/v2\/posts\/1323","targetHints":{"allow":["GET"]}}],"collection":[{"href":"https:\/\/flamencomadrid.com\/fr\/wp-json\/wp\/v2\/posts"}],"about":[{"href":"https:\/\/flamencomadrid.com\/fr\/wp-json\/wp\/v2\/types\/post"}],"author":[{"embeddable":true,"href":"https:\/\/flamencomadrid.com\/fr\/wp-json\/wp\/v2\/users\/6"}],"replies":[{"embeddable":true,"href":"https:\/\/flamencomadrid.com\/fr\/wp-json\/wp\/v2\/comments?post=1323"}],"version-history":[{"count":14,"href":"https:\/\/flamencomadrid.com\/fr\/wp-json\/wp\/v2\/posts\/1323\/revisions"}],"predecessor-version":[{"id":1345,"href":"https:\/\/flamencomadrid.com\/fr\/wp-json\/wp\/v2\/posts\/1323\/revisions\/1345"}],"wp:featuredmedia":[{"embeddable":true,"href":"https:\/\/flamencomadrid.com\/fr\/wp-json\/wp\/v2\/media\/1324"}],"wp:attachment":[{"href":"https:\/\/flamencomadrid.com\/fr\/wp-json\/wp\/v2\/media?parent=1323"}],"wp:term":[{"taxonomy":"category","embeddable":true,"href":"https:\/\/flamencomadrid.com\/fr\/wp-json\/wp\/v2\/categories?post=1323"},{"taxonomy":"post_tag","embeddable":true,"href":"https:\/\/flamencomadrid.com\/fr\/wp-json\/wp\/v2\/tags?post=1323"}],"curies":[{"name":"wp","href":"https:\/\/api.w.org\/{rel}","templated":true}]}}