{"id":1271,"date":"2025-08-18T13:22:29","date_gmt":"2025-08-18T11:22:29","guid":{"rendered":"https:\/\/flamencomadrid.com\/es\/?p=1271"},"modified":"2025-08-12T13:40:18","modified_gmt":"2025-08-12T11:40:18","slug":"1271-2","status":"publish","type":"post","link":"https:\/\/flamencomadrid.com\/fr\/suma_flamenca_joven_2025-2\/","title":{"rendered":"Suma Flamenca Joven 2025 : L\u2019Avenir du Flamenco \u00e0 Madrid"},"content":{"rendered":"<p><\/p>\n<p data-start=\"3333\" data-end=\"3547\">Mentre tutti guardano alle grandi stelle consacrate, ogni vero appassionato si chiede: dove nascono le leggende di domani? Su quale palcoscenico si sta forgiando il flamenco che ascolteremo nel prossimo decennio?<\/p>\n<p data-start=\"3549\" data-end=\"3623\">La risposta, ogni settembre a Madrid, ha un nome: <em data-start=\"3599\" data-end=\"3620\">Suma Flamenca Joven<\/em>.<\/p>\n<p data-start=\"3625\" data-end=\"3949\">Non \u00e8 un festival qualunque. \u00c8 la cantera, il laboratorio, il palcoscenico dove il talento under 30 si esibisce senza rete, con la fame di chi si gioca tutto in una sola notte. \u00c8 l\u2019appuntamento imperdibile per sentire il battito di un\u2019arte viva, che evolve e cerca nuove strade. Ecco tutto ci\u00f2 che devi sapere per viverlo.<\/p>\n<h2 data-start=\"3951\" data-end=\"4012\">Perch\u00e9 <em data-start=\"3961\" data-end=\"3982\">Suma Flamenca Joven<\/em> non \u00e8 un Festival Qualsiasi<\/h2>\n<p data-start=\"4013\" data-end=\"4317\">Creato nel 2021 dalla Comunit\u00e0 di Madrid come atto di fiducia nel talento emergente, questo ciclo si \u00e8 consolidato come qualcosa di unico. Come dice il suo direttore, <strong data-start=\"4180\" data-end=\"4201\">Antonio Benamargo<\/strong>, gli inizi di un artista hanno \u00abun\u2019energia e una verit\u00e0 incontestabili\u00bb. Ed \u00e8 proprio questo ci\u00f2 che respiri qui:<\/p>\n<ul data-start=\"4319\" data-end=\"4843\">\n<li data-start=\"4319\" data-end=\"4453\">\n<p data-start=\"4321\" data-end=\"4453\"><strong data-start=\"4321\" data-end=\"4346\">Energia senza filtri:<\/strong> Dimentica la moderazione. Qui c\u2019\u00e8 audacia, rischio e un bisogno di esprimersi che ti attraversa l\u2019anima.<\/p>\n<\/li>\n<li data-start=\"4454\" data-end=\"4643\">\n<p data-start=\"4456\" data-end=\"4643\"><strong data-start=\"4456\" data-end=\"4486\">Scoprire le future stelle:<\/strong> Poter dire \u00abHo visto questo artista ai Teatros del Canal prima che diventasse una star\u00bb \u00e8 un privilegio. Questo festival \u00e8 la tua finestra su quel futuro.<\/p>\n<\/li>\n<li data-start=\"4644\" data-end=\"4843\">\n<p data-start=\"4646\" data-end=\"4843\"><strong data-start=\"4646\" data-end=\"4695\">Vicino al pubblico e in una cornice di lusso:<\/strong> La Sala Verde dei Teatros del Canal \u00e8 il luogo perfetto. Uno spazio con un\u2019acustica impeccabile che permette un contatto intimo con ogni artista.<\/p>\n<\/li>\n<\/ul>\n<p><img loading=\"lazy\" decoding=\"async\" class=\"aligncenter wp-image-1269 size-full\" src=\"https:\/\/flamencomadrid.com\/wp-content\/uploads\/2025\/08\/whatsapp-image-2025-08-12-at-13-14-07-2.jpeg\" alt=\"Cartel Suma Flamenca Joven 2025\" width=\"703\" height=\"1024\" \/><\/p>\n<h2 data-start=\"3641\" data-end=\"3716\">Il Cartellone di Suma Flamenca Joven 2025: Quattro Notti per la Storia<\/h2>\n<p data-start=\"3717\" data-end=\"3867\">Dal 25 al 28 settembre, la Sala Verde diventa l\u2019epicentro del flamenco giovane. Ogni sera, un tris d\u2019assi: chitarra, canto e danza. Segnate le date:<\/p>\n<h3 data-start=\"3869\" data-end=\"3912\">Gala I \u2013 Gioved\u00ec 25 settembre | 20:30<\/h3>\n<p data-start=\"3913\" data-end=\"4092\">La serata si apre con una scelta audace: il pianoforte flamenco come protagonista. Seguiranno un canto con radici profonde e una danza di Granada che promette forza e carattere.<\/p>\n<ul data-start=\"4093\" data-end=\"4236\">\n<li data-start=\"4093\" data-end=\"4154\">\n<p data-start=\"4095\" data-end=\"4154\"><strong data-start=\"4095\" data-end=\"4114\">Jos\u00e9 Luis Kaele<\/strong> (Valladolid) \u2013 Pianoforte in concerto<\/p>\n<\/li>\n<li data-start=\"4155\" data-end=\"4196\">\n<p data-start=\"4157\" data-end=\"4196\"><strong data-start=\"4157\" data-end=\"4175\">Reyes Carrasco<\/strong> (Siviglia) \u2013 Canto<\/p>\n<\/li>\n<li data-start=\"4197\" data-end=\"4236\">\n<p data-start=\"4199\" data-end=\"4236\"><strong data-start=\"4199\" data-end=\"4216\">Irene Morales<\/strong> (Granada) \u2013 Danza<\/p>\n<\/li>\n<\/ul>\n<h3 data-start=\"4238\" data-end=\"4282\">Gala II \u2013 Venerd\u00ec 26 settembre | 20:30<\/h3>\n<p data-start=\"4283\" data-end=\"4437\">Una serata con accento internazionale sulle sei corde, l\u2019eco di Granada nella voce e il marchio inconfondibile della danza madrilena, che gioca in casa.<\/p>\n<ul data-start=\"4438\" data-end=\"4575\">\n<li data-start=\"4438\" data-end=\"4491\">\n<p data-start=\"4440\" data-end=\"4491\"><strong data-start=\"4440\" data-end=\"4457\">Andjela Misic<\/strong> (Serbia) \u2013 Chitarra in concerto<\/p>\n<\/li>\n<li data-start=\"4492\" data-end=\"4535\">\n<p data-start=\"4494\" data-end=\"4535\"><strong data-start=\"4494\" data-end=\"4515\">Esperanza Garrido<\/strong> (Granada) \u2013 Canto<\/p>\n<\/li>\n<li data-start=\"4536\" data-end=\"4575\">\n<p data-start=\"4538\" data-end=\"4575\"><strong data-start=\"4538\" data-end=\"4556\">Nerea Carrasco<\/strong> (Madrid) \u2013 Danza<\/p>\n<\/li>\n<\/ul>\n<h3 data-start=\"4577\" data-end=\"4621\">Gala III \u2013 Sabato 27 settembre | 20:30<\/h3>\n<p data-start=\"4622\" data-end=\"4779\">Il suono inconfondibile della chitarra gaditana, il canto con la tradizione di Siviglia e una danza che porta nel cognome il peso di una dinastia flamenca.<\/p>\n<ul data-start=\"4780\" data-end=\"4921\">\n<li data-start=\"4780\" data-end=\"4833\">\n<p data-start=\"4782\" data-end=\"4833\"><strong data-start=\"4782\" data-end=\"4799\">Pablo Heredia<\/strong> (Cadice) \u2013 Chitarra in concerto<\/p>\n<\/li>\n<li data-start=\"4834\" data-end=\"4876\">\n<p data-start=\"4836\" data-end=\"4876\"><strong data-start=\"4836\" data-end=\"4855\">David Fern\u00e1ndez<\/strong> (Siviglia) \u2013 Canto<\/p>\n<\/li>\n<li data-start=\"4877\" data-end=\"4921\">\n<p data-start=\"4879\" data-end=\"4921\"><strong data-start=\"4879\" data-end=\"4900\">Lole de los Reyes<\/strong> (Siviglia) \u2013 Danza<\/p>\n<\/li>\n<\/ul>\n<h3 data-start=\"4923\" data-end=\"4968\">Gala IV \u2013 Domenica 28 settembre | 19:30<\/h3>\n<p data-start=\"4969\" data-end=\"5162\">La chiusura del festival promette forti emozioni: una chitarra sivigliana gi\u00e0 affermata, il canto profondo dell\u2019Estremadura e uno dei giovani ballerini pi\u00f9 rivoluzionari e attesi del momento.<\/p>\n<ul data-start=\"5163\" data-end=\"5296\">\n<li data-start=\"5163\" data-end=\"5217\">\n<p data-start=\"5165\" data-end=\"5217\"><strong data-start=\"5165\" data-end=\"5181\">Juan Anguita<\/strong> (Siviglia) \u2013 Chitarra in concerto<\/p>\n<\/li>\n<li data-start=\"5218\" data-end=\"5256\">\n<p data-start=\"5220\" data-end=\"5256\"><strong data-start=\"5220\" data-end=\"5236\">Celia Romero<\/strong> (Badajoz) \u2013 Canto<\/p>\n<\/li>\n<li data-start=\"5257\" data-end=\"5296\">\n<p data-start=\"5259\" data-end=\"5296\"><strong data-start=\"5259\" data-end=\"5274\">Yoel Vargas<\/strong> (Tarragona) \u2013 Danza<\/p>\n<\/li>\n<\/ul>\n<div id=\"attachment_1266\" style=\"width: 1010px\" class=\"wp-caption aligncenter\"><img loading=\"lazy\" decoding=\"async\" aria-describedby=\"caption-attachment-1266\" class=\"wp-image-1266 size-full\" src=\"https:\/\/flamencomadrid.com\/wp-content\/uploads\/2025\/08\/artistas_suma_flamenca_joven.jpeg\" alt=\"Artistas de la Suma Flamenca Joven 2025\" width=\"1000\" height=\"781\" \/><p id=\"caption-attachment-1266\" class=\"wp-caption-text\">Photographie de www.deflamenco.com<\/p><\/div>\n<h2 data-start=\"852\" data-end=\"911\">Un Conseil de Passionn\u00e9 : Comment Profiter du Festival<\/h2>\n<p data-start=\"912\" data-end=\"1214\">Si vous venez au <em data-start=\"929\" data-end=\"950\">Suma Flamenca Joven<\/em>, venez avec le c\u0153ur et les oreilles grands ouverts. Ne venez pas pour comparer, venez pour d\u00e9couvrir. Profitez du risque d\u2019un guitariste, du quej\u00edo nouveau d\u2019une chanteuse ou du concept novateur d\u2019un danseur. Vous assistez \u00e0 la naissance de l\u2019art en temps r\u00e9el.<\/p>\n<p data-start=\"1216\" data-end=\"1341\">Ce festival prouve que le flamenco n\u2019est pas une pi\u00e8ce de mus\u00e9e, mais un torrent de vie qui ne cesse de chercher son cours.<\/p>\n<p data-start=\"1343\" data-end=\"1495\">En attendant que l\u2019avenir du flamenco frappe \u00e0 votre porte, vous pouvez continuer \u00e0 ressentir son pr\u00e9sent chaque soir dans les temples de la capitale.<\/p>\n<p data-start=\"1497\" data-end=\"1560\"><a href=\"https:\/\/flamencomadrid.com\/fr\/les-6-meilleurs-spectacles-de-flamenco-a-madrid\/\"><strong data-start=\"1497\" data-end=\"1558\">D\u00e9couvrez ici notre guide des meilleurs tablaos de Madrid<\/strong><\/a><\/p>\n<p><\/p>","protected":false},"excerpt":{"rendered":"Mentre tutti guardano alle grandi stelle consacrate, ogni vero appassionato si chiede: dove nascono le leggende di domani? Su quale palcoscenico si sta forgiando il flamenco che ascolteremo nel prossimo decennio? La risposta, ogni settembre a Madrid, ha un nome: Suma Flamenca Joven. Non \u00e8 un festival qualunque. \u00c8 la cantera, il laboratorio, il palcoscenico&#8230;","protected":false},"author":6,"featured_media":1265,"comment_status":"open","ping_status":"open","sticky":false,"template":"","format":"standard","meta":{"_acf_changed":false,"footnotes":""},"categories":[13],"tags":[],"class_list":["post-1271","post","type-post","status-publish","format-standard","has-post-thumbnail","hentry","category-curiosidades-flamencas"],"acf":[],"yoast_head":"<!-- This site is optimized with the Yoast SEO plugin v27.4 - https:\/\/yoast.com\/product\/yoast-seo-wordpress\/ -->\n<title>Suma Flamenca Joven 2025 : L\u2019Avenir du Flamenco \u00e0 Madrid - Flamenco Madrid<\/title>\n<meta name=\"description\" content=\"Vivez Suma Flamenca Joven 2025 \u00e0 Madrid : le festival o\u00f9 les talents flamencos de moins de 30 ans se produisent avec force, audace et authenticit\u00e9.\" \/>\n<meta name=\"robots\" content=\"index, follow, max-snippet:-1, max-image-preview:large, max-video-preview:-1\" \/>\n<link rel=\"canonical\" href=\"\/\" \/>\n<meta property=\"og:locale\" content=\"fr_FR\" \/>\n<meta property=\"og:type\" content=\"article\" \/>\n<meta property=\"og:title\" content=\"Suma Flamenca Joven 2025 : L\u2019Avenir du Flamenco \u00e0 Madrid - Flamenco Madrid\" \/>\n<meta property=\"og:description\" content=\"Vivez Suma Flamenca Joven 2025 \u00e0 Madrid : le festival o\u00f9 les talents flamencos de moins de 30 ans se produisent avec force, audace et authenticit\u00e9.\" \/>\n<meta property=\"og:url\" content=\"https:\/\/flamencomadrid.com\/fr\/suma_flamenca_joven_2025-2\/\" \/>\n<meta property=\"og:site_name\" content=\"Flamenco Madrid\" \/>\n<meta property=\"article:published_time\" content=\"2025-08-18T11:22:29+00:00\" \/>\n<meta property=\"og:image\" content=\"https:\/\/flamencomadrid.com\/wp-content\/uploads\/2025\/08\/suma_flamenca_joven_2025.jpeg\" \/>\n\t<meta property=\"og:image:width\" content=\"1100\" \/>\n\t<meta property=\"og:image:height\" content=\"733\" \/>\n\t<meta property=\"og:image:type\" content=\"image\/jpeg\" \/>\n<meta name=\"author\" content=\"Miguel Blanco\" \/>\n<meta name=\"twitter:card\" content=\"summary_large_image\" \/>\n<meta name=\"twitter:label1\" content=\"\u00c9crit par\" \/>\n\t<meta name=\"twitter:data1\" content=\"Miguel Blanco\" \/>\n\t<meta name=\"twitter:label2\" content=\"Dur\u00e9e de lecture estim\u00e9e\" \/>\n\t<meta name=\"twitter:data2\" content=\"4 minutes\" \/>\n<script type=\"application\/ld+json\" class=\"yoast-schema-graph\">{\"@context\":\"https:\\\/\\\/schema.org\",\"@graph\":[{\"@type\":\"Article\",\"@id\":\"https:\\\/\\\/flamencomadrid.com\\\/es\\\/suma_flamenca_joven_2025-2\\\/#article\",\"isPartOf\":{\"@id\":\"https:\\\/\\\/flamencomadrid.com\\\/es\\\/suma_flamenca_joven_2025-2\\\/\"},\"author\":{\"name\":\"Miguel Blanco\",\"@id\":\"https:\\\/\\\/flamencomadrid.com\\\/es\\\/#\\\/schema\\\/person\\\/e60bef1612b66bdb46e0d88400bfab7e\"},\"headline\":\"Suma Flamenca Joven 2025 : L\u2019Avenir du Flamenco \u00e0 Madrid\",\"datePublished\":\"2025-08-18T11:22:29+00:00\",\"mainEntityOfPage\":{\"@id\":\"https:\\\/\\\/flamencomadrid.com\\\/es\\\/suma_flamenca_joven_2025-2\\\/\"},\"wordCount\":2467,\"commentCount\":0,\"image\":{\"@id\":\"https:\\\/\\\/flamencomadrid.com\\\/es\\\/suma_flamenca_joven_2025-2\\\/#primaryimage\"},\"thumbnailUrl\":\"https:\\\/\\\/flamencomadrid.com\\\/wp-content\\\/uploads\\\/2025\\\/08\\\/suma_flamenca_joven_2025.jpeg\",\"articleSection\":[\"Curiosidades Flamencas\"],\"inLanguage\":\"fr-FR\",\"potentialAction\":[{\"@type\":\"CommentAction\",\"name\":\"Comment\",\"target\":[\"https:\\\/\\\/flamencomadrid.com\\\/es\\\/suma_flamenca_joven_2025-2\\\/#respond\"]}]},{\"@type\":\"WebPage\",\"@id\":\"https:\\\/\\\/flamencomadrid.com\\\/fr\\\/suma_flamenca_joven_2025-2\\\/\",\"url\":\"https:\\\/\\\/flamencomadrid.com\\\/fr\\\/suma_flamenca_joven_2025-2\\\/\",\"name\":\"Suma Flamenca Joven 2025 : L\u2019Avenir du Flamenco \u00e0 Madrid - Flamenco Madrid\",\"isPartOf\":{\"@id\":\"https:\\\/\\\/flamencomadrid.com\\\/fr\\\/#website\"},\"primaryImageOfPage\":{\"@id\":\"https:\\\/\\\/flamencomadrid.com\\\/fr\\\/suma_flamenca_joven_2025-2\\\/#primaryimage\"},\"image\":{\"@id\":\"https:\\\/\\\/flamencomadrid.com\\\/es\\\/suma_flamenca_joven_2025-2\\\/#primaryimage\"},\"thumbnailUrl\":\"https:\\\/\\\/flamencomadrid.com\\\/wp-content\\\/uploads\\\/2025\\\/08\\\/suma_flamenca_joven_2025.jpeg\",\"datePublished\":\"2025-08-18T11:22:29+00:00\",\"author\":{\"@id\":\"https:\\\/\\\/flamencomadrid.com\\\/es\\\/#\\\/schema\\\/person\\\/e60bef1612b66bdb46e0d88400bfab7e\"},\"description\":\"Vivez Suma Flamenca Joven 2025 \u00e0 Madrid : le festival o\u00f9 les talents flamencos de moins de 30 ans se produisent avec force, audace et authenticit\u00e9.\",\"breadcrumb\":{\"@id\":\"https:\\\/\\\/flamencomadrid.com\\\/fr\\\/suma_flamenca_joven_2025-2\\\/#breadcrumb\"},\"inLanguage\":\"fr-FR\",\"potentialAction\":[{\"@type\":\"ReadAction\",\"target\":[[\"https:\\\/\\\/flamencomadrid.com\\\/fr\\\/suma_flamenca_joven_2025-2\\\/\"]]}]},{\"@type\":\"ImageObject\",\"inLanguage\":\"fr-FR\",\"@id\":\"https:\\\/\\\/flamencomadrid.com\\\/fr\\\/suma_flamenca_joven_2025-2\\\/#primaryimage\",\"url\":\"https:\\\/\\\/flamencomadrid.com\\\/wp-content\\\/uploads\\\/2025\\\/08\\\/suma_flamenca_joven_2025.jpeg\",\"contentUrl\":\"https:\\\/\\\/flamencomadrid.com\\\/wp-content\\\/uploads\\\/2025\\\/08\\\/suma_flamenca_joven_2025.jpeg\",\"width\":1100,\"height\":733,\"caption\":\"Cartel de la Suma Flamenca Joven de 2025\"},{\"@type\":\"BreadcrumbList\",\"@id\":\"https:\\\/\\\/flamencomadrid.com\\\/fr\\\/suma_flamenca_joven_2025-2\\\/#breadcrumb\",\"itemListElement\":[{\"@type\":\"ListItem\",\"position\":1,\"name\":\"Home\",\"item\":\"https:\\\/\\\/flamencomadrid.com\\\/fr\\\/\"},{\"@type\":\"ListItem\",\"position\":2,\"name\":\"Suma Flamenca Joven 2025: El Futuro del Flamenco en Madrid\"}]},{\"@type\":\"WebSite\",\"@id\":\"https:\\\/\\\/flamencomadrid.com\\\/fr\\\/#website\",\"url\":\"https:\\\/\\\/flamencomadrid.com\\\/fr\\\/\",\"name\":\"Flamenco Madrid\",\"description\":\"Otro sitio realizado con WordPress\",\"potentialAction\":[{\"@type\":\"SearchAction\",\"target\":{\"@type\":\"EntryPoint\",\"urlTemplate\":\"https:\\\/\\\/flamencomadrid.com\\\/fr\\\/?s={search_term_string}\"},\"query-input\":{\"@type\":\"PropertyValueSpecification\",\"valueRequired\":true,\"valueName\":\"search_term_string\"}}],\"inLanguage\":\"fr-FR\"},{\"@type\":\"Person\",\"@id\":\"https:\\\/\\\/flamencomadrid.com\\\/es\\\/#\\\/schema\\\/person\\\/e60bef1612b66bdb46e0d88400bfab7e\",\"name\":\"Miguel Blanco\",\"image\":{\"@type\":\"ImageObject\",\"inLanguage\":\"fr-FR\",\"@id\":\"https:\\\/\\\/secure.gravatar.com\\\/avatar\\\/359874fd676a9bfbf3a5d62f8bb888a22a657034662dd62c3669b5e7274a1365?s=96&d=mm&r=g\",\"url\":\"https:\\\/\\\/secure.gravatar.com\\\/avatar\\\/359874fd676a9bfbf3a5d62f8bb888a22a657034662dd62c3669b5e7274a1365?s=96&d=mm&r=g\",\"contentUrl\":\"https:\\\/\\\/secure.gravatar.com\\\/avatar\\\/359874fd676a9bfbf3a5d62f8bb888a22a657034662dd62c3669b5e7274a1365?s=96&d=mm&r=g\",\"caption\":\"Miguel Blanco\"}}]}<\/script>\n<!-- \/ Yoast SEO plugin. -->","yoast_head_json":{"title":"Suma Flamenca Joven 2025 : L\u2019Avenir du Flamenco \u00e0 Madrid - Flamenco Madrid","description":"Vivez Suma Flamenca Joven 2025 \u00e0 Madrid : le festival o\u00f9 les talents flamencos de moins de 30 ans se produisent avec force, audace et authenticit\u00e9.","robots":{"index":"index","follow":"follow","max-snippet":"max-snippet:-1","max-image-preview":"max-image-preview:large","max-video-preview":"max-video-preview:-1"},"canonical":"\/","og_locale":"fr_FR","og_type":"article","og_title":"Suma Flamenca Joven 2025 : L\u2019Avenir du Flamenco \u00e0 Madrid - Flamenco Madrid","og_description":"Vivez Suma Flamenca Joven 2025 \u00e0 Madrid : le festival o\u00f9 les talents flamencos de moins de 30 ans se produisent avec force, audace et authenticit\u00e9.","og_url":"https:\/\/flamencomadrid.com\/fr\/suma_flamenca_joven_2025-2\/","og_site_name":"Flamenco Madrid","article_published_time":"2025-08-18T11:22:29+00:00","og_image":[{"width":1100,"height":733,"url":"https:\/\/flamencomadrid.com\/wp-content\/uploads\/2025\/08\/suma_flamenca_joven_2025.jpeg","type":"image\/jpeg"}],"author":"Miguel Blanco","twitter_card":"summary_large_image","twitter_misc":{"\u00c9crit par":"Miguel Blanco","Dur\u00e9e de lecture estim\u00e9e":"4 minutes"},"schema":{"@context":"https:\/\/schema.org","@graph":[{"@type":"Article","@id":"https:\/\/flamencomadrid.com\/es\/suma_flamenca_joven_2025-2\/#article","isPartOf":{"@id":"https:\/\/flamencomadrid.com\/es\/suma_flamenca_joven_2025-2\/"},"author":{"name":"Miguel Blanco","@id":"https:\/\/flamencomadrid.com\/es\/#\/schema\/person\/e60bef1612b66bdb46e0d88400bfab7e"},"headline":"Suma Flamenca Joven 2025 : L\u2019Avenir du Flamenco \u00e0 Madrid","datePublished":"2025-08-18T11:22:29+00:00","mainEntityOfPage":{"@id":"https:\/\/flamencomadrid.com\/es\/suma_flamenca_joven_2025-2\/"},"wordCount":2467,"commentCount":0,"image":{"@id":"https:\/\/flamencomadrid.com\/es\/suma_flamenca_joven_2025-2\/#primaryimage"},"thumbnailUrl":"https:\/\/flamencomadrid.com\/wp-content\/uploads\/2025\/08\/suma_flamenca_joven_2025.jpeg","articleSection":["Curiosidades Flamencas"],"inLanguage":"fr-FR","potentialAction":[{"@type":"CommentAction","name":"Comment","target":["https:\/\/flamencomadrid.com\/es\/suma_flamenca_joven_2025-2\/#respond"]}]},{"@type":"WebPage","@id":"https:\/\/flamencomadrid.com\/fr\/suma_flamenca_joven_2025-2\/","url":"https:\/\/flamencomadrid.com\/fr\/suma_flamenca_joven_2025-2\/","name":"Suma Flamenca Joven 2025 : L\u2019Avenir du Flamenco \u00e0 Madrid - Flamenco Madrid","isPartOf":{"@id":"https:\/\/flamencomadrid.com\/fr\/#website"},"primaryImageOfPage":{"@id":"https:\/\/flamencomadrid.com\/fr\/suma_flamenca_joven_2025-2\/#primaryimage"},"image":{"@id":"https:\/\/flamencomadrid.com\/es\/suma_flamenca_joven_2025-2\/#primaryimage"},"thumbnailUrl":"https:\/\/flamencomadrid.com\/wp-content\/uploads\/2025\/08\/suma_flamenca_joven_2025.jpeg","datePublished":"2025-08-18T11:22:29+00:00","author":{"@id":"https:\/\/flamencomadrid.com\/es\/#\/schema\/person\/e60bef1612b66bdb46e0d88400bfab7e"},"description":"Vivez Suma Flamenca Joven 2025 \u00e0 Madrid : le festival o\u00f9 les talents flamencos de moins de 30 ans se produisent avec force, audace et authenticit\u00e9.","breadcrumb":{"@id":"https:\/\/flamencomadrid.com\/fr\/suma_flamenca_joven_2025-2\/#breadcrumb"},"inLanguage":"fr-FR","potentialAction":[{"@type":"ReadAction","target":[["https:\/\/flamencomadrid.com\/fr\/suma_flamenca_joven_2025-2\/"]]}]},{"@type":"ImageObject","inLanguage":"fr-FR","@id":"https:\/\/flamencomadrid.com\/fr\/suma_flamenca_joven_2025-2\/#primaryimage","url":"https:\/\/flamencomadrid.com\/wp-content\/uploads\/2025\/08\/suma_flamenca_joven_2025.jpeg","contentUrl":"https:\/\/flamencomadrid.com\/wp-content\/uploads\/2025\/08\/suma_flamenca_joven_2025.jpeg","width":1100,"height":733,"caption":"Cartel de la Suma Flamenca Joven de 2025"},{"@type":"BreadcrumbList","@id":"https:\/\/flamencomadrid.com\/fr\/suma_flamenca_joven_2025-2\/#breadcrumb","itemListElement":[{"@type":"ListItem","position":1,"name":"Home","item":"https:\/\/flamencomadrid.com\/fr\/"},{"@type":"ListItem","position":2,"name":"Suma Flamenca Joven 2025: El Futuro del Flamenco en Madrid"}]},{"@type":"WebSite","@id":"https:\/\/flamencomadrid.com\/fr\/#website","url":"https:\/\/flamencomadrid.com\/fr\/","name":"Flamenco Madrid","description":"Otro sitio realizado con WordPress","potentialAction":[{"@type":"SearchAction","target":{"@type":"EntryPoint","urlTemplate":"https:\/\/flamencomadrid.com\/fr\/?s={search_term_string}"},"query-input":{"@type":"PropertyValueSpecification","valueRequired":true,"valueName":"search_term_string"}}],"inLanguage":"fr-FR"},{"@type":"Person","@id":"https:\/\/flamencomadrid.com\/es\/#\/schema\/person\/e60bef1612b66bdb46e0d88400bfab7e","name":"Miguel Blanco","image":{"@type":"ImageObject","inLanguage":"fr-FR","@id":"https:\/\/secure.gravatar.com\/avatar\/359874fd676a9bfbf3a5d62f8bb888a22a657034662dd62c3669b5e7274a1365?s=96&d=mm&r=g","url":"https:\/\/secure.gravatar.com\/avatar\/359874fd676a9bfbf3a5d62f8bb888a22a657034662dd62c3669b5e7274a1365?s=96&d=mm&r=g","contentUrl":"https:\/\/secure.gravatar.com\/avatar\/359874fd676a9bfbf3a5d62f8bb888a22a657034662dd62c3669b5e7274a1365?s=96&d=mm&r=g","caption":"Miguel Blanco"}}]}},"_links":{"self":[{"href":"https:\/\/flamencomadrid.com\/fr\/wp-json\/wp\/v2\/posts\/1271","targetHints":{"allow":["GET"]}}],"collection":[{"href":"https:\/\/flamencomadrid.com\/fr\/wp-json\/wp\/v2\/posts"}],"about":[{"href":"https:\/\/flamencomadrid.com\/fr\/wp-json\/wp\/v2\/types\/post"}],"author":[{"embeddable":true,"href":"https:\/\/flamencomadrid.com\/fr\/wp-json\/wp\/v2\/users\/6"}],"replies":[{"embeddable":true,"href":"https:\/\/flamencomadrid.com\/fr\/wp-json\/wp\/v2\/comments?post=1271"}],"version-history":[{"count":5,"href":"https:\/\/flamencomadrid.com\/fr\/wp-json\/wp\/v2\/posts\/1271\/revisions"}],"predecessor-version":[{"id":1277,"href":"https:\/\/flamencomadrid.com\/fr\/wp-json\/wp\/v2\/posts\/1271\/revisions\/1277"}],"wp:featuredmedia":[{"embeddable":true,"href":"https:\/\/flamencomadrid.com\/fr\/wp-json\/wp\/v2\/media\/1265"}],"wp:attachment":[{"href":"https:\/\/flamencomadrid.com\/fr\/wp-json\/wp\/v2\/media?parent=1271"}],"wp:term":[{"taxonomy":"category","embeddable":true,"href":"https:\/\/flamencomadrid.com\/fr\/wp-json\/wp\/v2\/categories?post=1271"},{"taxonomy":"post_tag","embeddable":true,"href":"https:\/\/flamencomadrid.com\/fr\/wp-json\/wp\/v2\/tags?post=1271"}],"curies":[{"name":"wp","href":"https:\/\/api.w.org\/{rel}","templated":true}]}}