{"id":1252,"date":"2025-09-08T11:30:16","date_gmt":"2025-09-08T09:30:16","guid":{"rendered":"https:\/\/flamencomadrid.com\/es\/?p=1252"},"modified":"2025-08-12T13:59:13","modified_gmt":"2025-08-12T11:59:13","slug":"artistas-flamencos-de-madrid-leyendas-y-figuras","status":"publish","type":"post","link":"https:\/\/flamencomadrid.com\/fr\/artistes-flamenco-madrid\/","title":{"rendered":"Artistes Flamenco de Madrid : L\u00e9gendes et Figures"},"content":{"rendered":"<p><\/p>\n<h2 data-start=\"289\" data-end=\"334\"><strong data-start=\"292\" data-end=\"332\">Grands Noms du Flamenco N\u00e9s \u00e0 Madrid<\/strong><\/h2>\n<h3 data-start=\"336\" data-end=\"414\"><strong data-start=\"340\" data-end=\"412\">Diego el Cigala : Le Chanteur Madril\u00e8ne qui a Franchi les Fronti\u00e8res<\/strong><\/h3>\n<p data-start=\"415\" data-end=\"797\">On ne peut pas parler de flamenco \u00e0 Madrid sans citer son nom en premier. La voix de Diego el Cigala, c\u2019est le son du Rastro un dimanche matin \u2014 du papier de verre et du velours pur. Il a port\u00e9 le flamenco dans le monde entier avec <em data-start=\"647\" data-end=\"664\">L\u00e1grimas Negras<\/em>, oui, mais pour comprendre vraiment ce <strong data-start=\"704\" data-end=\"725\">cantaor madril\u00e8ne<\/strong>, il faut l\u2019imaginer \u00e0 ses d\u00e9buts, dans les tablaos o\u00f9 il s\u2019est forg\u00e9.<\/p>\n<div id=\"attachment_1254\" style=\"width: 910px\" class=\"wp-caption aligncenter\"><img loading=\"lazy\" decoding=\"async\" aria-describedby=\"caption-attachment-1254\" class=\"wp-image-1254 size-large\" src=\"https:\/\/flamencomadrid.com\/wp-content\/uploads\/2025\/08\/diseno-sin-titulo-10-1024x576.jpg\" alt=\"Diego el Cigala, uno de los Artistas que mejor representan el flamenco en Madrid.\" width=\"900\" height=\"506\" \/><p id=\"caption-attachment-1254\" class=\"wp-caption-text\">Photographie de www.cardamomo.com \u2014 Diego el Cigala sur la sc\u00e8ne du Tablao Cardamomo Flamenco Madrid<\/p><\/div>\n<h3 data-start=\"905\" data-end=\"970\"><strong data-start=\"909\" data-end=\"968\">Ant\u00f3n Jim\u00e9nez : Le Jeu Virtuose de la Guitare Madril\u00e8ne<\/strong><\/h3>\n<p data-start=\"971\" data-end=\"1363\">Un bon <em data-start=\"978\" data-end=\"985\">toque<\/em> n\u2019accompagne pas seulement, il soutient. Et celui d\u2019Ant\u00f3n Jim\u00e9nez construit de v\u00e9ritables cath\u00e9drales pour que le chant y vive. Ce <strong data-start=\"1117\" data-end=\"1150\">guitariste flamenco madril\u00e8ne<\/strong> a mis son art au service des plus grands, comme Joaqu\u00edn Cort\u00e9s, mais lorsqu\u2019il joue en solo, on d\u00e9couvre l\u2019\u00e2me de <strong data-start=\"1265\" data-end=\"1297\">l\u2019\u00e9cole de guitare madril\u00e8ne<\/strong> : technique, certes, mais avec ce <em data-start=\"1332\" data-end=\"1342\">pellizco<\/em> qui serre le c\u0153ur.<\/p>\n<h3 data-start=\"1365\" data-end=\"1413\"><strong data-start=\"1369\" data-end=\"1411\">Mara Rey : Un Torrent de Voix Flamenca<\/strong><\/h3>\n<p data-start=\"1414\" data-end=\"1747\">Si vous cherchez la puissance et la v\u00e9rit\u00e9, vous les trouverez chez Mara Rey. C\u2019est un tourbillon sur sc\u00e8ne, une <strong data-start=\"1527\" data-end=\"1549\">cantaora madril\u00e8ne<\/strong> qui ne retient rien. Issue d\u2019une famille d\u2019artistes, elle a la sc\u00e8ne dans le sang, et cela se sent. L\u2019\u00e9couter en direct, c\u2019est vivre une exp\u00e9rience qui reconnecte avec la force brute du flamenco.<\/p>\n<h3 data-start=\"1749\" data-end=\"1813\"><strong data-start=\"1753\" data-end=\"1811\">Ram\u00f3n Montoya : Le P\u00e8re de la Guitare Flamenca Soliste<\/strong><\/h3>\n<p data-start=\"1814\" data-end=\"2191\">Avant que la guitare flamenca ne brille seule sur sc\u00e8ne, elle accompagnait surtout. Puis il est arriv\u00e9. Ram\u00f3n Montoya, n\u00e9 \u00e0 Madrid, est le g\u00e9nie qui a sorti la guitare de l\u2019ombre pour en faire un instrument de concert. Il lui a donn\u00e9 sa propre voix, cr\u00e9ant un langage et une technique qui ont chang\u00e9 l\u2019histoire. Tous les guitaristes venus apr\u00e8s lui lui doivent quelque chose.<\/p>\n<div id=\"attachment_1258\" style=\"width: 910px\" class=\"wp-caption aligncenter\"><img loading=\"lazy\" decoding=\"async\" aria-describedby=\"caption-attachment-1258\" class=\"wp-image-1258 size-large\" src=\"https:\/\/flamencomadrid.com\/wp-content\/uploads\/2025\/09\/whatsapp-image-2025-08-12-at-12-41-17-1024x856.jpeg\" alt=\"Ram\u00f3n Montoya, genio de la guitarra flamenca de Madrid\" width=\"900\" height=\"752\" \/><p id=\"caption-attachment-1258\" class=\"wp-caption-text\">Ram\u00f3n Montoya. Photographie de www.expoflamenco.com<\/p><\/div>\n<h3 data-start=\"2250\" data-end=\"2320\"><strong data-start=\"2254\" data-end=\"2318\">Lela Soto : Un H\u00e9ritage Flamenco avec une Vision Personnelle<\/strong><\/h3>\n<p data-start=\"2321\" data-end=\"2677\">Peut-on na\u00eetre \u00e0 Madrid et avoir Jerez dans la voix ? Lela Soto ne r\u00e9pond pas seulement oui, elle en fait de l\u2019art. H\u00e9riti\u00e8re des Sordera, elle poss\u00e8de la profondeur d\u2019une des lign\u00e9es les plus importantes, mais l\u2019utilise avec une libert\u00e9 et une fra\u00eecheur uniques. Retenez son nom : elle fait partie des <strong data-start=\"2624\" data-end=\"2651\">jeunes voix du flamenco<\/strong> qui fa\u00e7onnent l\u2019avenir.<\/p>\n<h2 data-start=\"2684\" data-end=\"2740\"><strong data-start=\"2687\" data-end=\"2738\">Les Fondations : Pionniers du Flamenco \u00e0 Madrid<\/strong><\/h2>\n<p data-start=\"2741\" data-end=\"3013\">Aucun \u00e9difice ne tient sans de bonnes fondations. Avant eux, des pionniers comme <strong data-start=\"2822\" data-end=\"2840\">Ni\u00f1o de Madrid<\/strong> (Juan Sanz Vega), <strong data-start=\"2859\" data-end=\"2883\">Tom\u00e1s \u201cEl Papelista\u201d<\/strong> ou <strong data-start=\"2887\" data-end=\"2909\">La Chata de Madrid<\/strong> ont ouvert la voie dans les <em data-start=\"2938\" data-end=\"2955\">caf\u00e9s cantantes<\/em>, fa\u00e7onnant <strong data-start=\"2967\" data-end=\"2993\">l\u2019histoire du flamenco<\/strong> dans la capitale.<\/p>\n<h3 data-start=\"3015\" data-end=\"3077\"><strong data-start=\"3019\" data-end=\"3075\">El G\u00fcito : L\u2019\u00c9l\u00e9gance de la Danse Flamenca Madril\u00e8ne<\/strong><\/h3>\n<p data-start=\"3078\" data-end=\"3484\">Certains danseurs emplissent la sc\u00e8ne de fureur. Puis il y a El G\u00fcito. Le sien est diff\u00e9rent : pure \u00e9l\u00e9gance, sobri\u00e9t\u00e9 qui fait taire le public. N\u00e9 au Rastro, sa <em data-start=\"3240\" data-end=\"3247\">sole\u00e1<\/em> est une le\u00e7on de ma\u00eetrise. Le voir danser, c\u2019est comprendre l\u2019essence de <strong data-start=\"3321\" data-end=\"3372\">la danse flamenca de la vieille \u00e9cole madril\u00e8ne<\/strong>. Une l\u00e9gende vivante \u00e0 tous les \u00e9gards, et un porte-\u00e9tendard du flamenco \u00e0 Madrid et de l\u2019\u00c9cole Amor de Dios.<\/p>\n<div id=\"attachment_1257\" style=\"width: 910px\" class=\"wp-caption aligncenter\"><img loading=\"lazy\" decoding=\"async\" aria-describedby=\"caption-attachment-1257\" class=\"wp-image-1257 size-large\" src=\"https:\/\/flamencomadrid.com\/wp-content\/uploads\/2025\/09\/whatsapp-image-2025-08-12-at-12-19-51-1024x576.jpeg\" alt=\"El Guito, bailaor Madrile\u00f1o, estandarte del flamenco en Madrid.\" width=\"900\" height=\"506\" \/><p id=\"caption-attachment-1257\" class=\"wp-caption-text\">Eduardo Serrano \u00ab\u00a0El G\u00fcito\u00a0\u00bb. Photographie de l\u2019\u00e9cole Amor de Dios<\/p><\/div>\n<h2 data-start=\"3561\" data-end=\"3612\"><strong data-start=\"3564\" data-end=\"3610\">Envie de Ressentir le Flamenco de Madrid ?<\/strong><\/h2>\n<p data-start=\"3613\" data-end=\"3797\">La meilleure fa\u00e7on de rendre hommage \u00e0 ces artistes est de vivre leur art en direct. Madrid offre un large programme dans ses tablaos, th\u00e9\u00e2tres et festivals comme la <em data-start=\"3779\" data-end=\"3794\">Suma Flamenca<\/em>.<\/p>\n<p data-start=\"3799\" data-end=\"4005\">Et en parlant de tablaos, le mieux n\u2019est pas de lire sur l\u2019art madril\u00e8ne, mais de le ressentir en personne. Le flamenco demande de la proximit\u00e9, et Madrid regorge de lieux o\u00f9 son \u00e2me est toujours vivante.<\/p>\n<p data-start=\"4007\" data-end=\"4147\">Si vous voulez d\u00e9couvrir les temples o\u00f9 <strong data-start=\"4047\" data-end=\"4072\">le flamenco madril\u00e8ne<\/strong> se vit chaque soir avec passion, nous avons pr\u00e9par\u00e9 une carte pour vous.<\/p>\n<p data-start=\"4149\" data-end=\"4212\"><a href=\"https:\/\/flamencomadrid.com\/fr\/les-6-meilleurs-spectacles-de-flamenco-a-madrid\/\"><strong data-start=\"4149\" data-end=\"4210\">D\u00e9couvrez ici notre guide des meilleurs tablaos de Madrid<\/strong><\/a><\/p>\n<p><\/p>","protected":false},"excerpt":{"rendered":"Grands Noms du Flamenco N\u00e9s \u00e0 Madrid Diego el Cigala : Le Chanteur Madril\u00e8ne qui a Franchi les Fronti\u00e8res On ne peut pas parler de flamenco \u00e0 Madrid sans citer son nom en premier. La voix de Diego el Cigala, c\u2019est le son du Rastro un dimanche matin \u2014 du papier de verre et du&#8230;","protected":false},"author":6,"featured_media":1259,"comment_status":"open","ping_status":"open","sticky":false,"template":"","format":"standard","meta":{"_acf_changed":false,"footnotes":""},"categories":[13],"tags":[],"class_list":["post-1252","post","type-post","status-publish","format-standard","has-post-thumbnail","hentry","category-curiosidades-flamencas"],"acf":[],"yoast_head":"<!-- This site is optimized with the Yoast SEO plugin v27.4 - https:\/\/yoast.com\/product\/yoast-seo-wordpress\/ -->\n<title>Artistes Flamenco de Madrid : L\u00e9gendes et Figures - Flamenco Madrid<\/title>\n<meta name=\"description\" content=\"D\u00e9couvrez les grands artistes flamencos de Madrid : l\u00e9gendes, figures actuelles et talents prometteurs qui portent le comp\u00e1s de la capitale dans leur art.\" \/>\n<meta name=\"robots\" content=\"index, follow, max-snippet:-1, max-image-preview:large, max-video-preview:-1\" \/>\n<link rel=\"canonical\" href=\"\/\" \/>\n<meta property=\"og:locale\" content=\"fr_FR\" \/>\n<meta property=\"og:type\" content=\"article\" \/>\n<meta property=\"og:title\" content=\"Artistes Flamenco de Madrid : L\u00e9gendes et Figures - Flamenco Madrid\" \/>\n<meta property=\"og:description\" content=\"D\u00e9couvrez les grands artistes flamencos de Madrid : l\u00e9gendes, figures actuelles et talents prometteurs qui portent le comp\u00e1s de la capitale dans leur art.\" \/>\n<meta property=\"og:url\" content=\"https:\/\/flamencomadrid.com\/fr\/artistas-flamencos-madrid\/\" \/>\n<meta property=\"og:site_name\" content=\"Flamenco Madrid\" \/>\n<meta property=\"article:published_time\" content=\"2025-09-08T09:30:16+00:00\" \/>\n<meta property=\"og:image\" content=\"https:\/\/flamencomadrid.com\/wp-content\/uploads\/2025\/09\/artistas-flamencos-de-madrid.jpg\" \/>\n\t<meta property=\"og:image:width\" content=\"1920\" \/>\n\t<meta property=\"og:image:height\" content=\"1080\" \/>\n\t<meta property=\"og:image:type\" content=\"image\/jpeg\" \/>\n<meta name=\"author\" content=\"Miguel Blanco\" \/>\n<meta name=\"twitter:card\" content=\"summary_large_image\" \/>\n<meta name=\"twitter:label1\" content=\"\u00c9crit par\" \/>\n\t<meta name=\"twitter:data1\" content=\"Miguel Blanco\" \/>\n\t<meta name=\"twitter:label2\" content=\"Dur\u00e9e de lecture estim\u00e9e\" \/>\n\t<meta name=\"twitter:data2\" content=\"5 minutes\" \/>\n<script type=\"application\/ld+json\" class=\"yoast-schema-graph\">{\"@context\":\"https:\\\/\\\/schema.org\",\"@graph\":[{\"@type\":\"Article\",\"@id\":\"https:\\\/\\\/flamencomadrid.com\\\/es\\\/artistas-flamencos-madrid\\\/#article\",\"isPartOf\":{\"@id\":\"https:\\\/\\\/flamencomadrid.com\\\/es\\\/artistas-flamencos-madrid\\\/\"},\"author\":{\"name\":\"Miguel Blanco\",\"@id\":\"https:\\\/\\\/flamencomadrid.com\\\/es\\\/#\\\/schema\\\/person\\\/e60bef1612b66bdb46e0d88400bfab7e\"},\"headline\":\"Artistes Flamenco de Madrid : L\u00e9gendes et Figures\",\"datePublished\":\"2025-09-08T09:30:16+00:00\",\"mainEntityOfPage\":{\"@id\":\"https:\\\/\\\/flamencomadrid.com\\\/es\\\/artistas-flamencos-madrid\\\/\"},\"wordCount\":2841,\"commentCount\":0,\"image\":{\"@id\":\"https:\\\/\\\/flamencomadrid.com\\\/es\\\/artistas-flamencos-madrid\\\/#primaryimage\"},\"thumbnailUrl\":\"https:\\\/\\\/flamencomadrid.com\\\/wp-content\\\/uploads\\\/2025\\\/09\\\/artistas-flamencos-de-madrid.jpg\",\"articleSection\":[\"Curiosidades Flamencas\"],\"inLanguage\":\"fr-FR\",\"potentialAction\":[{\"@type\":\"CommentAction\",\"name\":\"Comment\",\"target\":[\"https:\\\/\\\/flamencomadrid.com\\\/es\\\/artistas-flamencos-madrid\\\/#respond\"]}]},{\"@type\":\"WebPage\",\"@id\":\"https:\\\/\\\/flamencomadrid.com\\\/fr\\\/artistas-flamencos-madrid\\\/\",\"url\":\"https:\\\/\\\/flamencomadrid.com\\\/fr\\\/artistas-flamencos-madrid\\\/\",\"name\":\"Artistes Flamenco de Madrid : L\u00e9gendes et Figures - Flamenco Madrid\",\"isPartOf\":{\"@id\":\"https:\\\/\\\/flamencomadrid.com\\\/fr\\\/#website\"},\"primaryImageOfPage\":{\"@id\":\"https:\\\/\\\/flamencomadrid.com\\\/fr\\\/artistas-flamencos-madrid\\\/#primaryimage\"},\"image\":{\"@id\":\"https:\\\/\\\/flamencomadrid.com\\\/es\\\/artistas-flamencos-madrid\\\/#primaryimage\"},\"thumbnailUrl\":\"https:\\\/\\\/flamencomadrid.com\\\/wp-content\\\/uploads\\\/2025\\\/09\\\/artistas-flamencos-de-madrid.jpg\",\"datePublished\":\"2025-09-08T09:30:16+00:00\",\"author\":{\"@id\":\"https:\\\/\\\/flamencomadrid.com\\\/es\\\/#\\\/schema\\\/person\\\/e60bef1612b66bdb46e0d88400bfab7e\"},\"description\":\"D\u00e9couvrez les grands artistes flamencos de Madrid : l\u00e9gendes, figures actuelles et talents prometteurs qui portent le comp\u00e1s de la capitale dans leur art.\",\"breadcrumb\":{\"@id\":\"https:\\\/\\\/flamencomadrid.com\\\/fr\\\/artistas-flamencos-madrid\\\/#breadcrumb\"},\"inLanguage\":\"fr-FR\",\"potentialAction\":[{\"@type\":\"ReadAction\",\"target\":[[\"https:\\\/\\\/flamencomadrid.com\\\/fr\\\/artistas-flamencos-madrid\\\/\"]]}]},{\"@type\":\"ImageObject\",\"inLanguage\":\"fr-FR\",\"@id\":\"https:\\\/\\\/flamencomadrid.com\\\/fr\\\/artistas-flamencos-madrid\\\/#primaryimage\",\"url\":\"https:\\\/\\\/flamencomadrid.com\\\/wp-content\\\/uploads\\\/2025\\\/09\\\/artistas-flamencos-de-madrid.jpg\",\"contentUrl\":\"https:\\\/\\\/flamencomadrid.com\\\/wp-content\\\/uploads\\\/2025\\\/09\\\/artistas-flamencos-de-madrid.jpg\",\"width\":1920,\"height\":1080,\"caption\":\"Bailaora bailando flamenco frente al Palacio Real en Madrid\"},{\"@type\":\"BreadcrumbList\",\"@id\":\"https:\\\/\\\/flamencomadrid.com\\\/fr\\\/artistas-flamencos-madrid\\\/#breadcrumb\",\"itemListElement\":[{\"@type\":\"ListItem\",\"position\":1,\"name\":\"Home\",\"item\":\"https:\\\/\\\/flamencomadrid.com\\\/fr\\\/\"},{\"@type\":\"ListItem\",\"position\":2,\"name\":\"Artistas Flamencos de Madrid: Leyendas y Figuras\"}]},{\"@type\":\"WebSite\",\"@id\":\"https:\\\/\\\/flamencomadrid.com\\\/fr\\\/#website\",\"url\":\"https:\\\/\\\/flamencomadrid.com\\\/fr\\\/\",\"name\":\"Flamenco Madrid\",\"description\":\"Otro sitio realizado con WordPress\",\"potentialAction\":[{\"@type\":\"SearchAction\",\"target\":{\"@type\":\"EntryPoint\",\"urlTemplate\":\"https:\\\/\\\/flamencomadrid.com\\\/fr\\\/?s={search_term_string}\"},\"query-input\":{\"@type\":\"PropertyValueSpecification\",\"valueRequired\":true,\"valueName\":\"search_term_string\"}}],\"inLanguage\":\"fr-FR\"},{\"@type\":\"Person\",\"@id\":\"https:\\\/\\\/flamencomadrid.com\\\/es\\\/#\\\/schema\\\/person\\\/e60bef1612b66bdb46e0d88400bfab7e\",\"name\":\"Miguel Blanco\",\"image\":{\"@type\":\"ImageObject\",\"inLanguage\":\"fr-FR\",\"@id\":\"https:\\\/\\\/secure.gravatar.com\\\/avatar\\\/359874fd676a9bfbf3a5d62f8bb888a22a657034662dd62c3669b5e7274a1365?s=96&d=mm&r=g\",\"url\":\"https:\\\/\\\/secure.gravatar.com\\\/avatar\\\/359874fd676a9bfbf3a5d62f8bb888a22a657034662dd62c3669b5e7274a1365?s=96&d=mm&r=g\",\"contentUrl\":\"https:\\\/\\\/secure.gravatar.com\\\/avatar\\\/359874fd676a9bfbf3a5d62f8bb888a22a657034662dd62c3669b5e7274a1365?s=96&d=mm&r=g\",\"caption\":\"Miguel Blanco\"}}]}<\/script>\n<!-- \/ Yoast SEO plugin. -->","yoast_head_json":{"title":"Artistes Flamenco de Madrid : L\u00e9gendes et Figures - Flamenco Madrid","description":"D\u00e9couvrez les grands artistes flamencos de Madrid : l\u00e9gendes, figures actuelles et talents prometteurs qui portent le comp\u00e1s de la capitale dans leur art.","robots":{"index":"index","follow":"follow","max-snippet":"max-snippet:-1","max-image-preview":"max-image-preview:large","max-video-preview":"max-video-preview:-1"},"canonical":"\/","og_locale":"fr_FR","og_type":"article","og_title":"Artistes Flamenco de Madrid : L\u00e9gendes et Figures - Flamenco Madrid","og_description":"D\u00e9couvrez les grands artistes flamencos de Madrid : l\u00e9gendes, figures actuelles et talents prometteurs qui portent le comp\u00e1s de la capitale dans leur art.","og_url":"https:\/\/flamencomadrid.com\/fr\/artistas-flamencos-madrid\/","og_site_name":"Flamenco Madrid","article_published_time":"2025-09-08T09:30:16+00:00","og_image":[{"width":1920,"height":1080,"url":"https:\/\/flamencomadrid.com\/wp-content\/uploads\/2025\/09\/artistas-flamencos-de-madrid.jpg","type":"image\/jpeg"}],"author":"Miguel Blanco","twitter_card":"summary_large_image","twitter_misc":{"\u00c9crit par":"Miguel Blanco","Dur\u00e9e de lecture estim\u00e9e":"5 minutes"},"schema":{"@context":"https:\/\/schema.org","@graph":[{"@type":"Article","@id":"https:\/\/flamencomadrid.com\/es\/artistas-flamencos-madrid\/#article","isPartOf":{"@id":"https:\/\/flamencomadrid.com\/es\/artistas-flamencos-madrid\/"},"author":{"name":"Miguel Blanco","@id":"https:\/\/flamencomadrid.com\/es\/#\/schema\/person\/e60bef1612b66bdb46e0d88400bfab7e"},"headline":"Artistes Flamenco de Madrid : L\u00e9gendes et Figures","datePublished":"2025-09-08T09:30:16+00:00","mainEntityOfPage":{"@id":"https:\/\/flamencomadrid.com\/es\/artistas-flamencos-madrid\/"},"wordCount":2841,"commentCount":0,"image":{"@id":"https:\/\/flamencomadrid.com\/es\/artistas-flamencos-madrid\/#primaryimage"},"thumbnailUrl":"https:\/\/flamencomadrid.com\/wp-content\/uploads\/2025\/09\/artistas-flamencos-de-madrid.jpg","articleSection":["Curiosidades Flamencas"],"inLanguage":"fr-FR","potentialAction":[{"@type":"CommentAction","name":"Comment","target":["https:\/\/flamencomadrid.com\/es\/artistas-flamencos-madrid\/#respond"]}]},{"@type":"WebPage","@id":"https:\/\/flamencomadrid.com\/fr\/artistas-flamencos-madrid\/","url":"https:\/\/flamencomadrid.com\/fr\/artistas-flamencos-madrid\/","name":"Artistes Flamenco de Madrid : L\u00e9gendes et Figures - Flamenco Madrid","isPartOf":{"@id":"https:\/\/flamencomadrid.com\/fr\/#website"},"primaryImageOfPage":{"@id":"https:\/\/flamencomadrid.com\/fr\/artistas-flamencos-madrid\/#primaryimage"},"image":{"@id":"https:\/\/flamencomadrid.com\/es\/artistas-flamencos-madrid\/#primaryimage"},"thumbnailUrl":"https:\/\/flamencomadrid.com\/wp-content\/uploads\/2025\/09\/artistas-flamencos-de-madrid.jpg","datePublished":"2025-09-08T09:30:16+00:00","author":{"@id":"https:\/\/flamencomadrid.com\/es\/#\/schema\/person\/e60bef1612b66bdb46e0d88400bfab7e"},"description":"D\u00e9couvrez les grands artistes flamencos de Madrid : l\u00e9gendes, figures actuelles et talents prometteurs qui portent le comp\u00e1s de la capitale dans leur art.","breadcrumb":{"@id":"https:\/\/flamencomadrid.com\/fr\/artistas-flamencos-madrid\/#breadcrumb"},"inLanguage":"fr-FR","potentialAction":[{"@type":"ReadAction","target":[["https:\/\/flamencomadrid.com\/fr\/artistas-flamencos-madrid\/"]]}]},{"@type":"ImageObject","inLanguage":"fr-FR","@id":"https:\/\/flamencomadrid.com\/fr\/artistas-flamencos-madrid\/#primaryimage","url":"https:\/\/flamencomadrid.com\/wp-content\/uploads\/2025\/09\/artistas-flamencos-de-madrid.jpg","contentUrl":"https:\/\/flamencomadrid.com\/wp-content\/uploads\/2025\/09\/artistas-flamencos-de-madrid.jpg","width":1920,"height":1080,"caption":"Bailaora bailando flamenco frente al Palacio Real en Madrid"},{"@type":"BreadcrumbList","@id":"https:\/\/flamencomadrid.com\/fr\/artistas-flamencos-madrid\/#breadcrumb","itemListElement":[{"@type":"ListItem","position":1,"name":"Home","item":"https:\/\/flamencomadrid.com\/fr\/"},{"@type":"ListItem","position":2,"name":"Artistas Flamencos de Madrid: Leyendas y Figuras"}]},{"@type":"WebSite","@id":"https:\/\/flamencomadrid.com\/fr\/#website","url":"https:\/\/flamencomadrid.com\/fr\/","name":"Flamenco Madrid","description":"Otro sitio realizado con WordPress","potentialAction":[{"@type":"SearchAction","target":{"@type":"EntryPoint","urlTemplate":"https:\/\/flamencomadrid.com\/fr\/?s={search_term_string}"},"query-input":{"@type":"PropertyValueSpecification","valueRequired":true,"valueName":"search_term_string"}}],"inLanguage":"fr-FR"},{"@type":"Person","@id":"https:\/\/flamencomadrid.com\/es\/#\/schema\/person\/e60bef1612b66bdb46e0d88400bfab7e","name":"Miguel Blanco","image":{"@type":"ImageObject","inLanguage":"fr-FR","@id":"https:\/\/secure.gravatar.com\/avatar\/359874fd676a9bfbf3a5d62f8bb888a22a657034662dd62c3669b5e7274a1365?s=96&d=mm&r=g","url":"https:\/\/secure.gravatar.com\/avatar\/359874fd676a9bfbf3a5d62f8bb888a22a657034662dd62c3669b5e7274a1365?s=96&d=mm&r=g","contentUrl":"https:\/\/secure.gravatar.com\/avatar\/359874fd676a9bfbf3a5d62f8bb888a22a657034662dd62c3669b5e7274a1365?s=96&d=mm&r=g","caption":"Miguel Blanco"}}]}},"_links":{"self":[{"href":"https:\/\/flamencomadrid.com\/fr\/wp-json\/wp\/v2\/posts\/1252","targetHints":{"allow":["GET"]}}],"collection":[{"href":"https:\/\/flamencomadrid.com\/fr\/wp-json\/wp\/v2\/posts"}],"about":[{"href":"https:\/\/flamencomadrid.com\/fr\/wp-json\/wp\/v2\/types\/post"}],"author":[{"embeddable":true,"href":"https:\/\/flamencomadrid.com\/fr\/wp-json\/wp\/v2\/users\/6"}],"replies":[{"embeddable":true,"href":"https:\/\/flamencomadrid.com\/fr\/wp-json\/wp\/v2\/comments?post=1252"}],"version-history":[{"count":8,"href":"https:\/\/flamencomadrid.com\/fr\/wp-json\/wp\/v2\/posts\/1252\/revisions"}],"predecessor-version":[{"id":1300,"href":"https:\/\/flamencomadrid.com\/fr\/wp-json\/wp\/v2\/posts\/1252\/revisions\/1300"}],"wp:featuredmedia":[{"embeddable":true,"href":"https:\/\/flamencomadrid.com\/fr\/wp-json\/wp\/v2\/media\/1259"}],"wp:attachment":[{"href":"https:\/\/flamencomadrid.com\/fr\/wp-json\/wp\/v2\/media?parent=1252"}],"wp:term":[{"taxonomy":"category","embeddable":true,"href":"https:\/\/flamencomadrid.com\/fr\/wp-json\/wp\/v2\/categories?post=1252"},{"taxonomy":"post_tag","embeddable":true,"href":"https:\/\/flamencomadrid.com\/fr\/wp-json\/wp\/v2\/tags?post=1252"}],"curies":[{"name":"wp","href":"https:\/\/api.w.org\/{rel}","templated":true}]}}