{"id":1240,"date":"2025-09-01T12:54:26","date_gmt":"2025-09-01T10:54:26","guid":{"rendered":"https:\/\/flamencomadrid.com\/es\/?p=1240"},"modified":"2025-07-30T16:19:55","modified_gmt":"2025-07-30T14:19:55","slug":"barrio-de-las-letras-un-paseo-por-el-corazon-literario-y-flamenco-de-madrid","status":"publish","type":"post","link":"https:\/\/flamencomadrid.com\/fr\/quartier-lettres-flamenco\/","title":{"rendered":"Barrio de las Letras : Le C\u0153ur Flamenco de Madrid"},"content":{"rendered":"<p><\/p>\n<p data-start=\"3535\" data-end=\"3903\">Il y a des quartiers qui ressemblent \u00e0 des cartes postales, et d&rsquo;autres qui ont une \u00e2me. Le <strong data-start=\"3627\" data-end=\"3651\">Barrio de las Letras<\/strong> appartient sans aucun doute \u00e0 la seconde cat\u00e9gorie. Un labyrinthe de rues pi\u00e9tonnes o\u00f9 le sol murmure les vers de <strong data-start=\"3766\" data-end=\"3782\">Lope de Vega<\/strong> et de <strong data-start=\"3789\" data-end=\"3802\">Cervant\u00e8s<\/strong>. C\u2019est l\u2019\u00e9picentre litt\u00e9raire de l\u2019Espagne \u2014 un lieu que tout visiteur de Madrid se doit d\u2019explorer.<\/p>\n<p data-start=\"3905\" data-end=\"4250\">Mais lorsque le soleil se couche, le quartier change de peau. Les histoires des livres se taisent, et une autre musique commence \u00e0 r\u00e9sonner \u2014 une musique qui vient de plus profond, des tripes. Ici, dans les m\u00eames tavernes o\u00f9 s\u2019\u00e9changeaient les contrats d\u2019impression, le <strong data-start=\"4175\" data-end=\"4185\">quej\u00edo<\/strong> du flamenco fait vibrer les nuits madril\u00e8nes depuis des si\u00e8cles.<\/p>\n<h2 data-start=\"4252\" data-end=\"4305\">Un Voyage dans le Si\u00e8cle d\u2019Or \u00e0 Chaque Coin de Rue<\/h2>\n<p data-start=\"4307\" data-end=\"4766\">Marcher dans le <strong data-start=\"4323\" data-end=\"4347\">Barrio de las Letras<\/strong>, c\u2019est entrer dans une machine \u00e0 remonter le temps. <strong data-start=\"4400\" data-end=\"4413\">Cervant\u00e8s<\/strong> y a v\u00e9cu et est mort. Dans la rue qui porte son nom, <strong data-start=\"4467\" data-end=\"4483\">Lope de Vega<\/strong> avait sa maison. <strong data-start=\"4501\" data-end=\"4512\">Quevedo<\/strong> et <strong data-start=\"4516\" data-end=\"4527\">G\u00f3ngora<\/strong>, rivaux \u00e9ternels, se croisaient dans ces m\u00eames places. Le quartier est un mus\u00e9e \u00e0 ciel ouvert : regarde les plaques sur les fa\u00e7ades, et surtout, lis le sol. Les vers dor\u00e9s incrust\u00e9s dans le bitume sont la bande-son id\u00e9ale de ta promenade.<\/p>\n<p data-start=\"4307\" data-end=\"4766\"><img loading=\"lazy\" decoding=\"async\" class=\"aligncenter wp-image-1245 size-full\" src=\"https:\/\/flamencomadrid.com\/wp-content\/uploads\/2025\/09\/calle_de_quevedo_-_madrid_-_ruiz_de_luna_01.png\" alt=\"Placa de la Calle de Quevedo ubicada en el Barrio de las Letras\" width=\"825\" height=\"732\" \/><\/p>\n<h2 data-start=\"4768\" data-end=\"4833\">Des Caf\u00e9s Cantantes aux Tablaos : L\u2019Autre Histoire du Quartier<\/h2>\n<p data-start=\"4835\" data-end=\"5312\">Mais la nuit dans ce quartier n\u2019\u00e9tait pas faite que de plumes et d\u2019encre. Quand le soleil se couchait, les th\u00e9\u00e2tres et les <strong data-start=\"4958\" data-end=\"4977\">Caf\u00e9s Cantantes<\/strong> s\u2019animaient. C\u2019\u00e9taient les <strong data-start=\"5005\" data-end=\"5016\">tablaos<\/strong> du XIXe si\u00e8cle \u2014 des temples boh\u00e8mes o\u00f9 intellectuels, artistes et aristocrates se r\u00e9unissaient pour vivre la catharsis du flamenco. Ici, entre fum\u00e9e de cigares et tintement de verres, le flamenco madril\u00e8ne a trouv\u00e9 ses racines les plus profondes, devenant l\u2019art universel qu\u2019il est aujourd\u2019hui.<\/p>\n<p data-start=\"5314\" data-end=\"5419\">Cet esprit n\u2019est pas mort. Il a \u00e9volu\u00e9 \u2014 et il vit toujours dans les tablaos du <strong data-start=\"5394\" data-end=\"5418\">Barrio de las Letras<\/strong>.<\/p>\n<h2 data-start=\"5421\" data-end=\"5481\">Plaza de Santa Ana : Le C\u0153ur Battant du Flamenco \u00e0 Madrid<\/h2>\n<p data-start=\"5483\" data-end=\"6007\">Toute cette \u00e9nergie converge en un seul lieu : la <strong data-start=\"5533\" data-end=\"5555\">Plaza de Santa Ana<\/strong>. C\u2019est le grand salon \u00e0 ciel ouvert de Madrid, domin\u00e9 par le majestueux <strong data-start=\"5628\" data-end=\"5646\">Teatro Espa\u00f1ol<\/strong>. C\u2019est le v\u00e9ritable kilom\u00e8tre z\u00e9ro de la sc\u00e8ne artistique madril\u00e8ne. Ce n\u2019est pas un hasard si la c\u00e9l\u00e8bre <strong data-start=\"5753\" data-end=\"5774\">statue du bailaor<\/strong> se dresse ici \u2014 un hommage aux artistes qui ont fait de cette place leur maison. S\u2019asseoir \u00e0 l\u2019une de ses terrasses, c\u2019est sentir battre le c\u0153ur d\u2019un quartier qui, comme le dit <strong data-start=\"5952\" data-end=\"5968\">esmadrid.com<\/strong>, est le noyau culturel de la capitale.<\/p>\n<p data-start=\"5483\" data-end=\"6007\"><img loading=\"lazy\" decoding=\"async\" class=\"aligncenter wp-image-1244 size-large\" src=\"https:\/\/flamencomadrid.com\/wp-content\/uploads\/2025\/09\/plaza-santa-ana-1024x576.jpg\" alt=\"Plaza de Santa Ana con la estatua de Lorca en primer plano\" width=\"900\" height=\"506\" \/><\/p>\n<h2 data-start=\"6009\" data-end=\"6081\">Vis le Barrio de las Letras Aujourd\u2019hui : Ta Soir\u00e9e Flamenco T\u2019attend<\/h2>\n<p data-start=\"6083\" data-end=\"6464\">Aujourd\u2019hui, l\u2019esprit des <strong data-start=\"6109\" data-end=\"6128\">Caf\u00e9s Cantantes<\/strong> est plus vivant que jamais dans les tablaos modernes. L\u2019essence \u2014 cette qu\u00eate d\u2019\u00e9motion pure, d\u2019un art qui transperce \u2014 est rest\u00e9e intacte. Fl\u00e2ner dans le quartier, d\u00eener dans une taverne, puis terminer la soir\u00e9e par un spectacle de flamenco, ce n\u2019est pas un plan touristique \u2014 c\u2019est vivre Madrid dans ce qu\u2019elle a de plus authentique.<\/p>\n<p data-start=\"6466\" data-end=\"6588\">La question n\u2019est plus de savoir <strong data-start=\"6499\" data-end=\"6505\">si<\/strong> tu dois vivre une soir\u00e9e flamenco \u00e0 Madrid \u2014 mais <strong data-start=\"6556\" data-end=\"6568\">laquelle<\/strong> rendre inoubliable.<\/p>\n<blockquote data-start=\"6590\" data-end=\"6829\">\n<h3 data-start=\"6592\" data-end=\"6649\">Envie de vivre une nuit de flamenco authentique ?<\/h3>\n<p data-start=\"6652\" data-end=\"6829\"><a href=\"https:\/\/flamencomadrid.com\/fr\/les-6-meilleurs-spectacles-de-flamenco-a-madrid\/\"><strong data-start=\"6652\" data-end=\"6763\">D\u00e9couvre notre Guide Ultime des Meilleurs Tablaos Flamencos de Madrid<\/strong><\/a><br data-start=\"6763\" data-end=\"6766\" \/>Explore les joyaux du quartier et choisis ta soir\u00e9e parfaite.<\/p>\n<\/blockquote>\n<p><\/p>","protected":false},"excerpt":{"rendered":"Il y a des quartiers qui ressemblent \u00e0 des cartes postales, et d&rsquo;autres qui ont une \u00e2me. Le Barrio de las Letras appartient sans aucun doute \u00e0 la seconde cat\u00e9gorie. Un labyrinthe de rues pi\u00e9tonnes o\u00f9 le sol murmure les vers de Lope de Vega et de Cervant\u00e8s. C\u2019est l\u2019\u00e9picentre litt\u00e9raire de l\u2019Espagne \u2014 un&#8230;","protected":false},"author":6,"featured_media":1243,"comment_status":"open","ping_status":"open","sticky":false,"template":"","format":"standard","meta":{"_acf_changed":false,"footnotes":""},"categories":[13],"tags":[],"class_list":["post-1240","post","type-post","status-publish","format-standard","has-post-thumbnail","hentry","category-curiosidades-flamencas"],"acf":[],"yoast_head":"<!-- This site is optimized with the Yoast SEO plugin v27.4 - https:\/\/yoast.com\/product\/yoast-seo-wordpress\/ -->\n<title>Barrio de las Letras : Le C\u0153ur Flamenco de Madrid - Flamenco Madrid<\/title>\n<meta name=\"description\" content=\"D\u00e9couvrez l\u2019\u00e2me du flamenco dans le Quartier des Lettres, o\u00f9 l\u2019histoire et le duende se rencontrent chaque soir \u00e0 Madrid.\" \/>\n<meta name=\"robots\" content=\"index, follow, max-snippet:-1, max-image-preview:large, max-video-preview:-1\" \/>\n<link rel=\"canonical\" href=\"\/\" \/>\n<meta property=\"og:locale\" content=\"fr_FR\" \/>\n<meta property=\"og:type\" content=\"article\" \/>\n<meta property=\"og:title\" content=\"Barrio de las Letras : Le C\u0153ur Flamenco de Madrid - Flamenco Madrid\" \/>\n<meta property=\"og:description\" content=\"D\u00e9couvrez l\u2019\u00e2me du flamenco dans le Quartier des Lettres, o\u00f9 l\u2019histoire et le duende se rencontrent chaque soir \u00e0 Madrid.\" \/>\n<meta property=\"og:url\" content=\"https:\/\/flamencomadrid.com\/fr\/barrio-letras-flamenco\/\" \/>\n<meta property=\"og:site_name\" content=\"Flamenco Madrid\" \/>\n<meta property=\"article:published_time\" content=\"2025-09-01T10:54:26+00:00\" \/>\n<meta property=\"og:image\" content=\"https:\/\/flamencomadrid.com\/wp-content\/uploads\/2025\/09\/emilia_pardo_bazan_con_logo.jpg\" \/>\n\t<meta property=\"og:image:width\" content=\"2048\" \/>\n\t<meta property=\"og:image:height\" content=\"1113\" \/>\n\t<meta property=\"og:image:type\" content=\"image\/jpeg\" \/>\n<meta name=\"author\" content=\"Miguel Blanco\" \/>\n<meta name=\"twitter:card\" content=\"summary_large_image\" \/>\n<meta name=\"twitter:label1\" content=\"\u00c9crit par\" \/>\n\t<meta name=\"twitter:data1\" content=\"Miguel Blanco\" \/>\n\t<meta name=\"twitter:label2\" content=\"Dur\u00e9e de lecture estim\u00e9e\" \/>\n\t<meta name=\"twitter:data2\" content=\"4 minutes\" \/>\n<script type=\"application\/ld+json\" class=\"yoast-schema-graph\">{\"@context\":\"https:\\\/\\\/schema.org\",\"@graph\":[{\"@type\":\"Article\",\"@id\":\"https:\\\/\\\/flamencomadrid.com\\\/es\\\/barrio-letras-flamenco\\\/#article\",\"isPartOf\":{\"@id\":\"https:\\\/\\\/flamencomadrid.com\\\/es\\\/barrio-letras-flamenco\\\/\"},\"author\":{\"name\":\"Miguel Blanco\",\"@id\":\"https:\\\/\\\/flamencomadrid.com\\\/es\\\/#\\\/schema\\\/person\\\/e60bef1612b66bdb46e0d88400bfab7e\"},\"headline\":\"Barrio de las Letras : Le C\u0153ur Flamenco de Madrid\",\"datePublished\":\"2025-09-01T10:54:26+00:00\",\"mainEntityOfPage\":{\"@id\":\"https:\\\/\\\/flamencomadrid.com\\\/es\\\/barrio-letras-flamenco\\\/\"},\"wordCount\":2298,\"commentCount\":0,\"image\":{\"@id\":\"https:\\\/\\\/flamencomadrid.com\\\/es\\\/barrio-letras-flamenco\\\/#primaryimage\"},\"thumbnailUrl\":\"https:\\\/\\\/flamencomadrid.com\\\/wp-content\\\/uploads\\\/2025\\\/09\\\/emilia_pardo_bazan_con_logo.jpg\",\"articleSection\":[\"Curiosidades Flamencas\"],\"inLanguage\":\"fr-FR\",\"potentialAction\":[{\"@type\":\"CommentAction\",\"name\":\"Comment\",\"target\":[\"https:\\\/\\\/flamencomadrid.com\\\/es\\\/barrio-letras-flamenco\\\/#respond\"]}]},{\"@type\":\"WebPage\",\"@id\":\"https:\\\/\\\/flamencomadrid.com\\\/fr\\\/barrio-letras-flamenco\\\/\",\"url\":\"https:\\\/\\\/flamencomadrid.com\\\/fr\\\/barrio-letras-flamenco\\\/\",\"name\":\"Barrio de las Letras : Le C\u0153ur Flamenco de Madrid - Flamenco Madrid\",\"isPartOf\":{\"@id\":\"https:\\\/\\\/flamencomadrid.com\\\/fr\\\/#website\"},\"primaryImageOfPage\":{\"@id\":\"https:\\\/\\\/flamencomadrid.com\\\/fr\\\/barrio-letras-flamenco\\\/#primaryimage\"},\"image\":{\"@id\":\"https:\\\/\\\/flamencomadrid.com\\\/es\\\/barrio-letras-flamenco\\\/#primaryimage\"},\"thumbnailUrl\":\"https:\\\/\\\/flamencomadrid.com\\\/wp-content\\\/uploads\\\/2025\\\/09\\\/emilia_pardo_bazan_con_logo.jpg\",\"datePublished\":\"2025-09-01T10:54:26+00:00\",\"author\":{\"@id\":\"https:\\\/\\\/flamencomadrid.com\\\/es\\\/#\\\/schema\\\/person\\\/e60bef1612b66bdb46e0d88400bfab7e\"},\"description\":\"D\u00e9couvrez l\u2019\u00e2me du flamenco dans le Quartier des Lettres, o\u00f9 l\u2019histoire et le duende se rencontrent chaque soir \u00e0 Madrid.\",\"breadcrumb\":{\"@id\":\"https:\\\/\\\/flamencomadrid.com\\\/fr\\\/barrio-letras-flamenco\\\/#breadcrumb\"},\"inLanguage\":\"fr-FR\",\"potentialAction\":[{\"@type\":\"ReadAction\",\"target\":[[\"https:\\\/\\\/flamencomadrid.com\\\/fr\\\/barrio-letras-flamenco\\\/\"]]}]},{\"@type\":\"ImageObject\",\"inLanguage\":\"fr-FR\",\"@id\":\"https:\\\/\\\/flamencomadrid.com\\\/fr\\\/barrio-letras-flamenco\\\/#primaryimage\",\"url\":\"https:\\\/\\\/flamencomadrid.com\\\/wp-content\\\/uploads\\\/2025\\\/09\\\/emilia_pardo_bazan_con_logo.jpg\",\"contentUrl\":\"https:\\\/\\\/flamencomadrid.com\\\/wp-content\\\/uploads\\\/2025\\\/09\\\/emilia_pardo_bazan_con_logo.jpg\",\"width\":2048,\"height\":1113,\"caption\":\"Calle empedrada del Barrio de las Letras en Madrid con uno de los famosos versos dorados en el suelo.\"},{\"@type\":\"BreadcrumbList\",\"@id\":\"https:\\\/\\\/flamencomadrid.com\\\/fr\\\/barrio-letras-flamenco\\\/#breadcrumb\",\"itemListElement\":[{\"@type\":\"ListItem\",\"position\":1,\"name\":\"Home\",\"item\":\"https:\\\/\\\/flamencomadrid.com\\\/fr\\\/\"},{\"@type\":\"ListItem\",\"position\":2,\"name\":\"Barrio de las Letras: Un Paseo por el Coraz\u00f3n Literario y Flamenco de Madrid\"}]},{\"@type\":\"WebSite\",\"@id\":\"https:\\\/\\\/flamencomadrid.com\\\/fr\\\/#website\",\"url\":\"https:\\\/\\\/flamencomadrid.com\\\/fr\\\/\",\"name\":\"Flamenco Madrid\",\"description\":\"Otro sitio realizado con WordPress\",\"potentialAction\":[{\"@type\":\"SearchAction\",\"target\":{\"@type\":\"EntryPoint\",\"urlTemplate\":\"https:\\\/\\\/flamencomadrid.com\\\/fr\\\/?s={search_term_string}\"},\"query-input\":{\"@type\":\"PropertyValueSpecification\",\"valueRequired\":true,\"valueName\":\"search_term_string\"}}],\"inLanguage\":\"fr-FR\"},{\"@type\":\"Person\",\"@id\":\"https:\\\/\\\/flamencomadrid.com\\\/es\\\/#\\\/schema\\\/person\\\/e60bef1612b66bdb46e0d88400bfab7e\",\"name\":\"Miguel Blanco\",\"image\":{\"@type\":\"ImageObject\",\"inLanguage\":\"fr-FR\",\"@id\":\"https:\\\/\\\/secure.gravatar.com\\\/avatar\\\/359874fd676a9bfbf3a5d62f8bb888a22a657034662dd62c3669b5e7274a1365?s=96&d=mm&r=g\",\"url\":\"https:\\\/\\\/secure.gravatar.com\\\/avatar\\\/359874fd676a9bfbf3a5d62f8bb888a22a657034662dd62c3669b5e7274a1365?s=96&d=mm&r=g\",\"contentUrl\":\"https:\\\/\\\/secure.gravatar.com\\\/avatar\\\/359874fd676a9bfbf3a5d62f8bb888a22a657034662dd62c3669b5e7274a1365?s=96&d=mm&r=g\",\"caption\":\"Miguel Blanco\"}}]}<\/script>\n<!-- \/ Yoast SEO plugin. -->","yoast_head_json":{"title":"Barrio de las Letras : Le C\u0153ur Flamenco de Madrid - Flamenco Madrid","description":"D\u00e9couvrez l\u2019\u00e2me du flamenco dans le Quartier des Lettres, o\u00f9 l\u2019histoire et le duende se rencontrent chaque soir \u00e0 Madrid.","robots":{"index":"index","follow":"follow","max-snippet":"max-snippet:-1","max-image-preview":"max-image-preview:large","max-video-preview":"max-video-preview:-1"},"canonical":"\/","og_locale":"fr_FR","og_type":"article","og_title":"Barrio de las Letras : Le C\u0153ur Flamenco de Madrid - Flamenco Madrid","og_description":"D\u00e9couvrez l\u2019\u00e2me du flamenco dans le Quartier des Lettres, o\u00f9 l\u2019histoire et le duende se rencontrent chaque soir \u00e0 Madrid.","og_url":"https:\/\/flamencomadrid.com\/fr\/barrio-letras-flamenco\/","og_site_name":"Flamenco Madrid","article_published_time":"2025-09-01T10:54:26+00:00","og_image":[{"width":2048,"height":1113,"url":"https:\/\/flamencomadrid.com\/wp-content\/uploads\/2025\/09\/emilia_pardo_bazan_con_logo.jpg","type":"image\/jpeg"}],"author":"Miguel Blanco","twitter_card":"summary_large_image","twitter_misc":{"\u00c9crit par":"Miguel Blanco","Dur\u00e9e de lecture estim\u00e9e":"4 minutes"},"schema":{"@context":"https:\/\/schema.org","@graph":[{"@type":"Article","@id":"https:\/\/flamencomadrid.com\/es\/barrio-letras-flamenco\/#article","isPartOf":{"@id":"https:\/\/flamencomadrid.com\/es\/barrio-letras-flamenco\/"},"author":{"name":"Miguel Blanco","@id":"https:\/\/flamencomadrid.com\/es\/#\/schema\/person\/e60bef1612b66bdb46e0d88400bfab7e"},"headline":"Barrio de las Letras : Le C\u0153ur Flamenco de Madrid","datePublished":"2025-09-01T10:54:26+00:00","mainEntityOfPage":{"@id":"https:\/\/flamencomadrid.com\/es\/barrio-letras-flamenco\/"},"wordCount":2298,"commentCount":0,"image":{"@id":"https:\/\/flamencomadrid.com\/es\/barrio-letras-flamenco\/#primaryimage"},"thumbnailUrl":"https:\/\/flamencomadrid.com\/wp-content\/uploads\/2025\/09\/emilia_pardo_bazan_con_logo.jpg","articleSection":["Curiosidades Flamencas"],"inLanguage":"fr-FR","potentialAction":[{"@type":"CommentAction","name":"Comment","target":["https:\/\/flamencomadrid.com\/es\/barrio-letras-flamenco\/#respond"]}]},{"@type":"WebPage","@id":"https:\/\/flamencomadrid.com\/fr\/barrio-letras-flamenco\/","url":"https:\/\/flamencomadrid.com\/fr\/barrio-letras-flamenco\/","name":"Barrio de las Letras : Le C\u0153ur Flamenco de Madrid - Flamenco Madrid","isPartOf":{"@id":"https:\/\/flamencomadrid.com\/fr\/#website"},"primaryImageOfPage":{"@id":"https:\/\/flamencomadrid.com\/fr\/barrio-letras-flamenco\/#primaryimage"},"image":{"@id":"https:\/\/flamencomadrid.com\/es\/barrio-letras-flamenco\/#primaryimage"},"thumbnailUrl":"https:\/\/flamencomadrid.com\/wp-content\/uploads\/2025\/09\/emilia_pardo_bazan_con_logo.jpg","datePublished":"2025-09-01T10:54:26+00:00","author":{"@id":"https:\/\/flamencomadrid.com\/es\/#\/schema\/person\/e60bef1612b66bdb46e0d88400bfab7e"},"description":"D\u00e9couvrez l\u2019\u00e2me du flamenco dans le Quartier des Lettres, o\u00f9 l\u2019histoire et le duende se rencontrent chaque soir \u00e0 Madrid.","breadcrumb":{"@id":"https:\/\/flamencomadrid.com\/fr\/barrio-letras-flamenco\/#breadcrumb"},"inLanguage":"fr-FR","potentialAction":[{"@type":"ReadAction","target":[["https:\/\/flamencomadrid.com\/fr\/barrio-letras-flamenco\/"]]}]},{"@type":"ImageObject","inLanguage":"fr-FR","@id":"https:\/\/flamencomadrid.com\/fr\/barrio-letras-flamenco\/#primaryimage","url":"https:\/\/flamencomadrid.com\/wp-content\/uploads\/2025\/09\/emilia_pardo_bazan_con_logo.jpg","contentUrl":"https:\/\/flamencomadrid.com\/wp-content\/uploads\/2025\/09\/emilia_pardo_bazan_con_logo.jpg","width":2048,"height":1113,"caption":"Calle empedrada del Barrio de las Letras en Madrid con uno de los famosos versos dorados en el suelo."},{"@type":"BreadcrumbList","@id":"https:\/\/flamencomadrid.com\/fr\/barrio-letras-flamenco\/#breadcrumb","itemListElement":[{"@type":"ListItem","position":1,"name":"Home","item":"https:\/\/flamencomadrid.com\/fr\/"},{"@type":"ListItem","position":2,"name":"Barrio de las Letras: Un Paseo por el Coraz\u00f3n Literario y Flamenco de Madrid"}]},{"@type":"WebSite","@id":"https:\/\/flamencomadrid.com\/fr\/#website","url":"https:\/\/flamencomadrid.com\/fr\/","name":"Flamenco Madrid","description":"Otro sitio realizado con WordPress","potentialAction":[{"@type":"SearchAction","target":{"@type":"EntryPoint","urlTemplate":"https:\/\/flamencomadrid.com\/fr\/?s={search_term_string}"},"query-input":{"@type":"PropertyValueSpecification","valueRequired":true,"valueName":"search_term_string"}}],"inLanguage":"fr-FR"},{"@type":"Person","@id":"https:\/\/flamencomadrid.com\/es\/#\/schema\/person\/e60bef1612b66bdb46e0d88400bfab7e","name":"Miguel Blanco","image":{"@type":"ImageObject","inLanguage":"fr-FR","@id":"https:\/\/secure.gravatar.com\/avatar\/359874fd676a9bfbf3a5d62f8bb888a22a657034662dd62c3669b5e7274a1365?s=96&d=mm&r=g","url":"https:\/\/secure.gravatar.com\/avatar\/359874fd676a9bfbf3a5d62f8bb888a22a657034662dd62c3669b5e7274a1365?s=96&d=mm&r=g","contentUrl":"https:\/\/secure.gravatar.com\/avatar\/359874fd676a9bfbf3a5d62f8bb888a22a657034662dd62c3669b5e7274a1365?s=96&d=mm&r=g","caption":"Miguel Blanco"}}]}},"_links":{"self":[{"href":"https:\/\/flamencomadrid.com\/fr\/wp-json\/wp\/v2\/posts\/1240","targetHints":{"allow":["GET"]}}],"collection":[{"href":"https:\/\/flamencomadrid.com\/fr\/wp-json\/wp\/v2\/posts"}],"about":[{"href":"https:\/\/flamencomadrid.com\/fr\/wp-json\/wp\/v2\/types\/post"}],"author":[{"embeddable":true,"href":"https:\/\/flamencomadrid.com\/fr\/wp-json\/wp\/v2\/users\/6"}],"replies":[{"embeddable":true,"href":"https:\/\/flamencomadrid.com\/fr\/wp-json\/wp\/v2\/comments?post=1240"}],"version-history":[{"count":5,"href":"https:\/\/flamencomadrid.com\/fr\/wp-json\/wp\/v2\/posts\/1240\/revisions"}],"predecessor-version":[{"id":1289,"href":"https:\/\/flamencomadrid.com\/fr\/wp-json\/wp\/v2\/posts\/1240\/revisions\/1289"}],"wp:featuredmedia":[{"embeddable":true,"href":"https:\/\/flamencomadrid.com\/fr\/wp-json\/wp\/v2\/media\/1243"}],"wp:attachment":[{"href":"https:\/\/flamencomadrid.com\/fr\/wp-json\/wp\/v2\/media?parent=1240"}],"wp:term":[{"taxonomy":"category","embeddable":true,"href":"https:\/\/flamencomadrid.com\/fr\/wp-json\/wp\/v2\/categories?post=1240"},{"taxonomy":"post_tag","embeddable":true,"href":"https:\/\/flamencomadrid.com\/fr\/wp-json\/wp\/v2\/tags?post=1240"}],"curies":[{"name":"wp","href":"https:\/\/api.w.org\/{rel}","templated":true}]}}