{"id":1225,"date":"2025-08-25T12:01:49","date_gmt":"2025-08-25T10:01:49","guid":{"rendered":"https:\/\/flamencomadrid.com\/es\/?p=1225"},"modified":"2025-07-17T13:11:29","modified_gmt":"2025-07-17T11:11:29","slug":"toros-y-duende-la-pasion-comun-del-flamenco-y-la-tauromaquia-en-madrid","status":"publish","type":"post","link":"https:\/\/flamencomadrid.com\/fr\/espanol-toros-y-duende-la-pasion-comun-del-flamenco-y-la-tauromaquia-en-madrid\/","title":{"rendered":"Toros et Duende : La Passion Commune du Flamenco et de la Tauromachie \u00e0 Madrid"},"content":{"rendered":"<p><\/p>\n<p data-start=\"1235\" data-end=\"1513\"><strong data-start=\"1235\" data-end=\"1295\">Madrid est une ville que l&rsquo;on vit avec l&rsquo;\u00e2me en suspens.<\/strong> C\u2019est le vacarme de la Gran V\u00eda et le silence dense qui pr\u00e9c\u00e8de une \u0153uvre d\u2019art. Dans l\u2019ADN de cette identit\u00e9 madril\u00e8ne, deux univers parall\u00e8les battent avec le m\u00eame c\u0153ur passionn\u00e9 : <strong data-start=\"1479\" data-end=\"1512\">la tauromachie et le flamenco<\/strong>.<\/p>\n<p data-start=\"1515\" data-end=\"1785\">Bien que le sable de Las Ventas et les planches d\u2019un <strong data-start=\"1568\" data-end=\"1587\">tablao flamenco<\/strong> du Madrid des Habsbourg puissent sembler appartenir \u00e0 des mondes diff\u00e9rents, ils partagent un langage secret forg\u00e9 dans la v\u00e9rit\u00e9, le risque et cette force inexplicable que l\u2019on appelle <strong data-start=\"1774\" data-end=\"1784\">duende<\/strong>.<\/p>\n<h4 data-start=\"1787\" data-end=\"1843\">Une Sc\u00e8ne de V\u00e9rit\u00e9 : De l\u2019Ar\u00e8ne au Tablao Flamenco<\/h4>\n<p data-start=\"1845\" data-end=\"1959\">Tant l\u2019ar\u00e8ne que le tablao sont des temples o\u00f9 le mensonge n\u2019a pas sa place. Ce sont des sc\u00e8nes de v\u00e9rit\u00e9 absolue.<\/p>\n<ul data-start=\"1961\" data-end=\"2431\">\n<li data-start=\"1961\" data-end=\"2159\">\n<p data-start=\"1963\" data-end=\"2159\"><strong data-start=\"1963\" data-end=\"1986\">Dans la tauromachie<\/strong>, le torero affronte la mort physique. Son art consiste \u00e0 transformer le chaos d\u2019une charge en une danse de ma\u00eetrise et de g\u00e9om\u00e9trie. Chaque passe est un verdict instantan\u00e9.<\/p>\n<\/li>\n<li data-start=\"2161\" data-end=\"2431\">\n<p data-start=\"2163\" data-end=\"2431\"><strong data-start=\"2163\" data-end=\"2183\">Dans le flamenco<\/strong>, l\u2019artiste fait face \u00e0 l\u2019ab\u00eeme de ses propres \u00e9motions. Un <strong data-start=\"2243\" data-end=\"2258\">cante jondo<\/strong> d\u00e9chire l\u2019\u00e2me, un <strong data-start=\"2277\" data-end=\"2290\">zapateado<\/strong> furieux mart\u00e8le les planches comme un c\u0153ur affol\u00e9. Dans un <strong data-start=\"2350\" data-end=\"2394\">v\u00e9ritable spectacle de flamenco \u00e0 Madrid<\/strong>, il y a la v\u00e9rit\u00e9, ou il n\u2019y a rien.<img loading=\"lazy\" decoding=\"async\" class=\"aligncenter wp-image-1229 size-large\" src=\"https:\/\/flamencomadrid.com\/wp-content\/uploads\/2025\/08\/flamenco-y-toros-1024x683.jpg\" alt=\"Bailaora en vestido rojo realizando un pase taurino con un mant\u00f3n frente a un toro\" width=\"900\" height=\"600\" \/><\/p>\n<\/li>\n<\/ul>\n<h2 data-start=\"1570\" data-end=\"1624\"><strong data-start=\"1578\" data-end=\"1624\">Le Duende : la lutte qui fait na\u00eetre l\u2019art<\/strong><\/h2>\n<p data-start=\"1626\" data-end=\"1828\">Federico Garc\u00eda Lorca, nourri par les deux mondes, l\u2019a d\u00e9crit magistralement. Le duende n\u2019est pas l\u2019inspiration, c\u2019est le combat. \u00ab C\u2019est une force et non une \u0153uvre, c\u2019est une lutte et non une pens\u00e9e. \u00bb<\/p>\n<p data-start=\"1830\" data-end=\"2210\">Ce duende, c\u2019est le \u00ab \u00a1Ol\u00e9! \u00bb qui s\u2019\u00e9chappe des entrailles du public aux ar\u00e8nes de Las Ventas face \u00e0 un naturel \u00e9ternel. C\u2019est ce m\u00eame frisson qui parcourt l\u2019\u00e9chine du spectateur dans un tablao, lorsque le <strong data-start=\"2036\" data-end=\"2046\">quej\u00edo<\/strong> d\u2019un cantaor, le vol des mains d\u2019une <strong data-start=\"2084\" data-end=\"2096\">bailaora<\/strong> ou le grattement d\u2019une <strong data-start=\"2120\" data-end=\"2141\">guitare espagnole<\/strong> brisent le silence et le remplissent d\u2019une \u00e9motion presque tangible.<\/p>\n<p data-start=\"2212\" data-end=\"2289\">Dans les deux univers, la conscience de la mort nourrit une explosion de vie.<\/p>\n<h2 data-start=\"2291\" data-end=\"2331\"><strong data-start=\"2294\" data-end=\"2331\">Le langage corporel de la passion<\/strong><\/h2>\n<p data-start=\"2333\" data-end=\"2460\">La connexion est visible, presque physique. Il existe un vocabulaire gestuel qui unit <strong data-start=\"2419\" data-end=\"2430\">toreros<\/strong> et <strong data-start=\"2434\" data-end=\"2458\">danseurs de flamenco<\/strong> :<\/p>\n<ul data-start=\"2462\" data-end=\"3016\">\n<li data-start=\"2462\" data-end=\"2594\">\n<p data-start=\"2464\" data-end=\"2594\"><strong data-start=\"2464\" data-end=\"2494\">La prestance et l\u2019attitude<\/strong> : La m\u00eame verticalit\u00e9 fi\u00e8re et provocante du matador se retrouve dans la pose du bailaor sur sc\u00e8ne.<\/p>\n<\/li>\n<li data-start=\"2595\" data-end=\"2719\">\n<p data-start=\"2597\" data-end=\"2719\"><strong data-start=\"2597\" data-end=\"2626\">Le mouvement des poignets<\/strong> : Le subtil mais ferme mouvement du capote est le cousin du floreo des mains d\u2019une bailaora.<\/p>\n<\/li>\n<li data-start=\"2720\" data-end=\"3016\">\n<p data-start=\"2722\" data-end=\"3016\"><strong data-start=\"2722\" data-end=\"2761\">La ma\u00eetrise du rythme et du silence<\/strong> : Dans le flamenco, le comp\u00e1s est une loi. La corrida aussi a son propre rythme : ses pauses, ses acc\u00e9l\u00e9rations et surtout ses silences remplis de tension. Un silence dans l\u2019ar\u00e8ne peut \u00eatre aussi tonitruant que celui qui pr\u00e9c\u00e8de un climax dans le tablao.<\/p>\n<\/li>\n<\/ul>\n<p><img loading=\"lazy\" decoding=\"async\" class=\"aligncenter wp-image-1227 size-large\" src=\"https:\/\/flamencomadrid.com\/wp-content\/uploads\/2025\/07\/flamenca-y-toros-3-1-1024x683.png\" alt=\"Imagen de Flamenca con movimiento de mu\u00f1ecas en FlamencoMadrid\" width=\"900\" height=\"600\" \/><\/p>\n<h2 data-start=\"697\" data-end=\"764\"><strong data-start=\"705\" data-end=\"764\">O\u00f9 Vivre Cette Passion ? Le Meilleur Flamenco de Madrid<\/strong><\/h2>\n<p data-start=\"766\" data-end=\"963\">Madrid est le creuset o\u00f9 ces arts se rencontrent. Comprendre l\u2019un aide \u00e0 ressentir l\u2019autre avec plus de profondeur. Mais o\u00f9 trouver aujourd\u2019hui ce <em data-start=\"913\" data-end=\"921\">duende<\/em> authentique, cette \u00e9motion \u00e0 l\u2019\u00e9tat pur ?<\/p>\n<p data-start=\"965\" data-end=\"1131\">Pour ceux qui recherchent un <strong data-start=\"994\" data-end=\"1028\">spectacle de flamenco \u00e0 Madrid<\/strong> enracin\u00e9 dans cette tradition, voici deux recommandations incontournables, chacune avec sa propre \u00e2me.<\/p>\n<p data-start=\"1133\" data-end=\"1295\"><strong><a href=\"https:\/\/flamencomadrid.com\/fr\/blog-flamenco\/\">Consultez les horaires, les artistes et r\u00e9servez votre place pour une soir\u00e9e inoubliable. Explorez les meilleurs tablaos et spectacles sur flamencomadrid.com.<\/a><\/strong><\/p>\n<p><\/p>","protected":false},"excerpt":{"rendered":"Madrid est une ville que l&rsquo;on vit avec l&rsquo;\u00e2me en suspens. C\u2019est le vacarme de la Gran V\u00eda et le silence dense qui pr\u00e9c\u00e8de une \u0153uvre d\u2019art. Dans l\u2019ADN de cette identit\u00e9 madril\u00e8ne, deux univers parall\u00e8les battent avec le m\u00eame c\u0153ur passionn\u00e9 : la tauromachie et le flamenco. Bien que le sable de Las Ventas&#8230;","protected":false},"author":6,"featured_media":1231,"comment_status":"open","ping_status":"open","sticky":false,"template":"","format":"standard","meta":{"_acf_changed":false,"footnotes":""},"categories":[13],"tags":[],"class_list":["post-1225","post","type-post","status-publish","format-standard","has-post-thumbnail","hentry","category-curiosidades-flamencas"],"acf":[],"yoast_head":"<!-- This site is optimized with the Yoast SEO plugin v27.4 - https:\/\/yoast.com\/product\/yoast-seo-wordpress\/ -->\n<title>Toros et Duende : La Passion Commune du Flamenco et de la Tauromachie \u00e0 Madrid - Flamenco Madrid<\/title>\n<meta name=\"description\" content=\"\u00c0 Madrid, flamenco et tauromachie se rejoignent : regard passionn\u00e9 sur le duende, l\u2019\u00e9motion, le rythme et l\u2019art partag\u00e9 entre tablaos et ar\u00e8nes.\" \/>\n<meta name=\"robots\" content=\"index, follow, max-snippet:-1, max-image-preview:large, max-video-preview:-1\" \/>\n<link rel=\"canonical\" href=\"\/\" \/>\n<meta property=\"og:locale\" content=\"fr_FR\" \/>\n<meta property=\"og:type\" content=\"article\" \/>\n<meta property=\"og:title\" content=\"Toros et Duende : La Passion Commune du Flamenco et de la Tauromachie \u00e0 Madrid - Flamenco Madrid\" \/>\n<meta property=\"og:description\" content=\"\u00c0 Madrid, flamenco et tauromachie se rejoignent : regard passionn\u00e9 sur le duende, l\u2019\u00e9motion, le rythme et l\u2019art partag\u00e9 entre tablaos et ar\u00e8nes.\" \/>\n<meta property=\"og:url\" content=\"https:\/\/flamencomadrid.com\/fr\/toros-y-duende-la-pasion-comun-del-flamenco-y-la-tauromaquia-en-madrid\/\" \/>\n<meta property=\"og:site_name\" content=\"Flamenco Madrid\" \/>\n<meta property=\"article:published_time\" content=\"2025-08-25T10:01:49+00:00\" \/>\n<meta property=\"og:image\" content=\"https:\/\/flamencomadrid.com\/wp-content\/uploads\/2025\/08\/toros-y-flamenco.jpg\" \/>\n\t<meta property=\"og:image:width\" content=\"1536\" \/>\n\t<meta property=\"og:image:height\" content=\"1024\" \/>\n\t<meta property=\"og:image:type\" content=\"image\/jpeg\" \/>\n<meta name=\"author\" content=\"Miguel Blanco\" \/>\n<meta name=\"twitter:card\" content=\"summary_large_image\" \/>\n<meta name=\"twitter:label1\" content=\"\u00c9crit par\" \/>\n\t<meta name=\"twitter:data1\" content=\"Miguel Blanco\" \/>\n\t<meta name=\"twitter:label2\" content=\"Dur\u00e9e de lecture estim\u00e9e\" \/>\n\t<meta name=\"twitter:data2\" content=\"3 minutes\" \/>\n<script type=\"application\/ld+json\" class=\"yoast-schema-graph\">{\"@context\":\"https:\\\/\\\/schema.org\",\"@graph\":[{\"@type\":\"Article\",\"@id\":\"https:\\\/\\\/flamencomadrid.com\\\/es\\\/toros-y-duende-la-pasion-comun-del-flamenco-y-la-tauromaquia-en-madrid\\\/#article\",\"isPartOf\":{\"@id\":\"https:\\\/\\\/flamencomadrid.com\\\/es\\\/toros-y-duende-la-pasion-comun-del-flamenco-y-la-tauromaquia-en-madrid\\\/\"},\"author\":{\"name\":\"Miguel Blanco\",\"@id\":\"https:\\\/\\\/flamencomadrid.com\\\/es\\\/#\\\/schema\\\/person\\\/e60bef1612b66bdb46e0d88400bfab7e\"},\"headline\":\"Toros et Duende : La Passion Commune du Flamenco et de la Tauromachie \u00e0 Madrid\",\"datePublished\":\"2025-08-25T10:01:49+00:00\",\"mainEntityOfPage\":{\"@id\":\"https:\\\/\\\/flamencomadrid.com\\\/es\\\/toros-y-duende-la-pasion-comun-del-flamenco-y-la-tauromaquia-en-madrid\\\/\"},\"wordCount\":2209,\"commentCount\":0,\"image\":{\"@id\":\"https:\\\/\\\/flamencomadrid.com\\\/es\\\/toros-y-duende-la-pasion-comun-del-flamenco-y-la-tauromaquia-en-madrid\\\/#primaryimage\"},\"thumbnailUrl\":\"https:\\\/\\\/flamencomadrid.com\\\/wp-content\\\/uploads\\\/2025\\\/08\\\/toros-y-flamenco.jpg\",\"articleSection\":[\"Curiosidades Flamencas\"],\"inLanguage\":\"fr-FR\",\"potentialAction\":[{\"@type\":\"CommentAction\",\"name\":\"Comment\",\"target\":[\"https:\\\/\\\/flamencomadrid.com\\\/es\\\/toros-y-duende-la-pasion-comun-del-flamenco-y-la-tauromaquia-en-madrid\\\/#respond\"]}]},{\"@type\":\"WebPage\",\"@id\":\"https:\\\/\\\/flamencomadrid.com\\\/fr\\\/toros-y-duende-la-pasion-comun-del-flamenco-y-la-tauromaquia-en-madrid\\\/\",\"url\":\"https:\\\/\\\/flamencomadrid.com\\\/fr\\\/toros-y-duende-la-pasion-comun-del-flamenco-y-la-tauromaquia-en-madrid\\\/\",\"name\":\"Toros et Duende : La Passion Commune du Flamenco et de la Tauromachie \u00e0 Madrid - Flamenco Madrid\",\"isPartOf\":{\"@id\":\"https:\\\/\\\/flamencomadrid.com\\\/fr\\\/#website\"},\"primaryImageOfPage\":{\"@id\":\"https:\\\/\\\/flamencomadrid.com\\\/fr\\\/toros-y-duende-la-pasion-comun-del-flamenco-y-la-tauromaquia-en-madrid\\\/#primaryimage\"},\"image\":{\"@id\":\"https:\\\/\\\/flamencomadrid.com\\\/es\\\/toros-y-duende-la-pasion-comun-del-flamenco-y-la-tauromaquia-en-madrid\\\/#primaryimage\"},\"thumbnailUrl\":\"https:\\\/\\\/flamencomadrid.com\\\/wp-content\\\/uploads\\\/2025\\\/08\\\/toros-y-flamenco.jpg\",\"datePublished\":\"2025-08-25T10:01:49+00:00\",\"author\":{\"@id\":\"https:\\\/\\\/flamencomadrid.com\\\/es\\\/#\\\/schema\\\/person\\\/e60bef1612b66bdb46e0d88400bfab7e\"},\"description\":\"\u00c0 Madrid, flamenco et tauromachie se rejoignent : regard passionn\u00e9 sur le duende, l\u2019\u00e9motion, le rythme et l\u2019art partag\u00e9 entre tablaos et ar\u00e8nes.\",\"breadcrumb\":{\"@id\":\"https:\\\/\\\/flamencomadrid.com\\\/fr\\\/toros-y-duende-la-pasion-comun-del-flamenco-y-la-tauromaquia-en-madrid\\\/#breadcrumb\"},\"inLanguage\":\"fr-FR\",\"potentialAction\":[{\"@type\":\"ReadAction\",\"target\":[[\"https:\\\/\\\/flamencomadrid.com\\\/fr\\\/toros-y-duende-la-pasion-comun-del-flamenco-y-la-tauromaquia-en-madrid\\\/\"]]}]},{\"@type\":\"ImageObject\",\"inLanguage\":\"fr-FR\",\"@id\":\"https:\\\/\\\/flamencomadrid.com\\\/fr\\\/toros-y-duende-la-pasion-comun-del-flamenco-y-la-tauromaquia-en-madrid\\\/#primaryimage\",\"url\":\"https:\\\/\\\/flamencomadrid.com\\\/wp-content\\\/uploads\\\/2025\\\/08\\\/toros-y-flamenco.jpg\",\"contentUrl\":\"https:\\\/\\\/flamencomadrid.com\\\/wp-content\\\/uploads\\\/2025\\\/08\\\/toros-y-flamenco.jpg\",\"width\":1536,\"height\":1024,\"caption\":\"Composici\u00f3n art\u00edstica con torero y bailaora reflejados en poses complementarias para FlamencoMadrid\"},{\"@type\":\"BreadcrumbList\",\"@id\":\"https:\\\/\\\/flamencomadrid.com\\\/fr\\\/toros-y-duende-la-pasion-comun-del-flamenco-y-la-tauromaquia-en-madrid\\\/#breadcrumb\",\"itemListElement\":[{\"@type\":\"ListItem\",\"position\":1,\"name\":\"Home\",\"item\":\"https:\\\/\\\/flamencomadrid.com\\\/fr\\\/\"},{\"@type\":\"ListItem\",\"position\":2,\"name\":\"Toros y Duende: La Pasi\u00f3n Com\u00fan del Flamenco y la Tauromaquia en Madrid\"}]},{\"@type\":\"WebSite\",\"@id\":\"https:\\\/\\\/flamencomadrid.com\\\/fr\\\/#website\",\"url\":\"https:\\\/\\\/flamencomadrid.com\\\/fr\\\/\",\"name\":\"Flamenco Madrid\",\"description\":\"Otro sitio realizado con WordPress\",\"potentialAction\":[{\"@type\":\"SearchAction\",\"target\":{\"@type\":\"EntryPoint\",\"urlTemplate\":\"https:\\\/\\\/flamencomadrid.com\\\/fr\\\/?s={search_term_string}\"},\"query-input\":{\"@type\":\"PropertyValueSpecification\",\"valueRequired\":true,\"valueName\":\"search_term_string\"}}],\"inLanguage\":\"fr-FR\"},{\"@type\":\"Person\",\"@id\":\"https:\\\/\\\/flamencomadrid.com\\\/es\\\/#\\\/schema\\\/person\\\/e60bef1612b66bdb46e0d88400bfab7e\",\"name\":\"Miguel Blanco\",\"image\":{\"@type\":\"ImageObject\",\"inLanguage\":\"fr-FR\",\"@id\":\"https:\\\/\\\/secure.gravatar.com\\\/avatar\\\/359874fd676a9bfbf3a5d62f8bb888a22a657034662dd62c3669b5e7274a1365?s=96&d=mm&r=g\",\"url\":\"https:\\\/\\\/secure.gravatar.com\\\/avatar\\\/359874fd676a9bfbf3a5d62f8bb888a22a657034662dd62c3669b5e7274a1365?s=96&d=mm&r=g\",\"contentUrl\":\"https:\\\/\\\/secure.gravatar.com\\\/avatar\\\/359874fd676a9bfbf3a5d62f8bb888a22a657034662dd62c3669b5e7274a1365?s=96&d=mm&r=g\",\"caption\":\"Miguel Blanco\"}}]}<\/script>\n<!-- \/ Yoast SEO plugin. -->","yoast_head_json":{"title":"Toros et Duende : La Passion Commune du Flamenco et de la Tauromachie \u00e0 Madrid - Flamenco Madrid","description":"\u00c0 Madrid, flamenco et tauromachie se rejoignent : regard passionn\u00e9 sur le duende, l\u2019\u00e9motion, le rythme et l\u2019art partag\u00e9 entre tablaos et ar\u00e8nes.","robots":{"index":"index","follow":"follow","max-snippet":"max-snippet:-1","max-image-preview":"max-image-preview:large","max-video-preview":"max-video-preview:-1"},"canonical":"\/","og_locale":"fr_FR","og_type":"article","og_title":"Toros et Duende : La Passion Commune du Flamenco et de la Tauromachie \u00e0 Madrid - Flamenco Madrid","og_description":"\u00c0 Madrid, flamenco et tauromachie se rejoignent : regard passionn\u00e9 sur le duende, l\u2019\u00e9motion, le rythme et l\u2019art partag\u00e9 entre tablaos et ar\u00e8nes.","og_url":"https:\/\/flamencomadrid.com\/fr\/toros-y-duende-la-pasion-comun-del-flamenco-y-la-tauromaquia-en-madrid\/","og_site_name":"Flamenco Madrid","article_published_time":"2025-08-25T10:01:49+00:00","og_image":[{"width":1536,"height":1024,"url":"https:\/\/flamencomadrid.com\/wp-content\/uploads\/2025\/08\/toros-y-flamenco.jpg","type":"image\/jpeg"}],"author":"Miguel Blanco","twitter_card":"summary_large_image","twitter_misc":{"\u00c9crit par":"Miguel Blanco","Dur\u00e9e de lecture estim\u00e9e":"3 minutes"},"schema":{"@context":"https:\/\/schema.org","@graph":[{"@type":"Article","@id":"https:\/\/flamencomadrid.com\/es\/toros-y-duende-la-pasion-comun-del-flamenco-y-la-tauromaquia-en-madrid\/#article","isPartOf":{"@id":"https:\/\/flamencomadrid.com\/es\/toros-y-duende-la-pasion-comun-del-flamenco-y-la-tauromaquia-en-madrid\/"},"author":{"name":"Miguel Blanco","@id":"https:\/\/flamencomadrid.com\/es\/#\/schema\/person\/e60bef1612b66bdb46e0d88400bfab7e"},"headline":"Toros et Duende : La Passion Commune du Flamenco et de la Tauromachie \u00e0 Madrid","datePublished":"2025-08-25T10:01:49+00:00","mainEntityOfPage":{"@id":"https:\/\/flamencomadrid.com\/es\/toros-y-duende-la-pasion-comun-del-flamenco-y-la-tauromaquia-en-madrid\/"},"wordCount":2209,"commentCount":0,"image":{"@id":"https:\/\/flamencomadrid.com\/es\/toros-y-duende-la-pasion-comun-del-flamenco-y-la-tauromaquia-en-madrid\/#primaryimage"},"thumbnailUrl":"https:\/\/flamencomadrid.com\/wp-content\/uploads\/2025\/08\/toros-y-flamenco.jpg","articleSection":["Curiosidades Flamencas"],"inLanguage":"fr-FR","potentialAction":[{"@type":"CommentAction","name":"Comment","target":["https:\/\/flamencomadrid.com\/es\/toros-y-duende-la-pasion-comun-del-flamenco-y-la-tauromaquia-en-madrid\/#respond"]}]},{"@type":"WebPage","@id":"https:\/\/flamencomadrid.com\/fr\/toros-y-duende-la-pasion-comun-del-flamenco-y-la-tauromaquia-en-madrid\/","url":"https:\/\/flamencomadrid.com\/fr\/toros-y-duende-la-pasion-comun-del-flamenco-y-la-tauromaquia-en-madrid\/","name":"Toros et Duende : La Passion Commune du Flamenco et de la Tauromachie \u00e0 Madrid - Flamenco Madrid","isPartOf":{"@id":"https:\/\/flamencomadrid.com\/fr\/#website"},"primaryImageOfPage":{"@id":"https:\/\/flamencomadrid.com\/fr\/toros-y-duende-la-pasion-comun-del-flamenco-y-la-tauromaquia-en-madrid\/#primaryimage"},"image":{"@id":"https:\/\/flamencomadrid.com\/es\/toros-y-duende-la-pasion-comun-del-flamenco-y-la-tauromaquia-en-madrid\/#primaryimage"},"thumbnailUrl":"https:\/\/flamencomadrid.com\/wp-content\/uploads\/2025\/08\/toros-y-flamenco.jpg","datePublished":"2025-08-25T10:01:49+00:00","author":{"@id":"https:\/\/flamencomadrid.com\/es\/#\/schema\/person\/e60bef1612b66bdb46e0d88400bfab7e"},"description":"\u00c0 Madrid, flamenco et tauromachie se rejoignent : regard passionn\u00e9 sur le duende, l\u2019\u00e9motion, le rythme et l\u2019art partag\u00e9 entre tablaos et ar\u00e8nes.","breadcrumb":{"@id":"https:\/\/flamencomadrid.com\/fr\/toros-y-duende-la-pasion-comun-del-flamenco-y-la-tauromaquia-en-madrid\/#breadcrumb"},"inLanguage":"fr-FR","potentialAction":[{"@type":"ReadAction","target":[["https:\/\/flamencomadrid.com\/fr\/toros-y-duende-la-pasion-comun-del-flamenco-y-la-tauromaquia-en-madrid\/"]]}]},{"@type":"ImageObject","inLanguage":"fr-FR","@id":"https:\/\/flamencomadrid.com\/fr\/toros-y-duende-la-pasion-comun-del-flamenco-y-la-tauromaquia-en-madrid\/#primaryimage","url":"https:\/\/flamencomadrid.com\/wp-content\/uploads\/2025\/08\/toros-y-flamenco.jpg","contentUrl":"https:\/\/flamencomadrid.com\/wp-content\/uploads\/2025\/08\/toros-y-flamenco.jpg","width":1536,"height":1024,"caption":"Composici\u00f3n art\u00edstica con torero y bailaora reflejados en poses complementarias para FlamencoMadrid"},{"@type":"BreadcrumbList","@id":"https:\/\/flamencomadrid.com\/fr\/toros-y-duende-la-pasion-comun-del-flamenco-y-la-tauromaquia-en-madrid\/#breadcrumb","itemListElement":[{"@type":"ListItem","position":1,"name":"Home","item":"https:\/\/flamencomadrid.com\/fr\/"},{"@type":"ListItem","position":2,"name":"Toros y Duende: La Pasi\u00f3n Com\u00fan del Flamenco y la Tauromaquia en Madrid"}]},{"@type":"WebSite","@id":"https:\/\/flamencomadrid.com\/fr\/#website","url":"https:\/\/flamencomadrid.com\/fr\/","name":"Flamenco Madrid","description":"Otro sitio realizado con WordPress","potentialAction":[{"@type":"SearchAction","target":{"@type":"EntryPoint","urlTemplate":"https:\/\/flamencomadrid.com\/fr\/?s={search_term_string}"},"query-input":{"@type":"PropertyValueSpecification","valueRequired":true,"valueName":"search_term_string"}}],"inLanguage":"fr-FR"},{"@type":"Person","@id":"https:\/\/flamencomadrid.com\/es\/#\/schema\/person\/e60bef1612b66bdb46e0d88400bfab7e","name":"Miguel Blanco","image":{"@type":"ImageObject","inLanguage":"fr-FR","@id":"https:\/\/secure.gravatar.com\/avatar\/359874fd676a9bfbf3a5d62f8bb888a22a657034662dd62c3669b5e7274a1365?s=96&d=mm&r=g","url":"https:\/\/secure.gravatar.com\/avatar\/359874fd676a9bfbf3a5d62f8bb888a22a657034662dd62c3669b5e7274a1365?s=96&d=mm&r=g","contentUrl":"https:\/\/secure.gravatar.com\/avatar\/359874fd676a9bfbf3a5d62f8bb888a22a657034662dd62c3669b5e7274a1365?s=96&d=mm&r=g","caption":"Miguel Blanco"}}]}},"_links":{"self":[{"href":"https:\/\/flamencomadrid.com\/fr\/wp-json\/wp\/v2\/posts\/1225","targetHints":{"allow":["GET"]}}],"collection":[{"href":"https:\/\/flamencomadrid.com\/fr\/wp-json\/wp\/v2\/posts"}],"about":[{"href":"https:\/\/flamencomadrid.com\/fr\/wp-json\/wp\/v2\/types\/post"}],"author":[{"embeddable":true,"href":"https:\/\/flamencomadrid.com\/fr\/wp-json\/wp\/v2\/users\/6"}],"replies":[{"embeddable":true,"href":"https:\/\/flamencomadrid.com\/fr\/wp-json\/wp\/v2\/comments?post=1225"}],"version-history":[{"count":4,"href":"https:\/\/flamencomadrid.com\/fr\/wp-json\/wp\/v2\/posts\/1225\/revisions"}],"predecessor-version":[{"id":1278,"href":"https:\/\/flamencomadrid.com\/fr\/wp-json\/wp\/v2\/posts\/1225\/revisions\/1278"}],"wp:featuredmedia":[{"embeddable":true,"href":"https:\/\/flamencomadrid.com\/fr\/wp-json\/wp\/v2\/media\/1231"}],"wp:attachment":[{"href":"https:\/\/flamencomadrid.com\/fr\/wp-json\/wp\/v2\/media?parent=1225"}],"wp:term":[{"taxonomy":"category","embeddable":true,"href":"https:\/\/flamencomadrid.com\/fr\/wp-json\/wp\/v2\/categories?post=1225"},{"taxonomy":"post_tag","embeddable":true,"href":"https:\/\/flamencomadrid.com\/fr\/wp-json\/wp\/v2\/tags?post=1225"}],"curies":[{"name":"wp","href":"https:\/\/api.w.org\/{rel}","templated":true}]}}