{"id":1207,"date":"2025-08-11T10:46:56","date_gmt":"2025-08-11T08:46:56","guid":{"rendered":"https:\/\/flamencomadrid.com\/es\/?p=1207"},"modified":"2025-07-15T11:55:05","modified_gmt":"2025-07-15T09:55:05","slug":"zarzuela-y-flamenco-la-rivalidad-secreta-de-las-dos-musicas-de-madrid","status":"publish","type":"post","link":"https:\/\/flamencomadrid.com\/fr\/zarzuela\/","title":{"rendered":"Zarzuela et Flamenco : La Rivalit\u00e9 Secr\u00e8te des Deux Musiques de Madrid"},"content":{"rendered":"<p><\/p>\n<p data-start=\"173\" data-end=\"1074\">Si tu tends l\u2019oreille, au-del\u00e0 du murmure des terrasses et de l\u2019orgue de barbarie lointain, Madrid poss\u00e8de deux bandes sonores qui se disputent l\u2019\u00e2me de la ville. D\u2019un c\u00f4t\u00e9, le son grandiose, orchestral et castizo de la Zarzuela, qui s\u2019\u00e9chappe des th\u00e9\u00e2tres centenaires de la calle Alcal\u00e1. De l\u2019autre, le quej\u00edo brut, intime et profond du Flamenco, qui filtre \u00e0 travers les interstices des tablaos dans les quartiers comme Las Letras ou Lavapi\u00e9s. \u00c0 premi\u00e8re vue, ils semblent oppos\u00e9s comme le jour et la nuit, comme l\u2019eau et l\u2019huile. L\u2019un en n\u0153ud papillon sur fauteuil en velours ; l\u2019autre, en chemise ouverte sur chaise en paille. Mais si tu y regardes de plus pr\u00e8s, tu verras que ces deux g\u00e9ants se d\u00e9visagent du coin de l\u2019\u0153il depuis plus d\u2019un si\u00e8cle \u2013 se copiant, se provoquant, rivalisant, et au fond, se respectant dans une \u00e9treinte muette. Voici l\u2019histoire de leur \u00e9trange et fascinante relation.<\/p>\n<h2 data-start=\"1076\" data-end=\"1126\">Quand le Flamenco s\u2019est Invit\u00e9 dans la Zarzuela<\/h2>\n<p data-start=\"1128\" data-end=\"1662\">Imagine la sc\u00e8ne : fin du XIXe si\u00e8cle, d\u00e9but du XXe. La Zarzuela est la reine incontest\u00e9e de Madrid, le Netflix de l\u2019\u00e9poque, le grand spectacle populaire que tout le monde va voir. Ses compositeurs et librettistes \u2013 des g\u00e9nies comme Ruperto Chap\u00ed, Amadeo Vives ou Federico Chueca \u2013 ont l\u2019oreille tourn\u00e9e vers la rue. Ils se rendent compte que dans les quartiers, les patios de voisins et les caf\u00e9s bruyants, un art visc\u00e9ral fait vibrer le public : le flamenco. Et ils d\u00e9cident alors, avec une brillante ruse, de l\u2019inviter \u00e0 leur f\u00eate.<\/p>\n<p data-start=\"1664\" data-end=\"2300\">Ainsi, leurs \u0153uvres commencent \u00e0 se parsemer d\u2019\u00e9l\u00e9ments flamencos. Soudain apparaissent des num\u00e9ros de danse sur des tangos, des personnages impertinents et une attitude \u201caflamencada\u201d. Des chefs-d\u2019\u0153uvre comme <strong><em data-start=\"1873\" data-end=\"1898\">La verbena de la Paloma<\/em><\/strong> ou <strong><em data-start=\"1902\" data-end=\"1916\">La Revoltosa<\/em><\/strong> sont le portrait parfait de ce Madrid populaire o\u00f9 la gr\u00e2ce a un fond de jondo. Dans <strong><em data-start=\"2002\" data-end=\"2035\">Agua, azucarillos y aguardiente<\/em><\/strong>, cet univers populaire est repr\u00e9sent\u00e9 de mani\u00e8re explicite, tandis que dans <strong><em data-start=\"2112\" data-end=\"2138\">El hu\u00e9sped del sevillano<\/em><\/strong>, la connexion andalouse devient le v\u00e9ritable moteur de l\u2019intrigue. C\u2019est la recette du succ\u00e8s : faire monter la rue et la \u201cv\u00e9rit\u00e9\u201d du peuple sur la grande sc\u00e8ne.<\/p>\n<p data-start=\"1664\" data-end=\"2300\"><img loading=\"lazy\" decoding=\"async\" class=\"aligncenter wp-image-1212 size-large\" src=\"https:\/\/flamencomadrid.com\/wp-content\/uploads\/2025\/08\/la-verbena-de-la-paloma-por-flamencomadrid-1024x576.jpg\" alt=\"Representaci\u00f3n de la Verbena de la Paloma, Zarzuela en el Teatro \" width=\"900\" height=\"506\" \/><\/p>\n<h2 data-start=\"2302\" data-end=\"2356\">Et l\u2019Inverse ? <a href=\"https:\/\/flamencomadrid.com\/fr\/opera-flamenca\/\">L\u2019Op\u00e9ra Flamenco<\/a> et le Go\u00fbt Th\u00e9\u00e2tral<\/h2>\n<p data-start=\"2358\" data-end=\"2667\">Mais attention : le flamenco ne reste pas les bras crois\u00e9s. La relation est r\u00e9ciproque. \u00c0 mesure qu\u2019il quitte l\u2019intimit\u00e9 des r\u00e9unions pour conqu\u00e9rir les th\u00e9\u00e2tres, le flamenco se rend compte qu\u2019il a besoin de plus que d\u2019\u00e9motion brute et de duende. Il lui faut une mise en sc\u00e8ne, une structure, une dramaturgie.<\/p>\n<p data-start=\"2669\" data-end=\"3358\">En partageant l\u2019affiche avec les compagnies de Zarzuela, les artistes flamencos apprennent \u00e0 structurer leurs spectacles. Ainsi na\u00eet l\u2019<strong data-start=\"2804\" data-end=\"2822\">Op\u00e9ra Flamenco<\/strong>, un format qui, au-del\u00e0 de ses raisons fiscales, refl\u00e8te une r\u00e9alit\u00e9 : les r\u00e9citals sont organis\u00e9s comme un voyage \u00e9motionnel, avec un d\u00e9but, un d\u00e9veloppement et une fin. On soigne les costumes, l\u2019\u00e9clairage et l\u2019ordre des styles. Les paroles de chants comme la <strong><em data-start=\"3084\" data-end=\"3094\">Petenera<\/em><\/strong> ou la <strong><em data-start=\"3101\" data-end=\"3112\">Malague\u00f1a<\/em><\/strong> deviennent des micro-r\u00e9cits dramatiques. Le bailaor ou la cantaora ne se contentent plus d\u2019interpr\u00e9ter : ils jouent aussi. Le flamenco d\u00e9couvre que, sans perdre son \u00e2me, il peut emprunter les outils du th\u00e9\u00e2tre pour devenir encore plus universel.<\/p>\n<h2 data-start=\"3360\" data-end=\"3408\">Une Langue Commune : Vers, Quej\u00edos et Passion<\/h2>\n<p data-start=\"3410\" data-end=\"3669\">Au final, m\u00eame si les habits sont diff\u00e9rents, la peau est la m\u00eame. Zarzuela et Flamenco sont deux r\u00e9cipients diff\u00e9rents contenant la m\u00eame mati\u00e8re premi\u00e8re : les passions humaines. Ils parlent de ce qui nous meut tous : l\u2019amour, la peine, la jalousie, la joie.<\/p>\n<p data-start=\"3671\" data-end=\"4124\">Ce n\u2019est pas un hasard si de grands po\u00e8tes comme les <strong data-start=\"3724\" data-end=\"3751\">fr\u00e8res \u00c1lvarez Quintero<\/strong> ont \u00e9crit des livrets pour zarzuelas et, en m\u00eame temps, des paroles pour le flamenco. Une romance de t\u00e9nor dans <em data-start=\"3864\" data-end=\"3880\">Luisa Fernanda<\/em> peut \u00e9voquer un amour aussi d\u00e9chirant qu\u2019une <em data-start=\"3926\" data-end=\"3938\">seguirilla<\/em>. Le frisson provoqu\u00e9 par un ch\u0153ur de <em data-start=\"3976\" data-end=\"3995\">Do\u00f1a Francisquita<\/em> est cousin du pincement que d\u00e9clenche un bon <em data-start=\"4041\" data-end=\"4058\">cante por sole\u00e1<\/em>. Ce sont deux accents d\u2019une m\u00eame langue universelle : la passion.<\/p>\n<h2 data-start=\"90\" data-end=\"151\"><strong data-start=\"98\" data-end=\"151\">Touches Flamencas dans des Zarzuelas Inoubliables<\/strong><\/h2>\n<p data-start=\"153\" data-end=\"356\">Pour affiner ton oreille, voici quelques-unes des <strong data-start=\"203\" data-end=\"234\">zarzuelas les plus c\u00e9l\u00e8bres<\/strong> o\u00f9 la connexion avec le populaire et le flamenco est la plus \u00e9vidente. Elles sont la preuve parfaite de ce roman secret :<\/p>\n<ol data-start=\"358\" data-end=\"1463\">\n<li data-start=\"358\" data-end=\"564\">\n<p data-start=\"361\" data-end=\"564\"><strong data-start=\"361\" data-end=\"395\">La Revoltosa (Ruperto Chap\u00ed) :<\/strong> La musique ne raconte pas seulement une histoire d\u2019amour et de jalousie, elle capte aussi le son et le rythme d\u2019une cour madril\u00e8ne, avec une \u00e9nergie presque flamenca.<\/p>\n<\/li>\n<li data-start=\"565\" data-end=\"776\">\n<p data-start=\"568\" data-end=\"776\"><strong data-start=\"568\" data-end=\"615\">La tabernera del puerto (Pablo Soroz\u00e1bal) :<\/strong> Ses personnages sont des gens de mer, avec des passions \u00e0 fleur de peau. Les habaneras et les rythmes populaires ont un go\u00fbt qui touche directement le peuple.<\/p>\n<\/li>\n<li data-start=\"777\" data-end=\"983\">\n<p data-start=\"780\" data-end=\"983\"><strong data-start=\"780\" data-end=\"829\">El hu\u00e9sped del sevillano (Jacinto Guerrero) :<\/strong> Le titre dit tout. C\u2019est une exaltation de l\u2019andalou dans une structure de zarzuela, avec Tol\u00e8de comme d\u00e9cor d\u2019un carrefour de cultures et de passions.<\/p>\n<\/li>\n<li data-start=\"984\" data-end=\"1193\">\n<p data-start=\"987\" data-end=\"1193\"><strong data-start=\"987\" data-end=\"1042\">Gigantes y cabezudos (Manuel Fern\u00e1ndez Caballero) :<\/strong> La jota aragonaise est la protagoniste, mais l\u2019\u0153uvre est un hommage \u00e0 l\u2019identit\u00e9 populaire et r\u00e9gionale, un esprit qu\u2019elle partage avec le flamenco.<\/p>\n<\/li>\n<li data-start=\"1194\" data-end=\"1463\">\n<p data-start=\"1197\" data-end=\"1463\"><strong data-start=\"1197\" data-end=\"1243\">La del manojo de rosas (Pablo Soroz\u00e1bal) :<\/strong> Un <em data-start=\"1247\" data-end=\"1256\">sainete<\/em> madril\u00e8ne moderne pour son \u00e9poque, qui m\u00eale le pasodoble \u00e0 des rythmes \u00e0 la mode comme le foxtrot, prouvant la capacit\u00e9 de la zarzuela \u00e0 int\u00e9grer ce qu\u2019on entendait dans la rue \u2014 comme l\u2019a fait le flamenco.<\/p>\n<\/li>\n<\/ol>\n<p><img loading=\"lazy\" decoding=\"async\" class=\"aligncenter wp-image-1213 size-large\" src=\"https:\/\/flamencomadrid.com\/wp-content\/uploads\/2025\/08\/optimized_sheet_music_image-1024x683.jpg\" alt=\"Partitura original de zarzuela con anotaciones manuscritas.\" width=\"900\" height=\"600\" \/><\/p>\n<p data-start=\"1465\" data-end=\"1813\">Aujourd\u2019hui, un si\u00e8cle apr\u00e8s ces clins d\u2019\u0153il, chaque genre a trouv\u00e9 sa place \u00e0 Madrid. La Zarzuela reste le grand spectacle lyrique de la capitale, un joyau culturel \u00e0 savourer dans ses magnifiques th\u00e9\u00e2tres. Le Flamenco, quant \u00e0 lui, est le pouls intime et visc\u00e9ral de la ville, un art qui se r\u00e9invente chaque nuit dans des espaces plus recueillis.<\/p>\n<p data-start=\"1815\" data-end=\"2471\">Mais cette vieille rivalit\u00e9 secr\u00e8te, ce regard du coin de l\u2019\u0153il, les a rendus tous deux plus forts, plus riches. Pour comprendre l\u2019\u00e2me de cette ville, avec ses <em data-start=\"1975\" data-end=\"1985\">verbenas<\/em> et ses ombres de patios, il faut go\u00fbter aux deux. Et si la Zarzuela t\u2019accueille dans un fauteuil rouge, l\u2019essence brute du flamenco, celle qui inspira tant de ma\u00eetres et apprit du th\u00e9\u00e2tre, br\u00fble encore. Elle se cache dans ces petits temples o\u00f9 le silence est sacr\u00e9 et o\u00f9 seule une guitare, un talon sur le bois et une voix bris\u00e9e sans script viennent tout rompre. C\u2019est l\u00e0 que l\u2019art na\u00eet et meurt chaque nuit, prouvant que l\u2019\u00e9cho de cette \u00e9trange et fascinante relation r\u00e9sonne encore.<\/p>\n<p><\/p>","protected":false},"excerpt":{"rendered":"Si tu tends l\u2019oreille, au-del\u00e0 du murmure des terrasses et de l\u2019orgue de barbarie lointain, Madrid poss\u00e8de deux bandes sonores qui se disputent l\u2019\u00e2me de la ville. D\u2019un c\u00f4t\u00e9, le son grandiose, orchestral et castizo de la Zarzuela, qui s\u2019\u00e9chappe des th\u00e9\u00e2tres centenaires de la calle Alcal\u00e1. De l\u2019autre, le quej\u00edo brut, intime et profond&#8230;","protected":false},"author":6,"featured_media":1211,"comment_status":"open","ping_status":"open","sticky":false,"template":"","format":"standard","meta":{"_acf_changed":false,"footnotes":""},"categories":[13],"tags":[],"class_list":["post-1207","post","type-post","status-publish","format-standard","has-post-thumbnail","hentry","category-curiosidades-flamencas"],"acf":[],"yoast_head":"<!-- This site is optimized with the Yoast SEO plugin v27.4 - https:\/\/yoast.com\/product\/yoast-seo-wordpress\/ -->\n<title>Zarzuela et Flamenco : La Rivalit\u00e9 Secr\u00e8te des Deux Musiques de Madrid - Flamenco Madrid<\/title>\n<meta name=\"description\" content=\"Zarzuela et flamenco, deux \u00e2mes musicales de Madrid, en rivalit\u00e9 et en dialogue secret depuis plus d\u2019un si\u00e8cle. Une histoire de passion partag\u00e9e.\" \/>\n<meta name=\"robots\" content=\"index, follow, max-snippet:-1, max-image-preview:large, max-video-preview:-1\" \/>\n<link rel=\"canonical\" href=\"\/\" \/>\n<meta property=\"og:locale\" content=\"fr_FR\" \/>\n<meta property=\"og:type\" content=\"article\" \/>\n<meta property=\"og:title\" content=\"Zarzuela et Flamenco : La Rivalit\u00e9 Secr\u00e8te des Deux Musiques de Madrid - Flamenco Madrid\" \/>\n<meta property=\"og:description\" content=\"Zarzuela et flamenco, deux \u00e2mes musicales de Madrid, en rivalit\u00e9 et en dialogue secret depuis plus d\u2019un si\u00e8cle. Une histoire de passion partag\u00e9e.\" \/>\n<meta property=\"og:url\" content=\"https:\/\/flamencomadrid.com\/fr\/zarzuela\/\" \/>\n<meta property=\"og:site_name\" content=\"Flamenco Madrid\" \/>\n<meta property=\"article:published_time\" content=\"2025-08-11T08:46:56+00:00\" \/>\n<meta property=\"og:image\" content=\"https:\/\/flamencomadrid.com\/wp-content\/uploads\/2025\/08\/zarzuela-y-flamenco.jpg\" \/>\n\t<meta property=\"og:image:width\" content=\"1920\" \/>\n\t<meta property=\"og:image:height\" content=\"1080\" \/>\n\t<meta property=\"og:image:type\" content=\"image\/jpeg\" \/>\n<meta name=\"author\" content=\"Miguel Blanco\" \/>\n<meta name=\"twitter:card\" content=\"summary_large_image\" \/>\n<meta name=\"twitter:label1\" content=\"\u00c9crit par\" \/>\n\t<meta name=\"twitter:data1\" content=\"Miguel Blanco\" \/>\n\t<meta name=\"twitter:label2\" content=\"Dur\u00e9e de lecture estim\u00e9e\" \/>\n\t<meta name=\"twitter:data2\" content=\"6 minutes\" \/>\n<script type=\"application\/ld+json\" class=\"yoast-schema-graph\">{\"@context\":\"https:\\\/\\\/schema.org\",\"@graph\":[{\"@type\":\"Article\",\"@id\":\"https:\\\/\\\/flamencomadrid.com\\\/es\\\/zarzuela\\\/#article\",\"isPartOf\":{\"@id\":\"https:\\\/\\\/flamencomadrid.com\\\/es\\\/zarzuela\\\/\"},\"author\":{\"name\":\"Miguel Blanco\",\"@id\":\"https:\\\/\\\/flamencomadrid.com\\\/es\\\/#\\\/schema\\\/person\\\/e60bef1612b66bdb46e0d88400bfab7e\"},\"headline\":\"Zarzuela et Flamenco : La Rivalit\u00e9 Secr\u00e8te des Deux Musiques de Madrid\",\"datePublished\":\"2025-08-11T08:46:56+00:00\",\"mainEntityOfPage\":{\"@id\":\"https:\\\/\\\/flamencomadrid.com\\\/es\\\/zarzuela\\\/\"},\"wordCount\":4243,\"commentCount\":0,\"image\":{\"@id\":\"https:\\\/\\\/flamencomadrid.com\\\/es\\\/zarzuela\\\/#primaryimage\"},\"thumbnailUrl\":\"https:\\\/\\\/flamencomadrid.com\\\/wp-content\\\/uploads\\\/2025\\\/08\\\/zarzuela-y-flamenco.jpg\",\"articleSection\":[\"Curiosidades Flamencas\"],\"inLanguage\":\"fr-FR\",\"potentialAction\":[{\"@type\":\"CommentAction\",\"name\":\"Comment\",\"target\":[\"https:\\\/\\\/flamencomadrid.com\\\/es\\\/zarzuela\\\/#respond\"]}]},{\"@type\":\"WebPage\",\"@id\":\"https:\\\/\\\/flamencomadrid.com\\\/fr\\\/zarzuela\\\/\",\"url\":\"https:\\\/\\\/flamencomadrid.com\\\/fr\\\/zarzuela\\\/\",\"name\":\"Zarzuela et Flamenco : La Rivalit\u00e9 Secr\u00e8te des Deux Musiques de Madrid - Flamenco Madrid\",\"isPartOf\":{\"@id\":\"https:\\\/\\\/flamencomadrid.com\\\/fr\\\/#website\"},\"primaryImageOfPage\":{\"@id\":\"https:\\\/\\\/flamencomadrid.com\\\/fr\\\/zarzuela\\\/#primaryimage\"},\"image\":{\"@id\":\"https:\\\/\\\/flamencomadrid.com\\\/es\\\/zarzuela\\\/#primaryimage\"},\"thumbnailUrl\":\"https:\\\/\\\/flamencomadrid.com\\\/wp-content\\\/uploads\\\/2025\\\/08\\\/zarzuela-y-flamenco.jpg\",\"datePublished\":\"2025-08-11T08:46:56+00:00\",\"author\":{\"@id\":\"https:\\\/\\\/flamencomadrid.com\\\/es\\\/#\\\/schema\\\/person\\\/e60bef1612b66bdb46e0d88400bfab7e\"},\"description\":\"Zarzuela et flamenco, deux \u00e2mes musicales de Madrid, en rivalit\u00e9 et en dialogue secret depuis plus d\u2019un si\u00e8cle. Une histoire de passion partag\u00e9e.\",\"breadcrumb\":{\"@id\":\"https:\\\/\\\/flamencomadrid.com\\\/fr\\\/zarzuela\\\/#breadcrumb\"},\"inLanguage\":\"fr-FR\",\"potentialAction\":[{\"@type\":\"ReadAction\",\"target\":[[\"https:\\\/\\\/flamencomadrid.com\\\/fr\\\/zarzuela\\\/\"]]}]},{\"@type\":\"ImageObject\",\"inLanguage\":\"fr-FR\",\"@id\":\"https:\\\/\\\/flamencomadrid.com\\\/fr\\\/zarzuela\\\/#primaryimage\",\"url\":\"https:\\\/\\\/flamencomadrid.com\\\/wp-content\\\/uploads\\\/2025\\\/08\\\/zarzuela-y-flamenco.jpg\",\"contentUrl\":\"https:\\\/\\\/flamencomadrid.com\\\/wp-content\\\/uploads\\\/2025\\\/08\\\/zarzuela-y-flamenco.jpg\",\"width\":1920,\"height\":1080,\"caption\":\"Representaci\u00f3n de la Zarzuela Goyesca, hombre vestido en celebraci\u00f3n en la Plaza de la Paja\"},{\"@type\":\"BreadcrumbList\",\"@id\":\"https:\\\/\\\/flamencomadrid.com\\\/fr\\\/zarzuela\\\/#breadcrumb\",\"itemListElement\":[{\"@type\":\"ListItem\",\"position\":1,\"name\":\"Home\",\"item\":\"https:\\\/\\\/flamencomadrid.com\\\/fr\\\/\"},{\"@type\":\"ListItem\",\"position\":2,\"name\":\"Zarzuela y Flamenco: La Rivalidad Secreta de las Dos M\u00fasicas de Madrid\"}]},{\"@type\":\"WebSite\",\"@id\":\"https:\\\/\\\/flamencomadrid.com\\\/fr\\\/#website\",\"url\":\"https:\\\/\\\/flamencomadrid.com\\\/fr\\\/\",\"name\":\"Flamenco Madrid\",\"description\":\"Otro sitio realizado con WordPress\",\"potentialAction\":[{\"@type\":\"SearchAction\",\"target\":{\"@type\":\"EntryPoint\",\"urlTemplate\":\"https:\\\/\\\/flamencomadrid.com\\\/fr\\\/?s={search_term_string}\"},\"query-input\":{\"@type\":\"PropertyValueSpecification\",\"valueRequired\":true,\"valueName\":\"search_term_string\"}}],\"inLanguage\":\"fr-FR\"},{\"@type\":\"Person\",\"@id\":\"https:\\\/\\\/flamencomadrid.com\\\/es\\\/#\\\/schema\\\/person\\\/e60bef1612b66bdb46e0d88400bfab7e\",\"name\":\"Miguel Blanco\",\"image\":{\"@type\":\"ImageObject\",\"inLanguage\":\"fr-FR\",\"@id\":\"https:\\\/\\\/secure.gravatar.com\\\/avatar\\\/359874fd676a9bfbf3a5d62f8bb888a22a657034662dd62c3669b5e7274a1365?s=96&d=mm&r=g\",\"url\":\"https:\\\/\\\/secure.gravatar.com\\\/avatar\\\/359874fd676a9bfbf3a5d62f8bb888a22a657034662dd62c3669b5e7274a1365?s=96&d=mm&r=g\",\"contentUrl\":\"https:\\\/\\\/secure.gravatar.com\\\/avatar\\\/359874fd676a9bfbf3a5d62f8bb888a22a657034662dd62c3669b5e7274a1365?s=96&d=mm&r=g\",\"caption\":\"Miguel Blanco\"}}]}<\/script>\n<!-- \/ Yoast SEO plugin. -->","yoast_head_json":{"title":"Zarzuela et Flamenco : La Rivalit\u00e9 Secr\u00e8te des Deux Musiques de Madrid - Flamenco Madrid","description":"Zarzuela et flamenco, deux \u00e2mes musicales de Madrid, en rivalit\u00e9 et en dialogue secret depuis plus d\u2019un si\u00e8cle. Une histoire de passion partag\u00e9e.","robots":{"index":"index","follow":"follow","max-snippet":"max-snippet:-1","max-image-preview":"max-image-preview:large","max-video-preview":"max-video-preview:-1"},"canonical":"\/","og_locale":"fr_FR","og_type":"article","og_title":"Zarzuela et Flamenco : La Rivalit\u00e9 Secr\u00e8te des Deux Musiques de Madrid - Flamenco Madrid","og_description":"Zarzuela et flamenco, deux \u00e2mes musicales de Madrid, en rivalit\u00e9 et en dialogue secret depuis plus d\u2019un si\u00e8cle. Une histoire de passion partag\u00e9e.","og_url":"https:\/\/flamencomadrid.com\/fr\/zarzuela\/","og_site_name":"Flamenco Madrid","article_published_time":"2025-08-11T08:46:56+00:00","og_image":[{"width":1920,"height":1080,"url":"https:\/\/flamencomadrid.com\/wp-content\/uploads\/2025\/08\/zarzuela-y-flamenco.jpg","type":"image\/jpeg"}],"author":"Miguel Blanco","twitter_card":"summary_large_image","twitter_misc":{"\u00c9crit par":"Miguel Blanco","Dur\u00e9e de lecture estim\u00e9e":"6 minutes"},"schema":{"@context":"https:\/\/schema.org","@graph":[{"@type":"Article","@id":"https:\/\/flamencomadrid.com\/es\/zarzuela\/#article","isPartOf":{"@id":"https:\/\/flamencomadrid.com\/es\/zarzuela\/"},"author":{"name":"Miguel Blanco","@id":"https:\/\/flamencomadrid.com\/es\/#\/schema\/person\/e60bef1612b66bdb46e0d88400bfab7e"},"headline":"Zarzuela et Flamenco : La Rivalit\u00e9 Secr\u00e8te des Deux Musiques de Madrid","datePublished":"2025-08-11T08:46:56+00:00","mainEntityOfPage":{"@id":"https:\/\/flamencomadrid.com\/es\/zarzuela\/"},"wordCount":4243,"commentCount":0,"image":{"@id":"https:\/\/flamencomadrid.com\/es\/zarzuela\/#primaryimage"},"thumbnailUrl":"https:\/\/flamencomadrid.com\/wp-content\/uploads\/2025\/08\/zarzuela-y-flamenco.jpg","articleSection":["Curiosidades Flamencas"],"inLanguage":"fr-FR","potentialAction":[{"@type":"CommentAction","name":"Comment","target":["https:\/\/flamencomadrid.com\/es\/zarzuela\/#respond"]}]},{"@type":"WebPage","@id":"https:\/\/flamencomadrid.com\/fr\/zarzuela\/","url":"https:\/\/flamencomadrid.com\/fr\/zarzuela\/","name":"Zarzuela et Flamenco : La Rivalit\u00e9 Secr\u00e8te des Deux Musiques de Madrid - Flamenco Madrid","isPartOf":{"@id":"https:\/\/flamencomadrid.com\/fr\/#website"},"primaryImageOfPage":{"@id":"https:\/\/flamencomadrid.com\/fr\/zarzuela\/#primaryimage"},"image":{"@id":"https:\/\/flamencomadrid.com\/es\/zarzuela\/#primaryimage"},"thumbnailUrl":"https:\/\/flamencomadrid.com\/wp-content\/uploads\/2025\/08\/zarzuela-y-flamenco.jpg","datePublished":"2025-08-11T08:46:56+00:00","author":{"@id":"https:\/\/flamencomadrid.com\/es\/#\/schema\/person\/e60bef1612b66bdb46e0d88400bfab7e"},"description":"Zarzuela et flamenco, deux \u00e2mes musicales de Madrid, en rivalit\u00e9 et en dialogue secret depuis plus d\u2019un si\u00e8cle. Une histoire de passion partag\u00e9e.","breadcrumb":{"@id":"https:\/\/flamencomadrid.com\/fr\/zarzuela\/#breadcrumb"},"inLanguage":"fr-FR","potentialAction":[{"@type":"ReadAction","target":[["https:\/\/flamencomadrid.com\/fr\/zarzuela\/"]]}]},{"@type":"ImageObject","inLanguage":"fr-FR","@id":"https:\/\/flamencomadrid.com\/fr\/zarzuela\/#primaryimage","url":"https:\/\/flamencomadrid.com\/wp-content\/uploads\/2025\/08\/zarzuela-y-flamenco.jpg","contentUrl":"https:\/\/flamencomadrid.com\/wp-content\/uploads\/2025\/08\/zarzuela-y-flamenco.jpg","width":1920,"height":1080,"caption":"Representaci\u00f3n de la Zarzuela Goyesca, hombre vestido en celebraci\u00f3n en la Plaza de la Paja"},{"@type":"BreadcrumbList","@id":"https:\/\/flamencomadrid.com\/fr\/zarzuela\/#breadcrumb","itemListElement":[{"@type":"ListItem","position":1,"name":"Home","item":"https:\/\/flamencomadrid.com\/fr\/"},{"@type":"ListItem","position":2,"name":"Zarzuela y Flamenco: La Rivalidad Secreta de las Dos M\u00fasicas de Madrid"}]},{"@type":"WebSite","@id":"https:\/\/flamencomadrid.com\/fr\/#website","url":"https:\/\/flamencomadrid.com\/fr\/","name":"Flamenco Madrid","description":"Otro sitio realizado con WordPress","potentialAction":[{"@type":"SearchAction","target":{"@type":"EntryPoint","urlTemplate":"https:\/\/flamencomadrid.com\/fr\/?s={search_term_string}"},"query-input":{"@type":"PropertyValueSpecification","valueRequired":true,"valueName":"search_term_string"}}],"inLanguage":"fr-FR"},{"@type":"Person","@id":"https:\/\/flamencomadrid.com\/es\/#\/schema\/person\/e60bef1612b66bdb46e0d88400bfab7e","name":"Miguel Blanco","image":{"@type":"ImageObject","inLanguage":"fr-FR","@id":"https:\/\/secure.gravatar.com\/avatar\/359874fd676a9bfbf3a5d62f8bb888a22a657034662dd62c3669b5e7274a1365?s=96&d=mm&r=g","url":"https:\/\/secure.gravatar.com\/avatar\/359874fd676a9bfbf3a5d62f8bb888a22a657034662dd62c3669b5e7274a1365?s=96&d=mm&r=g","contentUrl":"https:\/\/secure.gravatar.com\/avatar\/359874fd676a9bfbf3a5d62f8bb888a22a657034662dd62c3669b5e7274a1365?s=96&d=mm&r=g","caption":"Miguel Blanco"}}]}},"_links":{"self":[{"href":"https:\/\/flamencomadrid.com\/fr\/wp-json\/wp\/v2\/posts\/1207","targetHints":{"allow":["GET"]}}],"collection":[{"href":"https:\/\/flamencomadrid.com\/fr\/wp-json\/wp\/v2\/posts"}],"about":[{"href":"https:\/\/flamencomadrid.com\/fr\/wp-json\/wp\/v2\/types\/post"}],"author":[{"embeddable":true,"href":"https:\/\/flamencomadrid.com\/fr\/wp-json\/wp\/v2\/users\/6"}],"replies":[{"embeddable":true,"href":"https:\/\/flamencomadrid.com\/fr\/wp-json\/wp\/v2\/comments?post=1207"}],"version-history":[{"count":7,"href":"https:\/\/flamencomadrid.com\/fr\/wp-json\/wp\/v2\/posts\/1207\/revisions"}],"predecessor-version":[{"id":1249,"href":"https:\/\/flamencomadrid.com\/fr\/wp-json\/wp\/v2\/posts\/1207\/revisions\/1249"}],"wp:featuredmedia":[{"embeddable":true,"href":"https:\/\/flamencomadrid.com\/fr\/wp-json\/wp\/v2\/media\/1211"}],"wp:attachment":[{"href":"https:\/\/flamencomadrid.com\/fr\/wp-json\/wp\/v2\/media?parent=1207"}],"wp:term":[{"taxonomy":"category","embeddable":true,"href":"https:\/\/flamencomadrid.com\/fr\/wp-json\/wp\/v2\/categories?post=1207"},{"taxonomy":"post_tag","embeddable":true,"href":"https:\/\/flamencomadrid.com\/fr\/wp-json\/wp\/v2\/tags?post=1207"}],"curies":[{"name":"wp","href":"https:\/\/api.w.org\/{rel}","templated":true}]}}