{"id":1195,"date":"2025-08-04T17:35:26","date_gmt":"2025-08-04T15:35:26","guid":{"rendered":"https:\/\/flamencomadrid.com\/es\/?p=1195"},"modified":"2025-07-15T09:33:48","modified_gmt":"2025-07-15T07:33:48","slug":"el-sonido-cani-el-alma-desnuda-del-flamenco-madrileno","status":"publish","type":"post","link":"https:\/\/flamencomadrid.com\/fr\/le-son-cani\/","title":{"rendered":"Le Son Ca\u00f1\u00ed"},"content":{"rendered":"<p><\/p>\n<p data-start=\"3413\" data-end=\"3754\">Il existe dans le flamenco des mots qui vous traversent comme un frisson, bien plus qu\u2019ils ne se d\u00e9finissent. On ne les cherche pas dans un dictionnaire, on les ressent dans la poitrine. On parle de <em data-start=\"3612\" data-end=\"3620\">duende<\/em>, de <em data-start=\"3625\" data-end=\"3635\">pellizco<\/em>&#8230; et \u00e0 Madrid, surtout, on parle de <em data-start=\"3673\" data-end=\"3679\">ca\u00f1\u00ed<\/em>. Mais attention : ce mot est bien plus qu\u2019un simple synonyme de \u00ab gitan \u00bb.<\/p>\n<p data-start=\"3756\" data-end=\"3981\">Ce n\u2019est pas qu\u2019un mot, c\u2019est un univers. Une mani\u00e8re de faire du flamenco qui vient de l\u2019int\u00e9rieur, sans filtre, parfois bris\u00e9e, mais toujours vraie. Aujourd\u2019hui, on plonge dans ce son qui bat sous l\u2019asphalte de la capitale.<\/p>\n<h2 data-start=\"3983\" data-end=\"4046\">L\u2019Esth\u00e9tique de l\u2019Authentique : Qu\u2019est-ce que le Son Ca\u00f1\u00ed ?<\/h2>\n<p data-start=\"4048\" data-end=\"4305\">Oubliez la technique parfaite une seconde. Le son ca\u00f1\u00ed, c\u2019est autre chose : c\u2019est la v\u00e9rit\u00e9 \u00e9motionnelle. Si le flamenco acad\u00e9mique est une \u0153uvre parfaitement dessin\u00e9e, le ca\u00f1\u00ed est le coup de pinceau visc\u00e9ral \u2014 brut, mais charg\u00e9 d\u2019\u00e2me. C\u2019est l\u2019art mis \u00e0 nu.<\/p>\n<p data-start=\"4307\" data-end=\"4618\">On l\u2019entend dans la voix <em data-start=\"4332\" data-end=\"4340\">afill\u00e1<\/em>, cette voix cass\u00e9e qui semble se d\u00e9chirer \u00e0 chaque plainte. On le ressent dans le <em data-start=\"4423\" data-end=\"4434\">soniquete<\/em> de la guitare, ce rythme qui vous fait bouger, et dans la frappe de l\u2019<em data-start=\"4505\" data-end=\"4514\">alzap\u00faa<\/em>, qui sonne \u00e0 la fois comme une f\u00eate et un combat. En bref : une sinc\u00e9rit\u00e9 brute transform\u00e9e en musique.<\/p>\n<p data-start=\"4307\" data-end=\"4618\"><img loading=\"lazy\" decoding=\"async\" class=\"aligncenter wp-image-1199 size-large\" src=\"https:\/\/flamencomadrid.com\/wp-content\/uploads\/2025\/08\/flamencomadrid_guitarra_optimizada-1024x683.jpg\" alt=\"Manos marcadas tocando una guitarra flamenca gastada, reflejo de la est\u00e9tica cruda del sonido ca\u00f1\u00ed.\" width=\"900\" height=\"600\" \/><\/p>\n<h3 data-start=\"4620\" data-end=\"4675\">Le Berceau du Toque : O\u00f9 est N\u00e9 un Style Inimitable<\/h3>\n<p data-start=\"4677\" data-end=\"4933\">Ce son ne vient pas d\u2019un th\u00e9\u00e2tre. Il est n\u00e9 dans la rue. Plus pr\u00e9cis\u00e9ment, en p\u00e9riph\u00e9rie de Madrid, dans des quartiers populaires qui, dans les ann\u00e9es 50 et 60, sont devenus le laboratoire du flamenco. Les conditions \u00e9taient dures, mais le talent abondait.<\/p>\n<p data-start=\"4935\" data-end=\"5373\">C\u2019est l\u00e0 que des familles enti\u00e8res comme les <strong data-start=\"4980\" data-end=\"4994\">Habichuela<\/strong> ont trouv\u00e9 leur place. Bien qu\u2019originaires de Grenade, c\u2019est \u00e0 Madrid que leur guitare s\u2019est impr\u00e9gn\u00e9e de l\u2019\u00e2me locale. Des ma\u00eetres comme le grand <strong data-start=\"5142\" data-end=\"5161\">Pepe Habichuela<\/strong>, aux c\u00f4t\u00e9s d\u2019autres g\u00e9nies comme <strong data-start=\"5195\" data-end=\"5206\">El Nani<\/strong> ou <strong data-start=\"5210\" data-end=\"5223\">El Viej\u00edn<\/strong>, ont forg\u00e9 un style imm\u00e9diatement reconnaissable. Ce n\u2019est pas qu\u2019une l\u00e9gende : le c\u00e9l\u00e8bre <em data-start=\"5315\" data-end=\"5333\">son de Ca\u00f1o Roto<\/em> est une v\u00e9ritable appellation musicale.<\/p>\n<h3 data-start=\"5375\" data-end=\"5425\">Du Tablao aux Hits : L\u2019\u00c9volution d\u2019un Ressenti<\/h3>\n<p data-start=\"5427\" data-end=\"5692\">Un son aussi puissant ne pouvait rester cantonn\u00e9 \u00e0 un seul quartier. Dans les ann\u00e9es 70 et 80, il a explos\u00e9 sur les ondes dans toute l\u2019Espagne. La rumba, dans sa version la plus urbaine et \u00e9lectrique, est devenue la bande-son d\u2019une g\u00e9n\u00e9ration en qu\u00eate d\u2019expression.<\/p>\n<p data-start=\"5694\" data-end=\"6053\">Des groupes comme <strong data-start=\"5712\" data-end=\"5727\">Los Chichos<\/strong> ou <strong data-start=\"5731\" data-end=\"5749\">Los Chunguitos<\/strong> ont mis en mots la vie de la rue avec une authenticit\u00e9 d\u00e9sarmante. Mais ce sont peut-\u00eatre <strong data-start=\"5840\" data-end=\"5854\">Las Grecas<\/strong> qui ont trouv\u00e9 la formule parfaite : elles ont m\u00eal\u00e9 la rage ca\u00f1\u00ed aux guitares rock pour cr\u00e9er des hymnes comme <em data-start=\"5966\" data-end=\"5995\">\u00ab\u00a0Te estoy amando locamente\u00a0\u00bb<\/em>. C\u2019\u00e9tait du flamenco pur, et toute l\u2019Espagne l\u2019a compris.<\/p>\n<p data-start=\"5694\" data-end=\"6053\"><img loading=\"lazy\" decoding=\"async\" class=\"aligncenter wp-image-1205 size-large\" src=\"https:\/\/flamencomadrid.com\/wp-content\/uploads\/2025\/08\/radio_rumba_cani_optimizada-1024x683.jpg\" alt=\"Radio antigua sobre una mesa de cocina junto a un cassette titulado &quot;Rumba Ca\u00f1\u00ed&quot;, evocando la banda sonora callejera del flamenco en los a\u00f1os 70.\" width=\"900\" height=\"600\" \/><\/p>\n<h2 data-start=\"6055\" data-end=\"6106\">L\u2019\u00c9cho du Son Ca\u00f1\u00ed dans le Madrid d\u2019Aujourd\u2019hui<\/h2>\n<p data-start=\"6108\" data-end=\"6319\">Au fond, le son ca\u00f1\u00ed nous enseigne ceci : l\u2019art le plus profond na\u00eet de la v\u00e9rit\u00e9, pas de la perfection. Et cette racine, plant\u00e9e il y a des d\u00e9cennies dans les quartiers de Madrid, continue de porter ses fruits.<\/p>\n<p data-start=\"543\" data-end=\"761\">Cette m\u00eame qu\u00eate d\u2019\u00e9motion brute est ce qui d\u00e9finit l\u2019exp\u00e9rience dans les meilleurs tablaos. On la retrouve dans la fougue d\u2019un bailaor dans un tablao d\u2019avant-garde comme ceux que <a href=\"https:\/\/flamencomadrid.com\/fr\/les-6-meilleurs-spectacles-de-flamenco-a-madrid\/\"><strong>nous recommandons chez FlamencoMadrid.<\/strong><\/a><\/p>\n<p data-start=\"763\" data-end=\"921\">Car le flamenco, au fond, revient toujours au m\u00eame endroit : ce <em data-start=\"827\" data-end=\"837\">pellizco<\/em>, cette v\u00e9rit\u00e9 visc\u00e9rale qui nous rappelle que cet art ne s\u2019ex\u00e9cute pas \u2014 il se vit.<\/p>\n<p><\/p>","protected":false},"excerpt":{"rendered":"Il existe dans le flamenco des mots qui vous traversent comme un frisson, bien plus qu\u2019ils ne se d\u00e9finissent. On ne les cherche pas dans un dictionnaire, on les ressent dans la poitrine. On parle de duende, de pellizco&#8230; et \u00e0 Madrid, surtout, on parle de ca\u00f1\u00ed. Mais attention : ce mot est bien plus&#8230;","protected":false},"author":6,"featured_media":1196,"comment_status":"open","ping_status":"open","sticky":false,"template":"","format":"standard","meta":{"_acf_changed":false,"footnotes":""},"categories":[13],"tags":[],"class_list":["post-1195","post","type-post","status-publish","format-standard","has-post-thumbnail","hentry","category-curiosidades-flamencas"],"acf":[],"yoast_head":"<!-- This site is optimized with the Yoast SEO plugin v27.4 - https:\/\/yoast.com\/product\/yoast-seo-wordpress\/ -->\n<title>Le Son Ca\u00f1\u00ed - Flamenco Madrid<\/title>\n<meta name=\"description\" content=\"Plongez dans l\u2019\u00e2me brute du flamenco avec le son ca\u00f1\u00ed \u2014 de Ca\u00f1o Roto aux tablaos de Madrid, une histoire de duende et d\u2019authenticit\u00e9.\" \/>\n<meta name=\"robots\" content=\"index, follow, max-snippet:-1, max-image-preview:large, max-video-preview:-1\" \/>\n<link rel=\"canonical\" href=\"\/\" \/>\n<meta property=\"og:locale\" content=\"fr_FR\" \/>\n<meta property=\"og:type\" content=\"article\" \/>\n<meta property=\"og:title\" content=\"Le Son Ca\u00f1\u00ed - Flamenco Madrid\" \/>\n<meta property=\"og:description\" content=\"Plongez dans l\u2019\u00e2me brute du flamenco avec le son ca\u00f1\u00ed \u2014 de Ca\u00f1o Roto aux tablaos de Madrid, une histoire de duende et d\u2019authenticit\u00e9.\" \/>\n<meta property=\"og:url\" content=\"https:\/\/flamencomadrid.com\/fr\/sonido-cani\/\" \/>\n<meta property=\"og:site_name\" content=\"Flamenco Madrid\" \/>\n<meta property=\"article:published_time\" content=\"2025-08-04T15:35:26+00:00\" \/>\n<meta property=\"og:image\" content=\"https:\/\/flamencomadrid.com\/wp-content\/uploads\/2025\/07\/el_sonido_cani_optimizada.jpg\" \/>\n\t<meta property=\"og:image:width\" content=\"1536\" \/>\n\t<meta property=\"og:image:height\" content=\"1024\" \/>\n\t<meta property=\"og:image:type\" content=\"image\/jpeg\" \/>\n<meta name=\"author\" content=\"Miguel Blanco\" \/>\n<meta name=\"twitter:card\" content=\"summary_large_image\" \/>\n<meta name=\"twitter:label1\" content=\"\u00c9crit par\" \/>\n\t<meta name=\"twitter:data1\" content=\"Miguel Blanco\" \/>\n\t<meta name=\"twitter:label2\" content=\"Dur\u00e9e de lecture estim\u00e9e\" \/>\n\t<meta name=\"twitter:data2\" content=\"4 minutes\" \/>\n<script type=\"application\/ld+json\" class=\"yoast-schema-graph\">{\"@context\":\"https:\\\/\\\/schema.org\",\"@graph\":[{\"@type\":\"Article\",\"@id\":\"https:\\\/\\\/flamencomadrid.com\\\/es\\\/sonido-cani\\\/#article\",\"isPartOf\":{\"@id\":\"https:\\\/\\\/flamencomadrid.com\\\/es\\\/sonido-cani\\\/\"},\"author\":{\"name\":\"Miguel Blanco\",\"@id\":\"https:\\\/\\\/flamencomadrid.com\\\/es\\\/#\\\/schema\\\/person\\\/e60bef1612b66bdb46e0d88400bfab7e\"},\"headline\":\"Le Son Ca\u00f1\u00ed\",\"datePublished\":\"2025-08-04T15:35:26+00:00\",\"mainEntityOfPage\":{\"@id\":\"https:\\\/\\\/flamencomadrid.com\\\/es\\\/sonido-cani\\\/\"},\"wordCount\":2274,\"commentCount\":0,\"image\":{\"@id\":\"https:\\\/\\\/flamencomadrid.com\\\/es\\\/sonido-cani\\\/#primaryimage\"},\"thumbnailUrl\":\"https:\\\/\\\/flamencomadrid.com\\\/wp-content\\\/uploads\\\/2025\\\/07\\\/el_sonido_cani_optimizada.jpg\",\"articleSection\":[\"Curiosidades Flamencas\"],\"inLanguage\":\"fr-FR\",\"potentialAction\":[{\"@type\":\"CommentAction\",\"name\":\"Comment\",\"target\":[\"https:\\\/\\\/flamencomadrid.com\\\/es\\\/sonido-cani\\\/#respond\"]}]},{\"@type\":\"WebPage\",\"@id\":\"https:\\\/\\\/flamencomadrid.com\\\/fr\\\/sonido-cani\\\/\",\"url\":\"https:\\\/\\\/flamencomadrid.com\\\/fr\\\/sonido-cani\\\/\",\"name\":\"Le Son Ca\u00f1\u00ed - Flamenco Madrid\",\"isPartOf\":{\"@id\":\"https:\\\/\\\/flamencomadrid.com\\\/fr\\\/#website\"},\"primaryImageOfPage\":{\"@id\":\"https:\\\/\\\/flamencomadrid.com\\\/fr\\\/sonido-cani\\\/#primaryimage\"},\"image\":{\"@id\":\"https:\\\/\\\/flamencomadrid.com\\\/es\\\/sonido-cani\\\/#primaryimage\"},\"thumbnailUrl\":\"https:\\\/\\\/flamencomadrid.com\\\/wp-content\\\/uploads\\\/2025\\\/07\\\/el_sonido_cani_optimizada.jpg\",\"datePublished\":\"2025-08-04T15:35:26+00:00\",\"author\":{\"@id\":\"https:\\\/\\\/flamencomadrid.com\\\/es\\\/#\\\/schema\\\/person\\\/e60bef1612b66bdb46e0d88400bfab7e\"},\"description\":\"Plongez dans l\u2019\u00e2me brute du flamenco avec le son ca\u00f1\u00ed \u2014 de Ca\u00f1o Roto aux tablaos de Madrid, une histoire de duende et d\u2019authenticit\u00e9.\",\"breadcrumb\":{\"@id\":\"https:\\\/\\\/flamencomadrid.com\\\/fr\\\/sonido-cani\\\/#breadcrumb\"},\"inLanguage\":\"fr-FR\",\"potentialAction\":[{\"@type\":\"ReadAction\",\"target\":[[\"https:\\\/\\\/flamencomadrid.com\\\/fr\\\/sonido-cani\\\/\"]]}]},{\"@type\":\"ImageObject\",\"inLanguage\":\"fr-FR\",\"@id\":\"https:\\\/\\\/flamencomadrid.com\\\/fr\\\/sonido-cani\\\/#primaryimage\",\"url\":\"https:\\\/\\\/flamencomadrid.com\\\/wp-content\\\/uploads\\\/2025\\\/07\\\/el_sonido_cani_optimizada.jpg\",\"contentUrl\":\"https:\\\/\\\/flamencomadrid.com\\\/wp-content\\\/uploads\\\/2025\\\/07\\\/el_sonido_cani_optimizada.jpg\",\"width\":1536,\"height\":1024,\"caption\":\"Imagen de un Flamenco tocando y cantando en la calle de Ca\u00f1o Roto, estandarte del Sonido Ca\u00f1\u00ed\"},{\"@type\":\"BreadcrumbList\",\"@id\":\"https:\\\/\\\/flamencomadrid.com\\\/fr\\\/sonido-cani\\\/#breadcrumb\",\"itemListElement\":[{\"@type\":\"ListItem\",\"position\":1,\"name\":\"Home\",\"item\":\"https:\\\/\\\/flamencomadrid.com\\\/fr\\\/\"},{\"@type\":\"ListItem\",\"position\":2,\"name\":\"El &#8216;Sonido Ca\u00f1\u00ed&#8217;\"}]},{\"@type\":\"WebSite\",\"@id\":\"https:\\\/\\\/flamencomadrid.com\\\/fr\\\/#website\",\"url\":\"https:\\\/\\\/flamencomadrid.com\\\/fr\\\/\",\"name\":\"Flamenco Madrid\",\"description\":\"Otro sitio realizado con WordPress\",\"potentialAction\":[{\"@type\":\"SearchAction\",\"target\":{\"@type\":\"EntryPoint\",\"urlTemplate\":\"https:\\\/\\\/flamencomadrid.com\\\/fr\\\/?s={search_term_string}\"},\"query-input\":{\"@type\":\"PropertyValueSpecification\",\"valueRequired\":true,\"valueName\":\"search_term_string\"}}],\"inLanguage\":\"fr-FR\"},{\"@type\":\"Person\",\"@id\":\"https:\\\/\\\/flamencomadrid.com\\\/es\\\/#\\\/schema\\\/person\\\/e60bef1612b66bdb46e0d88400bfab7e\",\"name\":\"Miguel Blanco\",\"image\":{\"@type\":\"ImageObject\",\"inLanguage\":\"fr-FR\",\"@id\":\"https:\\\/\\\/secure.gravatar.com\\\/avatar\\\/359874fd676a9bfbf3a5d62f8bb888a22a657034662dd62c3669b5e7274a1365?s=96&d=mm&r=g\",\"url\":\"https:\\\/\\\/secure.gravatar.com\\\/avatar\\\/359874fd676a9bfbf3a5d62f8bb888a22a657034662dd62c3669b5e7274a1365?s=96&d=mm&r=g\",\"contentUrl\":\"https:\\\/\\\/secure.gravatar.com\\\/avatar\\\/359874fd676a9bfbf3a5d62f8bb888a22a657034662dd62c3669b5e7274a1365?s=96&d=mm&r=g\",\"caption\":\"Miguel Blanco\"}}]}<\/script>\n<!-- \/ Yoast SEO plugin. -->","yoast_head_json":{"title":"Le Son Ca\u00f1\u00ed - Flamenco Madrid","description":"Plongez dans l\u2019\u00e2me brute du flamenco avec le son ca\u00f1\u00ed \u2014 de Ca\u00f1o Roto aux tablaos de Madrid, une histoire de duende et d\u2019authenticit\u00e9.","robots":{"index":"index","follow":"follow","max-snippet":"max-snippet:-1","max-image-preview":"max-image-preview:large","max-video-preview":"max-video-preview:-1"},"canonical":"\/","og_locale":"fr_FR","og_type":"article","og_title":"Le Son Ca\u00f1\u00ed - Flamenco Madrid","og_description":"Plongez dans l\u2019\u00e2me brute du flamenco avec le son ca\u00f1\u00ed \u2014 de Ca\u00f1o Roto aux tablaos de Madrid, une histoire de duende et d\u2019authenticit\u00e9.","og_url":"https:\/\/flamencomadrid.com\/fr\/sonido-cani\/","og_site_name":"Flamenco Madrid","article_published_time":"2025-08-04T15:35:26+00:00","og_image":[{"width":1536,"height":1024,"url":"https:\/\/flamencomadrid.com\/wp-content\/uploads\/2025\/07\/el_sonido_cani_optimizada.jpg","type":"image\/jpeg"}],"author":"Miguel Blanco","twitter_card":"summary_large_image","twitter_misc":{"\u00c9crit par":"Miguel Blanco","Dur\u00e9e de lecture estim\u00e9e":"4 minutes"},"schema":{"@context":"https:\/\/schema.org","@graph":[{"@type":"Article","@id":"https:\/\/flamencomadrid.com\/es\/sonido-cani\/#article","isPartOf":{"@id":"https:\/\/flamencomadrid.com\/es\/sonido-cani\/"},"author":{"name":"Miguel Blanco","@id":"https:\/\/flamencomadrid.com\/es\/#\/schema\/person\/e60bef1612b66bdb46e0d88400bfab7e"},"headline":"Le Son Ca\u00f1\u00ed","datePublished":"2025-08-04T15:35:26+00:00","mainEntityOfPage":{"@id":"https:\/\/flamencomadrid.com\/es\/sonido-cani\/"},"wordCount":2274,"commentCount":0,"image":{"@id":"https:\/\/flamencomadrid.com\/es\/sonido-cani\/#primaryimage"},"thumbnailUrl":"https:\/\/flamencomadrid.com\/wp-content\/uploads\/2025\/07\/el_sonido_cani_optimizada.jpg","articleSection":["Curiosidades Flamencas"],"inLanguage":"fr-FR","potentialAction":[{"@type":"CommentAction","name":"Comment","target":["https:\/\/flamencomadrid.com\/es\/sonido-cani\/#respond"]}]},{"@type":"WebPage","@id":"https:\/\/flamencomadrid.com\/fr\/sonido-cani\/","url":"https:\/\/flamencomadrid.com\/fr\/sonido-cani\/","name":"Le Son Ca\u00f1\u00ed - Flamenco Madrid","isPartOf":{"@id":"https:\/\/flamencomadrid.com\/fr\/#website"},"primaryImageOfPage":{"@id":"https:\/\/flamencomadrid.com\/fr\/sonido-cani\/#primaryimage"},"image":{"@id":"https:\/\/flamencomadrid.com\/es\/sonido-cani\/#primaryimage"},"thumbnailUrl":"https:\/\/flamencomadrid.com\/wp-content\/uploads\/2025\/07\/el_sonido_cani_optimizada.jpg","datePublished":"2025-08-04T15:35:26+00:00","author":{"@id":"https:\/\/flamencomadrid.com\/es\/#\/schema\/person\/e60bef1612b66bdb46e0d88400bfab7e"},"description":"Plongez dans l\u2019\u00e2me brute du flamenco avec le son ca\u00f1\u00ed \u2014 de Ca\u00f1o Roto aux tablaos de Madrid, une histoire de duende et d\u2019authenticit\u00e9.","breadcrumb":{"@id":"https:\/\/flamencomadrid.com\/fr\/sonido-cani\/#breadcrumb"},"inLanguage":"fr-FR","potentialAction":[{"@type":"ReadAction","target":[["https:\/\/flamencomadrid.com\/fr\/sonido-cani\/"]]}]},{"@type":"ImageObject","inLanguage":"fr-FR","@id":"https:\/\/flamencomadrid.com\/fr\/sonido-cani\/#primaryimage","url":"https:\/\/flamencomadrid.com\/wp-content\/uploads\/2025\/07\/el_sonido_cani_optimizada.jpg","contentUrl":"https:\/\/flamencomadrid.com\/wp-content\/uploads\/2025\/07\/el_sonido_cani_optimizada.jpg","width":1536,"height":1024,"caption":"Imagen de un Flamenco tocando y cantando en la calle de Ca\u00f1o Roto, estandarte del Sonido Ca\u00f1\u00ed"},{"@type":"BreadcrumbList","@id":"https:\/\/flamencomadrid.com\/fr\/sonido-cani\/#breadcrumb","itemListElement":[{"@type":"ListItem","position":1,"name":"Home","item":"https:\/\/flamencomadrid.com\/fr\/"},{"@type":"ListItem","position":2,"name":"El &#8216;Sonido Ca\u00f1\u00ed&#8217;"}]},{"@type":"WebSite","@id":"https:\/\/flamencomadrid.com\/fr\/#website","url":"https:\/\/flamencomadrid.com\/fr\/","name":"Flamenco Madrid","description":"Otro sitio realizado con WordPress","potentialAction":[{"@type":"SearchAction","target":{"@type":"EntryPoint","urlTemplate":"https:\/\/flamencomadrid.com\/fr\/?s={search_term_string}"},"query-input":{"@type":"PropertyValueSpecification","valueRequired":true,"valueName":"search_term_string"}}],"inLanguage":"fr-FR"},{"@type":"Person","@id":"https:\/\/flamencomadrid.com\/es\/#\/schema\/person\/e60bef1612b66bdb46e0d88400bfab7e","name":"Miguel Blanco","image":{"@type":"ImageObject","inLanguage":"fr-FR","@id":"https:\/\/secure.gravatar.com\/avatar\/359874fd676a9bfbf3a5d62f8bb888a22a657034662dd62c3669b5e7274a1365?s=96&d=mm&r=g","url":"https:\/\/secure.gravatar.com\/avatar\/359874fd676a9bfbf3a5d62f8bb888a22a657034662dd62c3669b5e7274a1365?s=96&d=mm&r=g","contentUrl":"https:\/\/secure.gravatar.com\/avatar\/359874fd676a9bfbf3a5d62f8bb888a22a657034662dd62c3669b5e7274a1365?s=96&d=mm&r=g","caption":"Miguel Blanco"}}]}},"_links":{"self":[{"href":"https:\/\/flamencomadrid.com\/fr\/wp-json\/wp\/v2\/posts\/1195","targetHints":{"allow":["GET"]}}],"collection":[{"href":"https:\/\/flamencomadrid.com\/fr\/wp-json\/wp\/v2\/posts"}],"about":[{"href":"https:\/\/flamencomadrid.com\/fr\/wp-json\/wp\/v2\/types\/post"}],"author":[{"embeddable":true,"href":"https:\/\/flamencomadrid.com\/fr\/wp-json\/wp\/v2\/users\/6"}],"replies":[{"embeddable":true,"href":"https:\/\/flamencomadrid.com\/fr\/wp-json\/wp\/v2\/comments?post=1195"}],"version-history":[{"count":9,"href":"https:\/\/flamencomadrid.com\/fr\/wp-json\/wp\/v2\/posts\/1195\/revisions"}],"predecessor-version":[{"id":1248,"href":"https:\/\/flamencomadrid.com\/fr\/wp-json\/wp\/v2\/posts\/1195\/revisions\/1248"}],"wp:featuredmedia":[{"embeddable":true,"href":"https:\/\/flamencomadrid.com\/fr\/wp-json\/wp\/v2\/media\/1196"}],"wp:attachment":[{"href":"https:\/\/flamencomadrid.com\/fr\/wp-json\/wp\/v2\/media?parent=1195"}],"wp:term":[{"taxonomy":"category","embeddable":true,"href":"https:\/\/flamencomadrid.com\/fr\/wp-json\/wp\/v2\/categories?post=1195"},{"taxonomy":"post_tag","embeddable":true,"href":"https:\/\/flamencomadrid.com\/fr\/wp-json\/wp\/v2\/tags?post=1195"}],"curies":[{"name":"wp","href":"https:\/\/api.w.org\/{rel}","templated":true}]}}