{"id":1167,"date":"2025-07-21T10:53:29","date_gmt":"2025-07-21T08:53:29","guid":{"rendered":"https:\/\/flamencomadrid.com\/es\/?p=1167"},"modified":"2025-07-14T10:12:12","modified_gmt":"2025-07-14T08:12:12","slug":"ruta-a-pie-por-el-madrid-mas-flamenco","status":"publish","type":"post","link":"https:\/\/flamencomadrid.com\/fr\/balade-a-pied-dans-le-madrid-le-plus-flamenco\/","title":{"rendered":"Balade \u00e0 Pied dans le Madrid le Plus Flamenco : Une Promenade de 2 Heures Charg\u00e9e de Duende"},"content":{"rendered":"<p><\/p>\n<p data-start=\"219\" data-end=\"585\">Tu penses s\u00fbrement conna\u00eetre le Madrid flamenco parce que tu as r\u00e9serv\u00e9 une place dans un tablao. Et tu as bien fait.<br data-start=\"336\" data-end=\"339\" \/>Mais si on te disait que le v\u00e9ritable <em data-start=\"377\" data-end=\"385\">duende<\/em> de la ville ne vit pas seulement sous les projecteurs, mais qu\u2019il respire dans ses trottoirs, dans l\u2019odeur du bois d\u2019un atelier centenaire, ou dans l\u2019\u00e9cho d\u2019un zapateado qui s\u2019\u00e9chappe d\u2019une fen\u00eatre ?<\/p>\n<p data-start=\"587\" data-end=\"891\">Oublie les guides touristiques classiques. On te propose une autre mani\u00e8re de ressentir Madrid. Enfile une paire de chaussures confortables, car on s\u2019appr\u00eate \u00e0 te r\u00e9v\u00e9ler un itin\u00e9raire unique. Un parcours fait d\u2019histoire, d\u2019artisanat, de sueur et de saveurs, qui nourrit chaque soir la magie du flamenco.<\/p>\n<p data-start=\"587\" data-end=\"891\"><img loading=\"lazy\" decoding=\"async\" class=\"aligncenter wp-image-1179 size-large\" src=\"https:\/\/flamencomadrid.com\/wp-content\/uploads\/2025\/07\/mapa_ruta_madrid_flamenco_optimizada-1024x540.jpg\" alt=\"Ruta por el Madrid mas Flamenco, representaci\u00f3n gr\u00e1fica de la ruta con Google Maps\" width=\"900\" height=\"475\" \/><\/p>\n<h2 data-start=\"893\" data-end=\"949\">Les \u00c9tapes de Notre Parcours : L\u2019\u00c9cosyst\u00e8me du Duende<\/h2>\n<h3 data-start=\"951\" data-end=\"1005\">1. Plaza de Santa Ana : Le Kilom\u00e8tre Z\u00e9ro de l\u2019Art<\/h3>\n<p data-start=\"1007\" data-end=\"1479\">Tout commence ici. La Plaza de Santa Ana n\u2019est pas seulement l\u2019une des plus belles places de Madrid, c\u2019est aussi la sc\u00e8ne \u00e0 ciel ouvert o\u00f9 tout a commenc\u00e9. Devant toi se trouve le Th\u00e9\u00e2tre Espagnol et la statue de Lorca. Et regarde bien le num\u00e9ro 15 : cette fa\u00e7ade recouverte d\u2019azulejos magnifiquement conserv\u00e9e, c\u2019est la l\u00e9gendaire <em data-start=\"1339\" data-end=\"1351\">Villa Rosa<\/em>. Imagine un instant le murmure des anciens <em data-start=\"1395\" data-end=\"1412\">Caf\u00e9s Cantantes<\/em>, la fum\u00e9e, les palmas, l\u2019effervescence. Tu es au c\u0153ur du flamenco.<\/p>\n<p data-start=\"1481\" data-end=\"1609\">Mais la magie ne s\u2019arr\u00eate pas l\u00e0. Tourne la t\u00eate et plonge dans la <em data-start=\"1548\" data-end=\"1565\">Calle Echegaray<\/em>, l\u2019art\u00e8re principale de la boh\u00e8me flamenca.<\/p>\n<p data-start=\"1611\" data-end=\"1901\">Cette ruelle, qui concentre plus de <em data-start=\"1647\" data-end=\"1655\">duende<\/em> au m\u00e8tre carr\u00e9 que n\u2019importe quelle autre \u00e0 Madrid, a abrit\u00e9 des lieux mythiques comme <em data-start=\"1743\" data-end=\"1758\">Los Gabrieles<\/em>, c\u00e9l\u00e8bre pour ses azulejos et pour les l\u00e9gendes qui y ont chant\u00e9. C\u2019\u00e9tait une rue de la nuit, des artistes, d\u2019un flamenco brut et sans filtre.<\/p>\n<p data-start=\"1903\" data-end=\"2128\">Et cette tradition est toujours vivante. Dans cette m\u00eame rue, au num\u00e9ro 15, <em data-start=\"1979\" data-end=\"2006\">Cardamomo Flamenco Madrid<\/em> continue de faire battre le c\u0153ur du flamenco. C\u2019est aujourd\u2019hui l\u2019un des tablaos les plus vibrants et respect\u00e9s au monde.<\/p>\n<p data-start=\"2130\" data-end=\"2275\">En \u00e0 peine 100 m\u00e8tres, tu auras vu le pass\u00e9 (<em data-start=\"2175\" data-end=\"2187\">Villa Rosa<\/em>, <em data-start=\"2189\" data-end=\"2204\">Los Gabrieles<\/em>) et le pr\u00e9sent vivant du flamenco madril\u00e8ne. Et ce n\u2019est que le d\u00e9but.<\/p>\n<p data-start=\"2130\" data-end=\"2275\"><img loading=\"lazy\" decoding=\"async\" class=\"aligncenter wp-image-1169 size-large\" src=\"https:\/\/flamencomadrid.com\/wp-content\/uploads\/2025\/07\/villarosa_fachada_optimizada-1024x576.jpg\" alt=\"Fachada de azulejos azules y amarillos del antiguo tablao Villa Rosa en la Plaza de Santa Ana, Madrid.\" width=\"900\" height=\"506\" \/><\/p>\n<h3 data-start=\"2277\" data-end=\"2352\">2. Guitarras Ram\u00edrez (Calle de la Paz, 8) : L\u00e0 O\u00f9 Na\u00eet l\u2019\u00c2me des Cordes<\/h3>\n<p data-start=\"2354\" data-end=\"2743\">Depuis la place, fais un d\u00e9tour par la Calle de la Paz, pr\u00e8s de Sol. Ici, pas de bruit, juste du respect. Au num\u00e9ro 8 se trouve l\u2019atelier <em data-start=\"2492\" data-end=\"2511\">Guitarras Ram\u00edrez<\/em>. Ce n\u2019est pas une boutique, c\u2019est un sanctuaire. Depuis 1882, leurs mains fa\u00e7onnent des guitares pour Paco de Luc\u00eda et d\u2019autres l\u00e9gendes. Regarde leur vitrine, sens le bois, le vernis. Une guitare ici ne se fabrique pas, elle na\u00eet.<\/p>\n<p data-start=\"2354\" data-end=\"2743\"><img loading=\"lazy\" decoding=\"async\" class=\"aligncenter wp-image-1170 size-large\" src=\"https:\/\/flamencomadrid.com\/wp-content\/uploads\/2025\/07\/luthier_optimizada-1024x683.jpg\" alt=\"Primer plano de las manos de un luthier trabajando en el cuerpo de una guitarra espa\u00f1ola de madera.\" width=\"900\" height=\"600\" \/><\/p>\n<h3 data-start=\"2745\" data-end=\"2813\">3. Amor de Dios (March\u00e9 d\u2019Ant\u00f3n Mart\u00edn) : La Cuisine du Flamenco<\/h3>\n<p data-start=\"2815\" data-end=\"3304\">Direction maintenant un lieu cach\u00e9 en pleine lumi\u00e8re : l\u2019\u00e9tage sup\u00e9rieur du march\u00e9 d\u2019Ant\u00f3n Mart\u00edn. Tu y trouveras le <em data-start=\"2932\" data-end=\"2970\">Centro de Arte Flamenco Amor de Dios<\/em>. C\u2019est une v\u00e9ritable fabrique de r\u00eaves, l\u2019\u00e9cole o\u00f9 se forment encore aujourd\u2019hui les plus grands artistes flamencos du monde. Pas besoin d\u2019entrer. Monte les escaliers et \u00e9coute. L\u2019\u00e9cho d\u2019un taconeo, une voix corrigeant un mouvement de bras&#8230; C\u2019est le moteur du flamenco madril\u00e8ne que tu entends. Le son de l\u2019effort et de la passion.<\/p>\n<p data-start=\"2815\" data-end=\"3304\"><span class=\"ng-star-inserted\"><img loading=\"lazy\" decoding=\"async\" class=\"aligncenter wp-image-1171 size-large\" src=\"https:\/\/flamencomadrid.com\/wp-content\/uploads\/2025\/07\/centro_de_arte_flamenco_y_danza_espanola_amor_de_dios-1024x385.jpg\" alt=\"Fachada y cartel de la Escuela Flamenca Amor de Dios, referencia de grandes artistas\" width=\"900\" height=\"338\" \/><\/span><\/p>\n<h3 data-start=\"3306\" data-end=\"3380\">4. El Flamenco Vive (Calle del Conde de Lemos, 7) : L\u2019Art Qui Se Porte<\/h3>\n<p data-start=\"3382\" data-end=\"3762\">Le flamenco s\u2019apprend, se joue, mais il se porte aussi. \u00c0 quelques minutes de marche d\u2019Ant\u00f3n Mart\u00edn, pr\u00e8s d\u2019\u00d3pera, se trouve <em data-start=\"3507\" data-end=\"3525\">El Flamenco Vive<\/em>. Bien plus qu\u2019un magasin, c\u2019est un centre culturel. Admire la chute d\u2019un ch\u00e2le de Manille, la qualit\u00e9 d\u2019une paire de chaussures de danse, ou perds-toi dans les livres et les disques. Ici, l\u2019esth\u00e9tique flamenca est un art \u00e0 part enti\u00e8re.<\/p>\n<h3 data-start=\"3764\" data-end=\"3847\">5. Taberna La Dolores (Plaza de Jes\u00fas, 4) : Une Pause Technique et Sentimentale<\/h3>\n<p data-start=\"3849\" data-end=\"4279\">Tant de marche ouvre l\u2019app\u00e9tit\u2026 et le c\u0153ur. \u00c0 deux pas du quartier des Lettres, on te recommande une halte dans l\u2019une des tavernes les plus typiques de Madrid : <em data-start=\"4010\" data-end=\"4022\">La Dolores<\/em>. Un vermouth, une bi\u00e8re bien fra\u00eeche, quelques anchois marin\u00e9s. Le moment id\u00e9al pour t\u2019asseoir, commenter la promenade et ressentir le pouls de la ville. Le flamenco, c\u2019est aussi le partage. Et cet ap\u00e9ritif est l\u2019introduction parfaite avant le grand final.<\/p>\n<p data-start=\"3849\" data-end=\"4279\"><span class=\"ng-star-inserted\"><img loading=\"lazy\" decoding=\"async\" class=\"aligncenter wp-image-1172 size-full\" src=\"https:\/\/flamencomadrid.com\/wp-content\/uploads\/2025\/07\/whatsapp-image-2025-07-10-at-12-05-02.jpeg\" alt=\"Fachada de azulejos y ambiente animado en la cl\u00e1sica Taberna La Dolores de Madrid.\" width=\"660\" height=\"335\" \/><\/span><\/p>\n<h3 data-start=\"4281\" data-end=\"4323\">6. L\u2019Acte Final : De la Rue \u00e0 la Sc\u00e8ne<\/h3>\n<p data-start=\"4325\" data-end=\"4558\">Avec l\u2019histoire sous tes pieds et le go\u00fbt de Madrid dans la bouche, retourne au c\u0153ur du quartier des Lettres. Tu as vu l\u2019artisanat, la formation, le poids de la tradition. Il est temps maintenant de voir tout cela exploser sur sc\u00e8ne.<\/p>\n<p data-start=\"4560\" data-end=\"4617\">Et maintenant, la grande question : quel tablao choisir ?<\/p>\n<p data-start=\"4619\" data-end=\"4910\">Madrid offre une multitude de sc\u00e8nes, chacune avec sa propre magie. Certaines conservent l\u2019\u00e9cho d\u2019un si\u00e8cle d\u2019histoire dans une ambiance intime. D\u2019autres misent sur l\u2019avant-garde, l\u2019\u00e9nergie pure et les productions spectaculaires. Le choix est personnel, et d\u00e9terminera la magie de ta soir\u00e9e.<\/p>\n<p data-start=\"4912\" data-end=\"5051\">Pour t\u2019aider \u00e0 choisir, nous avons fait le travail. Nous avons explor\u00e9 la sc\u00e8ne flamenca de Madrid et s\u00e9lectionn\u00e9 les meilleurs spectacles.<\/p>\n<p data-start=\"5053\" data-end=\"5182\"><a href=\"https:\/\/flamencomadrid.com\/fr\/les-6-meilleurs-spectacles-de-flamenco-a-madrid\/\"><strong>Consulte notre guide mis \u00e0 jour avec les 6 meilleurs shows flamencos de Madrid et choisis la sc\u00e8ne id\u00e9ale pour cl\u00f4turer ta route.<\/strong><\/a><\/p>\n<h2 data-start=\"5184\" data-end=\"5231\">Madrid \u00e0 Tes Pieds, le Flamenco dans Ton \u00c2me<\/h2>\n<p data-start=\"5233\" data-end=\"5443\">Nous esp\u00e9rons que cet itin\u00e9raire t\u2019aura permis de d\u00e9couvrir un Madrid diff\u00e9rent.<br data-start=\"5313\" data-end=\"5316\" \/>D\u00e9sormais, en marchant dans ces rues, tu ne verras plus seulement des b\u00e2timents, mais tu sentiras les histoires qu\u2019ils portent.<\/p>\n<p data-start=\"5445\" data-end=\"5534\">La ville t\u2019a confi\u00e9 ses secrets. Il est temps que le tablao parle directement \u00e0 ton c\u0153ur.<\/p>\n<p><\/p>","protected":false},"excerpt":{"rendered":"Tu penses s\u00fbrement conna\u00eetre le Madrid flamenco parce que tu as r\u00e9serv\u00e9 une place dans un tablao. Et tu as bien fait.Mais si on te disait que le v\u00e9ritable duende de la ville ne vit pas seulement sous les projecteurs, mais qu\u2019il respire dans ses trottoirs, dans l\u2019odeur du bois d\u2019un atelier centenaire, ou dans&#8230;","protected":false},"author":6,"featured_media":1176,"comment_status":"open","ping_status":"open","sticky":false,"template":"","format":"standard","meta":{"_acf_changed":false,"footnotes":""},"categories":[13],"tags":[],"class_list":["post-1167","post","type-post","status-publish","format-standard","has-post-thumbnail","hentry","category-curiosidades-flamencas"],"acf":[],"yoast_head":"<!-- This site is optimized with the Yoast SEO plugin v27.4 - https:\/\/yoast.com\/product\/yoast-seo-wordpress\/ -->\n<title>Balade \u00e0 Pied dans le Madrid le Plus Flamenco : Une Promenade de 2 Heures Charg\u00e9e de Duende - Flamenco Madrid<\/title>\n<meta name=\"description\" content=\"D\u00e9couvrez le Madrid le plus flamenco lors d&#039;une balade \u00e0 pied de 2 heures : tablaos historiques, ateliers d\u2019artisans et recoins charg\u00e9s de duende qui font vibrer la ville.\" \/>\n<meta name=\"robots\" content=\"index, follow, max-snippet:-1, max-image-preview:large, max-video-preview:-1\" \/>\n<link rel=\"canonical\" href=\"\/\" \/>\n<meta property=\"og:locale\" content=\"fr_FR\" \/>\n<meta property=\"og:type\" content=\"article\" \/>\n<meta property=\"og:title\" content=\"Balade \u00e0 Pied dans le Madrid le Plus Flamenco : Une Promenade de 2 Heures Charg\u00e9e de Duende - Flamenco Madrid\" \/>\n<meta property=\"og:description\" content=\"D\u00e9couvrez le Madrid le plus flamenco lors d&#039;une balade \u00e0 pied de 2 heures : tablaos historiques, ateliers d\u2019artisans et recoins charg\u00e9s de duende qui font vibrer la ville.\" \/>\n<meta property=\"og:url\" content=\"https:\/\/flamencomadrid.com\/fr\/ruta-a-pie-por-el-madrid-mas-flamenco\/\" \/>\n<meta property=\"og:site_name\" content=\"Flamenco Madrid\" \/>\n<meta property=\"article:published_time\" content=\"2025-07-21T08:53:29+00:00\" \/>\n<meta property=\"og:image\" content=\"https:\/\/flamencomadrid.com\/wp-content\/uploads\/2025\/07\/ruta_madrid_flamenco_optimizada.jpg\" \/>\n\t<meta property=\"og:image:width\" content=\"1536\" \/>\n\t<meta property=\"og:image:height\" content=\"1024\" \/>\n\t<meta property=\"og:image:type\" content=\"image\/jpeg\" \/>\n<meta name=\"author\" content=\"Miguel Blanco\" \/>\n<meta name=\"twitter:card\" content=\"summary_large_image\" \/>\n<meta name=\"twitter:label1\" content=\"\u00c9crit par\" \/>\n\t<meta name=\"twitter:data1\" content=\"Miguel Blanco\" \/>\n\t<meta name=\"twitter:label2\" content=\"Dur\u00e9e de lecture estim\u00e9e\" \/>\n\t<meta name=\"twitter:data2\" content=\"6 minutes\" \/>\n<script type=\"application\/ld+json\" class=\"yoast-schema-graph\">{\"@context\":\"https:\\\/\\\/schema.org\",\"@graph\":[{\"@type\":\"Article\",\"@id\":\"https:\\\/\\\/flamencomadrid.com\\\/es\\\/ruta-a-pie-por-el-madrid-mas-flamenco\\\/#article\",\"isPartOf\":{\"@id\":\"https:\\\/\\\/flamencomadrid.com\\\/es\\\/ruta-a-pie-por-el-madrid-mas-flamenco\\\/\"},\"author\":{\"name\":\"Miguel Blanco\",\"@id\":\"https:\\\/\\\/flamencomadrid.com\\\/es\\\/#\\\/schema\\\/person\\\/e60bef1612b66bdb46e0d88400bfab7e\"},\"headline\":\"Balade \u00e0 Pied dans le Madrid le Plus Flamenco : Une Promenade de 2 Heures Charg\u00e9e de Duende\",\"datePublished\":\"2025-07-21T08:53:29+00:00\",\"mainEntityOfPage\":{\"@id\":\"https:\\\/\\\/flamencomadrid.com\\\/es\\\/ruta-a-pie-por-el-madrid-mas-flamenco\\\/\"},\"wordCount\":3955,\"commentCount\":0,\"image\":{\"@id\":\"https:\\\/\\\/flamencomadrid.com\\\/es\\\/ruta-a-pie-por-el-madrid-mas-flamenco\\\/#primaryimage\"},\"thumbnailUrl\":\"https:\\\/\\\/flamencomadrid.com\\\/wp-content\\\/uploads\\\/2025\\\/07\\\/ruta_madrid_flamenco_optimizada.jpg\",\"articleSection\":[\"Curiosidades Flamencas\"],\"inLanguage\":\"fr-FR\",\"potentialAction\":[{\"@type\":\"CommentAction\",\"name\":\"Comment\",\"target\":[\"https:\\\/\\\/flamencomadrid.com\\\/es\\\/ruta-a-pie-por-el-madrid-mas-flamenco\\\/#respond\"]}]},{\"@type\":\"WebPage\",\"@id\":\"https:\\\/\\\/flamencomadrid.com\\\/fr\\\/ruta-a-pie-por-el-madrid-mas-flamenco\\\/\",\"url\":\"https:\\\/\\\/flamencomadrid.com\\\/fr\\\/ruta-a-pie-por-el-madrid-mas-flamenco\\\/\",\"name\":\"Balade \u00e0 Pied dans le Madrid le Plus Flamenco : Une Promenade de 2 Heures Charg\u00e9e de Duende - Flamenco Madrid\",\"isPartOf\":{\"@id\":\"https:\\\/\\\/flamencomadrid.com\\\/fr\\\/#website\"},\"primaryImageOfPage\":{\"@id\":\"https:\\\/\\\/flamencomadrid.com\\\/fr\\\/ruta-a-pie-por-el-madrid-mas-flamenco\\\/#primaryimage\"},\"image\":{\"@id\":\"https:\\\/\\\/flamencomadrid.com\\\/es\\\/ruta-a-pie-por-el-madrid-mas-flamenco\\\/#primaryimage\"},\"thumbnailUrl\":\"https:\\\/\\\/flamencomadrid.com\\\/wp-content\\\/uploads\\\/2025\\\/07\\\/ruta_madrid_flamenco_optimizada.jpg\",\"datePublished\":\"2025-07-21T08:53:29+00:00\",\"author\":{\"@id\":\"https:\\\/\\\/flamencomadrid.com\\\/es\\\/#\\\/schema\\\/person\\\/e60bef1612b66bdb46e0d88400bfab7e\"},\"description\":\"D\u00e9couvrez le Madrid le plus flamenco lors d'une balade \u00e0 pied de 2 heures : tablaos historiques, ateliers d\u2019artisans et recoins charg\u00e9s de duende qui font vibrer la ville.\",\"breadcrumb\":{\"@id\":\"https:\\\/\\\/flamencomadrid.com\\\/fr\\\/ruta-a-pie-por-el-madrid-mas-flamenco\\\/#breadcrumb\"},\"inLanguage\":\"fr-FR\",\"potentialAction\":[{\"@type\":\"ReadAction\",\"target\":[[\"https:\\\/\\\/flamencomadrid.com\\\/fr\\\/ruta-a-pie-por-el-madrid-mas-flamenco\\\/\"]]}]},{\"@type\":\"ImageObject\",\"inLanguage\":\"fr-FR\",\"@id\":\"https:\\\/\\\/flamencomadrid.com\\\/fr\\\/ruta-a-pie-por-el-madrid-mas-flamenco\\\/#primaryimage\",\"url\":\"https:\\\/\\\/flamencomadrid.com\\\/wp-content\\\/uploads\\\/2025\\\/07\\\/ruta_madrid_flamenco_optimizada.jpg\",\"contentUrl\":\"https:\\\/\\\/flamencomadrid.com\\\/wp-content\\\/uploads\\\/2025\\\/07\\\/ruta_madrid_flamenco_optimizada.jpg\",\"width\":1536,\"height\":1024,\"caption\":\"Cartel de la Ruta Flamenca de Madrid por flamencomadrid.com\"},{\"@type\":\"BreadcrumbList\",\"@id\":\"https:\\\/\\\/flamencomadrid.com\\\/fr\\\/ruta-a-pie-por-el-madrid-mas-flamenco\\\/#breadcrumb\",\"itemListElement\":[{\"@type\":\"ListItem\",\"position\":1,\"name\":\"Home\",\"item\":\"https:\\\/\\\/flamencomadrid.com\\\/fr\\\/\"},{\"@type\":\"ListItem\",\"position\":2,\"name\":\"Ruta a Pie por el Madrid m\u00e1s Flamenco: Un Paseo de 2 horas lleno de Duende\"}]},{\"@type\":\"WebSite\",\"@id\":\"https:\\\/\\\/flamencomadrid.com\\\/fr\\\/#website\",\"url\":\"https:\\\/\\\/flamencomadrid.com\\\/fr\\\/\",\"name\":\"Flamenco Madrid\",\"description\":\"Otro sitio realizado con WordPress\",\"potentialAction\":[{\"@type\":\"SearchAction\",\"target\":{\"@type\":\"EntryPoint\",\"urlTemplate\":\"https:\\\/\\\/flamencomadrid.com\\\/fr\\\/?s={search_term_string}\"},\"query-input\":{\"@type\":\"PropertyValueSpecification\",\"valueRequired\":true,\"valueName\":\"search_term_string\"}}],\"inLanguage\":\"fr-FR\"},{\"@type\":\"Person\",\"@id\":\"https:\\\/\\\/flamencomadrid.com\\\/es\\\/#\\\/schema\\\/person\\\/e60bef1612b66bdb46e0d88400bfab7e\",\"name\":\"Miguel Blanco\",\"image\":{\"@type\":\"ImageObject\",\"inLanguage\":\"fr-FR\",\"@id\":\"https:\\\/\\\/secure.gravatar.com\\\/avatar\\\/359874fd676a9bfbf3a5d62f8bb888a22a657034662dd62c3669b5e7274a1365?s=96&d=mm&r=g\",\"url\":\"https:\\\/\\\/secure.gravatar.com\\\/avatar\\\/359874fd676a9bfbf3a5d62f8bb888a22a657034662dd62c3669b5e7274a1365?s=96&d=mm&r=g\",\"contentUrl\":\"https:\\\/\\\/secure.gravatar.com\\\/avatar\\\/359874fd676a9bfbf3a5d62f8bb888a22a657034662dd62c3669b5e7274a1365?s=96&d=mm&r=g\",\"caption\":\"Miguel Blanco\"}}]}<\/script>\n<!-- \/ Yoast SEO plugin. -->","yoast_head_json":{"title":"Balade \u00e0 Pied dans le Madrid le Plus Flamenco : Une Promenade de 2 Heures Charg\u00e9e de Duende - Flamenco Madrid","description":"D\u00e9couvrez le Madrid le plus flamenco lors d'une balade \u00e0 pied de 2 heures : tablaos historiques, ateliers d\u2019artisans et recoins charg\u00e9s de duende qui font vibrer la ville.","robots":{"index":"index","follow":"follow","max-snippet":"max-snippet:-1","max-image-preview":"max-image-preview:large","max-video-preview":"max-video-preview:-1"},"canonical":"\/","og_locale":"fr_FR","og_type":"article","og_title":"Balade \u00e0 Pied dans le Madrid le Plus Flamenco : Une Promenade de 2 Heures Charg\u00e9e de Duende - Flamenco Madrid","og_description":"D\u00e9couvrez le Madrid le plus flamenco lors d'une balade \u00e0 pied de 2 heures : tablaos historiques, ateliers d\u2019artisans et recoins charg\u00e9s de duende qui font vibrer la ville.","og_url":"https:\/\/flamencomadrid.com\/fr\/ruta-a-pie-por-el-madrid-mas-flamenco\/","og_site_name":"Flamenco Madrid","article_published_time":"2025-07-21T08:53:29+00:00","og_image":[{"width":1536,"height":1024,"url":"https:\/\/flamencomadrid.com\/wp-content\/uploads\/2025\/07\/ruta_madrid_flamenco_optimizada.jpg","type":"image\/jpeg"}],"author":"Miguel Blanco","twitter_card":"summary_large_image","twitter_misc":{"\u00c9crit par":"Miguel Blanco","Dur\u00e9e de lecture estim\u00e9e":"6 minutes"},"schema":{"@context":"https:\/\/schema.org","@graph":[{"@type":"Article","@id":"https:\/\/flamencomadrid.com\/es\/ruta-a-pie-por-el-madrid-mas-flamenco\/#article","isPartOf":{"@id":"https:\/\/flamencomadrid.com\/es\/ruta-a-pie-por-el-madrid-mas-flamenco\/"},"author":{"name":"Miguel Blanco","@id":"https:\/\/flamencomadrid.com\/es\/#\/schema\/person\/e60bef1612b66bdb46e0d88400bfab7e"},"headline":"Balade \u00e0 Pied dans le Madrid le Plus Flamenco : Une Promenade de 2 Heures Charg\u00e9e de Duende","datePublished":"2025-07-21T08:53:29+00:00","mainEntityOfPage":{"@id":"https:\/\/flamencomadrid.com\/es\/ruta-a-pie-por-el-madrid-mas-flamenco\/"},"wordCount":3955,"commentCount":0,"image":{"@id":"https:\/\/flamencomadrid.com\/es\/ruta-a-pie-por-el-madrid-mas-flamenco\/#primaryimage"},"thumbnailUrl":"https:\/\/flamencomadrid.com\/wp-content\/uploads\/2025\/07\/ruta_madrid_flamenco_optimizada.jpg","articleSection":["Curiosidades Flamencas"],"inLanguage":"fr-FR","potentialAction":[{"@type":"CommentAction","name":"Comment","target":["https:\/\/flamencomadrid.com\/es\/ruta-a-pie-por-el-madrid-mas-flamenco\/#respond"]}]},{"@type":"WebPage","@id":"https:\/\/flamencomadrid.com\/fr\/ruta-a-pie-por-el-madrid-mas-flamenco\/","url":"https:\/\/flamencomadrid.com\/fr\/ruta-a-pie-por-el-madrid-mas-flamenco\/","name":"Balade \u00e0 Pied dans le Madrid le Plus Flamenco : Une Promenade de 2 Heures Charg\u00e9e de Duende - Flamenco Madrid","isPartOf":{"@id":"https:\/\/flamencomadrid.com\/fr\/#website"},"primaryImageOfPage":{"@id":"https:\/\/flamencomadrid.com\/fr\/ruta-a-pie-por-el-madrid-mas-flamenco\/#primaryimage"},"image":{"@id":"https:\/\/flamencomadrid.com\/es\/ruta-a-pie-por-el-madrid-mas-flamenco\/#primaryimage"},"thumbnailUrl":"https:\/\/flamencomadrid.com\/wp-content\/uploads\/2025\/07\/ruta_madrid_flamenco_optimizada.jpg","datePublished":"2025-07-21T08:53:29+00:00","author":{"@id":"https:\/\/flamencomadrid.com\/es\/#\/schema\/person\/e60bef1612b66bdb46e0d88400bfab7e"},"description":"D\u00e9couvrez le Madrid le plus flamenco lors d'une balade \u00e0 pied de 2 heures : tablaos historiques, ateliers d\u2019artisans et recoins charg\u00e9s de duende qui font vibrer la ville.","breadcrumb":{"@id":"https:\/\/flamencomadrid.com\/fr\/ruta-a-pie-por-el-madrid-mas-flamenco\/#breadcrumb"},"inLanguage":"fr-FR","potentialAction":[{"@type":"ReadAction","target":[["https:\/\/flamencomadrid.com\/fr\/ruta-a-pie-por-el-madrid-mas-flamenco\/"]]}]},{"@type":"ImageObject","inLanguage":"fr-FR","@id":"https:\/\/flamencomadrid.com\/fr\/ruta-a-pie-por-el-madrid-mas-flamenco\/#primaryimage","url":"https:\/\/flamencomadrid.com\/wp-content\/uploads\/2025\/07\/ruta_madrid_flamenco_optimizada.jpg","contentUrl":"https:\/\/flamencomadrid.com\/wp-content\/uploads\/2025\/07\/ruta_madrid_flamenco_optimizada.jpg","width":1536,"height":1024,"caption":"Cartel de la Ruta Flamenca de Madrid por flamencomadrid.com"},{"@type":"BreadcrumbList","@id":"https:\/\/flamencomadrid.com\/fr\/ruta-a-pie-por-el-madrid-mas-flamenco\/#breadcrumb","itemListElement":[{"@type":"ListItem","position":1,"name":"Home","item":"https:\/\/flamencomadrid.com\/fr\/"},{"@type":"ListItem","position":2,"name":"Ruta a Pie por el Madrid m\u00e1s Flamenco: Un Paseo de 2 horas lleno de Duende"}]},{"@type":"WebSite","@id":"https:\/\/flamencomadrid.com\/fr\/#website","url":"https:\/\/flamencomadrid.com\/fr\/","name":"Flamenco Madrid","description":"Otro sitio realizado con WordPress","potentialAction":[{"@type":"SearchAction","target":{"@type":"EntryPoint","urlTemplate":"https:\/\/flamencomadrid.com\/fr\/?s={search_term_string}"},"query-input":{"@type":"PropertyValueSpecification","valueRequired":true,"valueName":"search_term_string"}}],"inLanguage":"fr-FR"},{"@type":"Person","@id":"https:\/\/flamencomadrid.com\/es\/#\/schema\/person\/e60bef1612b66bdb46e0d88400bfab7e","name":"Miguel Blanco","image":{"@type":"ImageObject","inLanguage":"fr-FR","@id":"https:\/\/secure.gravatar.com\/avatar\/359874fd676a9bfbf3a5d62f8bb888a22a657034662dd62c3669b5e7274a1365?s=96&d=mm&r=g","url":"https:\/\/secure.gravatar.com\/avatar\/359874fd676a9bfbf3a5d62f8bb888a22a657034662dd62c3669b5e7274a1365?s=96&d=mm&r=g","contentUrl":"https:\/\/secure.gravatar.com\/avatar\/359874fd676a9bfbf3a5d62f8bb888a22a657034662dd62c3669b5e7274a1365?s=96&d=mm&r=g","caption":"Miguel Blanco"}}]}},"_links":{"self":[{"href":"https:\/\/flamencomadrid.com\/fr\/wp-json\/wp\/v2\/posts\/1167","targetHints":{"allow":["GET"]}}],"collection":[{"href":"https:\/\/flamencomadrid.com\/fr\/wp-json\/wp\/v2\/posts"}],"about":[{"href":"https:\/\/flamencomadrid.com\/fr\/wp-json\/wp\/v2\/types\/post"}],"author":[{"embeddable":true,"href":"https:\/\/flamencomadrid.com\/fr\/wp-json\/wp\/v2\/users\/6"}],"replies":[{"embeddable":true,"href":"https:\/\/flamencomadrid.com\/fr\/wp-json\/wp\/v2\/comments?post=1167"}],"version-history":[{"count":6,"href":"https:\/\/flamencomadrid.com\/fr\/wp-json\/wp\/v2\/posts\/1167\/revisions"}],"predecessor-version":[{"id":1233,"href":"https:\/\/flamencomadrid.com\/fr\/wp-json\/wp\/v2\/posts\/1167\/revisions\/1233"}],"wp:featuredmedia":[{"embeddable":true,"href":"https:\/\/flamencomadrid.com\/fr\/wp-json\/wp\/v2\/media\/1176"}],"wp:attachment":[{"href":"https:\/\/flamencomadrid.com\/fr\/wp-json\/wp\/v2\/media?parent=1167"}],"wp:term":[{"taxonomy":"category","embeddable":true,"href":"https:\/\/flamencomadrid.com\/fr\/wp-json\/wp\/v2\/categories?post=1167"},{"taxonomy":"post_tag","embeddable":true,"href":"https:\/\/flamencomadrid.com\/fr\/wp-json\/wp\/v2\/tags?post=1167"}],"curies":[{"name":"wp","href":"https:\/\/api.w.org\/{rel}","templated":true}]}}