{"id":1144,"date":"2025-07-13T10:06:59","date_gmt":"2025-07-13T08:06:59","guid":{"rendered":"https:\/\/flamencomadrid.com\/es\/?p=1144"},"modified":"2025-12-15T10:35:01","modified_gmt":"2025-12-15T09:35:01","slug":"un-paseo-por-los-barrios-flamencos-de-madrid","status":"publish","type":"post","link":"https:\/\/flamencomadrid.com\/fr\/quartiers-flamenco-madrid\/","title":{"rendered":"Balade dans les Quartiers Flamencos de Madrid"},"content":{"rendered":"<p><\/p>\n<h2 data-start=\"1569\" data-end=\"1653\">O\u00f9 R\u00e9sonne le Flamenco \u00e0 Madrid ? Une Balade dans les Quartiers Pleins de Duende<\/h2>\n<p data-start=\"1655\" data-end=\"1992\">Madrid a un compas secret. Le flamenco ne r\u00e9sonne pas de la m\u00eame mani\u00e8re selon que l\u2019on se perde dans les ruelles du centre-ville, que l\u2019on plonge dans le c\u0153ur populaire de Lavapi\u00e9s ou que l\u2019on cherche ses racines dans les quartiers plus \u00e9loign\u00e9s. Chaque zone a son propre <em data-start=\"1928\" data-end=\"1939\">soniquete<\/em>, sa mani\u00e8re unique de vivre et de ressentir cet art.<\/p>\n<p data-start=\"1994\" data-end=\"2217\">Tu viens te balader autrement avec flamencomadrid.com ? Oublie les guides touristiques classiques. Allons chercher le <em data-start=\"2112\" data-end=\"2120\">duende<\/em>, <strong data-start=\"2122\" data-end=\"2147\">quartier par quartier<\/strong>, pour ressentir o\u00f9 bat le <strong data-start=\"2174\" data-end=\"2216\">flamenco le plus authentique de Madrid<\/strong>.<\/p>\n<h2 data-start=\"2219\" data-end=\"2307\">Le Centre Historique (Letras, Sol, Austrias) : \u00c9l\u00e9gance et Solennit\u00e9 entre les Pav\u00e9s<\/h2>\n<p data-start=\"2309\" data-end=\"2869\">Ici, l\u2019air sent l\u2019histoire. Entre places majestueuses et rues aux noms d\u2019\u00e9crivains, le flamenco se pare d\u2019\u00e9l\u00e9gance.<\/p>\n<p data-start=\"577\" data-end=\"913\">C\u2019est un quartier de <strong>tablaos l\u00e9gendaires<\/strong>, dont certains ont vu passer plus de cent ans d\u2019art ; <a href=\"https:\/\/tablaoflamenco1911.com\/fr\/\">un tablao historique en plein centre<\/a> (imaginez la solera du 1911 sur la Plaza de Santa Ana !), et d\u2019autres plus r\u00e9cents mais avec une \u00e9nergie brute et des artistes de premier plan (faites un tour \u00e0 Cardamomo, dans le quartier des Lettres !).<\/p>\n<p data-start=\"2309\" data-end=\"2869\"><img loading=\"lazy\" decoding=\"async\" class=\"aligncenter wp-image-1146 size-large\" src=\"https:\/\/flamencomadrid.com\/wp-content\/uploads\/2025\/07\/fachada_villarosa_optimizada-1024x576.jpg\" alt=\"La elegancia y la historia del flamenco en el centro de Madrid.\" width=\"900\" height=\"506\" \/><\/p>\n<h2 data-start=\"4499\" data-end=\"4567\">Lavapi\u00e9s : Le Chaos Flamenco le Plus Authentique et Multiculturel<\/h2>\n<p data-start=\"4569\" data-end=\"5071\">Descendre \u00e0 Lavapi\u00e9s, c\u2019est plonger dans un Madrid diff\u00e9rent : populaire, bruyant, m\u00e9tiss\u00e9\u2026 et ultra flamenco ! Ici, tu ne trouveras peut-\u00eatre pas le luxe, mais tu trouveras <strong data-start=\"4743\" data-end=\"4756\">la v\u00e9rit\u00e9<\/strong>. C\u2019est le quartier des <strong data-start=\"4780\" data-end=\"4800\">\u00e9coles mythiques<\/strong> o\u00f9 les artistes se forment (<em data-start=\"4829\" data-end=\"4852\">coucou Amor de Dios !<\/em>), des <strong data-start=\"4859\" data-end=\"4868\">pe\u00f1as<\/strong> o\u00f9 l\u2019on respecte le chant pur, et des <strong data-start=\"4907\" data-end=\"4915\">bars<\/strong> o\u00f9, si tu as de la chance, la f\u00eate commence \u00e0 l\u2019improviste. Le flamenco de Lavapi\u00e9s est plus brut, plus de rue, plus impr\u00e9visible. C\u2019est la vie, la vraie !<\/p>\n<h2 data-start=\"5073\" data-end=\"5145\">Vallecas, Carabanchel, Ca\u00f1o Roto\u2026 Les Racines qui Nourrissent l\u2019Arbre<\/h2>\n<p data-start=\"5147\" data-end=\"5464\">Il faut s\u2019\u00e9loigner un peu du centre pour trouver <strong data-start=\"5196\" data-end=\"5238\">le berceau de nombreuses sagas gitanes<\/strong> qui sont les piliers du flamenco madril\u00e8ne. Des quartiers comme <strong data-start=\"5303\" data-end=\"5315\">Vallecas<\/strong>, <strong data-start=\"5317\" data-end=\"5332\">Carabanchel<\/strong> (avec des coins comme Pan Bendito) ou l\u2019embl\u00e9matique <strong data-start=\"5386\" data-end=\"5399\">Ca\u00f1o Roto<\/strong> (<em data-start=\"5401\" data-end=\"5426\">ah, ce son de guitare !<\/em>) sont de vraies p\u00e9pini\u00e8res flamencas.<\/p>\n<p data-start=\"5466\" data-end=\"5769\">Ici, le flamenco n\u2019est pas un spectacle pour touristes : c\u2019est <strong data-start=\"5529\" data-end=\"5545\">le quotidien<\/strong>, les f\u00eates de famille, les r\u00e9unions dans les pe\u00f1as de quartier. Ne cherche pas ici les grands tablaos, mais plut\u00f4t l\u2019\u00e9cho de la tradition, du flamenco transmis comme un h\u00e9ritage. C\u2019est un autre Madrid, tout aussi essentiel.<\/p>\n<p data-start=\"5466\" data-end=\"5769\"><img loading=\"lazy\" decoding=\"async\" class=\"aligncenter wp-image-1147 size-large\" src=\"https:\/\/flamencomadrid.com\/wp-content\/uploads\/2025\/07\/vida_de_barrio_horizontal_opt-1024x683.jpg\" alt=\"La ra\u00edz familiar y la tradici\u00f3n flamenca en los barrios de la periferia de Madrid. \" width=\"900\" height=\"600\" \/><\/p>\n<h2 data-start=\"5771\" data-end=\"5818\">Tout Madrid : Le Comp\u00e1s Ne S\u2019arr\u00eate Jamais !<\/h2>\n<p data-start=\"5820\" data-end=\"6013\">En v\u00e9rit\u00e9, le flamenco ne s\u2019arr\u00eate pas l\u00e0. Il y a des \u00e9coles dans presque tous les quartiers, des salles de concert, des festivals qui remplissent la ville de duende. C\u2019est un art omnipr\u00e9sent !<\/p>\n<p data-start=\"6015\" data-end=\"6189\">L\u2019important, c\u2019est de sortir le chercher avec les oreilles et le c\u0153ur ouverts. Chaque quartier a son histoire flamenca \u00e0 te raconter. Et toi, laquelle seras-tu pr\u00eat \u00e0 vivre ?<\/p>\n<p><\/p>","protected":false},"excerpt":{"rendered":"O\u00f9 R\u00e9sonne le Flamenco \u00e0 Madrid ? Une Balade dans les Quartiers Pleins de Duende Madrid a un compas secret. Le flamenco ne r\u00e9sonne pas de la m\u00eame mani\u00e8re selon que l\u2019on se perde dans les ruelles du centre-ville, que l\u2019on plonge dans le c\u0153ur populaire de Lavapi\u00e9s ou que l\u2019on cherche ses racines dans&#8230;","protected":false},"author":6,"featured_media":1145,"comment_status":"open","ping_status":"open","sticky":false,"template":"","format":"standard","meta":{"_acf_changed":false,"footnotes":""},"categories":[13],"tags":[],"class_list":["post-1144","post","type-post","status-publish","format-standard","has-post-thumbnail","hentry","category-curiosidades-flamencas"],"acf":[],"yoast_head":"<!-- This site is optimized with the Yoast SEO plugin v27.4 - https:\/\/yoast.com\/product\/yoast-seo-wordpress\/ -->\n<title>Balade dans les Quartiers Flamencos de Madrid - Flamenco Madrid<\/title>\n<meta name=\"robots\" content=\"index, follow, max-snippet:-1, max-image-preview:large, max-video-preview:-1\" \/>\n<link rel=\"canonical\" href=\"\/\" \/>\n<meta property=\"og:locale\" content=\"fr_FR\" \/>\n<meta property=\"og:type\" content=\"article\" \/>\n<meta property=\"og:title\" content=\"Balade dans les Quartiers Flamencos de Madrid - Flamenco Madrid\" \/>\n<meta property=\"og:url\" content=\"https:\/\/flamencomadrid.com\/fr\/barrios-flamencos-madrid\/\" \/>\n<meta property=\"og:site_name\" content=\"Flamenco Madrid\" \/>\n<meta property=\"article:published_time\" content=\"2025-07-13T08:06:59+00:00\" \/>\n<meta property=\"article:modified_time\" content=\"2025-12-15T09:35:01+00:00\" \/>\n<meta property=\"og:image\" content=\"https:\/\/flamencomadrid.com\/wp-content\/uploads\/2025\/07\/madrid_flamenco_mapa_optimizado.jpg\" \/>\n\t<meta property=\"og:image:width\" content=\"1536\" \/>\n\t<meta property=\"og:image:height\" content=\"1024\" \/>\n\t<meta property=\"og:image:type\" content=\"image\/jpeg\" \/>\n<meta name=\"author\" content=\"Miguel Blanco\" \/>\n<meta name=\"twitter:card\" content=\"summary_large_image\" \/>\n<meta name=\"twitter:label1\" content=\"\u00c9crit par\" \/>\n\t<meta name=\"twitter:data1\" content=\"Miguel Blanco\" \/>\n\t<meta name=\"twitter:label2\" content=\"Dur\u00e9e de lecture estim\u00e9e\" \/>\n\t<meta name=\"twitter:data2\" content=\"3 minutes\" \/>\n<script type=\"application\/ld+json\" class=\"yoast-schema-graph\">{\"@context\":\"https:\\\/\\\/schema.org\",\"@graph\":[{\"@type\":\"Article\",\"@id\":\"https:\\\/\\\/flamencomadrid.com\\\/es\\\/barrios-flamencos-madrid\\\/#article\",\"isPartOf\":{\"@id\":\"https:\\\/\\\/flamencomadrid.com\\\/es\\\/barrios-flamencos-madrid\\\/\"},\"author\":{\"name\":\"Miguel Blanco\",\"@id\":\"https:\\\/\\\/flamencomadrid.com\\\/es\\\/#\\\/schema\\\/person\\\/e60bef1612b66bdb46e0d88400bfab7e\"},\"headline\":\"Balade dans les Quartiers Flamencos de Madrid\",\"datePublished\":\"2025-07-13T08:06:59+00:00\",\"dateModified\":\"2025-12-15T09:35:01+00:00\",\"mainEntityOfPage\":{\"@id\":\"https:\\\/\\\/flamencomadrid.com\\\/es\\\/barrios-flamencos-madrid\\\/\"},\"wordCount\":1911,\"commentCount\":0,\"image\":{\"@id\":\"https:\\\/\\\/flamencomadrid.com\\\/es\\\/barrios-flamencos-madrid\\\/#primaryimage\"},\"thumbnailUrl\":\"https:\\\/\\\/flamencomadrid.com\\\/wp-content\\\/uploads\\\/2025\\\/07\\\/madrid_flamenco_mapa_optimizado.jpg\",\"articleSection\":[\"Curiosidades Flamencas\"],\"inLanguage\":\"fr-FR\",\"potentialAction\":[{\"@type\":\"CommentAction\",\"name\":\"Comment\",\"target\":[\"https:\\\/\\\/flamencomadrid.com\\\/es\\\/barrios-flamencos-madrid\\\/#respond\"]}]},{\"@type\":\"WebPage\",\"@id\":\"https:\\\/\\\/flamencomadrid.com\\\/fr\\\/barrios-flamencos-madrid\\\/\",\"url\":\"https:\\\/\\\/flamencomadrid.com\\\/fr\\\/barrios-flamencos-madrid\\\/\",\"name\":\"Balade dans les Quartiers Flamencos de Madrid - Flamenco Madrid\",\"isPartOf\":{\"@id\":\"https:\\\/\\\/flamencomadrid.com\\\/fr\\\/#website\"},\"primaryImageOfPage\":{\"@id\":\"https:\\\/\\\/flamencomadrid.com\\\/fr\\\/barrios-flamencos-madrid\\\/#primaryimage\"},\"image\":{\"@id\":\"https:\\\/\\\/flamencomadrid.com\\\/es\\\/barrios-flamencos-madrid\\\/#primaryimage\"},\"thumbnailUrl\":\"https:\\\/\\\/flamencomadrid.com\\\/wp-content\\\/uploads\\\/2025\\\/07\\\/madrid_flamenco_mapa_optimizado.jpg\",\"datePublished\":\"2025-07-13T08:06:59+00:00\",\"dateModified\":\"2025-12-15T09:35:01+00:00\",\"author\":{\"@id\":\"https:\\\/\\\/flamencomadrid.com\\\/es\\\/#\\\/schema\\\/person\\\/e60bef1612b66bdb46e0d88400bfab7e\"},\"description\":\"\",\"breadcrumb\":{\"@id\":\"https:\\\/\\\/flamencomadrid.com\\\/fr\\\/barrios-flamencos-madrid\\\/#breadcrumb\"},\"inLanguage\":\"fr-FR\",\"potentialAction\":[{\"@type\":\"ReadAction\",\"target\":[[\"https:\\\/\\\/flamencomadrid.com\\\/fr\\\/barrios-flamencos-madrid\\\/\"]]}]},{\"@type\":\"ImageObject\",\"inLanguage\":\"fr-FR\",\"@id\":\"https:\\\/\\\/flamencomadrid.com\\\/fr\\\/barrios-flamencos-madrid\\\/#primaryimage\",\"url\":\"https:\\\/\\\/flamencomadrid.com\\\/wp-content\\\/uploads\\\/2025\\\/07\\\/madrid_flamenco_mapa_optimizado.jpg\",\"contentUrl\":\"https:\\\/\\\/flamencomadrid.com\\\/wp-content\\\/uploads\\\/2025\\\/07\\\/madrid_flamenco_mapa_optimizado.jpg\",\"width\":1536,\"height\":1024,\"caption\":\"Sintiendo el diferente duende flamenco en los barrios de Madrid.\"},{\"@type\":\"BreadcrumbList\",\"@id\":\"https:\\\/\\\/flamencomadrid.com\\\/fr\\\/barrios-flamencos-madrid\\\/#breadcrumb\",\"itemListElement\":[{\"@type\":\"ListItem\",\"position\":1,\"name\":\"Home\",\"item\":\"https:\\\/\\\/flamencomadrid.com\\\/fr\\\/\"},{\"@type\":\"ListItem\",\"position\":2,\"name\":\"Un Paseo por los Barrios Flamencos de Madrid\"}]},{\"@type\":\"WebSite\",\"@id\":\"https:\\\/\\\/flamencomadrid.com\\\/fr\\\/#website\",\"url\":\"https:\\\/\\\/flamencomadrid.com\\\/fr\\\/\",\"name\":\"Flamenco Madrid\",\"description\":\"Otro sitio realizado con WordPress\",\"potentialAction\":[{\"@type\":\"SearchAction\",\"target\":{\"@type\":\"EntryPoint\",\"urlTemplate\":\"https:\\\/\\\/flamencomadrid.com\\\/fr\\\/?s={search_term_string}\"},\"query-input\":{\"@type\":\"PropertyValueSpecification\",\"valueRequired\":true,\"valueName\":\"search_term_string\"}}],\"inLanguage\":\"fr-FR\"},{\"@type\":\"Person\",\"@id\":\"https:\\\/\\\/flamencomadrid.com\\\/es\\\/#\\\/schema\\\/person\\\/e60bef1612b66bdb46e0d88400bfab7e\",\"name\":\"Miguel Blanco\",\"image\":{\"@type\":\"ImageObject\",\"inLanguage\":\"fr-FR\",\"@id\":\"https:\\\/\\\/secure.gravatar.com\\\/avatar\\\/359874fd676a9bfbf3a5d62f8bb888a22a657034662dd62c3669b5e7274a1365?s=96&d=mm&r=g\",\"url\":\"https:\\\/\\\/secure.gravatar.com\\\/avatar\\\/359874fd676a9bfbf3a5d62f8bb888a22a657034662dd62c3669b5e7274a1365?s=96&d=mm&r=g\",\"contentUrl\":\"https:\\\/\\\/secure.gravatar.com\\\/avatar\\\/359874fd676a9bfbf3a5d62f8bb888a22a657034662dd62c3669b5e7274a1365?s=96&d=mm&r=g\",\"caption\":\"Miguel Blanco\"}}]}<\/script>\n<!-- \/ Yoast SEO plugin. -->","yoast_head_json":{"title":"Balade dans les Quartiers Flamencos de Madrid - Flamenco Madrid","robots":{"index":"index","follow":"follow","max-snippet":"max-snippet:-1","max-image-preview":"max-image-preview:large","max-video-preview":"max-video-preview:-1"},"canonical":"\/","og_locale":"fr_FR","og_type":"article","og_title":"Balade dans les Quartiers Flamencos de Madrid - Flamenco Madrid","og_url":"https:\/\/flamencomadrid.com\/fr\/barrios-flamencos-madrid\/","og_site_name":"Flamenco Madrid","article_published_time":"2025-07-13T08:06:59+00:00","article_modified_time":"2025-12-15T09:35:01+00:00","og_image":[{"width":1536,"height":1024,"url":"https:\/\/flamencomadrid.com\/wp-content\/uploads\/2025\/07\/madrid_flamenco_mapa_optimizado.jpg","type":"image\/jpeg"}],"author":"Miguel Blanco","twitter_card":"summary_large_image","twitter_misc":{"\u00c9crit par":"Miguel Blanco","Dur\u00e9e de lecture estim\u00e9e":"3 minutes"},"schema":{"@context":"https:\/\/schema.org","@graph":[{"@type":"Article","@id":"https:\/\/flamencomadrid.com\/es\/barrios-flamencos-madrid\/#article","isPartOf":{"@id":"https:\/\/flamencomadrid.com\/es\/barrios-flamencos-madrid\/"},"author":{"name":"Miguel Blanco","@id":"https:\/\/flamencomadrid.com\/es\/#\/schema\/person\/e60bef1612b66bdb46e0d88400bfab7e"},"headline":"Balade dans les Quartiers Flamencos de Madrid","datePublished":"2025-07-13T08:06:59+00:00","dateModified":"2025-12-15T09:35:01+00:00","mainEntityOfPage":{"@id":"https:\/\/flamencomadrid.com\/es\/barrios-flamencos-madrid\/"},"wordCount":1911,"commentCount":0,"image":{"@id":"https:\/\/flamencomadrid.com\/es\/barrios-flamencos-madrid\/#primaryimage"},"thumbnailUrl":"https:\/\/flamencomadrid.com\/wp-content\/uploads\/2025\/07\/madrid_flamenco_mapa_optimizado.jpg","articleSection":["Curiosidades Flamencas"],"inLanguage":"fr-FR","potentialAction":[{"@type":"CommentAction","name":"Comment","target":["https:\/\/flamencomadrid.com\/es\/barrios-flamencos-madrid\/#respond"]}]},{"@type":"WebPage","@id":"https:\/\/flamencomadrid.com\/fr\/barrios-flamencos-madrid\/","url":"https:\/\/flamencomadrid.com\/fr\/barrios-flamencos-madrid\/","name":"Balade dans les Quartiers Flamencos de Madrid - Flamenco Madrid","isPartOf":{"@id":"https:\/\/flamencomadrid.com\/fr\/#website"},"primaryImageOfPage":{"@id":"https:\/\/flamencomadrid.com\/fr\/barrios-flamencos-madrid\/#primaryimage"},"image":{"@id":"https:\/\/flamencomadrid.com\/es\/barrios-flamencos-madrid\/#primaryimage"},"thumbnailUrl":"https:\/\/flamencomadrid.com\/wp-content\/uploads\/2025\/07\/madrid_flamenco_mapa_optimizado.jpg","datePublished":"2025-07-13T08:06:59+00:00","dateModified":"2025-12-15T09:35:01+00:00","author":{"@id":"https:\/\/flamencomadrid.com\/es\/#\/schema\/person\/e60bef1612b66bdb46e0d88400bfab7e"},"description":"","breadcrumb":{"@id":"https:\/\/flamencomadrid.com\/fr\/barrios-flamencos-madrid\/#breadcrumb"},"inLanguage":"fr-FR","potentialAction":[{"@type":"ReadAction","target":[["https:\/\/flamencomadrid.com\/fr\/barrios-flamencos-madrid\/"]]}]},{"@type":"ImageObject","inLanguage":"fr-FR","@id":"https:\/\/flamencomadrid.com\/fr\/barrios-flamencos-madrid\/#primaryimage","url":"https:\/\/flamencomadrid.com\/wp-content\/uploads\/2025\/07\/madrid_flamenco_mapa_optimizado.jpg","contentUrl":"https:\/\/flamencomadrid.com\/wp-content\/uploads\/2025\/07\/madrid_flamenco_mapa_optimizado.jpg","width":1536,"height":1024,"caption":"Sintiendo el diferente duende flamenco en los barrios de Madrid."},{"@type":"BreadcrumbList","@id":"https:\/\/flamencomadrid.com\/fr\/barrios-flamencos-madrid\/#breadcrumb","itemListElement":[{"@type":"ListItem","position":1,"name":"Home","item":"https:\/\/flamencomadrid.com\/fr\/"},{"@type":"ListItem","position":2,"name":"Un Paseo por los Barrios Flamencos de Madrid"}]},{"@type":"WebSite","@id":"https:\/\/flamencomadrid.com\/fr\/#website","url":"https:\/\/flamencomadrid.com\/fr\/","name":"Flamenco Madrid","description":"Otro sitio realizado con WordPress","potentialAction":[{"@type":"SearchAction","target":{"@type":"EntryPoint","urlTemplate":"https:\/\/flamencomadrid.com\/fr\/?s={search_term_string}"},"query-input":{"@type":"PropertyValueSpecification","valueRequired":true,"valueName":"search_term_string"}}],"inLanguage":"fr-FR"},{"@type":"Person","@id":"https:\/\/flamencomadrid.com\/es\/#\/schema\/person\/e60bef1612b66bdb46e0d88400bfab7e","name":"Miguel Blanco","image":{"@type":"ImageObject","inLanguage":"fr-FR","@id":"https:\/\/secure.gravatar.com\/avatar\/359874fd676a9bfbf3a5d62f8bb888a22a657034662dd62c3669b5e7274a1365?s=96&d=mm&r=g","url":"https:\/\/secure.gravatar.com\/avatar\/359874fd676a9bfbf3a5d62f8bb888a22a657034662dd62c3669b5e7274a1365?s=96&d=mm&r=g","contentUrl":"https:\/\/secure.gravatar.com\/avatar\/359874fd676a9bfbf3a5d62f8bb888a22a657034662dd62c3669b5e7274a1365?s=96&d=mm&r=g","caption":"Miguel Blanco"}}]}},"_links":{"self":[{"href":"https:\/\/flamencomadrid.com\/fr\/wp-json\/wp\/v2\/posts\/1144","targetHints":{"allow":["GET"]}}],"collection":[{"href":"https:\/\/flamencomadrid.com\/fr\/wp-json\/wp\/v2\/posts"}],"about":[{"href":"https:\/\/flamencomadrid.com\/fr\/wp-json\/wp\/v2\/types\/post"}],"author":[{"embeddable":true,"href":"https:\/\/flamencomadrid.com\/fr\/wp-json\/wp\/v2\/users\/6"}],"replies":[{"embeddable":true,"href":"https:\/\/flamencomadrid.com\/fr\/wp-json\/wp\/v2\/comments?post=1144"}],"version-history":[{"count":3,"href":"https:\/\/flamencomadrid.com\/fr\/wp-json\/wp\/v2\/posts\/1144\/revisions"}],"predecessor-version":[{"id":1344,"href":"https:\/\/flamencomadrid.com\/fr\/wp-json\/wp\/v2\/posts\/1144\/revisions\/1344"}],"wp:featuredmedia":[{"embeddable":true,"href":"https:\/\/flamencomadrid.com\/fr\/wp-json\/wp\/v2\/media\/1145"}],"wp:attachment":[{"href":"https:\/\/flamencomadrid.com\/fr\/wp-json\/wp\/v2\/media?parent=1144"}],"wp:term":[{"taxonomy":"category","embeddable":true,"href":"https:\/\/flamencomadrid.com\/fr\/wp-json\/wp\/v2\/categories?post=1144"},{"taxonomy":"post_tag","embeddable":true,"href":"https:\/\/flamencomadrid.com\/fr\/wp-json\/wp\/v2\/tags?post=1144"}],"curies":[{"name":"wp","href":"https:\/\/api.w.org\/{rel}","templated":true}]}}