{"id":1133,"date":"2025-06-30T14:48:08","date_gmt":"2025-06-30T12:48:08","guid":{"rendered":"https:\/\/flamencomadrid.com\/es\/?p=1133"},"modified":"2025-06-30T17:25:09","modified_gmt":"2025-06-30T15:25:09","slug":"tiembla-teatro-cuando-marchena-y-caracol-montaron-la-opera-flamenca-y-media-espana-hizo-cola","status":"publish","type":"post","link":"https:\/\/flamencomadrid.com\/fr\/opera-flamenca\/","title":{"rendered":"Le Th\u00e9\u00e2tre Tremble ! Quand Marchena et Caracol ont mont\u00e9 l\u2019\u201cOp\u00e9ra Flamenco\u201d"},"content":{"rendered":"<p><\/p>\n<h2 data-start=\"158\" data-end=\"202\">Op\u00e9ra ? Non, un Spectacle en Grand !<\/h2>\n<p data-start=\"204\" data-end=\"609\">Eh oui, le flamenco n\u2019a pas toujours \u00e9t\u00e9 une affaire de petits tablaos et de silence de cath\u00e9drale. Dans les ann\u00e9es 20, 30, 40\u2026 voire 50, le flamenco s\u2019est mis sur son 31 ! On appelait \u00e7a <strong data-start=\"392\" data-end=\"414\">\u201cl\u2019Op\u00e9ra Flamenco\u201d<\/strong>, et c\u2019\u00e9tait un vrai carton. Le flamenco a quitt\u00e9 les caf\u00e9s chantants (qui sentaient un peu le renferm\u00e9) pour arriver dans <strong data-start=\"537\" data-end=\"565\">les plus grands th\u00e9\u00e2tres<\/strong>, <strong data-start=\"567\" data-end=\"581\">les ar\u00e8nes<\/strong>\u2026 Imaginez un peu le bazar !<\/p>\n<p data-start=\"611\" data-end=\"815\">Chez <strong data-start=\"616\" data-end=\"638\">flamencomadrid.com<\/strong>, on adore fouiller dans ces histoires. Tu nous suis pour red\u00e9couvrir cette \u00e9poque folle o\u00f9 le flamenco remplissait des stades avec de v\u00e9ritables superstars ? C\u2019\u00e9tait du lourd !<\/p>\n<p data-start=\"817\" data-end=\"1040\">Le mot \u201cop\u00e9ra\u201d cachait une astuce (para\u00eet que c\u2019\u00e9tait pour payer moins d\u2019imp\u00f4ts \u2014 typiquement espagnol !), mais l\u2019id\u00e9e \u00e9tait bien l\u00e0 : cr\u00e9er des <strong data-start=\"962\" data-end=\"987\">spectacles grandioses<\/strong>. Finie la guitare seule, place \u00e0 un v\u00e9ritable show !<\/p>\n<ul data-start=\"1042\" data-end=\"1659\">\n<li data-start=\"1042\" data-end=\"1264\">\n<p data-start=\"1044\" data-end=\"1264\"><strong data-start=\"1044\" data-end=\"1065\">Un Joyeux M\u00e9lange<\/strong> : Du flamenco, oui, mais aussi de la <strong data-start=\"1103\" data-end=\"1112\">copla<\/strong> (tr\u00e8s tendance \u00e0 l\u2019\u00e9poque), des num\u00e9ros comiques, parfois m\u00eame de petites pi\u00e8ces de th\u00e9\u00e2tre. Un vrai spectacle de vari\u00e9t\u00e9, avec le flamenco au c\u0153ur !<\/p>\n<\/li>\n<li data-start=\"1265\" data-end=\"1400\">\n<p data-start=\"1267\" data-end=\"1400\"><strong data-start=\"1267\" data-end=\"1282\">Version XXL<\/strong> : Sc\u00e8nes immenses ! Pour qu\u2019on entende bien, on faisait appel \u00e0 des orchestres. Imagine une <em data-start=\"1375\" data-end=\"1383\">zambra<\/em> avec violons !<\/p>\n<\/li>\n<li data-start=\"1401\" data-end=\"1659\">\n<p data-start=\"1403\" data-end=\"1659\"><strong data-start=\"1403\" data-end=\"1442\">\u201cFlamenco Facile\u201d (Disent Certains)<\/strong> : Pour toucher plus de monde, on favorisait les chants plus m\u00e9lodiques et accessibles : <em data-start=\"1531\" data-end=\"1556\">fandangos personnalis\u00e9s<\/em>, <em data-start=\"1558\" data-end=\"1571\">colombianas<\/em>, <em data-start=\"1573\" data-end=\"1583\">milongas<\/em>, <em data-start=\"1585\" data-end=\"1606\">chants sur buler\u00edas<\/em>\u2026 Le <em data-start=\"1611\" data-end=\"1624\">cante jondo<\/em> pur se retrouvait parfois rel\u00e9gu\u00e9.<\/p>\n<\/li>\n<\/ul>\n<p><img loading=\"lazy\" decoding=\"async\" class=\"aligncenter wp-image-1141 size-full\" src=\"https:\/\/flamencomadrid.com\/wp-content\/uploads\/2025\/07\/flamenco_performance_lightweight.jpg\" alt=\"Los grandes teatros se llenaban para ver los espect\u00e1culos de \u00d3pera Flamenca.\" width=\"1536\" height=\"1024\" \/><\/p>\n<h2 data-start=\"1021\" data-end=\"1081\"><strong data-start=\"1029\" data-end=\"1081\">Idoles de Masse ! Les \u201cInfluenceurs\u201d de l\u2019\u00c9poque<\/strong><\/h2>\n<p data-start=\"1083\" data-end=\"1221\">Et oui, avec ces spectacles, sont apparues les premi\u00e8res m\u00e9ga-stars du flamenco. C\u2019\u00e9taient les <strong data-start=\"1178\" data-end=\"1189\">Rosal\u00eda<\/strong> ou <strong data-start=\"1193\" data-end=\"1207\">C. Tangana<\/strong> de l\u2019\u00e9poque !<\/p>\n<p data-start=\"1223\" data-end=\"1385\"><strong data-start=\"1223\" data-end=\"1240\">Pepe Marchena<\/strong> : Le roi du style ! Une voix douce, des styles qu\u2019il inventait lui-m\u00eame\u2026 Le public en \u00e9tait fou. Il incarnait le \u201ccante bonito\u201d \u00e0 la perfection.<\/p>\n<p data-start=\"1387\" data-end=\"1633\"><strong data-start=\"1387\" data-end=\"1428\">La Ni\u00f1a de los Peines (Pastora Pav\u00f3n)<\/strong> : Une d\u00e9esse ! Elle chantait tout, du plus profond <em data-start=\"1480\" data-end=\"1493\">cante jondo<\/em> aux styles les plus festifs. Une sagesse et une puissance incroyables. Une vraie ma\u00eetresse du flamenco qui a aussi connu un immense succ\u00e8s.<\/p>\n<p data-start=\"1635\" data-end=\"1843\"><strong data-start=\"1635\" data-end=\"1653\">Manolo Caracol<\/strong> : Pure intensit\u00e9 et personnalit\u00e9 ! Un g\u00e9nie gitan avec cette voix bris\u00e9e qui vous transper\u00e7ait l\u2019\u00e2me. Il a mont\u00e9 des spectacles l\u00e9gendaires avec <strong data-start=\"1799\" data-end=\"1814\">Lola Flores<\/strong>. Un personnage inoubliable !<\/p>\n<p data-start=\"1845\" data-end=\"1934\"><strong data-start=\"1845\" data-end=\"1865\">Et bien d\u2019autres<\/strong> : Pepe Pinto, Juanito Valderrama, El Sevillano\u2026 une liste sans fin !<\/p>\n<p data-start=\"1845\" data-end=\"1934\"><img loading=\"lazy\" decoding=\"async\" class=\"aligncenter wp-image-1140 size-full\" src=\"https:\/\/flamencomadrid.com\/wp-content\/uploads\/2025\/07\/diseno-sin-titulo.jpg\" alt=\"\u00cddolos de masas de la \u00d3pera Flamenca: Marchena, Caracol, La Ni\u00f1a de los Peines.\" width=\"1920\" height=\"1080\" \/><\/p>\n<h3 data-start=\"1300\" data-end=\"1349\">La Pol\u00e9mique \u00c9tait Lanc\u00e9e : Art ou Business ?<\/h3>\n<p data-start=\"1351\" data-end=\"1575\">Bien s\u00fbr, tout ce succ\u00e8s et ce m\u00e9lange n\u2019ont pas plu \u00e0 tout le monde. Les plus puristes du flamenco criaient au \u201ccirque\u201d, disaient qu\u2019on perdait l\u2019essence, la profondeur, le vrai frisson. Que l\u2019\u00e2me du flamenco \u00e9tait vendue !<\/p>\n<p data-start=\"1577\" data-end=\"1801\">Les d\u00e9fenseurs, eux, disaient que gr\u00e2ce \u00e0 l\u2019\u00d3pera Flamenca, l\u2019art \u00e9tait arriv\u00e9 \u00e0 un public beaucoup plus large, et que les artistes pouvaient enfin vivre dignement. Un d\u00e9bat toujours d\u2019actualit\u00e9 ! Et toi, tu en penses quoi ?<\/p>\n<h2 data-start=\"1803\" data-end=\"1866\">Que Reste-t-il de Cette \u201cOp\u00e9ra\u201d ? Bien Plus Qu\u2019on le Croit !<\/h2>\n<p data-start=\"1868\" data-end=\"1989\">M\u00eame si la mode est pass\u00e9e et que les tablaos intimes ont pris le dessus, l\u2019\u00d3pera Flamenca a laiss\u00e9 une vraie empreinte :<\/p>\n<ul data-start=\"1991\" data-end=\"2312\">\n<li data-start=\"1991\" data-end=\"2085\">\n<p data-start=\"1993\" data-end=\"2085\"><strong data-start=\"1993\" data-end=\"2007\">Popularit\u00e9<\/strong> : Elle a fait conna\u00eetre et aimer le flamenco par des millions de personnes.<\/p>\n<\/li>\n<li data-start=\"2086\" data-end=\"2215\">\n<p data-start=\"2088\" data-end=\"2215\"><strong data-start=\"2088\" data-end=\"2102\">R\u00e9pertoire<\/strong> : Beaucoup de chants devenus classiques aujourd\u2019hui (fandangos, ida y vuelta\u2026) se sont impos\u00e9s \u00e0 cette \u00e9poque.<\/p>\n<\/li>\n<li data-start=\"2216\" data-end=\"2312\">\n<p data-start=\"2218\" data-end=\"2312\"><strong data-start=\"2218\" data-end=\"2240\">Figures \u00c9ternelles<\/strong> : Elle nous a laiss\u00e9 des artistes mythiques qui restent des r\u00e9f\u00e9rences.<\/p>\n<\/li>\n<\/ul>\n<p data-start=\"2314\" data-end=\"2477\">Une \u00e9poque pleine de contradictions, oui, mais passionnante ! La comprendre nous aide \u00e0 voir comment le flamenco a toujours su s\u2019adapter pour continuer \u00e0 \u00e9mouvoir.<\/p>\n<p data-start=\"289\" data-end=\"383\"><strong><a href=\"https:\/\/flamencomadrid.com\/fr\/opera-flamenca\/\">Si vous voulez voir les meilleurs spectacles de flamenco du moment, voici nos recommandations.<\/a><\/strong><\/p>\n<p><\/p>","protected":false},"excerpt":{"rendered":"Op\u00e9ra ? Non, un Spectacle en Grand ! Eh oui, le flamenco n\u2019a pas toujours \u00e9t\u00e9 une affaire de petits tablaos et de silence de cath\u00e9drale. Dans les ann\u00e9es 20, 30, 40\u2026 voire 50, le flamenco s\u2019est mis sur son 31 ! On appelait \u00e7a \u201cl\u2019Op\u00e9ra Flamenco\u201d, et c\u2019\u00e9tait un vrai carton. Le flamenco a&#8230;","protected":false},"author":6,"featured_media":1135,"comment_status":"open","ping_status":"open","sticky":false,"template":"","format":"standard","meta":{"_acf_changed":false,"footnotes":""},"categories":[13],"tags":[],"class_list":["post-1133","post","type-post","status-publish","format-standard","has-post-thumbnail","hentry","category-curiosidades-flamencas"],"acf":[],"yoast_head":"<!-- This site is optimized with the Yoast SEO plugin v27.4 - https:\/\/yoast.com\/product\/yoast-seo-wordpress\/ -->\n<title>Le Th\u00e9\u00e2tre Tremble ! Quand Marchena et Caracol ont mont\u00e9 l\u2019\u201cOp\u00e9ra Flamenco\u201d - Flamenco Madrid<\/title>\n<meta name=\"robots\" content=\"index, follow, max-snippet:-1, max-image-preview:large, max-video-preview:-1\" \/>\n<link rel=\"canonical\" href=\"\/\" \/>\n<meta property=\"og:locale\" content=\"fr_FR\" \/>\n<meta property=\"og:type\" content=\"article\" \/>\n<meta property=\"og:title\" content=\"Le Th\u00e9\u00e2tre Tremble ! Quand Marchena et Caracol ont mont\u00e9 l\u2019\u201cOp\u00e9ra Flamenco\u201d - Flamenco Madrid\" \/>\n<meta property=\"og:url\" content=\"https:\/\/flamencomadrid.com\/fr\/opera-flamenca\/\" \/>\n<meta property=\"og:site_name\" content=\"Flamenco Madrid\" \/>\n<meta property=\"article:published_time\" content=\"2025-06-30T12:48:08+00:00\" \/>\n<meta property=\"article:modified_time\" content=\"2025-06-30T15:25:09+00:00\" \/>\n<meta property=\"og:image\" content=\"https:\/\/flamencomadrid.com\/wp-content\/uploads\/2025\/06\/marchena-y-caracol--opera-flamenca.jpg\" \/>\n\t<meta property=\"og:image:width\" content=\"1536\" \/>\n\t<meta property=\"og:image:height\" content=\"1024\" \/>\n\t<meta property=\"og:image:type\" content=\"image\/jpeg\" \/>\n<meta name=\"author\" content=\"Miguel Blanco\" \/>\n<meta name=\"twitter:card\" content=\"summary_large_image\" \/>\n<meta name=\"twitter:label1\" content=\"\u00c9crit par\" \/>\n\t<meta name=\"twitter:data1\" content=\"Miguel Blanco\" \/>\n\t<meta name=\"twitter:label2\" content=\"Dur\u00e9e de lecture estim\u00e9e\" \/>\n\t<meta name=\"twitter:data2\" content=\"4 minutes\" \/>\n<script type=\"application\/ld+json\" class=\"yoast-schema-graph\">{\"@context\":\"https:\\\/\\\/schema.org\",\"@graph\":[{\"@type\":\"Article\",\"@id\":\"https:\\\/\\\/flamencomadrid.com\\\/es\\\/opera-flamenca\\\/#article\",\"isPartOf\":{\"@id\":\"https:\\\/\\\/flamencomadrid.com\\\/es\\\/opera-flamenca\\\/\"},\"author\":{\"name\":\"Miguel Blanco\",\"@id\":\"https:\\\/\\\/flamencomadrid.com\\\/es\\\/#\\\/schema\\\/person\\\/e60bef1612b66bdb46e0d88400bfab7e\"},\"headline\":\"Le Th\u00e9\u00e2tre Tremble ! Quand Marchena et Caracol ont mont\u00e9 l\u2019\u201cOp\u00e9ra Flamenco\u201d\",\"datePublished\":\"2025-06-30T12:48:08+00:00\",\"dateModified\":\"2025-06-30T15:25:09+00:00\",\"mainEntityOfPage\":{\"@id\":\"https:\\\/\\\/flamencomadrid.com\\\/es\\\/opera-flamenca\\\/\"},\"wordCount\":2395,\"commentCount\":0,\"image\":{\"@id\":\"https:\\\/\\\/flamencomadrid.com\\\/es\\\/opera-flamenca\\\/#primaryimage\"},\"thumbnailUrl\":\"https:\\\/\\\/flamencomadrid.com\\\/wp-content\\\/uploads\\\/2025\\\/06\\\/marchena-y-caracol--opera-flamenca.jpg\",\"articleSection\":[\"Curiosidades Flamencas\"],\"inLanguage\":\"fr-FR\",\"potentialAction\":[{\"@type\":\"CommentAction\",\"name\":\"Comment\",\"target\":[\"https:\\\/\\\/flamencomadrid.com\\\/es\\\/opera-flamenca\\\/#respond\"]}]},{\"@type\":\"WebPage\",\"@id\":\"https:\\\/\\\/flamencomadrid.com\\\/fr\\\/opera-flamenca\\\/\",\"url\":\"https:\\\/\\\/flamencomadrid.com\\\/fr\\\/opera-flamenca\\\/\",\"name\":\"Le Th\u00e9\u00e2tre Tremble ! Quand Marchena et Caracol ont mont\u00e9 l\u2019\u201cOp\u00e9ra Flamenco\u201d - Flamenco Madrid\",\"isPartOf\":{\"@id\":\"https:\\\/\\\/flamencomadrid.com\\\/fr\\\/#website\"},\"primaryImageOfPage\":{\"@id\":\"https:\\\/\\\/flamencomadrid.com\\\/fr\\\/opera-flamenca\\\/#primaryimage\"},\"image\":{\"@id\":\"https:\\\/\\\/flamencomadrid.com\\\/es\\\/opera-flamenca\\\/#primaryimage\"},\"thumbnailUrl\":\"https:\\\/\\\/flamencomadrid.com\\\/wp-content\\\/uploads\\\/2025\\\/06\\\/marchena-y-caracol--opera-flamenca.jpg\",\"datePublished\":\"2025-06-30T12:48:08+00:00\",\"dateModified\":\"2025-06-30T15:25:09+00:00\",\"author\":{\"@id\":\"https:\\\/\\\/flamencomadrid.com\\\/es\\\/#\\\/schema\\\/person\\\/e60bef1612b66bdb46e0d88400bfab7e\"},\"description\":\"\",\"breadcrumb\":{\"@id\":\"https:\\\/\\\/flamencomadrid.com\\\/fr\\\/opera-flamenca\\\/#breadcrumb\"},\"inLanguage\":\"fr-FR\",\"potentialAction\":[{\"@type\":\"ReadAction\",\"target\":[[\"https:\\\/\\\/flamencomadrid.com\\\/fr\\\/opera-flamenca\\\/\"]]}]},{\"@type\":\"ImageObject\",\"inLanguage\":\"fr-FR\",\"@id\":\"https:\\\/\\\/flamencomadrid.com\\\/fr\\\/opera-flamenca\\\/#primaryimage\",\"url\":\"https:\\\/\\\/flamencomadrid.com\\\/wp-content\\\/uploads\\\/2025\\\/06\\\/marchena-y-caracol--opera-flamenca.jpg\",\"contentUrl\":\"https:\\\/\\\/flamencomadrid.com\\\/wp-content\\\/uploads\\\/2025\\\/06\\\/marchena-y-caracol--opera-flamenca.jpg\",\"width\":1536,\"height\":1024,\"caption\":\"Pepe Marchena o Manolo Caracol, \u00eddolos de masas durante la \u00d3pera Flamenca.\"},{\"@type\":\"BreadcrumbList\",\"@id\":\"https:\\\/\\\/flamencomadrid.com\\\/fr\\\/opera-flamenca\\\/#breadcrumb\",\"itemListElement\":[{\"@type\":\"ListItem\",\"position\":1,\"name\":\"Home\",\"item\":\"https:\\\/\\\/flamencomadrid.com\\\/fr\\\/\"},{\"@type\":\"ListItem\",\"position\":2,\"name\":\"\u00a1Tiembla Teatro! Cuando Marchena y Caracol Montaron la \u00ab\u00d3pera Flamenca\u00bb\"}]},{\"@type\":\"WebSite\",\"@id\":\"https:\\\/\\\/flamencomadrid.com\\\/fr\\\/#website\",\"url\":\"https:\\\/\\\/flamencomadrid.com\\\/fr\\\/\",\"name\":\"Flamenco Madrid\",\"description\":\"Otro sitio realizado con WordPress\",\"potentialAction\":[{\"@type\":\"SearchAction\",\"target\":{\"@type\":\"EntryPoint\",\"urlTemplate\":\"https:\\\/\\\/flamencomadrid.com\\\/fr\\\/?s={search_term_string}\"},\"query-input\":{\"@type\":\"PropertyValueSpecification\",\"valueRequired\":true,\"valueName\":\"search_term_string\"}}],\"inLanguage\":\"fr-FR\"},{\"@type\":\"Person\",\"@id\":\"https:\\\/\\\/flamencomadrid.com\\\/es\\\/#\\\/schema\\\/person\\\/e60bef1612b66bdb46e0d88400bfab7e\",\"name\":\"Miguel Blanco\",\"image\":{\"@type\":\"ImageObject\",\"inLanguage\":\"fr-FR\",\"@id\":\"https:\\\/\\\/secure.gravatar.com\\\/avatar\\\/359874fd676a9bfbf3a5d62f8bb888a22a657034662dd62c3669b5e7274a1365?s=96&d=mm&r=g\",\"url\":\"https:\\\/\\\/secure.gravatar.com\\\/avatar\\\/359874fd676a9bfbf3a5d62f8bb888a22a657034662dd62c3669b5e7274a1365?s=96&d=mm&r=g\",\"contentUrl\":\"https:\\\/\\\/secure.gravatar.com\\\/avatar\\\/359874fd676a9bfbf3a5d62f8bb888a22a657034662dd62c3669b5e7274a1365?s=96&d=mm&r=g\",\"caption\":\"Miguel Blanco\"}}]}<\/script>\n<!-- \/ Yoast SEO plugin. -->","yoast_head_json":{"title":"Le Th\u00e9\u00e2tre Tremble ! Quand Marchena et Caracol ont mont\u00e9 l\u2019\u201cOp\u00e9ra Flamenco\u201d - Flamenco Madrid","robots":{"index":"index","follow":"follow","max-snippet":"max-snippet:-1","max-image-preview":"max-image-preview:large","max-video-preview":"max-video-preview:-1"},"canonical":"\/","og_locale":"fr_FR","og_type":"article","og_title":"Le Th\u00e9\u00e2tre Tremble ! Quand Marchena et Caracol ont mont\u00e9 l\u2019\u201cOp\u00e9ra Flamenco\u201d - Flamenco Madrid","og_url":"https:\/\/flamencomadrid.com\/fr\/opera-flamenca\/","og_site_name":"Flamenco Madrid","article_published_time":"2025-06-30T12:48:08+00:00","article_modified_time":"2025-06-30T15:25:09+00:00","og_image":[{"width":1536,"height":1024,"url":"https:\/\/flamencomadrid.com\/wp-content\/uploads\/2025\/06\/marchena-y-caracol--opera-flamenca.jpg","type":"image\/jpeg"}],"author":"Miguel Blanco","twitter_card":"summary_large_image","twitter_misc":{"\u00c9crit par":"Miguel Blanco","Dur\u00e9e de lecture estim\u00e9e":"4 minutes"},"schema":{"@context":"https:\/\/schema.org","@graph":[{"@type":"Article","@id":"https:\/\/flamencomadrid.com\/es\/opera-flamenca\/#article","isPartOf":{"@id":"https:\/\/flamencomadrid.com\/es\/opera-flamenca\/"},"author":{"name":"Miguel Blanco","@id":"https:\/\/flamencomadrid.com\/es\/#\/schema\/person\/e60bef1612b66bdb46e0d88400bfab7e"},"headline":"Le Th\u00e9\u00e2tre Tremble ! Quand Marchena et Caracol ont mont\u00e9 l\u2019\u201cOp\u00e9ra Flamenco\u201d","datePublished":"2025-06-30T12:48:08+00:00","dateModified":"2025-06-30T15:25:09+00:00","mainEntityOfPage":{"@id":"https:\/\/flamencomadrid.com\/es\/opera-flamenca\/"},"wordCount":2395,"commentCount":0,"image":{"@id":"https:\/\/flamencomadrid.com\/es\/opera-flamenca\/#primaryimage"},"thumbnailUrl":"https:\/\/flamencomadrid.com\/wp-content\/uploads\/2025\/06\/marchena-y-caracol--opera-flamenca.jpg","articleSection":["Curiosidades Flamencas"],"inLanguage":"fr-FR","potentialAction":[{"@type":"CommentAction","name":"Comment","target":["https:\/\/flamencomadrid.com\/es\/opera-flamenca\/#respond"]}]},{"@type":"WebPage","@id":"https:\/\/flamencomadrid.com\/fr\/opera-flamenca\/","url":"https:\/\/flamencomadrid.com\/fr\/opera-flamenca\/","name":"Le Th\u00e9\u00e2tre Tremble ! Quand Marchena et Caracol ont mont\u00e9 l\u2019\u201cOp\u00e9ra Flamenco\u201d - Flamenco Madrid","isPartOf":{"@id":"https:\/\/flamencomadrid.com\/fr\/#website"},"primaryImageOfPage":{"@id":"https:\/\/flamencomadrid.com\/fr\/opera-flamenca\/#primaryimage"},"image":{"@id":"https:\/\/flamencomadrid.com\/es\/opera-flamenca\/#primaryimage"},"thumbnailUrl":"https:\/\/flamencomadrid.com\/wp-content\/uploads\/2025\/06\/marchena-y-caracol--opera-flamenca.jpg","datePublished":"2025-06-30T12:48:08+00:00","dateModified":"2025-06-30T15:25:09+00:00","author":{"@id":"https:\/\/flamencomadrid.com\/es\/#\/schema\/person\/e60bef1612b66bdb46e0d88400bfab7e"},"description":"","breadcrumb":{"@id":"https:\/\/flamencomadrid.com\/fr\/opera-flamenca\/#breadcrumb"},"inLanguage":"fr-FR","potentialAction":[{"@type":"ReadAction","target":[["https:\/\/flamencomadrid.com\/fr\/opera-flamenca\/"]]}]},{"@type":"ImageObject","inLanguage":"fr-FR","@id":"https:\/\/flamencomadrid.com\/fr\/opera-flamenca\/#primaryimage","url":"https:\/\/flamencomadrid.com\/wp-content\/uploads\/2025\/06\/marchena-y-caracol--opera-flamenca.jpg","contentUrl":"https:\/\/flamencomadrid.com\/wp-content\/uploads\/2025\/06\/marchena-y-caracol--opera-flamenca.jpg","width":1536,"height":1024,"caption":"Pepe Marchena o Manolo Caracol, \u00eddolos de masas durante la \u00d3pera Flamenca."},{"@type":"BreadcrumbList","@id":"https:\/\/flamencomadrid.com\/fr\/opera-flamenca\/#breadcrumb","itemListElement":[{"@type":"ListItem","position":1,"name":"Home","item":"https:\/\/flamencomadrid.com\/fr\/"},{"@type":"ListItem","position":2,"name":"\u00a1Tiembla Teatro! Cuando Marchena y Caracol Montaron la \u00ab\u00d3pera Flamenca\u00bb"}]},{"@type":"WebSite","@id":"https:\/\/flamencomadrid.com\/fr\/#website","url":"https:\/\/flamencomadrid.com\/fr\/","name":"Flamenco Madrid","description":"Otro sitio realizado con WordPress","potentialAction":[{"@type":"SearchAction","target":{"@type":"EntryPoint","urlTemplate":"https:\/\/flamencomadrid.com\/fr\/?s={search_term_string}"},"query-input":{"@type":"PropertyValueSpecification","valueRequired":true,"valueName":"search_term_string"}}],"inLanguage":"fr-FR"},{"@type":"Person","@id":"https:\/\/flamencomadrid.com\/es\/#\/schema\/person\/e60bef1612b66bdb46e0d88400bfab7e","name":"Miguel Blanco","image":{"@type":"ImageObject","inLanguage":"fr-FR","@id":"https:\/\/secure.gravatar.com\/avatar\/359874fd676a9bfbf3a5d62f8bb888a22a657034662dd62c3669b5e7274a1365?s=96&d=mm&r=g","url":"https:\/\/secure.gravatar.com\/avatar\/359874fd676a9bfbf3a5d62f8bb888a22a657034662dd62c3669b5e7274a1365?s=96&d=mm&r=g","contentUrl":"https:\/\/secure.gravatar.com\/avatar\/359874fd676a9bfbf3a5d62f8bb888a22a657034662dd62c3669b5e7274a1365?s=96&d=mm&r=g","caption":"Miguel Blanco"}}]}},"_links":{"self":[{"href":"https:\/\/flamencomadrid.com\/fr\/wp-json\/wp\/v2\/posts\/1133","targetHints":{"allow":["GET"]}}],"collection":[{"href":"https:\/\/flamencomadrid.com\/fr\/wp-json\/wp\/v2\/posts"}],"about":[{"href":"https:\/\/flamencomadrid.com\/fr\/wp-json\/wp\/v2\/types\/post"}],"author":[{"embeddable":true,"href":"https:\/\/flamencomadrid.com\/fr\/wp-json\/wp\/v2\/users\/6"}],"replies":[{"embeddable":true,"href":"https:\/\/flamencomadrid.com\/fr\/wp-json\/wp\/v2\/comments?post=1133"}],"version-history":[{"count":5,"href":"https:\/\/flamencomadrid.com\/fr\/wp-json\/wp\/v2\/posts\/1133\/revisions"}],"predecessor-version":[{"id":1143,"href":"https:\/\/flamencomadrid.com\/fr\/wp-json\/wp\/v2\/posts\/1133\/revisions\/1143"}],"wp:featuredmedia":[{"embeddable":true,"href":"https:\/\/flamencomadrid.com\/fr\/wp-json\/wp\/v2\/media\/1135"}],"wp:attachment":[{"href":"https:\/\/flamencomadrid.com\/fr\/wp-json\/wp\/v2\/media?parent=1133"}],"wp:term":[{"taxonomy":"category","embeddable":true,"href":"https:\/\/flamencomadrid.com\/fr\/wp-json\/wp\/v2\/categories?post=1133"},{"taxonomy":"post_tag","embeddable":true,"href":"https:\/\/flamencomadrid.com\/fr\/wp-json\/wp\/v2\/tags?post=1133"}],"curies":[{"name":"wp","href":"https:\/\/api.w.org\/{rel}","templated":true}]}}