{"id":1072,"date":"2025-04-21T14:32:22","date_gmt":"2025-04-21T12:32:22","guid":{"rendered":"https:\/\/flamencomadrid.com\/es\/?p=1072"},"modified":"2025-04-22T15:14:36","modified_gmt":"2025-04-22T13:14:36","slug":"ii-festival-de-la-guitarra-de-madrid-2025-cartel-de-lujo-y-homenaje-a-sabicas","status":"publish","type":"post","link":"https:\/\/flamencomadrid.com\/fr\/festival-guitare-madrid-2025\/","title":{"rendered":"2\u1d49 Festival de Guitare de Madrid 2025 : Programme d\u2019Exception et Hommage \u00e0 Sabicas"},"content":{"rendered":"<p><\/p>\n<p class=\"\" data-start=\"679\" data-end=\"1143\">Madrid se pr\u00e9pare \u00e0 vibrer au son des six cordes avec la deuxi\u00e8me \u00e9dition du Festival de la Guitare, une initiative de la Communaut\u00e9 de Madrid qui, apr\u00e8s le succ\u00e8s retentissant de sa premi\u00e8re \u00e9dition consacr\u00e9e \u00e0 Ram\u00f3n Montoya, revient aux Teatros del Canal du 22 au 27 avril 2025. Cette ann\u00e9e, le festival rend hommage \u00e0 une figure r\u00e9volutionnaire \u2014 un g\u00e9nie navarrais qui a conquis le monde depuis New York : l&rsquo;inoubliable Agust\u00edn Castell\u00f3n Campos, dit \u00ab\u00a0Sabicas\u00a0\u00bb.<\/p>\n<h2 class=\"\" data-start=\"257\" data-end=\"338\">Approfondir l\u2019H\u00e9ritage : Activit\u00e9s Parall\u00e8les dans la Sala Negra (Gratuites)<\/h2>\n<p data-start=\"1019\" data-end=\"1187\">Pour mieux comprendre le ma\u00eetre et son contexte, la Sala Negra des Teatros del Canal accueillera trois journ\u00e9es de r\u00e9flexion et de musique en acc\u00e8s libre :<\/p>\n<ul data-start=\"1189\" data-end=\"1877\">\n<li class=\"\" data-start=\"1189\" data-end=\"1400\">\n<p class=\"\" data-start=\"1191\" data-end=\"1400\"><strong data-start=\"1191\" data-end=\"1213\">Mardi 22 (18h30) :<\/strong> Table ronde \u00ab Sabicas. Un nouveau son&#8230; \u00bb avec des figures telles que Jos\u00e9 Manuel Gamboa, Serranito, et de jeunes talents comme Alejandro Hurtado. Suivie d\u2019un concert de Javier Conde.<\/p>\n<\/li>\n<li class=\"\" data-start=\"1401\" data-end=\"1592\">\n<p class=\"\" data-start=\"1403\" data-end=\"1592\"><strong data-start=\"1403\" data-end=\"1428\">Mercredi 23 (18h30) :<\/strong> Conf\u00e9rence \u00ab L\u2019empreinte de Sabicas \u00e0 Madrid et \u00e0 New York \u00bb par l\u2019incontournable Jos\u00e9 Manuel Gamboa. Puis concert du virtuose Jer\u00f3nimo Maya avec Antonio Losada.<\/p>\n<\/li>\n<li class=\"\" data-start=\"1593\" data-end=\"1877\">\n<p class=\"\" data-start=\"1595\" data-end=\"1877\"><strong data-start=\"1595\" data-end=\"1617\">Jeudi 24 (18h30) :<\/strong> Conf\u00e9rence \u00ab L\u2019\u00e9cole guitaristique de Ca\u00f1o Roto \u00bb par Pablo San Nicasio, suivie d\u2019un concert de Jes\u00fas de Rosario et David Cerreduela (avec Israel Cerreduela et Antonio Losada), et d\u2019un \u00e9change avec le mythique \u00ab El Nani \u00bb. Connexion Madrid\u2013Sabicas\u2013Ca\u00f1o Roto<\/p>\n<\/li>\n<\/ul>\n<p><img loading=\"lazy\" decoding=\"async\" class=\"aligncenter\" src=\"https:\/\/cardamomo.ams3.digitaloceanspaces.com\/wp-content\/uploads\/2018\/10\/15114034\/cm-118-scaled.jpg\" alt=\"Sabicas, el influyente guitarrista flamenco homenajeado en Madrid.\" width=\"948\" height=\"632\" \/><\/p>\n<h2 class=\"\" data-start=\"2032\" data-end=\"2110\">Les Galas de la Sala Verde : Quatre Soir\u00e9es, Quatre \u00c9toiles du Toque Actuel<\/h2>\n<p class=\"\" data-start=\"2112\" data-end=\"2360\">Le c\u0153ur du festival battra dans la Sala Verde avec quatre galas (\u00e0 partir de 9\u20ac), r\u00e9unissant des guitaristes de diff\u00e9rentes g\u00e9n\u00e9rations, tous h\u00e9ritiers, d\u2019une certaine mani\u00e8re, de l\u2019h\u00e9ritage de Sabicas, accompagn\u00e9s d\u2019invit\u00e9s de v\u00e9ritable prestige :<\/p>\n<ul data-start=\"2362\" data-end=\"3167\">\n<li class=\"\" data-start=\"2362\" data-end=\"2529\">\n<p class=\"\" data-start=\"2364\" data-end=\"2529\"><strong data-start=\"2364\" data-end=\"2386\">Jeudi 24 (21h00) :<\/strong> PACO JARANA. Le ma\u00eetre v\u00e9t\u00e9ran s\u00e9villan, accompagn\u00e9 de Segundo Falc\u00f3n et de l\u2019ic\u00f4ne de la danse flamenco Eva Yerbabuena (avec sa compagnie).<\/p>\n<\/li>\n<li class=\"\" data-start=\"2530\" data-end=\"2769\">\n<p class=\"\" data-start=\"2532\" data-end=\"2769\"><strong data-start=\"2532\" data-end=\"2557\">Vendredi 25 (21h00) :<\/strong> DANI DE MOR\u00d3N. La cr\u00e9ativit\u00e9 d\u00e9bordante de l\u2019un des guitaristes les plus influents d\u2019aujourd\u2019hui, accompagn\u00e9 de la voix unique de La Tremendita et de la danse percutante de Patricia Guerrero (avec Los Mellis).<\/p>\n<\/li>\n<li class=\"\" data-start=\"2770\" data-end=\"2956\">\n<p class=\"\" data-start=\"2772\" data-end=\"2956\"><strong data-start=\"2772\" data-end=\"2795\">Samedi 26 (21h00) :<\/strong> MANUEL VALENCIA. Le pur son de Jerez. Avec lui, la grande Esperanza Fern\u00e1ndez, le brillant danseur Manuel Li\u00f1\u00e1n (avec Juan de la Mar\u00eda) et le comp\u00e1s jerezano.<\/p>\n<\/li>\n<li class=\"\" data-start=\"2957\" data-end=\"3167\">\n<p class=\"\" data-start=\"2959\" data-end=\"3167\"><strong data-start=\"2959\" data-end=\"2984\">Dimanche 27 (20h00) :<\/strong> DAVID DE ARAHAL. Le tout jeune virtuose s\u00e9villan cl\u00f4turera le festival avec Sandra Carrasco, le danseur madril\u00e8ne Jos\u00e9 Maya, une seconde guitare, percussions et un quatuor \u00e0 cordes !<\/p>\n<\/li>\n<\/ul>\n<p class=\"\" data-start=\"3169\" data-end=\"3374\">Comme le dit le Conseiller, \u00ab il suffit de citer des noms comme Eva Yerbabuena, La Tremendita, Esperanza Fern\u00e1ndez ou Manuel Li\u00f1\u00e1n pour comprendre la dimension artistique et le talent rassembl\u00e9 \u00e0 Madrid \u00bb.<\/p>\n<h2 class=\"\" data-start=\"3381\" data-end=\"3425\">Madrid, Terre de Guitare (et de Flamenco)<\/h2>\n<p class=\"\" data-start=\"3427\" data-end=\"3979\">Ce festival confirme l\u2019engagement de la Communaut\u00e9 de Madrid en faveur du flamenco (d\u00e9clar\u00e9 Bien du Patrimoine Culturel Immat\u00e9riel l\u2019ann\u00e9e derni\u00e8re) et plus particuli\u00e8rement de la guitare. Comme le souligne Mariano de Paco, \u00ab Madrid rassemble les artistes flamencos de toute l\u2019Espagne car son territoire a vu na\u00eetre des \u00e9coles et des traditions propres \u00bb, comme le son Ca\u00f1o Roto, \u00e9galement \u00e0 l\u2019honneur dans les activit\u00e9s parall\u00e8les. Une fascinante rencontre entre l\u2019h\u00e9ritage des ma\u00eetres et les nouvelles g\u00e9n\u00e9rations que ce festival souhaite \u00ab ch\u00e9rir \u00bb.<\/p>\n<h3 class=\"\" data-start=\"480\" data-end=\"530\"><strong data-start=\"489\" data-end=\"530\">Billetterie et Informations Pratiques<\/strong><\/h3>\n<ul data-start=\"532\" data-end=\"848\">\n<li class=\"\" data-start=\"532\" data-end=\"571\">\n<p class=\"\" data-start=\"534\" data-end=\"571\"><strong data-start=\"534\" data-end=\"545\">Dates :<\/strong> Du 22 au 27 avril 2025.<\/p>\n<\/li>\n<li class=\"\" data-start=\"572\" data-end=\"632\">\n<p class=\"\" data-start=\"574\" data-end=\"632\"><strong data-start=\"574\" data-end=\"584\">Lieu :<\/strong> Teatros del Canal (Sala Verde et Sala Negra).<\/p>\n<\/li>\n<li class=\"\" data-start=\"633\" data-end=\"715\">\n<p class=\"\" data-start=\"635\" data-end=\"715\"><strong data-start=\"635\" data-end=\"667\">Billets Galas (Sala Verde) :<\/strong> \u00c0 partir de 9 \u20ac. <a class=\"\" href=\"#\" rel=\"noopener\" data-start=\"685\" data-end=\"713\">Achetez vos billets ici<\/a><\/p>\n<\/li>\n<li class=\"\" data-start=\"716\" data-end=\"800\">\n<p class=\"\" data-start=\"718\" data-end=\"800\"><strong data-start=\"718\" data-end=\"746\">Activit\u00e9s (Sala Negra) :<\/strong> Entr\u00e9e libre dans la limite des places disponibles.<\/p>\n<\/li>\n<li class=\"\" data-start=\"801\" data-end=\"848\">\n<p class=\"\" data-start=\"803\" data-end=\"848\"><strong data-start=\"803\" data-end=\"829\">Directeur Artistique :<\/strong> Antonio Benamargo.<\/p>\n<\/li>\n<\/ul>\n<p><a href=\"https:\/\/www.teatroscanal.com\/espectaculo\/ll-festival-de-la-guitarra-2025\/\"><img loading=\"lazy\" decoding=\"async\" class=\"aligncenter wp-image-1075 size-full\" src=\"https:\/\/flamencomadrid.com\/wp-content\/uploads\/2025\/04\/cartel-ii-festival-de-la-guitarra-comunidad-de-madrid.jpg\" alt=\"El II Festival de la Guitarra Flamenca de Madrid 2025 rinde homenaje a Sabicas en Teatros del Canal.\" width=\"1024\" height=\"512\" \/><\/a><\/p>\n<h2 class=\"\" data-start=\"887\" data-end=\"946\">Ne Manquez Pas la Grande F\u00eate de la Guitare \u00e0 Madrid !<\/h2>\n<p class=\"\" data-start=\"947\" data-end=\"1286\">Le IIe Festival de la Guitare Flamenca de Madrid, avec son hommage \u00e0 Sabicas et cette affiche exceptionnelle, est le rendez-vous incontournable du printemps flamenco 2025. Une occasion unique de profiter, d\u2019apprendre et de vibrer au son des six cordes. Retrouvez toutes les infos sur flamencomadrid.com. \u00c0 tr\u00e8s vite aux Teatros del Canal !<\/p>\n<p><\/p>","protected":false},"excerpt":{"rendered":"Madrid se pr\u00e9pare \u00e0 vibrer au son des six cordes avec la deuxi\u00e8me \u00e9dition du Festival de la Guitare, une initiative de la Communaut\u00e9 de Madrid qui, apr\u00e8s le succ\u00e8s retentissant de sa premi\u00e8re \u00e9dition consacr\u00e9e \u00e0 Ram\u00f3n Montoya, revient aux Teatros del Canal du 22 au 27 avril 2025. Cette ann\u00e9e, le festival rend&#8230;","protected":false},"author":6,"featured_media":1093,"comment_status":"open","ping_status":"open","sticky":false,"template":"","format":"standard","meta":{"_acf_changed":false,"footnotes":""},"categories":[12],"tags":[],"class_list":["post-1072","post","type-post","status-publish","format-standard","has-post-thumbnail","hentry","category-proximos-shows-en-madrid"],"acf":[],"yoast_head":"<!-- This site is optimized with the Yoast SEO plugin v27.4 - https:\/\/yoast.com\/product\/yoast-seo-wordpress\/ -->\n<title>2\u1d49 Festival de Guitare de Madrid 2025 : Programme d\u2019Exception et Hommage \u00e0 Sabicas - Flamenco Madrid<\/title>\n<meta name=\"description\" content=\"II Festival de la Guitarra de Madrid 2025 con grandes nombres del flamenco y un homenaje especial al maestro Sabicas.\" \/>\n<meta name=\"robots\" content=\"index, follow, max-snippet:-1, max-image-preview:large, max-video-preview:-1\" \/>\n<link rel=\"canonical\" href=\"\/\" \/>\n<meta property=\"og:locale\" content=\"fr_FR\" \/>\n<meta property=\"og:type\" content=\"article\" \/>\n<meta property=\"og:title\" content=\"2\u1d49 Festival de Guitare de Madrid 2025 : Programme d\u2019Exception et Hommage \u00e0 Sabicas - Flamenco Madrid\" \/>\n<meta property=\"og:description\" content=\"II Festival de la Guitarra de Madrid 2025 con grandes nombres del flamenco y un homenaje especial al maestro Sabicas.\" \/>\n<meta property=\"og:url\" content=\"https:\/\/flamencomadrid.com\/fr\/festival-guitarra-madrid-2025\/\" \/>\n<meta property=\"og:site_name\" content=\"Flamenco Madrid\" \/>\n<meta property=\"article:published_time\" content=\"2025-04-21T12:32:22+00:00\" \/>\n<meta property=\"article:modified_time\" content=\"2025-04-22T13:14:36+00:00\" \/>\n<meta property=\"og:image\" content=\"https:\/\/flamencomadrid.com\/wp-content\/uploads\/2025\/04\/blog_festivalguitarra.png\" \/>\n\t<meta property=\"og:image:width\" content=\"900\" \/>\n\t<meta property=\"og:image:height\" content=\"600\" \/>\n\t<meta property=\"og:image:type\" content=\"image\/png\" \/>\n<meta name=\"author\" content=\"Miguel Blanco\" \/>\n<meta name=\"twitter:card\" content=\"summary_large_image\" \/>\n<meta name=\"twitter:label1\" content=\"\u00c9crit par\" \/>\n\t<meta name=\"twitter:data1\" content=\"Miguel Blanco\" \/>\n\t<meta name=\"twitter:label2\" content=\"Dur\u00e9e de lecture estim\u00e9e\" \/>\n\t<meta name=\"twitter:data2\" content=\"4 minutes\" \/>\n<script type=\"application\/ld+json\" class=\"yoast-schema-graph\">{\"@context\":\"https:\\\/\\\/schema.org\",\"@graph\":[{\"@type\":\"Article\",\"@id\":\"https:\\\/\\\/flamencomadrid.com\\\/es\\\/festival-guitarra-madrid-2025\\\/#article\",\"isPartOf\":{\"@id\":\"https:\\\/\\\/flamencomadrid.com\\\/es\\\/festival-guitarra-madrid-2025\\\/\"},\"author\":{\"name\":\"Miguel Blanco\",\"@id\":\"https:\\\/\\\/flamencomadrid.com\\\/es\\\/#\\\/schema\\\/person\\\/e60bef1612b66bdb46e0d88400bfab7e\"},\"headline\":\"2\u1d49 Festival de Guitare de Madrid 2025 : Programme d\u2019Exception et Hommage \u00e0 Sabicas\",\"datePublished\":\"2025-04-21T12:32:22+00:00\",\"dateModified\":\"2025-04-22T13:14:36+00:00\",\"mainEntityOfPage\":{\"@id\":\"https:\\\/\\\/flamencomadrid.com\\\/es\\\/festival-guitarra-madrid-2025\\\/\"},\"wordCount\":2553,\"commentCount\":0,\"image\":{\"@id\":\"https:\\\/\\\/flamencomadrid.com\\\/es\\\/festival-guitarra-madrid-2025\\\/#primaryimage\"},\"thumbnailUrl\":\"https:\\\/\\\/flamencomadrid.com\\\/wp-content\\\/uploads\\\/2025\\\/04\\\/blog_festivalguitarra.png\",\"articleSection\":[\"Pr\u00f3ximos Shows en Madrid\"],\"inLanguage\":\"fr-FR\",\"potentialAction\":[{\"@type\":\"CommentAction\",\"name\":\"Comment\",\"target\":[\"https:\\\/\\\/flamencomadrid.com\\\/es\\\/festival-guitarra-madrid-2025\\\/#respond\"]}]},{\"@type\":\"WebPage\",\"@id\":\"https:\\\/\\\/flamencomadrid.com\\\/fr\\\/festival-guitarra-madrid-2025\\\/\",\"url\":\"https:\\\/\\\/flamencomadrid.com\\\/fr\\\/festival-guitarra-madrid-2025\\\/\",\"name\":\"2\u1d49 Festival de Guitare de Madrid 2025 : Programme d\u2019Exception et Hommage \u00e0 Sabicas - Flamenco Madrid\",\"isPartOf\":{\"@id\":\"https:\\\/\\\/flamencomadrid.com\\\/fr\\\/#website\"},\"primaryImageOfPage\":{\"@id\":\"https:\\\/\\\/flamencomadrid.com\\\/fr\\\/festival-guitarra-madrid-2025\\\/#primaryimage\"},\"image\":{\"@id\":\"https:\\\/\\\/flamencomadrid.com\\\/es\\\/festival-guitarra-madrid-2025\\\/#primaryimage\"},\"thumbnailUrl\":\"https:\\\/\\\/flamencomadrid.com\\\/wp-content\\\/uploads\\\/2025\\\/04\\\/blog_festivalguitarra.png\",\"datePublished\":\"2025-04-21T12:32:22+00:00\",\"dateModified\":\"2025-04-22T13:14:36+00:00\",\"author\":{\"@id\":\"https:\\\/\\\/flamencomadrid.com\\\/es\\\/#\\\/schema\\\/person\\\/e60bef1612b66bdb46e0d88400bfab7e\"},\"description\":\"II Festival de la Guitarra de Madrid 2025 con grandes nombres del flamenco y un homenaje especial al maestro Sabicas.\",\"breadcrumb\":{\"@id\":\"https:\\\/\\\/flamencomadrid.com\\\/fr\\\/festival-guitarra-madrid-2025\\\/#breadcrumb\"},\"inLanguage\":\"fr-FR\",\"potentialAction\":[{\"@type\":\"ReadAction\",\"target\":[[\"https:\\\/\\\/flamencomadrid.com\\\/fr\\\/festival-guitarra-madrid-2025\\\/\"]]}]},{\"@type\":\"ImageObject\",\"inLanguage\":\"fr-FR\",\"@id\":\"https:\\\/\\\/flamencomadrid.com\\\/fr\\\/festival-guitarra-madrid-2025\\\/#primaryimage\",\"url\":\"https:\\\/\\\/flamencomadrid.com\\\/wp-content\\\/uploads\\\/2025\\\/04\\\/blog_festivalguitarra.png\",\"contentUrl\":\"https:\\\/\\\/flamencomadrid.com\\\/wp-content\\\/uploads\\\/2025\\\/04\\\/blog_festivalguitarra.png\",\"width\":900,\"height\":600,\"caption\":\"FESTIVAL DE GUITARRA 2025\"},{\"@type\":\"BreadcrumbList\",\"@id\":\"https:\\\/\\\/flamencomadrid.com\\\/fr\\\/festival-guitarra-madrid-2025\\\/#breadcrumb\",\"itemListElement\":[{\"@type\":\"ListItem\",\"position\":1,\"name\":\"Home\",\"item\":\"https:\\\/\\\/flamencomadrid.com\\\/fr\\\/\"},{\"@type\":\"ListItem\",\"position\":2,\"name\":\"II Festival de la Guitarra de Madrid 2025: \u00a1Cartel de Lujo y Homenaje a Sabicas!\"}]},{\"@type\":\"WebSite\",\"@id\":\"https:\\\/\\\/flamencomadrid.com\\\/fr\\\/#website\",\"url\":\"https:\\\/\\\/flamencomadrid.com\\\/fr\\\/\",\"name\":\"Flamenco Madrid\",\"description\":\"Otro sitio realizado con WordPress\",\"potentialAction\":[{\"@type\":\"SearchAction\",\"target\":{\"@type\":\"EntryPoint\",\"urlTemplate\":\"https:\\\/\\\/flamencomadrid.com\\\/fr\\\/?s={search_term_string}\"},\"query-input\":{\"@type\":\"PropertyValueSpecification\",\"valueRequired\":true,\"valueName\":\"search_term_string\"}}],\"inLanguage\":\"fr-FR\"},{\"@type\":\"Person\",\"@id\":\"https:\\\/\\\/flamencomadrid.com\\\/es\\\/#\\\/schema\\\/person\\\/e60bef1612b66bdb46e0d88400bfab7e\",\"name\":\"Miguel Blanco\",\"image\":{\"@type\":\"ImageObject\",\"inLanguage\":\"fr-FR\",\"@id\":\"https:\\\/\\\/secure.gravatar.com\\\/avatar\\\/359874fd676a9bfbf3a5d62f8bb888a22a657034662dd62c3669b5e7274a1365?s=96&d=mm&r=g\",\"url\":\"https:\\\/\\\/secure.gravatar.com\\\/avatar\\\/359874fd676a9bfbf3a5d62f8bb888a22a657034662dd62c3669b5e7274a1365?s=96&d=mm&r=g\",\"contentUrl\":\"https:\\\/\\\/secure.gravatar.com\\\/avatar\\\/359874fd676a9bfbf3a5d62f8bb888a22a657034662dd62c3669b5e7274a1365?s=96&d=mm&r=g\",\"caption\":\"Miguel Blanco\"}}]}<\/script>\n<!-- \/ Yoast SEO plugin. -->","yoast_head_json":{"title":"2\u1d49 Festival de Guitare de Madrid 2025 : Programme d\u2019Exception et Hommage \u00e0 Sabicas - Flamenco Madrid","description":"II Festival de la Guitarra de Madrid 2025 con grandes nombres del flamenco y un homenaje especial al maestro Sabicas.","robots":{"index":"index","follow":"follow","max-snippet":"max-snippet:-1","max-image-preview":"max-image-preview:large","max-video-preview":"max-video-preview:-1"},"canonical":"\/","og_locale":"fr_FR","og_type":"article","og_title":"2\u1d49 Festival de Guitare de Madrid 2025 : Programme d\u2019Exception et Hommage \u00e0 Sabicas - Flamenco Madrid","og_description":"II Festival de la Guitarra de Madrid 2025 con grandes nombres del flamenco y un homenaje especial al maestro Sabicas.","og_url":"https:\/\/flamencomadrid.com\/fr\/festival-guitarra-madrid-2025\/","og_site_name":"Flamenco Madrid","article_published_time":"2025-04-21T12:32:22+00:00","article_modified_time":"2025-04-22T13:14:36+00:00","og_image":[{"width":900,"height":600,"url":"https:\/\/flamencomadrid.com\/wp-content\/uploads\/2025\/04\/blog_festivalguitarra.png","type":"image\/png"}],"author":"Miguel Blanco","twitter_card":"summary_large_image","twitter_misc":{"\u00c9crit par":"Miguel Blanco","Dur\u00e9e de lecture estim\u00e9e":"4 minutes"},"schema":{"@context":"https:\/\/schema.org","@graph":[{"@type":"Article","@id":"https:\/\/flamencomadrid.com\/es\/festival-guitarra-madrid-2025\/#article","isPartOf":{"@id":"https:\/\/flamencomadrid.com\/es\/festival-guitarra-madrid-2025\/"},"author":{"name":"Miguel Blanco","@id":"https:\/\/flamencomadrid.com\/es\/#\/schema\/person\/e60bef1612b66bdb46e0d88400bfab7e"},"headline":"2\u1d49 Festival de Guitare de Madrid 2025 : Programme d\u2019Exception et Hommage \u00e0 Sabicas","datePublished":"2025-04-21T12:32:22+00:00","dateModified":"2025-04-22T13:14:36+00:00","mainEntityOfPage":{"@id":"https:\/\/flamencomadrid.com\/es\/festival-guitarra-madrid-2025\/"},"wordCount":2553,"commentCount":0,"image":{"@id":"https:\/\/flamencomadrid.com\/es\/festival-guitarra-madrid-2025\/#primaryimage"},"thumbnailUrl":"https:\/\/flamencomadrid.com\/wp-content\/uploads\/2025\/04\/blog_festivalguitarra.png","articleSection":["Pr\u00f3ximos Shows en Madrid"],"inLanguage":"fr-FR","potentialAction":[{"@type":"CommentAction","name":"Comment","target":["https:\/\/flamencomadrid.com\/es\/festival-guitarra-madrid-2025\/#respond"]}]},{"@type":"WebPage","@id":"https:\/\/flamencomadrid.com\/fr\/festival-guitarra-madrid-2025\/","url":"https:\/\/flamencomadrid.com\/fr\/festival-guitarra-madrid-2025\/","name":"2\u1d49 Festival de Guitare de Madrid 2025 : Programme d\u2019Exception et Hommage \u00e0 Sabicas - Flamenco Madrid","isPartOf":{"@id":"https:\/\/flamencomadrid.com\/fr\/#website"},"primaryImageOfPage":{"@id":"https:\/\/flamencomadrid.com\/fr\/festival-guitarra-madrid-2025\/#primaryimage"},"image":{"@id":"https:\/\/flamencomadrid.com\/es\/festival-guitarra-madrid-2025\/#primaryimage"},"thumbnailUrl":"https:\/\/flamencomadrid.com\/wp-content\/uploads\/2025\/04\/blog_festivalguitarra.png","datePublished":"2025-04-21T12:32:22+00:00","dateModified":"2025-04-22T13:14:36+00:00","author":{"@id":"https:\/\/flamencomadrid.com\/es\/#\/schema\/person\/e60bef1612b66bdb46e0d88400bfab7e"},"description":"II Festival de la Guitarra de Madrid 2025 con grandes nombres del flamenco y un homenaje especial al maestro Sabicas.","breadcrumb":{"@id":"https:\/\/flamencomadrid.com\/fr\/festival-guitarra-madrid-2025\/#breadcrumb"},"inLanguage":"fr-FR","potentialAction":[{"@type":"ReadAction","target":[["https:\/\/flamencomadrid.com\/fr\/festival-guitarra-madrid-2025\/"]]}]},{"@type":"ImageObject","inLanguage":"fr-FR","@id":"https:\/\/flamencomadrid.com\/fr\/festival-guitarra-madrid-2025\/#primaryimage","url":"https:\/\/flamencomadrid.com\/wp-content\/uploads\/2025\/04\/blog_festivalguitarra.png","contentUrl":"https:\/\/flamencomadrid.com\/wp-content\/uploads\/2025\/04\/blog_festivalguitarra.png","width":900,"height":600,"caption":"FESTIVAL DE GUITARRA 2025"},{"@type":"BreadcrumbList","@id":"https:\/\/flamencomadrid.com\/fr\/festival-guitarra-madrid-2025\/#breadcrumb","itemListElement":[{"@type":"ListItem","position":1,"name":"Home","item":"https:\/\/flamencomadrid.com\/fr\/"},{"@type":"ListItem","position":2,"name":"II Festival de la Guitarra de Madrid 2025: \u00a1Cartel de Lujo y Homenaje a Sabicas!"}]},{"@type":"WebSite","@id":"https:\/\/flamencomadrid.com\/fr\/#website","url":"https:\/\/flamencomadrid.com\/fr\/","name":"Flamenco Madrid","description":"Otro sitio realizado con WordPress","potentialAction":[{"@type":"SearchAction","target":{"@type":"EntryPoint","urlTemplate":"https:\/\/flamencomadrid.com\/fr\/?s={search_term_string}"},"query-input":{"@type":"PropertyValueSpecification","valueRequired":true,"valueName":"search_term_string"}}],"inLanguage":"fr-FR"},{"@type":"Person","@id":"https:\/\/flamencomadrid.com\/es\/#\/schema\/person\/e60bef1612b66bdb46e0d88400bfab7e","name":"Miguel Blanco","image":{"@type":"ImageObject","inLanguage":"fr-FR","@id":"https:\/\/secure.gravatar.com\/avatar\/359874fd676a9bfbf3a5d62f8bb888a22a657034662dd62c3669b5e7274a1365?s=96&d=mm&r=g","url":"https:\/\/secure.gravatar.com\/avatar\/359874fd676a9bfbf3a5d62f8bb888a22a657034662dd62c3669b5e7274a1365?s=96&d=mm&r=g","contentUrl":"https:\/\/secure.gravatar.com\/avatar\/359874fd676a9bfbf3a5d62f8bb888a22a657034662dd62c3669b5e7274a1365?s=96&d=mm&r=g","caption":"Miguel Blanco"}}]}},"_links":{"self":[{"href":"https:\/\/flamencomadrid.com\/fr\/wp-json\/wp\/v2\/posts\/1072","targetHints":{"allow":["GET"]}}],"collection":[{"href":"https:\/\/flamencomadrid.com\/fr\/wp-json\/wp\/v2\/posts"}],"about":[{"href":"https:\/\/flamencomadrid.com\/fr\/wp-json\/wp\/v2\/types\/post"}],"author":[{"embeddable":true,"href":"https:\/\/flamencomadrid.com\/fr\/wp-json\/wp\/v2\/users\/6"}],"replies":[{"embeddable":true,"href":"https:\/\/flamencomadrid.com\/fr\/wp-json\/wp\/v2\/comments?post=1072"}],"version-history":[{"count":18,"href":"https:\/\/flamencomadrid.com\/fr\/wp-json\/wp\/v2\/posts\/1072\/revisions"}],"predecessor-version":[{"id":1092,"href":"https:\/\/flamencomadrid.com\/fr\/wp-json\/wp\/v2\/posts\/1072\/revisions\/1092"}],"wp:featuredmedia":[{"embeddable":true,"href":"https:\/\/flamencomadrid.com\/fr\/wp-json\/wp\/v2\/media\/1093"}],"wp:attachment":[{"href":"https:\/\/flamencomadrid.com\/fr\/wp-json\/wp\/v2\/media?parent=1072"}],"wp:term":[{"taxonomy":"category","embeddable":true,"href":"https:\/\/flamencomadrid.com\/fr\/wp-json\/wp\/v2\/categories?post=1072"},{"taxonomy":"post_tag","embeddable":true,"href":"https:\/\/flamencomadrid.com\/fr\/wp-json\/wp\/v2\/tags?post=1072"}],"curies":[{"name":"wp","href":"https:\/\/api.w.org\/{rel}","templated":true}]}}