{"id":1047,"date":"2025-04-07T14:33:56","date_gmt":"2025-04-07T12:33:56","guid":{"rendered":"https:\/\/flamencomadrid.com\/es\/?p=1047"},"modified":"2025-04-21T14:11:12","modified_gmt":"2025-04-21T12:11:12","slug":"las-alegrias-en-el-flamenco-el-salero-de-cadiz","status":"publish","type":"post","link":"https:\/\/flamencomadrid.com\/fr\/alegrias-de-cadix\/","title":{"rendered":"Les \u00ab\u00a0Alegr\u00edas de C\u00e1diz\u00a0\u00bb. La gr\u00e2ce du flamenco."},"content":{"rendered":"<p><\/p>\n<h2 data-start=\"156\" data-end=\"228\"><strong data-start=\"160\" data-end=\"228\">Alegr\u00edas de C\u00e1diz : L&rsquo;\u00e9tincelle gaditaine qui illumine le tablao<\/strong><\/h2>\n<p class=\"\" data-start=\"230\" data-end=\"631\">S\u2019il y a un <strong data-start=\"242\" data-end=\"259\">palo flamenco<\/strong> qui sent la f\u00eate, la brise marine et la lumi\u00e8re pure, ce sont bien les <em data-start=\"331\" data-end=\"341\">Alegr\u00edas<\/em>. Impossible de ne pas sourire quand elles commencent\u202f! Ce style, n\u00e9 sous le soleil de la baie de Cadix, est l\u2019un des joyaux les plus brillants du flamenco. Comprendre un peu ce qu\u2019est cette <em data-start=\"532\" data-end=\"550\">alegr\u00eda flamenca<\/em> te fera profiter encore plus du spectacle quand tu la verras en direct \u00e0 Madrid.<\/p>\n<h3 class=\"\" data-start=\"638\" data-end=\"674\"><strong data-start=\"642\" data-end=\"674\">Le c\u0153ur des Alegr\u00edas : Cadix<\/strong><\/h3>\n<p class=\"\" data-start=\"676\" data-end=\"943\">M\u00eame si leurs racines se croisent avec la <em data-start=\"718\" data-end=\"724\">jota<\/em>, c\u2019est \u00e0 Cadix qu\u2019elles ont pris ce souffle unique, ce <em data-start=\"780\" data-end=\"788\">salero<\/em> (charme) qui les rend incomparables. Elles font partie de la grande famille des <em data-start=\"869\" data-end=\"879\">Canti\u00f1as<\/em>, la plus festive et la plus typiquement gaditaine du flamenco !<\/p>\n<h3 class=\"\" data-start=\"950\" data-end=\"980\"><strong data-start=\"954\" data-end=\"980\">Le Comp\u00e1s des Alegr\u00edas<\/strong><\/h3>\n<p class=\"\" data-start=\"982\" data-end=\"1181\">Qu\u2019est-ce qui rend les <em data-start=\"1005\" data-end=\"1015\">Alegr\u00edas<\/em> si sp\u00e9ciales dans le monde du flamenco ? Leur rythme \u00e0 12 temps est la cl\u00e9 \u2014 comme la <em data-start=\"1102\" data-end=\"1109\">Sole\u00e1<\/em>, mais plus vif et l\u00e9ger. C\u2019est un comp\u00e1s flamenco optimiste et \u00e9l\u00e9gant.<\/p>\n<p class=\"\" data-start=\"1183\" data-end=\"1428\">Un indice pour les reconna\u00eetre : \u00e9coute bien le moment o\u00f9 commence le chant. Les paroles d\u00e9butent souvent d\u00e8s le temps 1 du comp\u00e1s. En revanche, la <em data-start=\"1331\" data-end=\"1342\">coletilla<\/em> (partie souvent ajout\u00e9e apr\u00e8s) a son petit secret : elle commence apr\u00e8s le temps 10 !<\/p>\n<h3 class=\"\" data-start=\"1435\" data-end=\"1481\"><strong data-start=\"1439\" data-end=\"1481\">Cante, Toque et Baile en mode Alegr\u00edas<\/strong><\/h3>\n<p class=\"\" data-start=\"1483\" data-end=\"1571\"><strong data-start=\"1483\" data-end=\"1507\">Le chant (<em data-start=\"1495\" data-end=\"1502\">Cante<\/em>) :<\/strong> C\u2019est ici que brille la structure typique con\u00e7ue pour la danse.<\/p>\n<ul data-start=\"1573\" data-end=\"1969\">\n<li class=\"\" data-start=\"1573\" data-end=\"1831\">\n<p class=\"\" data-start=\"1575\" data-end=\"1831\"><strong data-start=\"1575\" data-end=\"1592\">Les paroles :<\/strong> G\u00e9n\u00e9ralement, quatre vers avec des r\u00e9p\u00e9titions. Une structure classique : vers 1, vers 2, r\u00e9p\u00e9tition du 1, vers 3 et 4, puis r\u00e9p\u00e9tition des 3 et 4. Et bien s\u00fbr, le c\u00e9l\u00e8bre \u00ab\u00a0tirititr\u00e1n, tr\u00e1n, tr\u00e1n\u00a0\u00bb qui ouvre souvent le chant avec malice.<\/p>\n<\/li>\n<li class=\"\" data-start=\"1832\" data-end=\"1969\">\n<p class=\"\" data-start=\"1834\" data-end=\"1969\"><strong data-start=\"1834\" data-end=\"1850\">L\u2019ambiance :<\/strong> Les paroles sont joyeuses, espi\u00e8gles\u2026 Pour un vrai <em data-start=\"1902\" data-end=\"1913\">soniquete<\/em> gaditano, \u00e9coute le ma\u00eetre Chano Lobato. Quelle gr\u00e2ce !<\/p>\n<\/li>\n<\/ul>\n<p class=\"\" data-start=\"1971\" data-end=\"2119\"><strong data-start=\"1971\" data-end=\"1997\">La guitare (<em data-start=\"1985\" data-end=\"1992\">Toque<\/em>) :<\/strong> Le son est clair, brillant, avec des <em data-start=\"2035\" data-end=\"2045\">falsetas<\/em> virtuoses et un rythme net qui soutient parfaitement la voix et la danse.<\/p>\n<p class=\"\" data-start=\"2121\" data-end=\"2682\"><strong data-start=\"2121\" data-end=\"2145\">La danse (<em data-start=\"2133\" data-end=\"2140\">Baile<\/em>) :<\/strong> C\u2019est l\u00e0 que ce palo brille de mille feux ! La danse des <em data-start=\"2203\" data-end=\"2213\">Alegr\u00edas<\/em> m\u00eale \u00e9l\u00e9gance et espi\u00e8glerie. Tu verras des mouvements de bras gracieux, parfois un maniement spectaculaire du <em data-start=\"2325\" data-end=\"2333\">mant\u00f3n<\/em>, des <em data-start=\"2339\" data-end=\"2351\">zapateados<\/em> rythm\u00e9s mais plus doux que dans d\u2019autres styles, et surtout cette attitude enjou\u00e9e et coquette. C\u2019est une danse qui c\u00e9l\u00e8bre la vie.<br data-start=\"2483\" data-end=\"2486\" \/>On y trouve des parties typiques : la <em data-start=\"2524\" data-end=\"2533\">llamada<\/em> (appel), les couplets chant\u00e9s, le <em data-start=\"2568\" data-end=\"2578\">silencio<\/em> (moment solo du guitariste), la <em data-start=\"2611\" data-end=\"2622\">escobilla<\/em> (section de percussions avec les pieds) et un final festif.<\/p>\n<p data-start=\"2121\" data-end=\"2682\"><img loading=\"lazy\" decoding=\"async\" class=\"aligncenter\" src=\"https:\/\/flamencomadrid.com\/wp-content\/uploads\/2025\/04\/juan-jose-villar.jpg\" alt=\"alegrias flamenco\" width=\"600\" height=\"750\" \/><\/p>\n<h3 class=\"\" data-start=\"2689\" data-end=\"2764\"><strong data-start=\"2693\" data-end=\"2764\">Comment reconna\u00eetre des Alegr\u00edas dans un tablao flamenco \u00e0 Madrid ?<\/strong><\/h3>\n<p class=\"\" data-start=\"2766\" data-end=\"2880\">La prochaine fois que tu vas dans un tablao recommand\u00e9 par Flamenco Madrid, ouvre grand les oreilles et les yeux :<\/p>\n<ul data-start=\"2882\" data-end=\"3073\">\n<li class=\"\" data-start=\"2882\" data-end=\"2932\">\n<p class=\"\" data-start=\"2884\" data-end=\"2932\">Cherche ce comp\u00e1s rapide et joyeux \u00e0 12 temps.<\/p>\n<\/li>\n<li class=\"\" data-start=\"2933\" data-end=\"2978\">\n<p class=\"\" data-start=\"2935\" data-end=\"2978\">Sois attentif au \u201c<em data-start=\"2953\" data-end=\"2965\">tirititr\u00e1n<\/em>\u201d du chant.<\/p>\n<\/li>\n<li class=\"\" data-start=\"2979\" data-end=\"3073\">\n<p class=\"\" data-start=\"2981\" data-end=\"3073\">Observe l\u2019\u00e9l\u00e9gance et le charme du danseur ou de la danseuse \u2013 tu vois ce sourire complice ?<\/p>\n<\/li>\n<\/ul>\n<p class=\"\" data-start=\"3075\" data-end=\"3165\">Si tu ressens un m\u00e9lange de f\u00eate \u00e9l\u00e9gante et de parfum marin\u2026 tu es devant une <em data-start=\"3154\" data-end=\"3163\">Alegr\u00eda<\/em> !<\/p>\n<p><\/p>","protected":false},"excerpt":{"rendered":"Alegr\u00edas de C\u00e1diz : L&rsquo;\u00e9tincelle gaditaine qui illumine le tablao S\u2019il y a un palo flamenco qui sent la f\u00eate, la brise marine et la lumi\u00e8re pure, ce sont bien les Alegr\u00edas. Impossible de ne pas sourire quand elles commencent\u202f! Ce style, n\u00e9 sous le soleil de la baie de Cadix, est l\u2019un des joyaux&#8230;","protected":false},"author":6,"featured_media":1049,"comment_status":"open","ping_status":"open","sticky":false,"template":"","format":"standard","meta":{"_acf_changed":false,"footnotes":""},"categories":[4],"tags":[],"class_list":["post-1047","post","type-post","status-publish","format-standard","has-post-thumbnail","hentry","category-sonidos-y-canciones"],"acf":[],"yoast_head":"<!-- This site is optimized with the Yoast SEO plugin v27.4 - https:\/\/yoast.com\/product\/yoast-seo-wordpress\/ -->\n<title>Les &quot;Alegr\u00edas de C\u00e1diz&quot;. La gr\u00e2ce du flamenco. - Flamenco Madrid<\/title>\n<meta name=\"description\" content=\"Descubre las Alegr\u00edas de C\u00e1diz, un palo flamenco vibrante. Conoce su comp\u00e1s, cante y baile por alegr\u00edas. \u00a1Vive la fiesta flamenca en Madrid!\" \/>\n<meta name=\"robots\" content=\"index, follow, max-snippet:-1, max-image-preview:large, max-video-preview:-1\" \/>\n<link rel=\"canonical\" href=\"\/\" \/>\n<meta property=\"og:locale\" content=\"fr_FR\" \/>\n<meta property=\"og:type\" content=\"article\" \/>\n<meta property=\"og:title\" content=\"Les &quot;Alegr\u00edas de C\u00e1diz&quot;. La gr\u00e2ce du flamenco. - Flamenco Madrid\" \/>\n<meta property=\"og:description\" content=\"Descubre las Alegr\u00edas de C\u00e1diz, un palo flamenco vibrante. Conoce su comp\u00e1s, cante y baile por alegr\u00edas. \u00a1Vive la fiesta flamenca en Madrid!\" \/>\n<meta property=\"og:url\" content=\"https:\/\/flamencomadrid.com\/fr\/alegrias-de-cadiz\/\" \/>\n<meta property=\"og:site_name\" content=\"Flamenco Madrid\" \/>\n<meta property=\"article:published_time\" content=\"2025-04-07T12:33:56+00:00\" \/>\n<meta property=\"article:modified_time\" content=\"2025-04-21T12:11:12+00:00\" \/>\n<meta property=\"og:image\" content=\"https:\/\/flamencomadrid.com\/wp-content\/uploads\/2025\/04\/chanolobato1-e1745237453867.jpg\" \/>\n\t<meta property=\"og:image:width\" content=\"292\" \/>\n\t<meta property=\"og:image:height\" content=\"225\" \/>\n\t<meta property=\"og:image:type\" content=\"image\/jpeg\" \/>\n<meta name=\"author\" content=\"Miguel Blanco\" \/>\n<meta name=\"twitter:card\" content=\"summary_large_image\" \/>\n<meta name=\"twitter:label1\" content=\"\u00c9crit par\" \/>\n\t<meta name=\"twitter:data1\" content=\"Miguel Blanco\" \/>\n\t<meta name=\"twitter:label2\" content=\"Dur\u00e9e de lecture estim\u00e9e\" \/>\n\t<meta name=\"twitter:data2\" content=\"3 minutes\" \/>\n<script type=\"application\/ld+json\" class=\"yoast-schema-graph\">{\"@context\":\"https:\\\/\\\/schema.org\",\"@graph\":[{\"@type\":\"Article\",\"@id\":\"https:\\\/\\\/flamencomadrid.com\\\/es\\\/alegrias-de-cadiz\\\/#article\",\"isPartOf\":{\"@id\":\"https:\\\/\\\/flamencomadrid.com\\\/es\\\/alegrias-de-cadiz\\\/\"},\"author\":{\"name\":\"Miguel Blanco\",\"@id\":\"https:\\\/\\\/flamencomadrid.com\\\/es\\\/#\\\/schema\\\/person\\\/e60bef1612b66bdb46e0d88400bfab7e\"},\"headline\":\"Les \u00ab\u00a0Alegr\u00edas de C\u00e1diz\u00a0\u00bb. La gr\u00e2ce du flamenco.\",\"datePublished\":\"2025-04-07T12:33:56+00:00\",\"dateModified\":\"2025-04-21T12:11:12+00:00\",\"mainEntityOfPage\":{\"@id\":\"https:\\\/\\\/flamencomadrid.com\\\/es\\\/alegrias-de-cadiz\\\/\"},\"wordCount\":2092,\"commentCount\":0,\"image\":{\"@id\":\"https:\\\/\\\/flamencomadrid.com\\\/es\\\/alegrias-de-cadiz\\\/#primaryimage\"},\"thumbnailUrl\":\"https:\\\/\\\/flamencomadrid.com\\\/wp-content\\\/uploads\\\/2025\\\/04\\\/chanolobato1-e1745237453867.jpg\",\"articleSection\":[\"Sonidos y canciones\"],\"inLanguage\":\"fr-FR\",\"potentialAction\":[{\"@type\":\"CommentAction\",\"name\":\"Comment\",\"target\":[\"https:\\\/\\\/flamencomadrid.com\\\/es\\\/alegrias-de-cadiz\\\/#respond\"]}]},{\"@type\":\"WebPage\",\"@id\":\"https:\\\/\\\/flamencomadrid.com\\\/fr\\\/alegrias-de-cadiz\\\/\",\"url\":\"https:\\\/\\\/flamencomadrid.com\\\/fr\\\/alegrias-de-cadiz\\\/\",\"name\":\"Les \\\"Alegr\u00edas de C\u00e1diz\\\". La gr\u00e2ce du flamenco. - Flamenco Madrid\",\"isPartOf\":{\"@id\":\"https:\\\/\\\/flamencomadrid.com\\\/fr\\\/#website\"},\"primaryImageOfPage\":{\"@id\":\"https:\\\/\\\/flamencomadrid.com\\\/fr\\\/alegrias-de-cadiz\\\/#primaryimage\"},\"image\":{\"@id\":\"https:\\\/\\\/flamencomadrid.com\\\/es\\\/alegrias-de-cadiz\\\/#primaryimage\"},\"thumbnailUrl\":\"https:\\\/\\\/flamencomadrid.com\\\/wp-content\\\/uploads\\\/2025\\\/04\\\/chanolobato1-e1745237453867.jpg\",\"datePublished\":\"2025-04-07T12:33:56+00:00\",\"dateModified\":\"2025-04-21T12:11:12+00:00\",\"author\":{\"@id\":\"https:\\\/\\\/flamencomadrid.com\\\/es\\\/#\\\/schema\\\/person\\\/e60bef1612b66bdb46e0d88400bfab7e\"},\"description\":\"Descubre las Alegr\u00edas de C\u00e1diz, un palo flamenco vibrante. Conoce su comp\u00e1s, cante y baile por alegr\u00edas. \u00a1Vive la fiesta flamenca en Madrid!\",\"breadcrumb\":{\"@id\":\"https:\\\/\\\/flamencomadrid.com\\\/fr\\\/alegrias-de-cadiz\\\/#breadcrumb\"},\"inLanguage\":\"fr-FR\",\"potentialAction\":[{\"@type\":\"ReadAction\",\"target\":[[\"https:\\\/\\\/flamencomadrid.com\\\/fr\\\/alegrias-de-cadiz\\\/\"]]}]},{\"@type\":\"ImageObject\",\"inLanguage\":\"fr-FR\",\"@id\":\"https:\\\/\\\/flamencomadrid.com\\\/fr\\\/alegrias-de-cadiz\\\/#primaryimage\",\"url\":\"https:\\\/\\\/flamencomadrid.com\\\/wp-content\\\/uploads\\\/2025\\\/04\\\/chanolobato1-e1745237453867.jpg\",\"contentUrl\":\"https:\\\/\\\/flamencomadrid.com\\\/wp-content\\\/uploads\\\/2025\\\/04\\\/chanolobato1-e1745237453867.jpg\",\"width\":292,\"height\":225},{\"@type\":\"BreadcrumbList\",\"@id\":\"https:\\\/\\\/flamencomadrid.com\\\/fr\\\/alegrias-de-cadiz\\\/#breadcrumb\",\"itemListElement\":[{\"@type\":\"ListItem\",\"position\":1,\"name\":\"Home\",\"item\":\"https:\\\/\\\/flamencomadrid.com\\\/fr\\\/\"},{\"@type\":\"ListItem\",\"position\":2,\"name\":\"Alegr\u00edas: Flamenco y gracia\"}]},{\"@type\":\"WebSite\",\"@id\":\"https:\\\/\\\/flamencomadrid.com\\\/fr\\\/#website\",\"url\":\"https:\\\/\\\/flamencomadrid.com\\\/fr\\\/\",\"name\":\"Flamenco Madrid\",\"description\":\"Otro sitio realizado con WordPress\",\"potentialAction\":[{\"@type\":\"SearchAction\",\"target\":{\"@type\":\"EntryPoint\",\"urlTemplate\":\"https:\\\/\\\/flamencomadrid.com\\\/fr\\\/?s={search_term_string}\"},\"query-input\":{\"@type\":\"PropertyValueSpecification\",\"valueRequired\":true,\"valueName\":\"search_term_string\"}}],\"inLanguage\":\"fr-FR\"},{\"@type\":\"Person\",\"@id\":\"https:\\\/\\\/flamencomadrid.com\\\/es\\\/#\\\/schema\\\/person\\\/e60bef1612b66bdb46e0d88400bfab7e\",\"name\":\"Miguel Blanco\",\"image\":{\"@type\":\"ImageObject\",\"inLanguage\":\"fr-FR\",\"@id\":\"https:\\\/\\\/secure.gravatar.com\\\/avatar\\\/359874fd676a9bfbf3a5d62f8bb888a22a657034662dd62c3669b5e7274a1365?s=96&d=mm&r=g\",\"url\":\"https:\\\/\\\/secure.gravatar.com\\\/avatar\\\/359874fd676a9bfbf3a5d62f8bb888a22a657034662dd62c3669b5e7274a1365?s=96&d=mm&r=g\",\"contentUrl\":\"https:\\\/\\\/secure.gravatar.com\\\/avatar\\\/359874fd676a9bfbf3a5d62f8bb888a22a657034662dd62c3669b5e7274a1365?s=96&d=mm&r=g\",\"caption\":\"Miguel Blanco\"}}]}<\/script>\n<!-- \/ Yoast SEO plugin. -->","yoast_head_json":{"title":"Les \"Alegr\u00edas de C\u00e1diz\". La gr\u00e2ce du flamenco. - Flamenco Madrid","description":"Descubre las Alegr\u00edas de C\u00e1diz, un palo flamenco vibrante. Conoce su comp\u00e1s, cante y baile por alegr\u00edas. \u00a1Vive la fiesta flamenca en Madrid!","robots":{"index":"index","follow":"follow","max-snippet":"max-snippet:-1","max-image-preview":"max-image-preview:large","max-video-preview":"max-video-preview:-1"},"canonical":"\/","og_locale":"fr_FR","og_type":"article","og_title":"Les \"Alegr\u00edas de C\u00e1diz\". La gr\u00e2ce du flamenco. - Flamenco Madrid","og_description":"Descubre las Alegr\u00edas de C\u00e1diz, un palo flamenco vibrante. Conoce su comp\u00e1s, cante y baile por alegr\u00edas. \u00a1Vive la fiesta flamenca en Madrid!","og_url":"https:\/\/flamencomadrid.com\/fr\/alegrias-de-cadiz\/","og_site_name":"Flamenco Madrid","article_published_time":"2025-04-07T12:33:56+00:00","article_modified_time":"2025-04-21T12:11:12+00:00","og_image":[{"width":292,"height":225,"url":"https:\/\/flamencomadrid.com\/wp-content\/uploads\/2025\/04\/chanolobato1-e1745237453867.jpg","type":"image\/jpeg"}],"author":"Miguel Blanco","twitter_card":"summary_large_image","twitter_misc":{"\u00c9crit par":"Miguel Blanco","Dur\u00e9e de lecture estim\u00e9e":"3 minutes"},"schema":{"@context":"https:\/\/schema.org","@graph":[{"@type":"Article","@id":"https:\/\/flamencomadrid.com\/es\/alegrias-de-cadiz\/#article","isPartOf":{"@id":"https:\/\/flamencomadrid.com\/es\/alegrias-de-cadiz\/"},"author":{"name":"Miguel Blanco","@id":"https:\/\/flamencomadrid.com\/es\/#\/schema\/person\/e60bef1612b66bdb46e0d88400bfab7e"},"headline":"Les \u00ab\u00a0Alegr\u00edas de C\u00e1diz\u00a0\u00bb. La gr\u00e2ce du flamenco.","datePublished":"2025-04-07T12:33:56+00:00","dateModified":"2025-04-21T12:11:12+00:00","mainEntityOfPage":{"@id":"https:\/\/flamencomadrid.com\/es\/alegrias-de-cadiz\/"},"wordCount":2092,"commentCount":0,"image":{"@id":"https:\/\/flamencomadrid.com\/es\/alegrias-de-cadiz\/#primaryimage"},"thumbnailUrl":"https:\/\/flamencomadrid.com\/wp-content\/uploads\/2025\/04\/chanolobato1-e1745237453867.jpg","articleSection":["Sonidos y canciones"],"inLanguage":"fr-FR","potentialAction":[{"@type":"CommentAction","name":"Comment","target":["https:\/\/flamencomadrid.com\/es\/alegrias-de-cadiz\/#respond"]}]},{"@type":"WebPage","@id":"https:\/\/flamencomadrid.com\/fr\/alegrias-de-cadiz\/","url":"https:\/\/flamencomadrid.com\/fr\/alegrias-de-cadiz\/","name":"Les \"Alegr\u00edas de C\u00e1diz\". La gr\u00e2ce du flamenco. - Flamenco Madrid","isPartOf":{"@id":"https:\/\/flamencomadrid.com\/fr\/#website"},"primaryImageOfPage":{"@id":"https:\/\/flamencomadrid.com\/fr\/alegrias-de-cadiz\/#primaryimage"},"image":{"@id":"https:\/\/flamencomadrid.com\/es\/alegrias-de-cadiz\/#primaryimage"},"thumbnailUrl":"https:\/\/flamencomadrid.com\/wp-content\/uploads\/2025\/04\/chanolobato1-e1745237453867.jpg","datePublished":"2025-04-07T12:33:56+00:00","dateModified":"2025-04-21T12:11:12+00:00","author":{"@id":"https:\/\/flamencomadrid.com\/es\/#\/schema\/person\/e60bef1612b66bdb46e0d88400bfab7e"},"description":"Descubre las Alegr\u00edas de C\u00e1diz, un palo flamenco vibrante. Conoce su comp\u00e1s, cante y baile por alegr\u00edas. \u00a1Vive la fiesta flamenca en Madrid!","breadcrumb":{"@id":"https:\/\/flamencomadrid.com\/fr\/alegrias-de-cadiz\/#breadcrumb"},"inLanguage":"fr-FR","potentialAction":[{"@type":"ReadAction","target":[["https:\/\/flamencomadrid.com\/fr\/alegrias-de-cadiz\/"]]}]},{"@type":"ImageObject","inLanguage":"fr-FR","@id":"https:\/\/flamencomadrid.com\/fr\/alegrias-de-cadiz\/#primaryimage","url":"https:\/\/flamencomadrid.com\/wp-content\/uploads\/2025\/04\/chanolobato1-e1745237453867.jpg","contentUrl":"https:\/\/flamencomadrid.com\/wp-content\/uploads\/2025\/04\/chanolobato1-e1745237453867.jpg","width":292,"height":225},{"@type":"BreadcrumbList","@id":"https:\/\/flamencomadrid.com\/fr\/alegrias-de-cadiz\/#breadcrumb","itemListElement":[{"@type":"ListItem","position":1,"name":"Home","item":"https:\/\/flamencomadrid.com\/fr\/"},{"@type":"ListItem","position":2,"name":"Alegr\u00edas: Flamenco y gracia"}]},{"@type":"WebSite","@id":"https:\/\/flamencomadrid.com\/fr\/#website","url":"https:\/\/flamencomadrid.com\/fr\/","name":"Flamenco Madrid","description":"Otro sitio realizado con WordPress","potentialAction":[{"@type":"SearchAction","target":{"@type":"EntryPoint","urlTemplate":"https:\/\/flamencomadrid.com\/fr\/?s={search_term_string}"},"query-input":{"@type":"PropertyValueSpecification","valueRequired":true,"valueName":"search_term_string"}}],"inLanguage":"fr-FR"},{"@type":"Person","@id":"https:\/\/flamencomadrid.com\/es\/#\/schema\/person\/e60bef1612b66bdb46e0d88400bfab7e","name":"Miguel Blanco","image":{"@type":"ImageObject","inLanguage":"fr-FR","@id":"https:\/\/secure.gravatar.com\/avatar\/359874fd676a9bfbf3a5d62f8bb888a22a657034662dd62c3669b5e7274a1365?s=96&d=mm&r=g","url":"https:\/\/secure.gravatar.com\/avatar\/359874fd676a9bfbf3a5d62f8bb888a22a657034662dd62c3669b5e7274a1365?s=96&d=mm&r=g","contentUrl":"https:\/\/secure.gravatar.com\/avatar\/359874fd676a9bfbf3a5d62f8bb888a22a657034662dd62c3669b5e7274a1365?s=96&d=mm&r=g","caption":"Miguel Blanco"}}]}},"_links":{"self":[{"href":"https:\/\/flamencomadrid.com\/fr\/wp-json\/wp\/v2\/posts\/1047","targetHints":{"allow":["GET"]}}],"collection":[{"href":"https:\/\/flamencomadrid.com\/fr\/wp-json\/wp\/v2\/posts"}],"about":[{"href":"https:\/\/flamencomadrid.com\/fr\/wp-json\/wp\/v2\/types\/post"}],"author":[{"embeddable":true,"href":"https:\/\/flamencomadrid.com\/fr\/wp-json\/wp\/v2\/users\/6"}],"replies":[{"embeddable":true,"href":"https:\/\/flamencomadrid.com\/fr\/wp-json\/wp\/v2\/comments?post=1047"}],"version-history":[{"count":17,"href":"https:\/\/flamencomadrid.com\/fr\/wp-json\/wp\/v2\/posts\/1047\/revisions"}],"predecessor-version":[{"id":1067,"href":"https:\/\/flamencomadrid.com\/fr\/wp-json\/wp\/v2\/posts\/1047\/revisions\/1067"}],"wp:featuredmedia":[{"embeddable":true,"href":"https:\/\/flamencomadrid.com\/fr\/wp-json\/wp\/v2\/media\/1049"}],"wp:attachment":[{"href":"https:\/\/flamencomadrid.com\/fr\/wp-json\/wp\/v2\/media?parent=1047"}],"wp:term":[{"taxonomy":"category","embeddable":true,"href":"https:\/\/flamencomadrid.com\/fr\/wp-json\/wp\/v2\/categories?post=1047"},{"taxonomy":"post_tag","embeddable":true,"href":"https:\/\/flamencomadrid.com\/fr\/wp-json\/wp\/v2\/tags?post=1047"}],"curies":[{"name":"wp","href":"https:\/\/api.w.org\/{rel}","templated":true}]}}