{"id":895,"date":"2023-09-05T16:56:53","date_gmt":"2023-09-05T14:56:53","guid":{"rendered":"https:\/\/flamencomadrid.com\/es\/?p=895"},"modified":"2024-01-26T14:56:54","modified_gmt":"2024-01-26T13:56:54","slug":"el-primer-taranto","status":"publish","type":"post","link":"https:\/\/flamencomadrid.com\/es\/el-primer-taranto\/","title":{"rendered":"El primer taranto"},"content":{"rendered":"<p><\/p>\n<h4 data-sourcepos=\"3:1-3:191\">Carmen Amaya, una de las figuras m\u00e1s importantes del flamenco, fue la primera en bailar el taranto en un escenario, concretamente el 12 de enero de 1942 en <em>el Carnegie Hall de Nueva York.<\/em><\/h4>\n<p><strong><img loading=\"lazy\" decoding=\"async\" class=\"alignnone wp-image-897 size-full\" src=\"https:\/\/flamencomadrid.com\/es\/wp-content\/uploads\/2023\/09\/amaya-644x462-1.webp\" alt=\"\" width=\"644\" height=\"462\" \/><br \/>\n<\/strong><\/p>\n<p data-sourcepos=\"3:1-3:191\">Ese d\u00eda la genial bailaora catalana present\u00f3 un gran espect\u00e1culo de 15 n\u00fameros, producido por <strong>Hurok Atractions Inc.<\/strong> Uno de esos n\u00fameros, <strong>el noveno del programa, es el taranto,<\/strong> que baila acompa\u00f1ada a la guitarra por el gran <em>Agust\u00edn Castell\u00f3n, Sabicas<\/em>. Le acompa\u00f1an su padre, <em>El Chino, sus hermanos Paco, Mar\u00eda, Antonia y Leonor, el bailaor Antonio Triana, Pelao el Viejo, Lola Montes, Diego Castell\u00f3n y el profesor Garc\u00eda Matos, como pianista y director de orquesta.<\/em><\/p>\n<p><img loading=\"lazy\" decoding=\"async\" class=\"alignnone wp-image-900 \" src=\"https:\/\/flamencomadrid.com\/es\/wp-content\/uploads\/2023\/09\/59be7072b7e170063d7c34341e767ab1.jpeg\" alt=\"\" width=\"672\" height=\"305\" \/><\/p>\n<p>El taranto es un cante minero que se caracteriza por su ritmo marcado y sujeto a un comp\u00e1s. <strong>Amaya adapt\u00f3 este cante a una forma de baile, creando un nuevo estilo flamenco que combina la expresi\u00f3n dram\u00e1tica de la taranta con el ritmo de la zambra.<\/strong><\/p>\n<p data-sourcepos=\"7:1-7:255\"><span style=\"color: #333333;\"><em>El taranto de Amaya fue <strong>un \u00e9xito rotundo<\/strong> y se convirti\u00f3 en uno de <strong>los bailes m\u00e1s populares del flamenco<\/strong>. Su f\u00f3rmula inicial, basada en la ronde\u00f1a por zambra, fue enriquecida posteriormente por otros artistas, que le a\u00f1adieron sus propias aportaciones.<\/em><\/span><\/p>\n<p data-sourcepos=\"9:1-9:168\"><span style=\"color: #000000;\"><em><strong><img loading=\"lazy\" decoding=\"async\" class=\"alignnone wp-image-908 \" src=\"https:\/\/flamencomadrid.com\/es\/wp-content\/uploads\/2023\/09\/carmen-amaya-genio-y-personalidad-catalana-en-el-baile-flamenco.jpeg\" alt=\"\" width=\"681\" height=\"385\" \/><\/strong><\/em><\/span><\/p>\n<h5>El taranto, hoy en d\u00eda, es un baile m\u00e1s melanc\u00f3lico y sentimental que dram\u00e1tico. Es el \u00fanico estilo minero bailable y uno de los bailes m\u00e1s apreciados del flamenco.<\/h5>\n<p><\/p>","protected":false},"excerpt":{"rendered":"Carmen Amaya, una de las figuras m\u00e1s importantes del flamenco, fue la primera en bailar el taranto en un escenario, concretamente el 12 de enero de 1942 en el Carnegie Hall de Nueva York. Ese d\u00eda la genial bailaora catalana present\u00f3 un gran espect\u00e1culo de 15 n\u00fameros, producido por Hurok Atractions Inc. Uno de esos&#8230;","protected":false},"author":5,"featured_media":901,"comment_status":"closed","ping_status":"open","sticky":false,"template":"","format":"standard","meta":{"_acf_changed":false,"footnotes":""},"categories":[13],"tags":[],"class_list":["post-895","post","type-post","status-publish","format-standard","has-post-thumbnail","hentry","category-curiosidades-flamencas"],"acf":[],"yoast_head":"<!-- This site is optimized with the Yoast SEO plugin v27.4 - https:\/\/yoast.com\/product\/yoast-seo-wordpress\/ -->\n<title>El primer taranto - Flamenco Madrid<\/title>\n<meta name=\"robots\" content=\"index, follow, max-snippet:-1, max-image-preview:large, max-video-preview:-1\" \/>\n<link rel=\"canonical\" href=\"\/\" \/>\n<meta property=\"og:locale\" content=\"es_ES\" \/>\n<meta property=\"og:type\" content=\"article\" \/>\n<meta property=\"og:title\" content=\"El primer taranto - Flamenco Madrid\" \/>\n<meta property=\"og:description\" content=\"Carmen Amaya, una de las figuras m\u00e1s importantes del flamenco, fue la primera en bailar el taranto en un escenario, concretamente el 12 de enero de 1942 en el Carnegie Hall de Nueva York. Ese d\u00eda la genial bailaora catalana present\u00f3 un gran espect\u00e1culo de 15 n\u00fameros, producido por Hurok Atractions Inc. Uno de esos...\" \/>\n<meta property=\"og:url\" content=\"https:\/\/flamencomadrid.com\/es\/el-primer-taranto\/\" \/>\n<meta property=\"og:site_name\" content=\"Flamenco Madrid\" \/>\n<meta property=\"article:published_time\" content=\"2023-09-05T14:56:53+00:00\" \/>\n<meta property=\"article:modified_time\" content=\"2024-01-26T13:56:54+00:00\" \/>\n<meta property=\"og:image\" content=\"https:\/\/flamencomadrid.com\/wp-content\/uploads\/2023\/09\/image_7794_carmen_amaya_1684515891792650427.jpeg\" \/>\n\t<meta property=\"og:image:width\" content=\"841\" \/>\n\t<meta property=\"og:image:height\" content=\"1102\" \/>\n\t<meta property=\"og:image:type\" content=\"image\/jpeg\" \/>\n<meta name=\"author\" content=\"Pirunator\" \/>\n<meta name=\"twitter:card\" content=\"summary_large_image\" \/>\n<meta name=\"twitter:label1\" content=\"Escrito por\" \/>\n\t<meta name=\"twitter:data1\" content=\"Pirunator\" \/>\n\t<meta name=\"twitter:label2\" content=\"Tiempo de lectura\" \/>\n\t<meta name=\"twitter:data2\" content=\"2 minutos\" \/>\n<script type=\"application\/ld+json\" class=\"yoast-schema-graph\">{\"@context\":\"https:\\\/\\\/schema.org\",\"@graph\":[{\"@type\":\"Article\",\"@id\":\"https:\\\/\\\/flamencomadrid.com\\\/es\\\/el-primer-taranto\\\/#article\",\"isPartOf\":{\"@id\":\"https:\\\/\\\/flamencomadrid.com\\\/es\\\/el-primer-taranto\\\/\"},\"author\":{\"name\":\"Pirunator\",\"@id\":\"https:\\\/\\\/flamencomadrid.com\\\/es\\\/#\\\/schema\\\/person\\\/748b99b947dc33587201a0837db18640\"},\"headline\":\"El primer taranto\",\"datePublished\":\"2023-09-05T14:56:53+00:00\",\"dateModified\":\"2024-01-26T13:56:54+00:00\",\"mainEntityOfPage\":{\"@id\":\"https:\\\/\\\/flamencomadrid.com\\\/es\\\/el-primer-taranto\\\/\"},\"wordCount\":956,\"image\":{\"@id\":\"https:\\\/\\\/flamencomadrid.com\\\/es\\\/el-primer-taranto\\\/#primaryimage\"},\"thumbnailUrl\":\"https:\\\/\\\/flamencomadrid.com\\\/wp-content\\\/uploads\\\/2023\\\/09\\\/image_7794_carmen_amaya_1684515891792650427.jpeg\",\"articleSection\":[\"Curiosidades Flamencas\"],\"inLanguage\":\"es\"},{\"@type\":\"WebPage\",\"@id\":\"https:\\\/\\\/flamencomadrid.com\\\/es\\\/el-primer-taranto\\\/\",\"url\":\"https:\\\/\\\/flamencomadrid.com\\\/es\\\/el-primer-taranto\\\/\",\"name\":\"El primer taranto - Flamenco Madrid\",\"isPartOf\":{\"@id\":\"https:\\\/\\\/flamencomadrid.com\\\/es\\\/#website\"},\"primaryImageOfPage\":{\"@id\":\"https:\\\/\\\/flamencomadrid.com\\\/es\\\/el-primer-taranto\\\/#primaryimage\"},\"image\":{\"@id\":\"https:\\\/\\\/flamencomadrid.com\\\/es\\\/el-primer-taranto\\\/#primaryimage\"},\"thumbnailUrl\":\"https:\\\/\\\/flamencomadrid.com\\\/wp-content\\\/uploads\\\/2023\\\/09\\\/image_7794_carmen_amaya_1684515891792650427.jpeg\",\"datePublished\":\"2023-09-05T14:56:53+00:00\",\"dateModified\":\"2024-01-26T13:56:54+00:00\",\"author\":{\"@id\":\"https:\\\/\\\/flamencomadrid.com\\\/es\\\/#\\\/schema\\\/person\\\/748b99b947dc33587201a0837db18640\"},\"breadcrumb\":{\"@id\":\"https:\\\/\\\/flamencomadrid.com\\\/es\\\/el-primer-taranto\\\/#breadcrumb\"},\"inLanguage\":\"es\",\"potentialAction\":[{\"@type\":\"ReadAction\",\"target\":[[\"https:\\\/\\\/flamencomadrid.com\\\/es\\\/el-primer-taranto\\\/\"]]}]},{\"@type\":\"ImageObject\",\"inLanguage\":\"es\",\"@id\":\"https:\\\/\\\/flamencomadrid.com\\\/es\\\/el-primer-taranto\\\/#primaryimage\",\"url\":\"https:\\\/\\\/flamencomadrid.com\\\/wp-content\\\/uploads\\\/2023\\\/09\\\/image_7794_carmen_amaya_1684515891792650427.jpeg\",\"contentUrl\":\"https:\\\/\\\/flamencomadrid.com\\\/wp-content\\\/uploads\\\/2023\\\/09\\\/image_7794_carmen_amaya_1684515891792650427.jpeg\",\"width\":841,\"height\":1102},{\"@type\":\"BreadcrumbList\",\"@id\":\"https:\\\/\\\/flamencomadrid.com\\\/es\\\/el-primer-taranto\\\/#breadcrumb\",\"itemListElement\":[{\"@type\":\"ListItem\",\"position\":1,\"name\":\"Home\",\"item\":\"https:\\\/\\\/flamencomadrid.com\\\/es\\\/\"},{\"@type\":\"ListItem\",\"position\":2,\"name\":\"El primer taranto\"}]},{\"@type\":\"WebSite\",\"@id\":\"https:\\\/\\\/flamencomadrid.com\\\/es\\\/#website\",\"url\":\"https:\\\/\\\/flamencomadrid.com\\\/es\\\/\",\"name\":\"Flamenco Madrid\",\"description\":\"Otro sitio realizado con WordPress\",\"potentialAction\":[{\"@type\":\"SearchAction\",\"target\":{\"@type\":\"EntryPoint\",\"urlTemplate\":\"https:\\\/\\\/flamencomadrid.com\\\/es\\\/?s={search_term_string}\"},\"query-input\":{\"@type\":\"PropertyValueSpecification\",\"valueRequired\":true,\"valueName\":\"search_term_string\"}}],\"inLanguage\":\"es\"},{\"@type\":\"Person\",\"@id\":\"https:\\\/\\\/flamencomadrid.com\\\/es\\\/#\\\/schema\\\/person\\\/748b99b947dc33587201a0837db18640\",\"name\":\"Pirunator\",\"image\":{\"@type\":\"ImageObject\",\"inLanguage\":\"es\",\"@id\":\"https:\\\/\\\/secure.gravatar.com\\\/avatar\\\/617673d226a438889f1548bea8a21192c4c0d0351bdc8c087ee3ebf56ac86871?s=96&d=mm&r=g\",\"url\":\"https:\\\/\\\/secure.gravatar.com\\\/avatar\\\/617673d226a438889f1548bea8a21192c4c0d0351bdc8c087ee3ebf56ac86871?s=96&d=mm&r=g\",\"contentUrl\":\"https:\\\/\\\/secure.gravatar.com\\\/avatar\\\/617673d226a438889f1548bea8a21192c4c0d0351bdc8c087ee3ebf56ac86871?s=96&d=mm&r=g\",\"caption\":\"Pirunator\"}}]}<\/script>\n<!-- \/ Yoast SEO plugin. -->","yoast_head_json":{"title":"El primer taranto - Flamenco Madrid","robots":{"index":"index","follow":"follow","max-snippet":"max-snippet:-1","max-image-preview":"max-image-preview:large","max-video-preview":"max-video-preview:-1"},"canonical":"\/","og_locale":"es_ES","og_type":"article","og_title":"El primer taranto - Flamenco Madrid","og_description":"Carmen Amaya, una de las figuras m\u00e1s importantes del flamenco, fue la primera en bailar el taranto en un escenario, concretamente el 12 de enero de 1942 en el Carnegie Hall de Nueva York. Ese d\u00eda la genial bailaora catalana present\u00f3 un gran espect\u00e1culo de 15 n\u00fameros, producido por Hurok Atractions Inc. Uno de esos...","og_url":"https:\/\/flamencomadrid.com\/es\/el-primer-taranto\/","og_site_name":"Flamenco Madrid","article_published_time":"2023-09-05T14:56:53+00:00","article_modified_time":"2024-01-26T13:56:54+00:00","og_image":[{"width":841,"height":1102,"url":"https:\/\/flamencomadrid.com\/wp-content\/uploads\/2023\/09\/image_7794_carmen_amaya_1684515891792650427.jpeg","type":"image\/jpeg"}],"author":"Pirunator","twitter_card":"summary_large_image","twitter_misc":{"Escrito por":"Pirunator","Tiempo de lectura":"2 minutos"},"schema":{"@context":"https:\/\/schema.org","@graph":[{"@type":"Article","@id":"https:\/\/flamencomadrid.com\/es\/el-primer-taranto\/#article","isPartOf":{"@id":"https:\/\/flamencomadrid.com\/es\/el-primer-taranto\/"},"author":{"name":"Pirunator","@id":"https:\/\/flamencomadrid.com\/es\/#\/schema\/person\/748b99b947dc33587201a0837db18640"},"headline":"El primer taranto","datePublished":"2023-09-05T14:56:53+00:00","dateModified":"2024-01-26T13:56:54+00:00","mainEntityOfPage":{"@id":"https:\/\/flamencomadrid.com\/es\/el-primer-taranto\/"},"wordCount":956,"image":{"@id":"https:\/\/flamencomadrid.com\/es\/el-primer-taranto\/#primaryimage"},"thumbnailUrl":"https:\/\/flamencomadrid.com\/wp-content\/uploads\/2023\/09\/image_7794_carmen_amaya_1684515891792650427.jpeg","articleSection":["Curiosidades Flamencas"],"inLanguage":"es"},{"@type":"WebPage","@id":"https:\/\/flamencomadrid.com\/es\/el-primer-taranto\/","url":"https:\/\/flamencomadrid.com\/es\/el-primer-taranto\/","name":"El primer taranto - Flamenco Madrid","isPartOf":{"@id":"https:\/\/flamencomadrid.com\/es\/#website"},"primaryImageOfPage":{"@id":"https:\/\/flamencomadrid.com\/es\/el-primer-taranto\/#primaryimage"},"image":{"@id":"https:\/\/flamencomadrid.com\/es\/el-primer-taranto\/#primaryimage"},"thumbnailUrl":"https:\/\/flamencomadrid.com\/wp-content\/uploads\/2023\/09\/image_7794_carmen_amaya_1684515891792650427.jpeg","datePublished":"2023-09-05T14:56:53+00:00","dateModified":"2024-01-26T13:56:54+00:00","author":{"@id":"https:\/\/flamencomadrid.com\/es\/#\/schema\/person\/748b99b947dc33587201a0837db18640"},"breadcrumb":{"@id":"https:\/\/flamencomadrid.com\/es\/el-primer-taranto\/#breadcrumb"},"inLanguage":"es","potentialAction":[{"@type":"ReadAction","target":[["https:\/\/flamencomadrid.com\/es\/el-primer-taranto\/"]]}]},{"@type":"ImageObject","inLanguage":"es","@id":"https:\/\/flamencomadrid.com\/es\/el-primer-taranto\/#primaryimage","url":"https:\/\/flamencomadrid.com\/wp-content\/uploads\/2023\/09\/image_7794_carmen_amaya_1684515891792650427.jpeg","contentUrl":"https:\/\/flamencomadrid.com\/wp-content\/uploads\/2023\/09\/image_7794_carmen_amaya_1684515891792650427.jpeg","width":841,"height":1102},{"@type":"BreadcrumbList","@id":"https:\/\/flamencomadrid.com\/es\/el-primer-taranto\/#breadcrumb","itemListElement":[{"@type":"ListItem","position":1,"name":"Home","item":"https:\/\/flamencomadrid.com\/es\/"},{"@type":"ListItem","position":2,"name":"El primer taranto"}]},{"@type":"WebSite","@id":"https:\/\/flamencomadrid.com\/es\/#website","url":"https:\/\/flamencomadrid.com\/es\/","name":"Flamenco Madrid","description":"Otro sitio realizado con WordPress","potentialAction":[{"@type":"SearchAction","target":{"@type":"EntryPoint","urlTemplate":"https:\/\/flamencomadrid.com\/es\/?s={search_term_string}"},"query-input":{"@type":"PropertyValueSpecification","valueRequired":true,"valueName":"search_term_string"}}],"inLanguage":"es"},{"@type":"Person","@id":"https:\/\/flamencomadrid.com\/es\/#\/schema\/person\/748b99b947dc33587201a0837db18640","name":"Pirunator","image":{"@type":"ImageObject","inLanguage":"es","@id":"https:\/\/secure.gravatar.com\/avatar\/617673d226a438889f1548bea8a21192c4c0d0351bdc8c087ee3ebf56ac86871?s=96&d=mm&r=g","url":"https:\/\/secure.gravatar.com\/avatar\/617673d226a438889f1548bea8a21192c4c0d0351bdc8c087ee3ebf56ac86871?s=96&d=mm&r=g","contentUrl":"https:\/\/secure.gravatar.com\/avatar\/617673d226a438889f1548bea8a21192c4c0d0351bdc8c087ee3ebf56ac86871?s=96&d=mm&r=g","caption":"Pirunator"}}]}},"_links":{"self":[{"href":"https:\/\/flamencomadrid.com\/es\/wp-json\/wp\/v2\/posts\/895","targetHints":{"allow":["GET"]}}],"collection":[{"href":"https:\/\/flamencomadrid.com\/es\/wp-json\/wp\/v2\/posts"}],"about":[{"href":"https:\/\/flamencomadrid.com\/es\/wp-json\/wp\/v2\/types\/post"}],"author":[{"embeddable":true,"href":"https:\/\/flamencomadrid.com\/es\/wp-json\/wp\/v2\/users\/5"}],"replies":[{"embeddable":true,"href":"https:\/\/flamencomadrid.com\/es\/wp-json\/wp\/v2\/comments?post=895"}],"version-history":[{"count":14,"href":"https:\/\/flamencomadrid.com\/es\/wp-json\/wp\/v2\/posts\/895\/revisions"}],"predecessor-version":[{"id":1031,"href":"https:\/\/flamencomadrid.com\/es\/wp-json\/wp\/v2\/posts\/895\/revisions\/1031"}],"wp:featuredmedia":[{"embeddable":true,"href":"https:\/\/flamencomadrid.com\/es\/wp-json\/wp\/v2\/media\/901"}],"wp:attachment":[{"href":"https:\/\/flamencomadrid.com\/es\/wp-json\/wp\/v2\/media?parent=895"}],"wp:term":[{"taxonomy":"category","embeddable":true,"href":"https:\/\/flamencomadrid.com\/es\/wp-json\/wp\/v2\/categories?post=895"},{"taxonomy":"post_tag","embeddable":true,"href":"https:\/\/flamencomadrid.com\/es\/wp-json\/wp\/v2\/tags?post=895"}],"curies":[{"name":"wp","href":"https:\/\/api.w.org\/{rel}","templated":true}]}}