{"id":850,"date":"2023-08-22T20:04:52","date_gmt":"2023-08-22T18:04:52","guid":{"rendered":"https:\/\/flamencomadrid.com\/es\/?p=850"},"modified":"2024-01-26T14:44:19","modified_gmt":"2024-01-26T13:44:19","slug":"5-libros-de-historia-flamenca","status":"publish","type":"post","link":"https:\/\/flamencomadrid.com\/es\/5-libros-de-historia-flamenca\/","title":{"rendered":"5 libros de historia del flamenco"},"content":{"rendered":"<p><\/p>\n<p data-sourcepos=\"3:1-3:205\">El flamenco es una de las expresiones art\u00edsticas m\u00e1s importantes de Espa\u00f1a. Surgido en Andaluc\u00eda a finales del siglo XVIII, el flamenco es una fusi\u00f3n de la m\u00fasica, la danza y la poes\u00eda populares andaluzas.<\/p>\n<p data-sourcepos=\"5:1-5:259\">A lo largo de sus m\u00e1s de 200 a\u00f1os de historia, el flamenco ha sufrido m\u00faltiples cambios y transformaciones, pero siempre se ha mantenido fiel a sus ra\u00edces andaluzas. El flamenco es un arte vivo que sigue evolucionando y cautivando a p\u00fablicos de todo el mundo.<\/p>\n<p data-sourcepos=\"7:1-7:116\">Si quieres aprender m\u00e1s sobre la historia del flamenco, aqu\u00ed tienes una lista de los 5 libros sobre el tema:<\/p>\n<h5>1. UNA HISTORIA DEL FLAMENCO<br \/>\nJos\u00e9 Manuel Gamboa<\/h5>\n<p><img loading=\"lazy\" decoding=\"async\" class=\"alignnone wp-image-851 \" style=\"font-size: 16px;\" src=\"https:\/\/flamencomadrid.com\/es\/wp-content\/uploads\/2023\/08\/9788467036879.jpeg\" alt=\"\" width=\"198\" height=\"303\" \/><\/p>\n<p class=\"text-h4 mb-2\">Una visi\u00f3n global y actualizada sobre lo que se sabe del g\u00e9nero llamado flamenco en sus diferentes facetas, y que dista mucho de todo lo publicado hasta el momento.<\/p>\n<h5><\/h5>\n<h5 class=\"text-h4 mb-2\">2.NUEVA HISTORIA DEL FLAMENCO<br \/>\n<span data-v-1bd2f6e8=\"\">\u00a0 \u00a0Juan Verguillos\u00a0<\/span><\/h5>\n<p><img loading=\"lazy\" decoding=\"async\" class=\"alignnone wp-image-852 \" src=\"https:\/\/flamencomadrid.com\/es\/wp-content\/uploads\/2023\/08\/9788418578342.jpeg\" alt=\"\" width=\"213\" height=\"341\" \/><\/p>\n<p class=\"text-h5 d-flex flex-wrap author mb-2 justify-center justify-sm-start\">Esta obra es imprescindible por la cantidad ingente de nuevos datos que ofrece para la comprensi\u00f3n del cante, el toque y el baile jondo en su contexto hist\u00f3rico. Pero tambi\u00e9n por lo novedoso de su enfoque: en ella se pone de manifiesto que el flamenco es una evoluci\u00f3n de los cantos y bailes nacionales y de palillos de finales del siglo XVIII y principios del XIX. Tambi\u00e9n aporta la hip\u00f3tesis, completamente novedosa, de que los bailes boleros y la hoy llamada Escuela Bolera son g\u00e9neros distintos, tanto en lo cronol\u00f3gico como en el repertorio y la est\u00e9tica.<\/p>\n<p>&nbsp;<\/p>\n<h5 class=\"text-h5 d-flex flex-wrap author mb-2 justify-center justify-sm-start\">3. AM\u00c9RICA EN EL FLAMENCO<br \/>\nFustino Nu\u00f1ez<\/h5>\n<p><img loading=\"lazy\" decoding=\"async\" class=\"alignnone wp-image-854 \" src=\"https:\/\/flamencomadrid.com\/es\/wp-content\/uploads\/2023\/08\/97394.jpeg\" alt=\"\" width=\"198\" height=\"282\" \/><\/p>\n<p class=\"text-h5 d-flex flex-wrap author mb-2 justify-center justify-sm-start\"><span data-v-1bd2f6e8=\"\">Este libro no trata solo de los cantes de ida y vuelta, aquellas canciones de evidente origen hispanoamericano que, tras ser convenientemente aflamencadas, acabaron integrandose en el repertorio jondo. Se trata de poner en solfa la historia del flamenco y situarla en perspectiva atl\u00e1ntica. No ha sido f\u00e1cil la tarea, el tema es delicado de afrontar con el rigor que se espera de un estudio bien documentado. Para llevarla a cabo ha sido preciso hacerle un jaque a buena parte de los dogmas m\u00e1s o menos aceptados en torno a los procesos que dieron lugar al flamenco.<\/span><\/p>\n<h5><\/h5>\n<h5 class=\"text-h4 mb-2\">4. EL ARTE DEL FLAMENCO<br \/>\n<span data-v-1bd2f6e8=\"\">\u00a0 \u00a0D. E. Pohren<\/span><\/h5>\n<p><img loading=\"lazy\" decoding=\"async\" class=\"alignnone wp-image-856 \" src=\"https:\/\/flamencomadrid.com\/es\/wp-content\/uploads\/2023\/08\/41e9xrucnsl-_sx308_bo1204203200_.jpg\" alt=\"\" width=\"212\" height=\"341\" \/><\/p>\n<p>Este libro es una de las primeras obras en ingl\u00e9s sobre el flamenco. Pohren ofrece una visi\u00f3n general del flamenco, desde sus or\u00edgenes hasta su desarrollo en la actualidad.<\/p>\n<h5><\/h5>\n<h5 class=\"text-h4 mb-2\">5. FLAMENCO<br \/>\n<span data-v-1bd2f6e8=\"\">\u00a0 \u00a0Carlos Saura<\/span><\/h5>\n<h5 class=\"text-h4 mb-2\"><img loading=\"lazy\" decoding=\"async\" class=\"alignnone wp-image-857 \" style=\"font-size: 16px;\" src=\"https:\/\/flamencomadrid.com\/es\/wp-content\/uploads\/2023\/08\/51pcirjxr9l-_sx389_bo1204203200_.jpg\" alt=\"\" width=\"222\" height=\"283\" \/><\/h5>\n<p>Carlos Saura reconstruye en estas p\u00e1ginas una historia contempor\u00e1nea del flamenco a trav\u00e9s de sus figuras m\u00e1s relevantes, de Camar\u00f3n de la Isla y Paco de Luc\u00eda a Lola Flores, Cristina Hoyos y Antonio Gades, pasando por Laura del Sol, Farruco, Farruquito, Matilde Coral, Manolo Sanl\u00facar y tantos otros. M\u00e1s de un centenar de im\u00e1genes, en su mayor\u00eda in\u00e9ditas, y una introducci\u00f3n del propio autor transmiten la intensidad y la energ\u00eda del arte flamenco.<\/p>","protected":false},"excerpt":{"rendered":"El flamenco es una de las expresiones art\u00edsticas m\u00e1s importantes de Espa\u00f1a. Surgido en Andaluc\u00eda a finales del siglo XVIII, el flamenco es una fusi\u00f3n de la m\u00fasica, la danza y la poes\u00eda populares andaluzas. A lo largo de sus m\u00e1s de 200 a\u00f1os de historia, el flamenco ha sufrido m\u00faltiples cambios y transformaciones, pero&#8230;","protected":false},"author":5,"featured_media":861,"comment_status":"closed","ping_status":"open","sticky":false,"template":"","format":"standard","meta":{"_acf_changed":false,"footnotes":""},"categories":[13],"tags":[],"class_list":["post-850","post","type-post","status-publish","format-standard","has-post-thumbnail","hentry","category-curiosidades-flamencas"],"acf":[],"yoast_head":"<!-- This site is optimized with the Yoast SEO plugin v27.4 - https:\/\/yoast.com\/product\/yoast-seo-wordpress\/ -->\n<title>5 libros de historia del flamenco - Flamenco Madrid<\/title>\n<meta name=\"robots\" content=\"index, follow, max-snippet:-1, max-image-preview:large, max-video-preview:-1\" \/>\n<link rel=\"canonical\" href=\"\/\" \/>\n<meta property=\"og:locale\" content=\"es_ES\" \/>\n<meta property=\"og:type\" content=\"article\" \/>\n<meta property=\"og:title\" content=\"5 libros de historia del flamenco - Flamenco Madrid\" \/>\n<meta property=\"og:description\" content=\"El flamenco es una de las expresiones art\u00edsticas m\u00e1s importantes de Espa\u00f1a. Surgido en Andaluc\u00eda a finales del siglo XVIII, el flamenco es una fusi\u00f3n de la m\u00fasica, la danza y la poes\u00eda populares andaluzas. A lo largo de sus m\u00e1s de 200 a\u00f1os de historia, el flamenco ha sufrido m\u00faltiples cambios y transformaciones, pero...\" \/>\n<meta property=\"og:url\" content=\"https:\/\/flamencomadrid.com\/es\/5-libros-de-historia-flamenca\/\" \/>\n<meta property=\"og:site_name\" content=\"Flamenco Madrid\" \/>\n<meta property=\"article:published_time\" content=\"2023-08-22T18:04:52+00:00\" \/>\n<meta property=\"article:modified_time\" content=\"2024-01-26T13:44:19+00:00\" \/>\n<meta property=\"og:image\" content=\"https:\/\/flamencomadrid.com\/wp-content\/uploads\/2023\/08\/9788418578342-1-e1692728137639.jpeg\" \/>\n\t<meta property=\"og:image:width\" content=\"550\" \/>\n\t<meta property=\"og:image:height\" content=\"621\" \/>\n\t<meta property=\"og:image:type\" content=\"image\/jpeg\" \/>\n<meta name=\"author\" content=\"Pirunator\" \/>\n<meta name=\"twitter:card\" content=\"summary_large_image\" \/>\n<meta name=\"twitter:label1\" content=\"Escrito por\" \/>\n\t<meta name=\"twitter:data1\" content=\"Pirunator\" \/>\n\t<meta name=\"twitter:label2\" content=\"Tiempo de lectura\" \/>\n\t<meta name=\"twitter:data2\" content=\"3 minutos\" \/>\n<script type=\"application\/ld+json\" class=\"yoast-schema-graph\">{\"@context\":\"https:\\\/\\\/schema.org\",\"@graph\":[{\"@type\":\"Article\",\"@id\":\"https:\\\/\\\/flamencomadrid.com\\\/es\\\/5-libros-de-historia-flamenca\\\/#article\",\"isPartOf\":{\"@id\":\"https:\\\/\\\/flamencomadrid.com\\\/es\\\/5-libros-de-historia-flamenca\\\/\"},\"author\":{\"name\":\"Pirunator\",\"@id\":\"https:\\\/\\\/flamencomadrid.com\\\/es\\\/#\\\/schema\\\/person\\\/748b99b947dc33587201a0837db18640\"},\"headline\":\"5 libros de historia del flamenco\",\"datePublished\":\"2023-08-22T18:04:52+00:00\",\"dateModified\":\"2024-01-26T13:44:19+00:00\",\"mainEntityOfPage\":{\"@id\":\"https:\\\/\\\/flamencomadrid.com\\\/es\\\/5-libros-de-historia-flamenca\\\/\"},\"wordCount\":1886,\"image\":{\"@id\":\"https:\\\/\\\/flamencomadrid.com\\\/es\\\/5-libros-de-historia-flamenca\\\/#primaryimage\"},\"thumbnailUrl\":\"https:\\\/\\\/flamencomadrid.com\\\/wp-content\\\/uploads\\\/2023\\\/08\\\/9788418578342-1-e1692728137639.jpeg\",\"articleSection\":[\"Curiosidades Flamencas\"],\"inLanguage\":\"es\"},{\"@type\":\"WebPage\",\"@id\":\"https:\\\/\\\/flamencomadrid.com\\\/es\\\/5-libros-de-historia-flamenca\\\/\",\"url\":\"https:\\\/\\\/flamencomadrid.com\\\/es\\\/5-libros-de-historia-flamenca\\\/\",\"name\":\"5 libros de historia del flamenco - Flamenco Madrid\",\"isPartOf\":{\"@id\":\"https:\\\/\\\/flamencomadrid.com\\\/es\\\/#website\"},\"primaryImageOfPage\":{\"@id\":\"https:\\\/\\\/flamencomadrid.com\\\/es\\\/5-libros-de-historia-flamenca\\\/#primaryimage\"},\"image\":{\"@id\":\"https:\\\/\\\/flamencomadrid.com\\\/es\\\/5-libros-de-historia-flamenca\\\/#primaryimage\"},\"thumbnailUrl\":\"https:\\\/\\\/flamencomadrid.com\\\/wp-content\\\/uploads\\\/2023\\\/08\\\/9788418578342-1-e1692728137639.jpeg\",\"datePublished\":\"2023-08-22T18:04:52+00:00\",\"dateModified\":\"2024-01-26T13:44:19+00:00\",\"author\":{\"@id\":\"https:\\\/\\\/flamencomadrid.com\\\/es\\\/#\\\/schema\\\/person\\\/748b99b947dc33587201a0837db18640\"},\"breadcrumb\":{\"@id\":\"https:\\\/\\\/flamencomadrid.com\\\/es\\\/5-libros-de-historia-flamenca\\\/#breadcrumb\"},\"inLanguage\":\"es\",\"potentialAction\":[{\"@type\":\"ReadAction\",\"target\":[[\"https:\\\/\\\/flamencomadrid.com\\\/es\\\/5-libros-de-historia-flamenca\\\/\"]]}]},{\"@type\":\"ImageObject\",\"inLanguage\":\"es\",\"@id\":\"https:\\\/\\\/flamencomadrid.com\\\/es\\\/5-libros-de-historia-flamenca\\\/#primaryimage\",\"url\":\"https:\\\/\\\/flamencomadrid.com\\\/wp-content\\\/uploads\\\/2023\\\/08\\\/9788418578342-1-e1692728137639.jpeg\",\"contentUrl\":\"https:\\\/\\\/flamencomadrid.com\\\/wp-content\\\/uploads\\\/2023\\\/08\\\/9788418578342-1-e1692728137639.jpeg\",\"width\":550,\"height\":621},{\"@type\":\"BreadcrumbList\",\"@id\":\"https:\\\/\\\/flamencomadrid.com\\\/es\\\/5-libros-de-historia-flamenca\\\/#breadcrumb\",\"itemListElement\":[{\"@type\":\"ListItem\",\"position\":1,\"name\":\"Home\",\"item\":\"https:\\\/\\\/flamencomadrid.com\\\/es\\\/\"},{\"@type\":\"ListItem\",\"position\":2,\"name\":\"5 libros de historia del flamenco\"}]},{\"@type\":\"WebSite\",\"@id\":\"https:\\\/\\\/flamencomadrid.com\\\/es\\\/#website\",\"url\":\"https:\\\/\\\/flamencomadrid.com\\\/es\\\/\",\"name\":\"Flamenco Madrid\",\"description\":\"Otro sitio realizado con WordPress\",\"potentialAction\":[{\"@type\":\"SearchAction\",\"target\":{\"@type\":\"EntryPoint\",\"urlTemplate\":\"https:\\\/\\\/flamencomadrid.com\\\/es\\\/?s={search_term_string}\"},\"query-input\":{\"@type\":\"PropertyValueSpecification\",\"valueRequired\":true,\"valueName\":\"search_term_string\"}}],\"inLanguage\":\"es\"},{\"@type\":\"Person\",\"@id\":\"https:\\\/\\\/flamencomadrid.com\\\/es\\\/#\\\/schema\\\/person\\\/748b99b947dc33587201a0837db18640\",\"name\":\"Pirunator\",\"image\":{\"@type\":\"ImageObject\",\"inLanguage\":\"es\",\"@id\":\"https:\\\/\\\/secure.gravatar.com\\\/avatar\\\/617673d226a438889f1548bea8a21192c4c0d0351bdc8c087ee3ebf56ac86871?s=96&d=mm&r=g\",\"url\":\"https:\\\/\\\/secure.gravatar.com\\\/avatar\\\/617673d226a438889f1548bea8a21192c4c0d0351bdc8c087ee3ebf56ac86871?s=96&d=mm&r=g\",\"contentUrl\":\"https:\\\/\\\/secure.gravatar.com\\\/avatar\\\/617673d226a438889f1548bea8a21192c4c0d0351bdc8c087ee3ebf56ac86871?s=96&d=mm&r=g\",\"caption\":\"Pirunator\"}}]}<\/script>\n<!-- \/ Yoast SEO plugin. -->","yoast_head_json":{"title":"5 libros de historia del flamenco - Flamenco Madrid","robots":{"index":"index","follow":"follow","max-snippet":"max-snippet:-1","max-image-preview":"max-image-preview:large","max-video-preview":"max-video-preview:-1"},"canonical":"\/","og_locale":"es_ES","og_type":"article","og_title":"5 libros de historia del flamenco - Flamenco Madrid","og_description":"El flamenco es una de las expresiones art\u00edsticas m\u00e1s importantes de Espa\u00f1a. Surgido en Andaluc\u00eda a finales del siglo XVIII, el flamenco es una fusi\u00f3n de la m\u00fasica, la danza y la poes\u00eda populares andaluzas. A lo largo de sus m\u00e1s de 200 a\u00f1os de historia, el flamenco ha sufrido m\u00faltiples cambios y transformaciones, pero...","og_url":"https:\/\/flamencomadrid.com\/es\/5-libros-de-historia-flamenca\/","og_site_name":"Flamenco Madrid","article_published_time":"2023-08-22T18:04:52+00:00","article_modified_time":"2024-01-26T13:44:19+00:00","og_image":[{"width":550,"height":621,"url":"https:\/\/flamencomadrid.com\/wp-content\/uploads\/2023\/08\/9788418578342-1-e1692728137639.jpeg","type":"image\/jpeg"}],"author":"Pirunator","twitter_card":"summary_large_image","twitter_misc":{"Escrito por":"Pirunator","Tiempo de lectura":"3 minutos"},"schema":{"@context":"https:\/\/schema.org","@graph":[{"@type":"Article","@id":"https:\/\/flamencomadrid.com\/es\/5-libros-de-historia-flamenca\/#article","isPartOf":{"@id":"https:\/\/flamencomadrid.com\/es\/5-libros-de-historia-flamenca\/"},"author":{"name":"Pirunator","@id":"https:\/\/flamencomadrid.com\/es\/#\/schema\/person\/748b99b947dc33587201a0837db18640"},"headline":"5 libros de historia del flamenco","datePublished":"2023-08-22T18:04:52+00:00","dateModified":"2024-01-26T13:44:19+00:00","mainEntityOfPage":{"@id":"https:\/\/flamencomadrid.com\/es\/5-libros-de-historia-flamenca\/"},"wordCount":1886,"image":{"@id":"https:\/\/flamencomadrid.com\/es\/5-libros-de-historia-flamenca\/#primaryimage"},"thumbnailUrl":"https:\/\/flamencomadrid.com\/wp-content\/uploads\/2023\/08\/9788418578342-1-e1692728137639.jpeg","articleSection":["Curiosidades Flamencas"],"inLanguage":"es"},{"@type":"WebPage","@id":"https:\/\/flamencomadrid.com\/es\/5-libros-de-historia-flamenca\/","url":"https:\/\/flamencomadrid.com\/es\/5-libros-de-historia-flamenca\/","name":"5 libros de historia del flamenco - Flamenco Madrid","isPartOf":{"@id":"https:\/\/flamencomadrid.com\/es\/#website"},"primaryImageOfPage":{"@id":"https:\/\/flamencomadrid.com\/es\/5-libros-de-historia-flamenca\/#primaryimage"},"image":{"@id":"https:\/\/flamencomadrid.com\/es\/5-libros-de-historia-flamenca\/#primaryimage"},"thumbnailUrl":"https:\/\/flamencomadrid.com\/wp-content\/uploads\/2023\/08\/9788418578342-1-e1692728137639.jpeg","datePublished":"2023-08-22T18:04:52+00:00","dateModified":"2024-01-26T13:44:19+00:00","author":{"@id":"https:\/\/flamencomadrid.com\/es\/#\/schema\/person\/748b99b947dc33587201a0837db18640"},"breadcrumb":{"@id":"https:\/\/flamencomadrid.com\/es\/5-libros-de-historia-flamenca\/#breadcrumb"},"inLanguage":"es","potentialAction":[{"@type":"ReadAction","target":[["https:\/\/flamencomadrid.com\/es\/5-libros-de-historia-flamenca\/"]]}]},{"@type":"ImageObject","inLanguage":"es","@id":"https:\/\/flamencomadrid.com\/es\/5-libros-de-historia-flamenca\/#primaryimage","url":"https:\/\/flamencomadrid.com\/wp-content\/uploads\/2023\/08\/9788418578342-1-e1692728137639.jpeg","contentUrl":"https:\/\/flamencomadrid.com\/wp-content\/uploads\/2023\/08\/9788418578342-1-e1692728137639.jpeg","width":550,"height":621},{"@type":"BreadcrumbList","@id":"https:\/\/flamencomadrid.com\/es\/5-libros-de-historia-flamenca\/#breadcrumb","itemListElement":[{"@type":"ListItem","position":1,"name":"Home","item":"https:\/\/flamencomadrid.com\/es\/"},{"@type":"ListItem","position":2,"name":"5 libros de historia del flamenco"}]},{"@type":"WebSite","@id":"https:\/\/flamencomadrid.com\/es\/#website","url":"https:\/\/flamencomadrid.com\/es\/","name":"Flamenco Madrid","description":"Otro sitio realizado con WordPress","potentialAction":[{"@type":"SearchAction","target":{"@type":"EntryPoint","urlTemplate":"https:\/\/flamencomadrid.com\/es\/?s={search_term_string}"},"query-input":{"@type":"PropertyValueSpecification","valueRequired":true,"valueName":"search_term_string"}}],"inLanguage":"es"},{"@type":"Person","@id":"https:\/\/flamencomadrid.com\/es\/#\/schema\/person\/748b99b947dc33587201a0837db18640","name":"Pirunator","image":{"@type":"ImageObject","inLanguage":"es","@id":"https:\/\/secure.gravatar.com\/avatar\/617673d226a438889f1548bea8a21192c4c0d0351bdc8c087ee3ebf56ac86871?s=96&d=mm&r=g","url":"https:\/\/secure.gravatar.com\/avatar\/617673d226a438889f1548bea8a21192c4c0d0351bdc8c087ee3ebf56ac86871?s=96&d=mm&r=g","contentUrl":"https:\/\/secure.gravatar.com\/avatar\/617673d226a438889f1548bea8a21192c4c0d0351bdc8c087ee3ebf56ac86871?s=96&d=mm&r=g","caption":"Pirunator"}}]}},"_links":{"self":[{"href":"https:\/\/flamencomadrid.com\/es\/wp-json\/wp\/v2\/posts\/850","targetHints":{"allow":["GET"]}}],"collection":[{"href":"https:\/\/flamencomadrid.com\/es\/wp-json\/wp\/v2\/posts"}],"about":[{"href":"https:\/\/flamencomadrid.com\/es\/wp-json\/wp\/v2\/types\/post"}],"author":[{"embeddable":true,"href":"https:\/\/flamencomadrid.com\/es\/wp-json\/wp\/v2\/users\/5"}],"replies":[{"embeddable":true,"href":"https:\/\/flamencomadrid.com\/es\/wp-json\/wp\/v2\/comments?post=850"}],"version-history":[{"count":25,"href":"https:\/\/flamencomadrid.com\/es\/wp-json\/wp\/v2\/posts\/850\/revisions"}],"predecessor-version":[{"id":1029,"href":"https:\/\/flamencomadrid.com\/es\/wp-json\/wp\/v2\/posts\/850\/revisions\/1029"}],"wp:featuredmedia":[{"embeddable":true,"href":"https:\/\/flamencomadrid.com\/es\/wp-json\/wp\/v2\/media\/861"}],"wp:attachment":[{"href":"https:\/\/flamencomadrid.com\/es\/wp-json\/wp\/v2\/media?parent=850"}],"wp:term":[{"taxonomy":"category","embeddable":true,"href":"https:\/\/flamencomadrid.com\/es\/wp-json\/wp\/v2\/categories?post=850"},{"taxonomy":"post_tag","embeddable":true,"href":"https:\/\/flamencomadrid.com\/es\/wp-json\/wp\/v2\/tags?post=850"}],"curies":[{"name":"wp","href":"https:\/\/api.w.org\/{rel}","templated":true}]}}