{"id":802,"date":"2023-08-01T19:43:31","date_gmt":"2023-08-01T17:43:31","guid":{"rendered":"https:\/\/flamencomadrid.com\/es\/?p=802"},"modified":"2024-01-26T14:36:18","modified_gmt":"2024-01-26T13:36:18","slug":"el-ballet-nacional-de-espana-en-el-patio-central-de-conde-duque","status":"publish","type":"post","link":"https:\/\/flamencomadrid.com\/es\/el-ballet-nacional-de-espana-en-el-patio-central-de-conde-duque\/","title":{"rendered":"El Ballet Nacional de Espa\u00f1a en el Patio Central de Conde Duque"},"content":{"rendered":"<p><strong>El Ballet Nacional de Espa\u00f1a (BNE)<\/strong> <strong>con la colaboraci\u00f3n de la Fundaci\u00f3n Orquesta y Coro de la Comunidad de Madrid presentan del 2 al 5 de agosto en el Patio Central de Conde Duque<\/strong> dentro de la programaci\u00f3n de\u00a0<em><a href=\"https:\/\/www.esmadrid.com\/agenda\/veranos-de-la-villa\">Veranos de la Villa<\/a>,\u00a0<\/em>unas coreograf\u00edas que recorren el flamenco tradicional desde sus or\u00edgenes, tanto de vestuario como musicalmente.<\/p>\n<p><img loading=\"lazy\" decoding=\"async\" class=\"alignnone wp-image-804 size-full\" src=\"https:\/\/flamencomadrid.com\/es\/wp-content\/uploads\/2023\/08\/captura-de-pantalla-2023-08-01-a-las-19-34-31.png\" alt=\"\" width=\"1104\" height=\"916\" \/><br \/>\nFoto bailaora principal: <a href=\"https:\/\/cardamomo.com\/es\/artist\/noelia-ruiz\/\">Noelia Ruiz.<\/a><\/p>\n<div class=\"flex-1 overflow-hidden\">\n<div class=\"react-scroll-to-bottom--css-mvmqj-79elbk h-full dark:bg-gray-800\">\n<div class=\"react-scroll-to-bottom--css-mvmqj-1n7m0yu\">\n<div class=\"flex flex-col text-sm dark:bg-gray-800\">\n<div class=\"group w-full text-gray-800 dark:text-gray-100 border-b border-black\/10 dark:border-gray-900\/50 bg-gray-50 dark:bg-[#444654]\">\n<div class=\"flex p-4 gap-4 text-base md:gap-6 md:max-w-2xl lg:max-w-[38rem] xl:max-w-3xl md:py-6 lg:px-0 m-auto\">\n<div class=\"relative flex w-[calc(100%-50px)] flex-col gap-1 md:gap-3 lg:w-[calc(100%-115px)]\">\n<div class=\"flex flex-grow flex-col gap-3\">\n<div class=\"min-h-[20px] flex items-start overflow-x-auto whitespace-pre-wrap break-words\">\n<div class=\"markdown prose w-full break-words dark:prose-invert light\">\n<p>En el espect\u00e1culo <em>\u00abEstampas flamencas\u00bb<\/em>, <strong>Rub\u00e9n Olmo y Miguel \u00c1ngel Corbacho<\/strong> han creado cuatro cautivadoras piezas que se inspiran en el estilo, la est\u00e9tica y la esencia art\u00edstica de Antonio Ruiz Soler. Estas coreograf\u00edas viajan a trav\u00e9s del flamenco tradicional, explorando sus ra\u00edces tanto en el vestuario como en la m\u00fasica.<\/p>\n<p><em>\u00abHijo del alba\u00bb<\/em>, un emotivo solo de inspiraci\u00f3n picassiana, interpretado magistralmente por <strong>Rub\u00e9n Olmo<\/strong> con su distintivo lenguaje danc\u00edstico, representa el nacimiento de una nueva vida: un hombre y artista emergen en este singular personaje, el arlequ\u00edn, que encapsula sentimientos, diferencias y contradicciones.<\/p>\n<p><img loading=\"lazy\" decoding=\"async\" class=\"alignnone wp-image-805 size-full\" src=\"https:\/\/flamencomadrid.com\/es\/wp-content\/uploads\/2023\/08\/captura-de-pantalla-2023-08-01-a-las-19-42-25.png\" alt=\"\" width=\"1071\" height=\"640\" \/><\/p>\n<p>Como broche de oro, se presenta \u00ab<em>El sombrero de tres picos\u00bb<\/em>, una de las obras m\u00e1s emblem\u00e1ticas del repertorio del <strong>Ballet Nacional de Espa\u00f1a<\/strong>. Tanto la cautivante partitura de <strong>Manuel de Falla<\/strong>, en esta ocasi\u00f3n interpretada por la talentosa<strong> Orquesta de la Comunidad de Madrid<\/strong> bajo la batuta del maestro <strong>Manuel Coves<\/strong>, como la brillante coreograf\u00eda de <strong>Antonio Ruiz Soler<\/strong>, son aut\u00e9nticas obras maestras que estilizan y enaltecen los ritmos y danzas populares. Este montaje, adem\u00e1s, recupera los deslumbrantes figurines y reproduce los impresionantes telones y la escenograf\u00eda dise\u00f1ados por el genio <strong>Pablo Picasso<\/strong> para el estreno en Londres en 1919 de la versi\u00f3n de <strong>L\u00e9onide Massine<\/strong> con los famosos <em>Ballets Russes de Serge<\/em> Diaghilev.<\/p>\n<\/div>\n<\/div>\n<\/div>\n<div class=\"flex justify-between lg:block\">\n<div class=\"text-gray-400 flex self-end lg:self-center justify-center mt-2 gap-2 md:gap-3 lg:gap-1 lg:absolute lg:top-0 lg:translate-x-full lg:right-0 lg:mt-0 lg:pl-2 visible\"><\/div>\n<\/div>\n<\/div>\n<\/div>\n<\/div>\n<div class=\"h-32 md:h-48 flex-shrink-0\"><\/div>\n<\/div>\n<\/div>\n<\/div>\n<\/div>\n<div class=\"absolute bottom-0 left-0 w-full border-t md:border-t-0 dark:border-white\/20 md:border-transparent md:dark:border-transparent md:bg-vert-light-gradient bg-white dark:bg-gray-800 md:!bg-transparent dark:md:bg-vert-dark-gradient pt-2 md:pl-2 md:w-[calc(100%-.5rem)]\">\n<form class=\"stretch mx-2 flex flex-row gap-3 last:mb-2 md:mx-4 md:last:mb-6 lg:mx-auto lg:max-w-2xl xl:max-w-3xl\">\n<div class=\"relative flex h-full flex-1 items-stretch md:flex-col\" role=\"presentation\">\n<div>\n<div class=\"h-full flex ml-1 md:w-full md:m-auto md:mb-4 gap-0 md:gap-2 justify-center\"><\/div>\n<\/div>\n<\/div>\n<\/form>\n<\/div>\n<p>&nbsp;<\/p>","protected":false},"excerpt":{"rendered":"El Ballet Nacional de Espa\u00f1a (BNE) con la colaboraci\u00f3n de la Fundaci\u00f3n Orquesta y Coro de la Comunidad de Madrid presentan del 2 al 5 de agosto en el Patio Central de Conde Duque dentro de la programaci\u00f3n de\u00a0Veranos de la Villa,\u00a0unas coreograf\u00edas que recorren el flamenco tradicional desde sus or\u00edgenes, tanto de vestuario como&#8230;","protected":false},"author":5,"featured_media":803,"comment_status":"closed","ping_status":"open","sticky":false,"template":"","format":"standard","meta":{"_acf_changed":false,"footnotes":""},"categories":[12],"tags":[],"class_list":["post-802","post","type-post","status-publish","format-standard","has-post-thumbnail","hentry","category-proximos-shows-en-madrid"],"acf":[],"yoast_head":"<!-- This site is optimized with the Yoast SEO plugin v27.4 - https:\/\/yoast.com\/product\/yoast-seo-wordpress\/ -->\n<title>El Ballet Nacional de Espa\u00f1a en el Patio Central de Conde Duque - Flamenco Madrid<\/title>\n<meta name=\"robots\" content=\"index, follow, max-snippet:-1, max-image-preview:large, max-video-preview:-1\" \/>\n<link rel=\"canonical\" href=\"\/\" \/>\n<meta property=\"og:locale\" content=\"es_ES\" \/>\n<meta property=\"og:type\" content=\"article\" \/>\n<meta property=\"og:title\" content=\"El Ballet Nacional de Espa\u00f1a en el Patio Central de Conde Duque - Flamenco Madrid\" \/>\n<meta property=\"og:description\" content=\"El Ballet Nacional de Espa\u00f1a (BNE) con la colaboraci\u00f3n de la Fundaci\u00f3n Orquesta y Coro de la Comunidad de Madrid presentan del 2 al 5 de agosto en el Patio Central de Conde Duque dentro de la programaci\u00f3n de\u00a0Veranos de la Villa,\u00a0unas coreograf\u00edas que recorren el flamenco tradicional desde sus or\u00edgenes, tanto de vestuario como...\" \/>\n<meta property=\"og:url\" content=\"https:\/\/flamencomadrid.com\/es\/el-ballet-nacional-de-espana-en-el-patio-central-de-conde-duque\/\" \/>\n<meta property=\"og:site_name\" content=\"Flamenco Madrid\" \/>\n<meta property=\"article:published_time\" content=\"2023-08-01T17:43:31+00:00\" \/>\n<meta property=\"article:modified_time\" content=\"2024-01-26T13:36:18+00:00\" \/>\n<meta property=\"og:image\" content=\"https:\/\/flamencomadrid.com\/wp-content\/uploads\/2023\/08\/captura-de-pantalla-2023-08-01-a-las-19-34-17-e1690911310348.png\" \/>\n\t<meta property=\"og:image:width\" content=\"1041\" \/>\n\t<meta property=\"og:image:height\" content=\"439\" \/>\n\t<meta property=\"og:image:type\" content=\"image\/png\" \/>\n<meta name=\"author\" content=\"Pirunator\" \/>\n<meta name=\"twitter:card\" content=\"summary_large_image\" \/>\n<meta name=\"twitter:label1\" content=\"Escrito por\" \/>\n\t<meta name=\"twitter:data1\" content=\"Pirunator\" \/>\n\t<meta name=\"twitter:label2\" content=\"Tiempo de lectura\" \/>\n\t<meta name=\"twitter:data2\" content=\"2 minutos\" \/>\n<script type=\"application\/ld+json\" class=\"yoast-schema-graph\">{\"@context\":\"https:\\\/\\\/schema.org\",\"@graph\":[{\"@type\":\"Article\",\"@id\":\"https:\\\/\\\/flamencomadrid.com\\\/es\\\/el-ballet-nacional-de-espana-en-el-patio-central-de-conde-duque\\\/#article\",\"isPartOf\":{\"@id\":\"https:\\\/\\\/flamencomadrid.com\\\/es\\\/el-ballet-nacional-de-espana-en-el-patio-central-de-conde-duque\\\/\"},\"author\":{\"name\":\"Pirunator\",\"@id\":\"https:\\\/\\\/flamencomadrid.com\\\/es\\\/#\\\/schema\\\/person\\\/748b99b947dc33587201a0837db18640\"},\"headline\":\"El Ballet Nacional de Espa\u00f1a en el Patio Central de Conde Duque\",\"datePublished\":\"2023-08-01T17:43:31+00:00\",\"dateModified\":\"2024-01-26T13:36:18+00:00\",\"mainEntityOfPage\":{\"@id\":\"https:\\\/\\\/flamencomadrid.com\\\/es\\\/el-ballet-nacional-de-espana-en-el-patio-central-de-conde-duque\\\/\"},\"wordCount\":1185,\"image\":{\"@id\":\"https:\\\/\\\/flamencomadrid.com\\\/es\\\/el-ballet-nacional-de-espana-en-el-patio-central-de-conde-duque\\\/#primaryimage\"},\"thumbnailUrl\":\"https:\\\/\\\/flamencomadrid.com\\\/wp-content\\\/uploads\\\/2023\\\/08\\\/captura-de-pantalla-2023-08-01-a-las-19-34-17-e1690911310348.png\",\"articleSection\":[\"Pr\u00f3ximos Shows en Madrid\"],\"inLanguage\":\"es\"},{\"@type\":\"WebPage\",\"@id\":\"https:\\\/\\\/flamencomadrid.com\\\/es\\\/el-ballet-nacional-de-espana-en-el-patio-central-de-conde-duque\\\/\",\"url\":\"https:\\\/\\\/flamencomadrid.com\\\/es\\\/el-ballet-nacional-de-espana-en-el-patio-central-de-conde-duque\\\/\",\"name\":\"El Ballet Nacional de Espa\u00f1a en el Patio Central de Conde Duque - Flamenco Madrid\",\"isPartOf\":{\"@id\":\"https:\\\/\\\/flamencomadrid.com\\\/es\\\/#website\"},\"primaryImageOfPage\":{\"@id\":\"https:\\\/\\\/flamencomadrid.com\\\/es\\\/el-ballet-nacional-de-espana-en-el-patio-central-de-conde-duque\\\/#primaryimage\"},\"image\":{\"@id\":\"https:\\\/\\\/flamencomadrid.com\\\/es\\\/el-ballet-nacional-de-espana-en-el-patio-central-de-conde-duque\\\/#primaryimage\"},\"thumbnailUrl\":\"https:\\\/\\\/flamencomadrid.com\\\/wp-content\\\/uploads\\\/2023\\\/08\\\/captura-de-pantalla-2023-08-01-a-las-19-34-17-e1690911310348.png\",\"datePublished\":\"2023-08-01T17:43:31+00:00\",\"dateModified\":\"2024-01-26T13:36:18+00:00\",\"author\":{\"@id\":\"https:\\\/\\\/flamencomadrid.com\\\/es\\\/#\\\/schema\\\/person\\\/748b99b947dc33587201a0837db18640\"},\"breadcrumb\":{\"@id\":\"https:\\\/\\\/flamencomadrid.com\\\/es\\\/el-ballet-nacional-de-espana-en-el-patio-central-de-conde-duque\\\/#breadcrumb\"},\"inLanguage\":\"es\",\"potentialAction\":[{\"@type\":\"ReadAction\",\"target\":[[\"https:\\\/\\\/flamencomadrid.com\\\/es\\\/el-ballet-nacional-de-espana-en-el-patio-central-de-conde-duque\\\/\"]]}]},{\"@type\":\"ImageObject\",\"inLanguage\":\"es\",\"@id\":\"https:\\\/\\\/flamencomadrid.com\\\/es\\\/el-ballet-nacional-de-espana-en-el-patio-central-de-conde-duque\\\/#primaryimage\",\"url\":\"https:\\\/\\\/flamencomadrid.com\\\/wp-content\\\/uploads\\\/2023\\\/08\\\/captura-de-pantalla-2023-08-01-a-las-19-34-17-e1690911310348.png\",\"contentUrl\":\"https:\\\/\\\/flamencomadrid.com\\\/wp-content\\\/uploads\\\/2023\\\/08\\\/captura-de-pantalla-2023-08-01-a-las-19-34-17-e1690911310348.png\",\"width\":1041,\"height\":439},{\"@type\":\"BreadcrumbList\",\"@id\":\"https:\\\/\\\/flamencomadrid.com\\\/es\\\/el-ballet-nacional-de-espana-en-el-patio-central-de-conde-duque\\\/#breadcrumb\",\"itemListElement\":[{\"@type\":\"ListItem\",\"position\":1,\"name\":\"Home\",\"item\":\"https:\\\/\\\/flamencomadrid.com\\\/es\\\/\"},{\"@type\":\"ListItem\",\"position\":2,\"name\":\"El Ballet Nacional de Espa\u00f1a en el Patio Central de Conde Duque\"}]},{\"@type\":\"WebSite\",\"@id\":\"https:\\\/\\\/flamencomadrid.com\\\/es\\\/#website\",\"url\":\"https:\\\/\\\/flamencomadrid.com\\\/es\\\/\",\"name\":\"Flamenco Madrid\",\"description\":\"Otro sitio realizado con WordPress\",\"potentialAction\":[{\"@type\":\"SearchAction\",\"target\":{\"@type\":\"EntryPoint\",\"urlTemplate\":\"https:\\\/\\\/flamencomadrid.com\\\/es\\\/?s={search_term_string}\"},\"query-input\":{\"@type\":\"PropertyValueSpecification\",\"valueRequired\":true,\"valueName\":\"search_term_string\"}}],\"inLanguage\":\"es\"},{\"@type\":\"Person\",\"@id\":\"https:\\\/\\\/flamencomadrid.com\\\/es\\\/#\\\/schema\\\/person\\\/748b99b947dc33587201a0837db18640\",\"name\":\"Pirunator\",\"image\":{\"@type\":\"ImageObject\",\"inLanguage\":\"es\",\"@id\":\"https:\\\/\\\/secure.gravatar.com\\\/avatar\\\/617673d226a438889f1548bea8a21192c4c0d0351bdc8c087ee3ebf56ac86871?s=96&d=mm&r=g\",\"url\":\"https:\\\/\\\/secure.gravatar.com\\\/avatar\\\/617673d226a438889f1548bea8a21192c4c0d0351bdc8c087ee3ebf56ac86871?s=96&d=mm&r=g\",\"contentUrl\":\"https:\\\/\\\/secure.gravatar.com\\\/avatar\\\/617673d226a438889f1548bea8a21192c4c0d0351bdc8c087ee3ebf56ac86871?s=96&d=mm&r=g\",\"caption\":\"Pirunator\"}}]}<\/script>\n<!-- \/ Yoast SEO plugin. -->","yoast_head_json":{"title":"El Ballet Nacional de Espa\u00f1a en el Patio Central de Conde Duque - Flamenco Madrid","robots":{"index":"index","follow":"follow","max-snippet":"max-snippet:-1","max-image-preview":"max-image-preview:large","max-video-preview":"max-video-preview:-1"},"canonical":"\/","og_locale":"es_ES","og_type":"article","og_title":"El Ballet Nacional de Espa\u00f1a en el Patio Central de Conde Duque - Flamenco Madrid","og_description":"El Ballet Nacional de Espa\u00f1a (BNE) con la colaboraci\u00f3n de la Fundaci\u00f3n Orquesta y Coro de la Comunidad de Madrid presentan del 2 al 5 de agosto en el Patio Central de Conde Duque dentro de la programaci\u00f3n de\u00a0Veranos de la Villa,\u00a0unas coreograf\u00edas que recorren el flamenco tradicional desde sus or\u00edgenes, tanto de vestuario como...","og_url":"https:\/\/flamencomadrid.com\/es\/el-ballet-nacional-de-espana-en-el-patio-central-de-conde-duque\/","og_site_name":"Flamenco Madrid","article_published_time":"2023-08-01T17:43:31+00:00","article_modified_time":"2024-01-26T13:36:18+00:00","og_image":[{"width":1041,"height":439,"url":"https:\/\/flamencomadrid.com\/wp-content\/uploads\/2023\/08\/captura-de-pantalla-2023-08-01-a-las-19-34-17-e1690911310348.png","type":"image\/png"}],"author":"Pirunator","twitter_card":"summary_large_image","twitter_misc":{"Escrito por":"Pirunator","Tiempo de lectura":"2 minutos"},"schema":{"@context":"https:\/\/schema.org","@graph":[{"@type":"Article","@id":"https:\/\/flamencomadrid.com\/es\/el-ballet-nacional-de-espana-en-el-patio-central-de-conde-duque\/#article","isPartOf":{"@id":"https:\/\/flamencomadrid.com\/es\/el-ballet-nacional-de-espana-en-el-patio-central-de-conde-duque\/"},"author":{"name":"Pirunator","@id":"https:\/\/flamencomadrid.com\/es\/#\/schema\/person\/748b99b947dc33587201a0837db18640"},"headline":"El Ballet Nacional de Espa\u00f1a en el Patio Central de Conde Duque","datePublished":"2023-08-01T17:43:31+00:00","dateModified":"2024-01-26T13:36:18+00:00","mainEntityOfPage":{"@id":"https:\/\/flamencomadrid.com\/es\/el-ballet-nacional-de-espana-en-el-patio-central-de-conde-duque\/"},"wordCount":1185,"image":{"@id":"https:\/\/flamencomadrid.com\/es\/el-ballet-nacional-de-espana-en-el-patio-central-de-conde-duque\/#primaryimage"},"thumbnailUrl":"https:\/\/flamencomadrid.com\/wp-content\/uploads\/2023\/08\/captura-de-pantalla-2023-08-01-a-las-19-34-17-e1690911310348.png","articleSection":["Pr\u00f3ximos Shows en Madrid"],"inLanguage":"es"},{"@type":"WebPage","@id":"https:\/\/flamencomadrid.com\/es\/el-ballet-nacional-de-espana-en-el-patio-central-de-conde-duque\/","url":"https:\/\/flamencomadrid.com\/es\/el-ballet-nacional-de-espana-en-el-patio-central-de-conde-duque\/","name":"El Ballet Nacional de Espa\u00f1a en el Patio Central de Conde Duque - Flamenco Madrid","isPartOf":{"@id":"https:\/\/flamencomadrid.com\/es\/#website"},"primaryImageOfPage":{"@id":"https:\/\/flamencomadrid.com\/es\/el-ballet-nacional-de-espana-en-el-patio-central-de-conde-duque\/#primaryimage"},"image":{"@id":"https:\/\/flamencomadrid.com\/es\/el-ballet-nacional-de-espana-en-el-patio-central-de-conde-duque\/#primaryimage"},"thumbnailUrl":"https:\/\/flamencomadrid.com\/wp-content\/uploads\/2023\/08\/captura-de-pantalla-2023-08-01-a-las-19-34-17-e1690911310348.png","datePublished":"2023-08-01T17:43:31+00:00","dateModified":"2024-01-26T13:36:18+00:00","author":{"@id":"https:\/\/flamencomadrid.com\/es\/#\/schema\/person\/748b99b947dc33587201a0837db18640"},"breadcrumb":{"@id":"https:\/\/flamencomadrid.com\/es\/el-ballet-nacional-de-espana-en-el-patio-central-de-conde-duque\/#breadcrumb"},"inLanguage":"es","potentialAction":[{"@type":"ReadAction","target":[["https:\/\/flamencomadrid.com\/es\/el-ballet-nacional-de-espana-en-el-patio-central-de-conde-duque\/"]]}]},{"@type":"ImageObject","inLanguage":"es","@id":"https:\/\/flamencomadrid.com\/es\/el-ballet-nacional-de-espana-en-el-patio-central-de-conde-duque\/#primaryimage","url":"https:\/\/flamencomadrid.com\/wp-content\/uploads\/2023\/08\/captura-de-pantalla-2023-08-01-a-las-19-34-17-e1690911310348.png","contentUrl":"https:\/\/flamencomadrid.com\/wp-content\/uploads\/2023\/08\/captura-de-pantalla-2023-08-01-a-las-19-34-17-e1690911310348.png","width":1041,"height":439},{"@type":"BreadcrumbList","@id":"https:\/\/flamencomadrid.com\/es\/el-ballet-nacional-de-espana-en-el-patio-central-de-conde-duque\/#breadcrumb","itemListElement":[{"@type":"ListItem","position":1,"name":"Home","item":"https:\/\/flamencomadrid.com\/es\/"},{"@type":"ListItem","position":2,"name":"El Ballet Nacional de Espa\u00f1a en el Patio Central de Conde Duque"}]},{"@type":"WebSite","@id":"https:\/\/flamencomadrid.com\/es\/#website","url":"https:\/\/flamencomadrid.com\/es\/","name":"Flamenco Madrid","description":"Otro sitio realizado con WordPress","potentialAction":[{"@type":"SearchAction","target":{"@type":"EntryPoint","urlTemplate":"https:\/\/flamencomadrid.com\/es\/?s={search_term_string}"},"query-input":{"@type":"PropertyValueSpecification","valueRequired":true,"valueName":"search_term_string"}}],"inLanguage":"es"},{"@type":"Person","@id":"https:\/\/flamencomadrid.com\/es\/#\/schema\/person\/748b99b947dc33587201a0837db18640","name":"Pirunator","image":{"@type":"ImageObject","inLanguage":"es","@id":"https:\/\/secure.gravatar.com\/avatar\/617673d226a438889f1548bea8a21192c4c0d0351bdc8c087ee3ebf56ac86871?s=96&d=mm&r=g","url":"https:\/\/secure.gravatar.com\/avatar\/617673d226a438889f1548bea8a21192c4c0d0351bdc8c087ee3ebf56ac86871?s=96&d=mm&r=g","contentUrl":"https:\/\/secure.gravatar.com\/avatar\/617673d226a438889f1548bea8a21192c4c0d0351bdc8c087ee3ebf56ac86871?s=96&d=mm&r=g","caption":"Pirunator"}}]}},"_links":{"self":[{"href":"https:\/\/flamencomadrid.com\/es\/wp-json\/wp\/v2\/posts\/802","targetHints":{"allow":["GET"]}}],"collection":[{"href":"https:\/\/flamencomadrid.com\/es\/wp-json\/wp\/v2\/posts"}],"about":[{"href":"https:\/\/flamencomadrid.com\/es\/wp-json\/wp\/v2\/types\/post"}],"author":[{"embeddable":true,"href":"https:\/\/flamencomadrid.com\/es\/wp-json\/wp\/v2\/users\/5"}],"replies":[{"embeddable":true,"href":"https:\/\/flamencomadrid.com\/es\/wp-json\/wp\/v2\/comments?post=802"}],"version-history":[{"count":5,"href":"https:\/\/flamencomadrid.com\/es\/wp-json\/wp\/v2\/posts\/802\/revisions"}],"predecessor-version":[{"id":1026,"href":"https:\/\/flamencomadrid.com\/es\/wp-json\/wp\/v2\/posts\/802\/revisions\/1026"}],"wp:featuredmedia":[{"embeddable":true,"href":"https:\/\/flamencomadrid.com\/es\/wp-json\/wp\/v2\/media\/803"}],"wp:attachment":[{"href":"https:\/\/flamencomadrid.com\/es\/wp-json\/wp\/v2\/media?parent=802"}],"wp:term":[{"taxonomy":"category","embeddable":true,"href":"https:\/\/flamencomadrid.com\/es\/wp-json\/wp\/v2\/categories?post=802"},{"taxonomy":"post_tag","embeddable":true,"href":"https:\/\/flamencomadrid.com\/es\/wp-json\/wp\/v2\/tags?post=802"}],"curies":[{"name":"wp","href":"https:\/\/api.w.org\/{rel}","templated":true}]}}