{"id":788,"date":"2023-08-01T18:29:16","date_gmt":"2023-08-01T16:29:16","guid":{"rendered":"https:\/\/flamencomadrid.com\/es\/?p=788"},"modified":"2024-01-26T14:28:59","modified_gmt":"2024-01-26T13:28:59","slug":"cine-y-flamenco-la-ruta-de-pedro-almodovar","status":"publish","type":"post","link":"https:\/\/flamencomadrid.com\/es\/cine-y-flamenco-la-ruta-de-pedro-almodovar\/","title":{"rendered":"Cine y Flamenco: La ruta de Pedro Almod\u00f3var"},"content":{"rendered":"<p>Madrid ha sido siempre una ciudad que ha sido el escenario de emocionantes experiencias y ha sido protagonista en las fascinantes historias que se han narrado. Uno de los directores que ha sabido plasmar esas vivencias de manera excepcional es <strong>Pedro Almod\u00f3var<\/strong>, reconocido internacionalmente como uno de los cineastas m\u00e1s destacados.<\/p>\n<p>En 2018, la ciudad lo honr\u00f3 nombr\u00e1ndolo Hijo Adoptivo, y desde entonces, Madrid ha sido un componente esencial en pr\u00e1cticamente todas las pel\u00edculas del aclamado director. En el caso de<strong> <a href=\"https:\/\/tablaoflamenco1911.com\/es\/\">Tablao Flamenco 1911<\/a><\/strong>, antiguo Villa Rosa,\u00a0 tuvo lugar una de las escenas m\u00e1s ic\u00f3nicas de la pel\u00edcula <em>\u00abTacones Lejanos\u00bb,<\/em> dirigida por <strong>Pedro Almod\u00f3var.<\/strong> En esta memorable escena, el talentoso <strong>Miguel Bos\u00e9<\/strong> se transform\u00f3 en una mujer para interpretar la emotiva canci\u00f3n <em>\u00abUn a\u00f1o de amor\u00bb<\/em> de <em>Luz Casal<\/em>. Madrid ha sido una elecci\u00f3n frecuente para las filmaciones del reconocido director manchego, que siempre ha considerado a esta ciudad como un referente en el mundo del cine a nivel internacional.<\/p>\n<p><img loading=\"lazy\" decoding=\"async\" class=\"alignnone wp-image-789 size-full\" src=\"https:\/\/flamencomadrid.com\/es\/wp-content\/uploads\/2023\/08\/tacones-lejanos-villa-rosa.png\" alt=\"\" width=\"615\" height=\"410\" \/><\/p>\n<p><a href=\"https:\/\/www.youtube.com\/watch?v=I8vTnLPevQY\">Escena \u00abTacones lejanos\u00bb &#8211; \u00abUn a\u00f1o de amor\u00bb de Luz Casal &#8211; Tablao Flamenco 1911<\/a><\/p>\n<p><strong><a href=\"https:\/\/tablaoflamenco1911.com\/es\/\">Tablao Flamenco 1911<\/a><\/strong>, junto con otros lugares emblem\u00e1ticos de la capital como la Plaza Mayor, la Plaza del Conde de Barajas y la Calle de la Bolsa, forman parte de un emocionante itinerario creado para fomentar el turismo cinematogr\u00e1fico y permitir a los visitantes descubrir la ciudad desde nuevas y fascinantes perspectivas.<\/p>\n<p><img loading=\"lazy\" decoding=\"async\" class=\"alignnone wp-image-790 \" src=\"https:\/\/flamencomadrid.com\/es\/wp-content\/uploads\/2023\/08\/tacones_lejanos-137753292-large.jpeg\" alt=\"\" width=\"628\" height=\"414\" \/><\/p>\n<p>La historia de Almod\u00f3var con Madrid es inseparable, ya que lleg\u00f3 a esta ciudad a los 16 a\u00f1os con el prop\u00f3sito de estudiar cine. Desde entonces, esta ciudad llena de encanto y cultura ha sido el tel\u00f3n de fondo para la mayor\u00eda de sus pel\u00edculas, moldeando su trayectoria art\u00edstica hasta convertirlo en el director premiado y reconocido que es en la actualidad. El recorrido, que consta de diez etapas, comienza en el espacio cultural Serrer\u00eda Belga y culmina en la Plaza de la Villa, donde se puede apreciar el crecimiento y evoluci\u00f3n del talento de Almod\u00f3var en esta vibrante traves\u00eda art\u00edstica.<\/p>\n<p><img loading=\"lazy\" decoding=\"async\" class=\"alignnone wp-image-793 \" src=\"https:\/\/flamencomadrid.com\/es\/wp-content\/uploads\/2023\/08\/almodovar_plazamayor-1024x683.jpeg\" alt=\"\" width=\"641\" height=\"428\" \/><\/p>\n<p>Ser\u00e1 una oportunidad \u00fanica para visitar aquellos lugares que han sido escenarios de sus pel\u00edculas, revivir algunas de las escenas m\u00e1s ic\u00f3nicas de su filmograf\u00eda y descubrir curiosidades y an\u00e9cdotas de sus rodajes. Las rutas se podr\u00e1n reservar a partir de las <strong>10 de la ma\u00f1ana<\/strong> de cada lunes en la web de Veranos de la Villa.<\/p>\n<p>\u00a1Descubre Madrid desde la perspectiva del cine de Almod\u00f3var junto a uno de los lugares m\u00e1s emblem\u00e1ticos del Flamenco!<\/p>\n<div class=\"flex-1 overflow-hidden\">\n<div class=\"react-scroll-to-bottom--css-mvmqj-79elbk h-full dark:bg-gray-800\">\n<div class=\"react-scroll-to-bottom--css-mvmqj-1n7m0yu\">\n<div class=\"flex flex-col text-sm dark:bg-gray-800\">\n<div class=\"group w-full text-gray-800 dark:text-gray-100 border-b border-black\/10 dark:border-gray-900\/50 bg-gray-50 dark:bg-[#444654]\">\n<div class=\"flex p-4 gap-4 text-base md:gap-6 md:max-w-2xl lg:max-w-[38rem] xl:max-w-3xl md:py-6 lg:px-0 m-auto\">\n<div class=\"relative flex w-[calc(100%-50px)] flex-col gap-1 md:gap-3 lg:w-[calc(100%-115px)]\">\n<div class=\"flex flex-grow flex-col gap-3\">\n<div class=\"min-h-[20px] flex items-start overflow-x-auto whitespace-pre-wrap break-words\">\n<div class=\"markdown prose w-full break-words dark:prose-invert light\">\n<p><button class=\"flex ml-auto gap-2 rounded-md p-1 hover:bg-gray-100 hover:text-gray-700 dark:text-gray-400 dark:hover:bg-gray-700 dark:hover:text-gray-200 disabled:dark:hover:text-gray-400\">\u00a0<\/button><\/p>\n<\/div>\n<\/div>\n<\/div>\n<\/div>\n<\/div>\n<\/div>\n<\/div>\n<\/div>\n<\/div>\n<\/div>\n<p><\/p>","protected":false},"excerpt":{"rendered":"Madrid ha sido siempre una ciudad que ha sido el escenario de emocionantes experiencias y ha sido protagonista en las fascinantes historias que se han narrado. Uno de los directores que ha sabido plasmar esas vivencias de manera excepcional es Pedro Almod\u00f3var, reconocido internacionalmente como uno de los cineastas m\u00e1s destacados. En 2018, la ciudad&#8230;","protected":false},"author":5,"featured_media":791,"comment_status":"closed","ping_status":"open","sticky":false,"template":"","format":"standard","meta":{"_acf_changed":false,"footnotes":""},"categories":[13],"tags":[],"class_list":["post-788","post","type-post","status-publish","format-standard","has-post-thumbnail","hentry","category-curiosidades-flamencas"],"acf":[],"yoast_head":"<!-- This site is optimized with the Yoast SEO plugin v27.4 - https:\/\/yoast.com\/product\/yoast-seo-wordpress\/ -->\n<title>Cine y Flamenco: La ruta de Pedro Almod\u00f3var - Flamenco Madrid<\/title>\n<meta name=\"robots\" content=\"index, follow, max-snippet:-1, max-image-preview:large, max-video-preview:-1\" \/>\n<link rel=\"canonical\" href=\"\/\" \/>\n<meta property=\"og:locale\" content=\"es_ES\" \/>\n<meta property=\"og:type\" content=\"article\" \/>\n<meta property=\"og:title\" content=\"Cine y Flamenco: La ruta de Pedro Almod\u00f3var - Flamenco Madrid\" \/>\n<meta property=\"og:description\" content=\"Madrid ha sido siempre una ciudad que ha sido el escenario de emocionantes experiencias y ha sido protagonista en las fascinantes historias que se han narrado. Uno de los directores que ha sabido plasmar esas vivencias de manera excepcional es Pedro Almod\u00f3var, reconocido internacionalmente como uno de los cineastas m\u00e1s destacados. En 2018, la ciudad...\" \/>\n<meta property=\"og:url\" content=\"https:\/\/flamencomadrid.com\/es\/cine-y-flamenco-la-ruta-de-pedro-almodovar\/\" \/>\n<meta property=\"og:site_name\" content=\"Flamenco Madrid\" \/>\n<meta property=\"article:published_time\" content=\"2023-08-01T16:29:16+00:00\" \/>\n<meta property=\"article:modified_time\" content=\"2024-01-26T13:28:59+00:00\" \/>\n<meta property=\"og:image\" content=\"https:\/\/flamencomadrid.com\/wp-content\/uploads\/2023\/08\/16143750213468-e1690906299441.jpeg\" \/>\n\t<meta property=\"og:image:width\" content=\"878\" \/>\n\t<meta property=\"og:image:height\" content=\"683\" \/>\n\t<meta property=\"og:image:type\" content=\"image\/jpeg\" \/>\n<meta name=\"author\" content=\"Pirunator\" \/>\n<meta name=\"twitter:card\" content=\"summary_large_image\" \/>\n<meta name=\"twitter:label1\" content=\"Escrito por\" \/>\n\t<meta name=\"twitter:data1\" content=\"Pirunator\" \/>\n\t<meta name=\"twitter:label2\" content=\"Tiempo de lectura\" \/>\n\t<meta name=\"twitter:data2\" content=\"3 minutos\" \/>\n<script type=\"application\/ld+json\" class=\"yoast-schema-graph\">{\"@context\":\"https:\\\/\\\/schema.org\",\"@graph\":[{\"@type\":\"Article\",\"@id\":\"https:\\\/\\\/flamencomadrid.com\\\/es\\\/cine-y-flamenco-la-ruta-de-pedro-almodovar\\\/#article\",\"isPartOf\":{\"@id\":\"https:\\\/\\\/flamencomadrid.com\\\/es\\\/cine-y-flamenco-la-ruta-de-pedro-almodovar\\\/\"},\"author\":{\"name\":\"Pirunator\",\"@id\":\"https:\\\/\\\/flamencomadrid.com\\\/es\\\/#\\\/schema\\\/person\\\/748b99b947dc33587201a0837db18640\"},\"headline\":\"Cine y Flamenco: La ruta de Pedro Almod\u00f3var\",\"datePublished\":\"2023-08-01T16:29:16+00:00\",\"dateModified\":\"2024-01-26T13:28:59+00:00\",\"mainEntityOfPage\":{\"@id\":\"https:\\\/\\\/flamencomadrid.com\\\/es\\\/cine-y-flamenco-la-ruta-de-pedro-almodovar\\\/\"},\"wordCount\":1732,\"image\":{\"@id\":\"https:\\\/\\\/flamencomadrid.com\\\/es\\\/cine-y-flamenco-la-ruta-de-pedro-almodovar\\\/#primaryimage\"},\"thumbnailUrl\":\"https:\\\/\\\/flamencomadrid.com\\\/wp-content\\\/uploads\\\/2023\\\/08\\\/16143750213468-e1690906299441.jpeg\",\"articleSection\":[\"Curiosidades Flamencas\"],\"inLanguage\":\"es\"},{\"@type\":\"WebPage\",\"@id\":\"https:\\\/\\\/flamencomadrid.com\\\/es\\\/cine-y-flamenco-la-ruta-de-pedro-almodovar\\\/\",\"url\":\"https:\\\/\\\/flamencomadrid.com\\\/es\\\/cine-y-flamenco-la-ruta-de-pedro-almodovar\\\/\",\"name\":\"Cine y Flamenco: La ruta de Pedro Almod\u00f3var - Flamenco Madrid\",\"isPartOf\":{\"@id\":\"https:\\\/\\\/flamencomadrid.com\\\/es\\\/#website\"},\"primaryImageOfPage\":{\"@id\":\"https:\\\/\\\/flamencomadrid.com\\\/es\\\/cine-y-flamenco-la-ruta-de-pedro-almodovar\\\/#primaryimage\"},\"image\":{\"@id\":\"https:\\\/\\\/flamencomadrid.com\\\/es\\\/cine-y-flamenco-la-ruta-de-pedro-almodovar\\\/#primaryimage\"},\"thumbnailUrl\":\"https:\\\/\\\/flamencomadrid.com\\\/wp-content\\\/uploads\\\/2023\\\/08\\\/16143750213468-e1690906299441.jpeg\",\"datePublished\":\"2023-08-01T16:29:16+00:00\",\"dateModified\":\"2024-01-26T13:28:59+00:00\",\"author\":{\"@id\":\"https:\\\/\\\/flamencomadrid.com\\\/es\\\/#\\\/schema\\\/person\\\/748b99b947dc33587201a0837db18640\"},\"breadcrumb\":{\"@id\":\"https:\\\/\\\/flamencomadrid.com\\\/es\\\/cine-y-flamenco-la-ruta-de-pedro-almodovar\\\/#breadcrumb\"},\"inLanguage\":\"es\",\"potentialAction\":[{\"@type\":\"ReadAction\",\"target\":[[\"https:\\\/\\\/flamencomadrid.com\\\/es\\\/cine-y-flamenco-la-ruta-de-pedro-almodovar\\\/\"]]}]},{\"@type\":\"ImageObject\",\"inLanguage\":\"es\",\"@id\":\"https:\\\/\\\/flamencomadrid.com\\\/es\\\/cine-y-flamenco-la-ruta-de-pedro-almodovar\\\/#primaryimage\",\"url\":\"https:\\\/\\\/flamencomadrid.com\\\/wp-content\\\/uploads\\\/2023\\\/08\\\/16143750213468-e1690906299441.jpeg\",\"contentUrl\":\"https:\\\/\\\/flamencomadrid.com\\\/wp-content\\\/uploads\\\/2023\\\/08\\\/16143750213468-e1690906299441.jpeg\",\"width\":878,\"height\":683},{\"@type\":\"BreadcrumbList\",\"@id\":\"https:\\\/\\\/flamencomadrid.com\\\/es\\\/cine-y-flamenco-la-ruta-de-pedro-almodovar\\\/#breadcrumb\",\"itemListElement\":[{\"@type\":\"ListItem\",\"position\":1,\"name\":\"Home\",\"item\":\"https:\\\/\\\/flamencomadrid.com\\\/es\\\/\"},{\"@type\":\"ListItem\",\"position\":2,\"name\":\"Cine y Flamenco: La ruta de Pedro Almod\u00f3var\"}]},{\"@type\":\"WebSite\",\"@id\":\"https:\\\/\\\/flamencomadrid.com\\\/es\\\/#website\",\"url\":\"https:\\\/\\\/flamencomadrid.com\\\/es\\\/\",\"name\":\"Flamenco Madrid\",\"description\":\"Otro sitio realizado con WordPress\",\"potentialAction\":[{\"@type\":\"SearchAction\",\"target\":{\"@type\":\"EntryPoint\",\"urlTemplate\":\"https:\\\/\\\/flamencomadrid.com\\\/es\\\/?s={search_term_string}\"},\"query-input\":{\"@type\":\"PropertyValueSpecification\",\"valueRequired\":true,\"valueName\":\"search_term_string\"}}],\"inLanguage\":\"es\"},{\"@type\":\"Person\",\"@id\":\"https:\\\/\\\/flamencomadrid.com\\\/es\\\/#\\\/schema\\\/person\\\/748b99b947dc33587201a0837db18640\",\"name\":\"Pirunator\",\"image\":{\"@type\":\"ImageObject\",\"inLanguage\":\"es\",\"@id\":\"https:\\\/\\\/secure.gravatar.com\\\/avatar\\\/617673d226a438889f1548bea8a21192c4c0d0351bdc8c087ee3ebf56ac86871?s=96&d=mm&r=g\",\"url\":\"https:\\\/\\\/secure.gravatar.com\\\/avatar\\\/617673d226a438889f1548bea8a21192c4c0d0351bdc8c087ee3ebf56ac86871?s=96&d=mm&r=g\",\"contentUrl\":\"https:\\\/\\\/secure.gravatar.com\\\/avatar\\\/617673d226a438889f1548bea8a21192c4c0d0351bdc8c087ee3ebf56ac86871?s=96&d=mm&r=g\",\"caption\":\"Pirunator\"}}]}<\/script>\n<!-- \/ Yoast SEO plugin. -->","yoast_head_json":{"title":"Cine y Flamenco: La ruta de Pedro Almod\u00f3var - Flamenco Madrid","robots":{"index":"index","follow":"follow","max-snippet":"max-snippet:-1","max-image-preview":"max-image-preview:large","max-video-preview":"max-video-preview:-1"},"canonical":"\/","og_locale":"es_ES","og_type":"article","og_title":"Cine y Flamenco: La ruta de Pedro Almod\u00f3var - Flamenco Madrid","og_description":"Madrid ha sido siempre una ciudad que ha sido el escenario de emocionantes experiencias y ha sido protagonista en las fascinantes historias que se han narrado. Uno de los directores que ha sabido plasmar esas vivencias de manera excepcional es Pedro Almod\u00f3var, reconocido internacionalmente como uno de los cineastas m\u00e1s destacados. En 2018, la ciudad...","og_url":"https:\/\/flamencomadrid.com\/es\/cine-y-flamenco-la-ruta-de-pedro-almodovar\/","og_site_name":"Flamenco Madrid","article_published_time":"2023-08-01T16:29:16+00:00","article_modified_time":"2024-01-26T13:28:59+00:00","og_image":[{"width":878,"height":683,"url":"https:\/\/flamencomadrid.com\/wp-content\/uploads\/2023\/08\/16143750213468-e1690906299441.jpeg","type":"image\/jpeg"}],"author":"Pirunator","twitter_card":"summary_large_image","twitter_misc":{"Escrito por":"Pirunator","Tiempo de lectura":"3 minutos"},"schema":{"@context":"https:\/\/schema.org","@graph":[{"@type":"Article","@id":"https:\/\/flamencomadrid.com\/es\/cine-y-flamenco-la-ruta-de-pedro-almodovar\/#article","isPartOf":{"@id":"https:\/\/flamencomadrid.com\/es\/cine-y-flamenco-la-ruta-de-pedro-almodovar\/"},"author":{"name":"Pirunator","@id":"https:\/\/flamencomadrid.com\/es\/#\/schema\/person\/748b99b947dc33587201a0837db18640"},"headline":"Cine y Flamenco: La ruta de Pedro Almod\u00f3var","datePublished":"2023-08-01T16:29:16+00:00","dateModified":"2024-01-26T13:28:59+00:00","mainEntityOfPage":{"@id":"https:\/\/flamencomadrid.com\/es\/cine-y-flamenco-la-ruta-de-pedro-almodovar\/"},"wordCount":1732,"image":{"@id":"https:\/\/flamencomadrid.com\/es\/cine-y-flamenco-la-ruta-de-pedro-almodovar\/#primaryimage"},"thumbnailUrl":"https:\/\/flamencomadrid.com\/wp-content\/uploads\/2023\/08\/16143750213468-e1690906299441.jpeg","articleSection":["Curiosidades Flamencas"],"inLanguage":"es"},{"@type":"WebPage","@id":"https:\/\/flamencomadrid.com\/es\/cine-y-flamenco-la-ruta-de-pedro-almodovar\/","url":"https:\/\/flamencomadrid.com\/es\/cine-y-flamenco-la-ruta-de-pedro-almodovar\/","name":"Cine y Flamenco: La ruta de Pedro Almod\u00f3var - Flamenco Madrid","isPartOf":{"@id":"https:\/\/flamencomadrid.com\/es\/#website"},"primaryImageOfPage":{"@id":"https:\/\/flamencomadrid.com\/es\/cine-y-flamenco-la-ruta-de-pedro-almodovar\/#primaryimage"},"image":{"@id":"https:\/\/flamencomadrid.com\/es\/cine-y-flamenco-la-ruta-de-pedro-almodovar\/#primaryimage"},"thumbnailUrl":"https:\/\/flamencomadrid.com\/wp-content\/uploads\/2023\/08\/16143750213468-e1690906299441.jpeg","datePublished":"2023-08-01T16:29:16+00:00","dateModified":"2024-01-26T13:28:59+00:00","author":{"@id":"https:\/\/flamencomadrid.com\/es\/#\/schema\/person\/748b99b947dc33587201a0837db18640"},"breadcrumb":{"@id":"https:\/\/flamencomadrid.com\/es\/cine-y-flamenco-la-ruta-de-pedro-almodovar\/#breadcrumb"},"inLanguage":"es","potentialAction":[{"@type":"ReadAction","target":[["https:\/\/flamencomadrid.com\/es\/cine-y-flamenco-la-ruta-de-pedro-almodovar\/"]]}]},{"@type":"ImageObject","inLanguage":"es","@id":"https:\/\/flamencomadrid.com\/es\/cine-y-flamenco-la-ruta-de-pedro-almodovar\/#primaryimage","url":"https:\/\/flamencomadrid.com\/wp-content\/uploads\/2023\/08\/16143750213468-e1690906299441.jpeg","contentUrl":"https:\/\/flamencomadrid.com\/wp-content\/uploads\/2023\/08\/16143750213468-e1690906299441.jpeg","width":878,"height":683},{"@type":"BreadcrumbList","@id":"https:\/\/flamencomadrid.com\/es\/cine-y-flamenco-la-ruta-de-pedro-almodovar\/#breadcrumb","itemListElement":[{"@type":"ListItem","position":1,"name":"Home","item":"https:\/\/flamencomadrid.com\/es\/"},{"@type":"ListItem","position":2,"name":"Cine y Flamenco: La ruta de Pedro Almod\u00f3var"}]},{"@type":"WebSite","@id":"https:\/\/flamencomadrid.com\/es\/#website","url":"https:\/\/flamencomadrid.com\/es\/","name":"Flamenco Madrid","description":"Otro sitio realizado con WordPress","potentialAction":[{"@type":"SearchAction","target":{"@type":"EntryPoint","urlTemplate":"https:\/\/flamencomadrid.com\/es\/?s={search_term_string}"},"query-input":{"@type":"PropertyValueSpecification","valueRequired":true,"valueName":"search_term_string"}}],"inLanguage":"es"},{"@type":"Person","@id":"https:\/\/flamencomadrid.com\/es\/#\/schema\/person\/748b99b947dc33587201a0837db18640","name":"Pirunator","image":{"@type":"ImageObject","inLanguage":"es","@id":"https:\/\/secure.gravatar.com\/avatar\/617673d226a438889f1548bea8a21192c4c0d0351bdc8c087ee3ebf56ac86871?s=96&d=mm&r=g","url":"https:\/\/secure.gravatar.com\/avatar\/617673d226a438889f1548bea8a21192c4c0d0351bdc8c087ee3ebf56ac86871?s=96&d=mm&r=g","contentUrl":"https:\/\/secure.gravatar.com\/avatar\/617673d226a438889f1548bea8a21192c4c0d0351bdc8c087ee3ebf56ac86871?s=96&d=mm&r=g","caption":"Pirunator"}}]}},"_links":{"self":[{"href":"https:\/\/flamencomadrid.com\/es\/wp-json\/wp\/v2\/posts\/788","targetHints":{"allow":["GET"]}}],"collection":[{"href":"https:\/\/flamencomadrid.com\/es\/wp-json\/wp\/v2\/posts"}],"about":[{"href":"https:\/\/flamencomadrid.com\/es\/wp-json\/wp\/v2\/types\/post"}],"author":[{"embeddable":true,"href":"https:\/\/flamencomadrid.com\/es\/wp-json\/wp\/v2\/users\/5"}],"replies":[{"embeddable":true,"href":"https:\/\/flamencomadrid.com\/es\/wp-json\/wp\/v2\/comments?post=788"}],"version-history":[{"count":11,"href":"https:\/\/flamencomadrid.com\/es\/wp-json\/wp\/v2\/posts\/788\/revisions"}],"predecessor-version":[{"id":1025,"href":"https:\/\/flamencomadrid.com\/es\/wp-json\/wp\/v2\/posts\/788\/revisions\/1025"}],"wp:featuredmedia":[{"embeddable":true,"href":"https:\/\/flamencomadrid.com\/es\/wp-json\/wp\/v2\/media\/791"}],"wp:attachment":[{"href":"https:\/\/flamencomadrid.com\/es\/wp-json\/wp\/v2\/media?parent=788"}],"wp:term":[{"taxonomy":"category","embeddable":true,"href":"https:\/\/flamencomadrid.com\/es\/wp-json\/wp\/v2\/categories?post=788"},{"taxonomy":"post_tag","embeddable":true,"href":"https:\/\/flamencomadrid.com\/es\/wp-json\/wp\/v2\/tags?post=788"}],"curies":[{"name":"wp","href":"https:\/\/api.w.org\/{rel}","templated":true}]}}