{"id":738,"date":"2023-07-10T17:25:54","date_gmt":"2023-07-10T15:25:54","guid":{"rendered":"https:\/\/flamencomadrid.com\/es\/?p=738"},"modified":"2024-01-26T14:16:41","modified_gmt":"2024-01-26T13:16:41","slug":"master-de-formacion-permanente-en-flamenco","status":"publish","type":"post","link":"https:\/\/flamencomadrid.com\/es\/master-de-formacion-permanente-en-flamenco\/","title":{"rendered":"M\u00e1ster de Formaci\u00f3n Permanente en Flamenco"},"content":{"rendered":"<p><strong>Abre el <a title=\"Portada - M\u00e1ster de Formaci\u00f3n Permanente en Flamenco\" href=\"https:\/\/www.ucm.es\/titulospropios\/flamenco\/\">M\u00e1ster de Formaci\u00f3n Permanente en Flamenco<\/a> en la Universidad Complutense de Madrid.<\/strong><\/p>\n<p>El M\u00e1ster Propio en Flamenco es un programa educativo dise\u00f1ado para cumplir con los est\u00e1ndares del Espacio Europeo de Educaci\u00f3n Superior, otorgando 60 cr\u00e9ditos de formaci\u00f3n reconocidos. Este programa se enfoca tanto en la teor\u00eda como en la interpretaci\u00f3n del flamenco, proporcionando una formaci\u00f3n integral en ambas \u00e1reas.<\/p>\n<p>El M\u00e1ster Propio en Flamenco destaca por su enfoque innovador, ya que actualmente no existen programas similares en ninguna universidad p\u00fablica de Madrid. Las clases se imparten principalmente de forma online, con excepci\u00f3n de algunas sesiones presenciales que se programar\u00e1n con anticipaci\u00f3n. Adem\u00e1s, este m\u00e1ster ofrece diversas oportunidades profesionales para sus graduados:<\/p>\n<ul>\n<li><strong>Gesti\u00f3n de actividades musicales:<\/strong>\u00a0fundaciones culturales, festivales, ciclos y temporadas de concierto donde est\u00e9 presente el flamenco o formaciones musicales.<\/li>\n<li><strong>Medios de comunicaci\u00f3n:<\/strong>\u00a0demanda de profesionales calificados capaces de conocer y comprender el flamenco en toda su amplitud, diversidad y complejidad.<\/li>\n<li><strong>Interpretaci\u00f3n del flamenco:<\/strong>\u00a0en espacios performativos cl\u00e1sicos en la disciplina, a la par que en formaciones cl\u00e1sicas que requieren especialistas en el conocimiento del flamenco.<\/li>\n<li><strong>An\u00e1lisis y transcripci\u00f3n del flamenco<\/strong>: necesaria para la recuperaci\u00f3n e interpretaci\u00f3n de un repertorio cada m\u00e1s demandado.<\/li>\n<\/ul>\n<p>&nbsp;<\/p>\n<div>\n<h2 class=\"tit_doblerayado\">Informaci\u00f3n pr\u00e1ctica<\/h2>\n<ul>\n<li>\u00a0Direcci\u00f3n: Elena Torres Clemente<\/li>\n<li>\u00a0Coordinaci\u00f3n acad\u00e9mica: Inmaculada Mat\u00eda Polo<\/li>\n<li>\u00a0Coordinaci\u00f3n art\u00edstica: Francisco J. Bethencourt Llobet<\/li>\n<li>\u00a0Secretarios: Eduardo Murillo Saborido, Rosa Mar\u00eda Garc\u00eda Mira<\/li>\n<li>\u00a0Redes sociales: Carlos Ruiz L\u00f3pez<br \/>\n<h4>Email:\u00a0<a href=\"flamenco@ucm.es\" target=\"_blank\" rel=\"noopener\"><span class=\"il\">flamenco<\/span>@ucm.es<\/a><\/h4>\n<\/li>\n<li>\u00a0Lugar de realizaci\u00f3n: Facultad de Geograf\u00eda e Historia. Profesor Aranguren s\/n, 28040 Madrid<\/li>\n<\/ul>\n<\/div>\n<div class=\"spacer\"><\/div>\n<p><\/p>","protected":false},"excerpt":{"rendered":"Abre el M\u00e1ster de Formaci\u00f3n Permanente en Flamenco en la Universidad Complutense de Madrid. El M\u00e1ster Propio en Flamenco es un programa educativo dise\u00f1ado para cumplir con los est\u00e1ndares del Espacio Europeo de Educaci\u00f3n Superior, otorgando 60 cr\u00e9ditos de formaci\u00f3n reconocidos. Este programa se enfoca tanto en la teor\u00eda como en la interpretaci\u00f3n del flamenco,&#8230;","protected":false},"author":5,"featured_media":739,"comment_status":"closed","ping_status":"open","sticky":false,"template":"","format":"standard","meta":{"_acf_changed":false,"footnotes":""},"categories":[13],"tags":[],"class_list":["post-738","post","type-post","status-publish","format-standard","has-post-thumbnail","hentry","category-curiosidades-flamencas"],"acf":[],"yoast_head":"<!-- This site is optimized with the Yoast SEO plugin v27.4 - https:\/\/yoast.com\/product\/yoast-seo-wordpress\/ -->\n<title>M\u00e1ster de Formaci\u00f3n Permanente en Flamenco - Flamenco Madrid<\/title>\n<meta name=\"robots\" content=\"index, follow, max-snippet:-1, max-image-preview:large, max-video-preview:-1\" \/>\n<link rel=\"canonical\" href=\"\/\" \/>\n<meta property=\"og:locale\" content=\"es_ES\" \/>\n<meta property=\"og:type\" content=\"article\" \/>\n<meta property=\"og:title\" content=\"M\u00e1ster de Formaci\u00f3n Permanente en Flamenco - Flamenco Madrid\" \/>\n<meta property=\"og:description\" content=\"Abre el M\u00e1ster de Formaci\u00f3n Permanente en Flamenco en la Universidad Complutense de Madrid. El M\u00e1ster Propio en Flamenco es un programa educativo dise\u00f1ado para cumplir con los est\u00e1ndares del Espacio Europeo de Educaci\u00f3n Superior, otorgando 60 cr\u00e9ditos de formaci\u00f3n reconocidos. Este programa se enfoca tanto en la teor\u00eda como en la interpretaci\u00f3n del flamenco,...\" \/>\n<meta property=\"og:url\" content=\"https:\/\/flamencomadrid.com\/es\/master-de-formacion-permanente-en-flamenco\/\" \/>\n<meta property=\"og:site_name\" content=\"Flamenco Madrid\" \/>\n<meta property=\"article:published_time\" content=\"2023-07-10T15:25:54+00:00\" \/>\n<meta property=\"article:modified_time\" content=\"2024-01-26T13:16:41+00:00\" \/>\n<meta property=\"og:image\" content=\"https:\/\/flamencomadrid.com\/wp-content\/uploads\/2023\/07\/cartel-logos-autorizados-ok-copia_page-0001.jpeg\" \/>\n\t<meta property=\"og:image:width\" content=\"850\" \/>\n\t<meta property=\"og:image:height\" content=\"772\" \/>\n\t<meta property=\"og:image:type\" content=\"image\/jpeg\" \/>\n<meta name=\"author\" content=\"Pirunator\" \/>\n<meta name=\"twitter:card\" content=\"summary_large_image\" \/>\n<meta name=\"twitter:label1\" content=\"Escrito por\" \/>\n\t<meta name=\"twitter:data1\" content=\"Pirunator\" \/>\n\t<meta name=\"twitter:label2\" content=\"Tiempo de lectura\" \/>\n\t<meta name=\"twitter:data2\" content=\"2 minutos\" \/>\n<script type=\"application\/ld+json\" class=\"yoast-schema-graph\">{\"@context\":\"https:\\\/\\\/schema.org\",\"@graph\":[{\"@type\":\"Article\",\"@id\":\"https:\\\/\\\/flamencomadrid.com\\\/es\\\/master-de-formacion-permanente-en-flamenco\\\/#article\",\"isPartOf\":{\"@id\":\"https:\\\/\\\/flamencomadrid.com\\\/es\\\/master-de-formacion-permanente-en-flamenco\\\/\"},\"author\":{\"name\":\"Pirunator\",\"@id\":\"https:\\\/\\\/flamencomadrid.com\\\/es\\\/#\\\/schema\\\/person\\\/748b99b947dc33587201a0837db18640\"},\"headline\":\"M\u00e1ster de Formaci\u00f3n Permanente en Flamenco\",\"datePublished\":\"2023-07-10T15:25:54+00:00\",\"dateModified\":\"2024-01-26T13:16:41+00:00\",\"mainEntityOfPage\":{\"@id\":\"https:\\\/\\\/flamencomadrid.com\\\/es\\\/master-de-formacion-permanente-en-flamenco\\\/\"},\"wordCount\":1086,\"image\":{\"@id\":\"https:\\\/\\\/flamencomadrid.com\\\/es\\\/master-de-formacion-permanente-en-flamenco\\\/#primaryimage\"},\"thumbnailUrl\":\"https:\\\/\\\/flamencomadrid.com\\\/wp-content\\\/uploads\\\/2023\\\/07\\\/cartel-logos-autorizados-ok-copia_page-0001.jpeg\",\"articleSection\":[\"Curiosidades Flamencas\"],\"inLanguage\":\"es\"},{\"@type\":\"WebPage\",\"@id\":\"https:\\\/\\\/flamencomadrid.com\\\/es\\\/master-de-formacion-permanente-en-flamenco\\\/\",\"url\":\"https:\\\/\\\/flamencomadrid.com\\\/es\\\/master-de-formacion-permanente-en-flamenco\\\/\",\"name\":\"M\u00e1ster de Formaci\u00f3n Permanente en Flamenco - Flamenco Madrid\",\"isPartOf\":{\"@id\":\"https:\\\/\\\/flamencomadrid.com\\\/es\\\/#website\"},\"primaryImageOfPage\":{\"@id\":\"https:\\\/\\\/flamencomadrid.com\\\/es\\\/master-de-formacion-permanente-en-flamenco\\\/#primaryimage\"},\"image\":{\"@id\":\"https:\\\/\\\/flamencomadrid.com\\\/es\\\/master-de-formacion-permanente-en-flamenco\\\/#primaryimage\"},\"thumbnailUrl\":\"https:\\\/\\\/flamencomadrid.com\\\/wp-content\\\/uploads\\\/2023\\\/07\\\/cartel-logos-autorizados-ok-copia_page-0001.jpeg\",\"datePublished\":\"2023-07-10T15:25:54+00:00\",\"dateModified\":\"2024-01-26T13:16:41+00:00\",\"author\":{\"@id\":\"https:\\\/\\\/flamencomadrid.com\\\/es\\\/#\\\/schema\\\/person\\\/748b99b947dc33587201a0837db18640\"},\"breadcrumb\":{\"@id\":\"https:\\\/\\\/flamencomadrid.com\\\/es\\\/master-de-formacion-permanente-en-flamenco\\\/#breadcrumb\"},\"inLanguage\":\"es\",\"potentialAction\":[{\"@type\":\"ReadAction\",\"target\":[[\"https:\\\/\\\/flamencomadrid.com\\\/es\\\/master-de-formacion-permanente-en-flamenco\\\/\"]]}]},{\"@type\":\"ImageObject\",\"inLanguage\":\"es\",\"@id\":\"https:\\\/\\\/flamencomadrid.com\\\/es\\\/master-de-formacion-permanente-en-flamenco\\\/#primaryimage\",\"url\":\"https:\\\/\\\/flamencomadrid.com\\\/wp-content\\\/uploads\\\/2023\\\/07\\\/cartel-logos-autorizados-ok-copia_page-0001.jpeg\",\"contentUrl\":\"https:\\\/\\\/flamencomadrid.com\\\/wp-content\\\/uploads\\\/2023\\\/07\\\/cartel-logos-autorizados-ok-copia_page-0001.jpeg\",\"width\":850,\"height\":772},{\"@type\":\"BreadcrumbList\",\"@id\":\"https:\\\/\\\/flamencomadrid.com\\\/es\\\/master-de-formacion-permanente-en-flamenco\\\/#breadcrumb\",\"itemListElement\":[{\"@type\":\"ListItem\",\"position\":1,\"name\":\"Home\",\"item\":\"https:\\\/\\\/flamencomadrid.com\\\/es\\\/\"},{\"@type\":\"ListItem\",\"position\":2,\"name\":\"M\u00e1ster de Formaci\u00f3n Permanente en Flamenco\"}]},{\"@type\":\"WebSite\",\"@id\":\"https:\\\/\\\/flamencomadrid.com\\\/es\\\/#website\",\"url\":\"https:\\\/\\\/flamencomadrid.com\\\/es\\\/\",\"name\":\"Flamenco Madrid\",\"description\":\"Otro sitio realizado con WordPress\",\"potentialAction\":[{\"@type\":\"SearchAction\",\"target\":{\"@type\":\"EntryPoint\",\"urlTemplate\":\"https:\\\/\\\/flamencomadrid.com\\\/es\\\/?s={search_term_string}\"},\"query-input\":{\"@type\":\"PropertyValueSpecification\",\"valueRequired\":true,\"valueName\":\"search_term_string\"}}],\"inLanguage\":\"es\"},{\"@type\":\"Person\",\"@id\":\"https:\\\/\\\/flamencomadrid.com\\\/es\\\/#\\\/schema\\\/person\\\/748b99b947dc33587201a0837db18640\",\"name\":\"Pirunator\",\"image\":{\"@type\":\"ImageObject\",\"inLanguage\":\"es\",\"@id\":\"https:\\\/\\\/secure.gravatar.com\\\/avatar\\\/617673d226a438889f1548bea8a21192c4c0d0351bdc8c087ee3ebf56ac86871?s=96&d=mm&r=g\",\"url\":\"https:\\\/\\\/secure.gravatar.com\\\/avatar\\\/617673d226a438889f1548bea8a21192c4c0d0351bdc8c087ee3ebf56ac86871?s=96&d=mm&r=g\",\"contentUrl\":\"https:\\\/\\\/secure.gravatar.com\\\/avatar\\\/617673d226a438889f1548bea8a21192c4c0d0351bdc8c087ee3ebf56ac86871?s=96&d=mm&r=g\",\"caption\":\"Pirunator\"}}]}<\/script>\n<!-- \/ Yoast SEO plugin. -->","yoast_head_json":{"title":"M\u00e1ster de Formaci\u00f3n Permanente en Flamenco - Flamenco Madrid","robots":{"index":"index","follow":"follow","max-snippet":"max-snippet:-1","max-image-preview":"max-image-preview:large","max-video-preview":"max-video-preview:-1"},"canonical":"\/","og_locale":"es_ES","og_type":"article","og_title":"M\u00e1ster de Formaci\u00f3n Permanente en Flamenco - Flamenco Madrid","og_description":"Abre el M\u00e1ster de Formaci\u00f3n Permanente en Flamenco en la Universidad Complutense de Madrid. El M\u00e1ster Propio en Flamenco es un programa educativo dise\u00f1ado para cumplir con los est\u00e1ndares del Espacio Europeo de Educaci\u00f3n Superior, otorgando 60 cr\u00e9ditos de formaci\u00f3n reconocidos. Este programa se enfoca tanto en la teor\u00eda como en la interpretaci\u00f3n del flamenco,...","og_url":"https:\/\/flamencomadrid.com\/es\/master-de-formacion-permanente-en-flamenco\/","og_site_name":"Flamenco Madrid","article_published_time":"2023-07-10T15:25:54+00:00","article_modified_time":"2024-01-26T13:16:41+00:00","og_image":[{"width":850,"height":772,"url":"https:\/\/flamencomadrid.com\/wp-content\/uploads\/2023\/07\/cartel-logos-autorizados-ok-copia_page-0001.jpeg","type":"image\/jpeg"}],"author":"Pirunator","twitter_card":"summary_large_image","twitter_misc":{"Escrito por":"Pirunator","Tiempo de lectura":"2 minutos"},"schema":{"@context":"https:\/\/schema.org","@graph":[{"@type":"Article","@id":"https:\/\/flamencomadrid.com\/es\/master-de-formacion-permanente-en-flamenco\/#article","isPartOf":{"@id":"https:\/\/flamencomadrid.com\/es\/master-de-formacion-permanente-en-flamenco\/"},"author":{"name":"Pirunator","@id":"https:\/\/flamencomadrid.com\/es\/#\/schema\/person\/748b99b947dc33587201a0837db18640"},"headline":"M\u00e1ster de Formaci\u00f3n Permanente en Flamenco","datePublished":"2023-07-10T15:25:54+00:00","dateModified":"2024-01-26T13:16:41+00:00","mainEntityOfPage":{"@id":"https:\/\/flamencomadrid.com\/es\/master-de-formacion-permanente-en-flamenco\/"},"wordCount":1086,"image":{"@id":"https:\/\/flamencomadrid.com\/es\/master-de-formacion-permanente-en-flamenco\/#primaryimage"},"thumbnailUrl":"https:\/\/flamencomadrid.com\/wp-content\/uploads\/2023\/07\/cartel-logos-autorizados-ok-copia_page-0001.jpeg","articleSection":["Curiosidades Flamencas"],"inLanguage":"es"},{"@type":"WebPage","@id":"https:\/\/flamencomadrid.com\/es\/master-de-formacion-permanente-en-flamenco\/","url":"https:\/\/flamencomadrid.com\/es\/master-de-formacion-permanente-en-flamenco\/","name":"M\u00e1ster de Formaci\u00f3n Permanente en Flamenco - Flamenco Madrid","isPartOf":{"@id":"https:\/\/flamencomadrid.com\/es\/#website"},"primaryImageOfPage":{"@id":"https:\/\/flamencomadrid.com\/es\/master-de-formacion-permanente-en-flamenco\/#primaryimage"},"image":{"@id":"https:\/\/flamencomadrid.com\/es\/master-de-formacion-permanente-en-flamenco\/#primaryimage"},"thumbnailUrl":"https:\/\/flamencomadrid.com\/wp-content\/uploads\/2023\/07\/cartel-logos-autorizados-ok-copia_page-0001.jpeg","datePublished":"2023-07-10T15:25:54+00:00","dateModified":"2024-01-26T13:16:41+00:00","author":{"@id":"https:\/\/flamencomadrid.com\/es\/#\/schema\/person\/748b99b947dc33587201a0837db18640"},"breadcrumb":{"@id":"https:\/\/flamencomadrid.com\/es\/master-de-formacion-permanente-en-flamenco\/#breadcrumb"},"inLanguage":"es","potentialAction":[{"@type":"ReadAction","target":[["https:\/\/flamencomadrid.com\/es\/master-de-formacion-permanente-en-flamenco\/"]]}]},{"@type":"ImageObject","inLanguage":"es","@id":"https:\/\/flamencomadrid.com\/es\/master-de-formacion-permanente-en-flamenco\/#primaryimage","url":"https:\/\/flamencomadrid.com\/wp-content\/uploads\/2023\/07\/cartel-logos-autorizados-ok-copia_page-0001.jpeg","contentUrl":"https:\/\/flamencomadrid.com\/wp-content\/uploads\/2023\/07\/cartel-logos-autorizados-ok-copia_page-0001.jpeg","width":850,"height":772},{"@type":"BreadcrumbList","@id":"https:\/\/flamencomadrid.com\/es\/master-de-formacion-permanente-en-flamenco\/#breadcrumb","itemListElement":[{"@type":"ListItem","position":1,"name":"Home","item":"https:\/\/flamencomadrid.com\/es\/"},{"@type":"ListItem","position":2,"name":"M\u00e1ster de Formaci\u00f3n Permanente en Flamenco"}]},{"@type":"WebSite","@id":"https:\/\/flamencomadrid.com\/es\/#website","url":"https:\/\/flamencomadrid.com\/es\/","name":"Flamenco Madrid","description":"Otro sitio realizado con WordPress","potentialAction":[{"@type":"SearchAction","target":{"@type":"EntryPoint","urlTemplate":"https:\/\/flamencomadrid.com\/es\/?s={search_term_string}"},"query-input":{"@type":"PropertyValueSpecification","valueRequired":true,"valueName":"search_term_string"}}],"inLanguage":"es"},{"@type":"Person","@id":"https:\/\/flamencomadrid.com\/es\/#\/schema\/person\/748b99b947dc33587201a0837db18640","name":"Pirunator","image":{"@type":"ImageObject","inLanguage":"es","@id":"https:\/\/secure.gravatar.com\/avatar\/617673d226a438889f1548bea8a21192c4c0d0351bdc8c087ee3ebf56ac86871?s=96&d=mm&r=g","url":"https:\/\/secure.gravatar.com\/avatar\/617673d226a438889f1548bea8a21192c4c0d0351bdc8c087ee3ebf56ac86871?s=96&d=mm&r=g","contentUrl":"https:\/\/secure.gravatar.com\/avatar\/617673d226a438889f1548bea8a21192c4c0d0351bdc8c087ee3ebf56ac86871?s=96&d=mm&r=g","caption":"Pirunator"}}]}},"_links":{"self":[{"href":"https:\/\/flamencomadrid.com\/es\/wp-json\/wp\/v2\/posts\/738","targetHints":{"allow":["GET"]}}],"collection":[{"href":"https:\/\/flamencomadrid.com\/es\/wp-json\/wp\/v2\/posts"}],"about":[{"href":"https:\/\/flamencomadrid.com\/es\/wp-json\/wp\/v2\/types\/post"}],"author":[{"embeddable":true,"href":"https:\/\/flamencomadrid.com\/es\/wp-json\/wp\/v2\/users\/5"}],"replies":[{"embeddable":true,"href":"https:\/\/flamencomadrid.com\/es\/wp-json\/wp\/v2\/comments?post=738"}],"version-history":[{"count":8,"href":"https:\/\/flamencomadrid.com\/es\/wp-json\/wp\/v2\/posts\/738\/revisions"}],"predecessor-version":[{"id":1022,"href":"https:\/\/flamencomadrid.com\/es\/wp-json\/wp\/v2\/posts\/738\/revisions\/1022"}],"wp:featuredmedia":[{"embeddable":true,"href":"https:\/\/flamencomadrid.com\/es\/wp-json\/wp\/v2\/media\/739"}],"wp:attachment":[{"href":"https:\/\/flamencomadrid.com\/es\/wp-json\/wp\/v2\/media?parent=738"}],"wp:term":[{"taxonomy":"category","embeddable":true,"href":"https:\/\/flamencomadrid.com\/es\/wp-json\/wp\/v2\/categories?post=738"},{"taxonomy":"post_tag","embeddable":true,"href":"https:\/\/flamencomadrid.com\/es\/wp-json\/wp\/v2\/tags?post=738"}],"curies":[{"name":"wp","href":"https:\/\/api.w.org\/{rel}","templated":true}]}}