{"id":730,"date":"2023-07-04T15:08:14","date_gmt":"2023-07-04T13:08:14","guid":{"rendered":"https:\/\/flamencomadrid.com\/es\/?p=730"},"modified":"2024-01-26T14:17:46","modified_gmt":"2024-01-26T13:17:46","slug":"la-nueva-estrella-el-yiyo-invitado-especial-en-tablao-flamenco-1911","status":"publish","type":"post","link":"https:\/\/flamencomadrid.com\/es\/la-nueva-estrella-el-yiyo-invitado-especial-en-tablao-flamenco-1911\/","title":{"rendered":"La nueva estrella \u00abEl Yiyo\u00bb invitado especial en Tablao Flamenco 1911"},"content":{"rendered":"<p><\/p>\n<h5>El bailaor\u00a0<strong>Miguel Fern\u00e1ndez, \u00abEl Yiyo\u00bb<\/strong>, actuar\u00e1 en\u00a0 <a href=\"https:\/\/tablaoflamenco1911.com\/es\/espectaculos\/flamenco-madrid-show-diario-2-2\/\">Tablao Flamenco 1911 <\/a>como invitado especial desde<strong> el 3 al 9 de Julio.<\/strong><\/h5>\n<p>&nbsp;<\/p>\n<p>Nacido en Badalona en 1996,\u00a0 a\u00a0la edad de 18 a\u00f1os fue cabeza de cartel en m\u00e1s de 20 festivales nacionales e internacionales.<\/p>\n<p>Encuentra su inspiraci\u00f3n en bailaores reconocidos como <em>Eduardo Serrano \u00abEl G\u00fcito\u00bb, Joaqu\u00edn Cort\u00e9s, Farruquito y Antonio Canales.<\/em><\/p>\n<p>\u00abEl Yiyo\u00bb posee una cualidad que solo los grandes artistas del flamenco tienen, aquellos que trascienden en el mundo del arte y dejan huella en la historia, convirti\u00e9ndose en referentes. \u00c9l ha nacido con un <strong>talento excepcional y un don \u00fanico.<\/strong><\/p>\n<p>Ha compartido escenario con otras grandes figuras del g\u00e9nero como <em>Miguel Poveda, Mayte Mart\u00edn, Duquende o Estrella Morente,<\/em> y recientemente ha sido el protagonista del videoclip de <em>\u201cPa que brille\u201d del cantante C. Tangana.<\/em><\/p>\n<p>M\u00e1s all\u00e1 del baile, su arte y su imagen han atra\u00eddo a <strong>fot\u00f3grafos, firmas internacionales y dise\u00f1adores de moda<\/strong> como <em>Armani,<\/em> para los que ha posado como modelo.<\/p>\n<p>Esta semana se presenta en el tablao m\u00e1s antiguo del mundo, en Plaza de Santa Ana 15 (Madrid), el antiguo Villa Rosa, la hist\u00f3rica catedral del flamenco.<\/p>\n<p><img loading=\"lazy\" decoding=\"async\" class=\"alignnone wp-image-732 size-full\" src=\"https:\/\/flamencomadrid.com\/es\/wp-content\/uploads\/2023\/07\/el-yiyo-1-1-scaled-e1685968419678-750x500-1.jpeg\" alt=\"\" width=\"750\" height=\"500\" \/><\/p>","protected":false},"excerpt":{"rendered":"El bailaor\u00a0Miguel Fern\u00e1ndez, \u00abEl Yiyo\u00bb, actuar\u00e1 en\u00a0 Tablao Flamenco 1911 como invitado especial desde el 3 al 9 de Julio. &nbsp; Nacido en Badalona en 1996,\u00a0 a\u00a0la edad de 18 a\u00f1os fue cabeza de cartel en m\u00e1s de 20 festivales nacionales e internacionales. Encuentra su inspiraci\u00f3n en bailaores reconocidos como Eduardo Serrano \u00abEl G\u00fcito\u00bb, Joaqu\u00edn&#8230;","protected":false},"author":5,"featured_media":731,"comment_status":"closed","ping_status":"open","sticky":false,"template":"","format":"standard","meta":{"_acf_changed":false,"footnotes":""},"categories":[12],"tags":[],"class_list":["post-730","post","type-post","status-publish","format-standard","has-post-thumbnail","hentry","category-proximos-shows-en-madrid"],"acf":[],"yoast_head":"<!-- This site is optimized with the Yoast SEO plugin v27.4 - https:\/\/yoast.com\/product\/yoast-seo-wordpress\/ -->\n<title>La nueva estrella &quot;El Yiyo&quot; invitado especial en Tablao Flamenco 1911 - Flamenco Madrid<\/title>\n<meta name=\"robots\" content=\"index, follow, max-snippet:-1, max-image-preview:large, max-video-preview:-1\" \/>\n<link rel=\"canonical\" href=\"\/\" \/>\n<meta property=\"og:locale\" content=\"es_ES\" \/>\n<meta property=\"og:type\" content=\"article\" \/>\n<meta property=\"og:title\" content=\"La nueva estrella &quot;El Yiyo&quot; invitado especial en Tablao Flamenco 1911 - Flamenco Madrid\" \/>\n<meta property=\"og:description\" content=\"El bailaor\u00a0Miguel Fern\u00e1ndez, \u00abEl Yiyo\u00bb, actuar\u00e1 en\u00a0 Tablao Flamenco 1911 como invitado especial desde el 3 al 9 de Julio. &nbsp; Nacido en Badalona en 1996,\u00a0 a\u00a0la edad de 18 a\u00f1os fue cabeza de cartel en m\u00e1s de 20 festivales nacionales e internacionales. Encuentra su inspiraci\u00f3n en bailaores reconocidos como Eduardo Serrano \u00abEl G\u00fcito\u00bb, Joaqu\u00edn...\" \/>\n<meta property=\"og:url\" content=\"https:\/\/flamencomadrid.com\/es\/la-nueva-estrella-el-yiyo-invitado-especial-en-tablao-flamenco-1911\/\" \/>\n<meta property=\"og:site_name\" content=\"Flamenco Madrid\" \/>\n<meta property=\"article:published_time\" content=\"2023-07-04T13:08:14+00:00\" \/>\n<meta property=\"article:modified_time\" content=\"2024-01-26T13:17:46+00:00\" \/>\n<meta property=\"og:image\" content=\"https:\/\/flamencomadrid.com\/wp-content\/uploads\/2023\/07\/301030706_731801037909190_6125219816087073378_n.jpeg\" \/>\n\t<meta property=\"og:image:width\" content=\"960\" \/>\n\t<meta property=\"og:image:height\" content=\"960\" \/>\n\t<meta property=\"og:image:type\" content=\"image\/jpeg\" \/>\n<meta name=\"author\" content=\"Pirunator\" \/>\n<meta name=\"twitter:card\" content=\"summary_large_image\" \/>\n<meta name=\"twitter:label1\" content=\"Escrito por\" \/>\n\t<meta name=\"twitter:data1\" content=\"Pirunator\" \/>\n\t<meta name=\"twitter:label2\" content=\"Tiempo de lectura\" \/>\n\t<meta name=\"twitter:data2\" content=\"2 minutos\" \/>\n<script type=\"application\/ld+json\" class=\"yoast-schema-graph\">{\"@context\":\"https:\\\/\\\/schema.org\",\"@graph\":[{\"@type\":\"Article\",\"@id\":\"https:\\\/\\\/flamencomadrid.com\\\/es\\\/la-nueva-estrella-el-yiyo-invitado-especial-en-tablao-flamenco-1911\\\/#article\",\"isPartOf\":{\"@id\":\"https:\\\/\\\/flamencomadrid.com\\\/es\\\/la-nueva-estrella-el-yiyo-invitado-especial-en-tablao-flamenco-1911\\\/\"},\"author\":{\"name\":\"Pirunator\",\"@id\":\"https:\\\/\\\/flamencomadrid.com\\\/es\\\/#\\\/schema\\\/person\\\/748b99b947dc33587201a0837db18640\"},\"headline\":\"La nueva estrella \u00abEl Yiyo\u00bb invitado especial en Tablao Flamenco 1911\",\"datePublished\":\"2023-07-04T13:08:14+00:00\",\"dateModified\":\"2024-01-26T13:17:46+00:00\",\"mainEntityOfPage\":{\"@id\":\"https:\\\/\\\/flamencomadrid.com\\\/es\\\/la-nueva-estrella-el-yiyo-invitado-especial-en-tablao-flamenco-1911\\\/\"},\"wordCount\":834,\"image\":{\"@id\":\"https:\\\/\\\/flamencomadrid.com\\\/es\\\/la-nueva-estrella-el-yiyo-invitado-especial-en-tablao-flamenco-1911\\\/#primaryimage\"},\"thumbnailUrl\":\"https:\\\/\\\/flamencomadrid.com\\\/wp-content\\\/uploads\\\/2023\\\/07\\\/301030706_731801037909190_6125219816087073378_n.jpeg\",\"articleSection\":[\"Pr\u00f3ximos Shows en Madrid\"],\"inLanguage\":\"es\"},{\"@type\":\"WebPage\",\"@id\":\"https:\\\/\\\/flamencomadrid.com\\\/es\\\/la-nueva-estrella-el-yiyo-invitado-especial-en-tablao-flamenco-1911\\\/\",\"url\":\"https:\\\/\\\/flamencomadrid.com\\\/es\\\/la-nueva-estrella-el-yiyo-invitado-especial-en-tablao-flamenco-1911\\\/\",\"name\":\"La nueva estrella \\\"El Yiyo\\\" invitado especial en Tablao Flamenco 1911 - Flamenco Madrid\",\"isPartOf\":{\"@id\":\"https:\\\/\\\/flamencomadrid.com\\\/es\\\/#website\"},\"primaryImageOfPage\":{\"@id\":\"https:\\\/\\\/flamencomadrid.com\\\/es\\\/la-nueva-estrella-el-yiyo-invitado-especial-en-tablao-flamenco-1911\\\/#primaryimage\"},\"image\":{\"@id\":\"https:\\\/\\\/flamencomadrid.com\\\/es\\\/la-nueva-estrella-el-yiyo-invitado-especial-en-tablao-flamenco-1911\\\/#primaryimage\"},\"thumbnailUrl\":\"https:\\\/\\\/flamencomadrid.com\\\/wp-content\\\/uploads\\\/2023\\\/07\\\/301030706_731801037909190_6125219816087073378_n.jpeg\",\"datePublished\":\"2023-07-04T13:08:14+00:00\",\"dateModified\":\"2024-01-26T13:17:46+00:00\",\"author\":{\"@id\":\"https:\\\/\\\/flamencomadrid.com\\\/es\\\/#\\\/schema\\\/person\\\/748b99b947dc33587201a0837db18640\"},\"breadcrumb\":{\"@id\":\"https:\\\/\\\/flamencomadrid.com\\\/es\\\/la-nueva-estrella-el-yiyo-invitado-especial-en-tablao-flamenco-1911\\\/#breadcrumb\"},\"inLanguage\":\"es\",\"potentialAction\":[{\"@type\":\"ReadAction\",\"target\":[[\"https:\\\/\\\/flamencomadrid.com\\\/es\\\/la-nueva-estrella-el-yiyo-invitado-especial-en-tablao-flamenco-1911\\\/\"]]}]},{\"@type\":\"ImageObject\",\"inLanguage\":\"es\",\"@id\":\"https:\\\/\\\/flamencomadrid.com\\\/es\\\/la-nueva-estrella-el-yiyo-invitado-especial-en-tablao-flamenco-1911\\\/#primaryimage\",\"url\":\"https:\\\/\\\/flamencomadrid.com\\\/wp-content\\\/uploads\\\/2023\\\/07\\\/301030706_731801037909190_6125219816087073378_n.jpeg\",\"contentUrl\":\"https:\\\/\\\/flamencomadrid.com\\\/wp-content\\\/uploads\\\/2023\\\/07\\\/301030706_731801037909190_6125219816087073378_n.jpeg\",\"width\":960,\"height\":960},{\"@type\":\"BreadcrumbList\",\"@id\":\"https:\\\/\\\/flamencomadrid.com\\\/es\\\/la-nueva-estrella-el-yiyo-invitado-especial-en-tablao-flamenco-1911\\\/#breadcrumb\",\"itemListElement\":[{\"@type\":\"ListItem\",\"position\":1,\"name\":\"Home\",\"item\":\"https:\\\/\\\/flamencomadrid.com\\\/es\\\/\"},{\"@type\":\"ListItem\",\"position\":2,\"name\":\"La nueva estrella \u00abEl Yiyo\u00bb invitado especial en Tablao Flamenco 1911\"}]},{\"@type\":\"WebSite\",\"@id\":\"https:\\\/\\\/flamencomadrid.com\\\/es\\\/#website\",\"url\":\"https:\\\/\\\/flamencomadrid.com\\\/es\\\/\",\"name\":\"Flamenco Madrid\",\"description\":\"Otro sitio realizado con WordPress\",\"potentialAction\":[{\"@type\":\"SearchAction\",\"target\":{\"@type\":\"EntryPoint\",\"urlTemplate\":\"https:\\\/\\\/flamencomadrid.com\\\/es\\\/?s={search_term_string}\"},\"query-input\":{\"@type\":\"PropertyValueSpecification\",\"valueRequired\":true,\"valueName\":\"search_term_string\"}}],\"inLanguage\":\"es\"},{\"@type\":\"Person\",\"@id\":\"https:\\\/\\\/flamencomadrid.com\\\/es\\\/#\\\/schema\\\/person\\\/748b99b947dc33587201a0837db18640\",\"name\":\"Pirunator\",\"image\":{\"@type\":\"ImageObject\",\"inLanguage\":\"es\",\"@id\":\"https:\\\/\\\/secure.gravatar.com\\\/avatar\\\/617673d226a438889f1548bea8a21192c4c0d0351bdc8c087ee3ebf56ac86871?s=96&d=mm&r=g\",\"url\":\"https:\\\/\\\/secure.gravatar.com\\\/avatar\\\/617673d226a438889f1548bea8a21192c4c0d0351bdc8c087ee3ebf56ac86871?s=96&d=mm&r=g\",\"contentUrl\":\"https:\\\/\\\/secure.gravatar.com\\\/avatar\\\/617673d226a438889f1548bea8a21192c4c0d0351bdc8c087ee3ebf56ac86871?s=96&d=mm&r=g\",\"caption\":\"Pirunator\"}}]}<\/script>\n<!-- \/ Yoast SEO plugin. -->","yoast_head_json":{"title":"La nueva estrella \"El Yiyo\" invitado especial en Tablao Flamenco 1911 - Flamenco Madrid","robots":{"index":"index","follow":"follow","max-snippet":"max-snippet:-1","max-image-preview":"max-image-preview:large","max-video-preview":"max-video-preview:-1"},"canonical":"\/","og_locale":"es_ES","og_type":"article","og_title":"La nueva estrella \"El Yiyo\" invitado especial en Tablao Flamenco 1911 - Flamenco Madrid","og_description":"El bailaor\u00a0Miguel Fern\u00e1ndez, \u00abEl Yiyo\u00bb, actuar\u00e1 en\u00a0 Tablao Flamenco 1911 como invitado especial desde el 3 al 9 de Julio. &nbsp; Nacido en Badalona en 1996,\u00a0 a\u00a0la edad de 18 a\u00f1os fue cabeza de cartel en m\u00e1s de 20 festivales nacionales e internacionales. Encuentra su inspiraci\u00f3n en bailaores reconocidos como Eduardo Serrano \u00abEl G\u00fcito\u00bb, Joaqu\u00edn...","og_url":"https:\/\/flamencomadrid.com\/es\/la-nueva-estrella-el-yiyo-invitado-especial-en-tablao-flamenco-1911\/","og_site_name":"Flamenco Madrid","article_published_time":"2023-07-04T13:08:14+00:00","article_modified_time":"2024-01-26T13:17:46+00:00","og_image":[{"width":960,"height":960,"url":"https:\/\/flamencomadrid.com\/wp-content\/uploads\/2023\/07\/301030706_731801037909190_6125219816087073378_n.jpeg","type":"image\/jpeg"}],"author":"Pirunator","twitter_card":"summary_large_image","twitter_misc":{"Escrito por":"Pirunator","Tiempo de lectura":"2 minutos"},"schema":{"@context":"https:\/\/schema.org","@graph":[{"@type":"Article","@id":"https:\/\/flamencomadrid.com\/es\/la-nueva-estrella-el-yiyo-invitado-especial-en-tablao-flamenco-1911\/#article","isPartOf":{"@id":"https:\/\/flamencomadrid.com\/es\/la-nueva-estrella-el-yiyo-invitado-especial-en-tablao-flamenco-1911\/"},"author":{"name":"Pirunator","@id":"https:\/\/flamencomadrid.com\/es\/#\/schema\/person\/748b99b947dc33587201a0837db18640"},"headline":"La nueva estrella \u00abEl Yiyo\u00bb invitado especial en Tablao Flamenco 1911","datePublished":"2023-07-04T13:08:14+00:00","dateModified":"2024-01-26T13:17:46+00:00","mainEntityOfPage":{"@id":"https:\/\/flamencomadrid.com\/es\/la-nueva-estrella-el-yiyo-invitado-especial-en-tablao-flamenco-1911\/"},"wordCount":834,"image":{"@id":"https:\/\/flamencomadrid.com\/es\/la-nueva-estrella-el-yiyo-invitado-especial-en-tablao-flamenco-1911\/#primaryimage"},"thumbnailUrl":"https:\/\/flamencomadrid.com\/wp-content\/uploads\/2023\/07\/301030706_731801037909190_6125219816087073378_n.jpeg","articleSection":["Pr\u00f3ximos Shows en Madrid"],"inLanguage":"es"},{"@type":"WebPage","@id":"https:\/\/flamencomadrid.com\/es\/la-nueva-estrella-el-yiyo-invitado-especial-en-tablao-flamenco-1911\/","url":"https:\/\/flamencomadrid.com\/es\/la-nueva-estrella-el-yiyo-invitado-especial-en-tablao-flamenco-1911\/","name":"La nueva estrella \"El Yiyo\" invitado especial en Tablao Flamenco 1911 - Flamenco Madrid","isPartOf":{"@id":"https:\/\/flamencomadrid.com\/es\/#website"},"primaryImageOfPage":{"@id":"https:\/\/flamencomadrid.com\/es\/la-nueva-estrella-el-yiyo-invitado-especial-en-tablao-flamenco-1911\/#primaryimage"},"image":{"@id":"https:\/\/flamencomadrid.com\/es\/la-nueva-estrella-el-yiyo-invitado-especial-en-tablao-flamenco-1911\/#primaryimage"},"thumbnailUrl":"https:\/\/flamencomadrid.com\/wp-content\/uploads\/2023\/07\/301030706_731801037909190_6125219816087073378_n.jpeg","datePublished":"2023-07-04T13:08:14+00:00","dateModified":"2024-01-26T13:17:46+00:00","author":{"@id":"https:\/\/flamencomadrid.com\/es\/#\/schema\/person\/748b99b947dc33587201a0837db18640"},"breadcrumb":{"@id":"https:\/\/flamencomadrid.com\/es\/la-nueva-estrella-el-yiyo-invitado-especial-en-tablao-flamenco-1911\/#breadcrumb"},"inLanguage":"es","potentialAction":[{"@type":"ReadAction","target":[["https:\/\/flamencomadrid.com\/es\/la-nueva-estrella-el-yiyo-invitado-especial-en-tablao-flamenco-1911\/"]]}]},{"@type":"ImageObject","inLanguage":"es","@id":"https:\/\/flamencomadrid.com\/es\/la-nueva-estrella-el-yiyo-invitado-especial-en-tablao-flamenco-1911\/#primaryimage","url":"https:\/\/flamencomadrid.com\/wp-content\/uploads\/2023\/07\/301030706_731801037909190_6125219816087073378_n.jpeg","contentUrl":"https:\/\/flamencomadrid.com\/wp-content\/uploads\/2023\/07\/301030706_731801037909190_6125219816087073378_n.jpeg","width":960,"height":960},{"@type":"BreadcrumbList","@id":"https:\/\/flamencomadrid.com\/es\/la-nueva-estrella-el-yiyo-invitado-especial-en-tablao-flamenco-1911\/#breadcrumb","itemListElement":[{"@type":"ListItem","position":1,"name":"Home","item":"https:\/\/flamencomadrid.com\/es\/"},{"@type":"ListItem","position":2,"name":"La nueva estrella \u00abEl Yiyo\u00bb invitado especial en Tablao Flamenco 1911"}]},{"@type":"WebSite","@id":"https:\/\/flamencomadrid.com\/es\/#website","url":"https:\/\/flamencomadrid.com\/es\/","name":"Flamenco Madrid","description":"Otro sitio realizado con WordPress","potentialAction":[{"@type":"SearchAction","target":{"@type":"EntryPoint","urlTemplate":"https:\/\/flamencomadrid.com\/es\/?s={search_term_string}"},"query-input":{"@type":"PropertyValueSpecification","valueRequired":true,"valueName":"search_term_string"}}],"inLanguage":"es"},{"@type":"Person","@id":"https:\/\/flamencomadrid.com\/es\/#\/schema\/person\/748b99b947dc33587201a0837db18640","name":"Pirunator","image":{"@type":"ImageObject","inLanguage":"es","@id":"https:\/\/secure.gravatar.com\/avatar\/617673d226a438889f1548bea8a21192c4c0d0351bdc8c087ee3ebf56ac86871?s=96&d=mm&r=g","url":"https:\/\/secure.gravatar.com\/avatar\/617673d226a438889f1548bea8a21192c4c0d0351bdc8c087ee3ebf56ac86871?s=96&d=mm&r=g","contentUrl":"https:\/\/secure.gravatar.com\/avatar\/617673d226a438889f1548bea8a21192c4c0d0351bdc8c087ee3ebf56ac86871?s=96&d=mm&r=g","caption":"Pirunator"}}]}},"_links":{"self":[{"href":"https:\/\/flamencomadrid.com\/es\/wp-json\/wp\/v2\/posts\/730","targetHints":{"allow":["GET"]}}],"collection":[{"href":"https:\/\/flamencomadrid.com\/es\/wp-json\/wp\/v2\/posts"}],"about":[{"href":"https:\/\/flamencomadrid.com\/es\/wp-json\/wp\/v2\/types\/post"}],"author":[{"embeddable":true,"href":"https:\/\/flamencomadrid.com\/es\/wp-json\/wp\/v2\/users\/5"}],"replies":[{"embeddable":true,"href":"https:\/\/flamencomadrid.com\/es\/wp-json\/wp\/v2\/comments?post=730"}],"version-history":[{"count":6,"href":"https:\/\/flamencomadrid.com\/es\/wp-json\/wp\/v2\/posts\/730\/revisions"}],"predecessor-version":[{"id":1021,"href":"https:\/\/flamencomadrid.com\/es\/wp-json\/wp\/v2\/posts\/730\/revisions\/1021"}],"wp:featuredmedia":[{"embeddable":true,"href":"https:\/\/flamencomadrid.com\/es\/wp-json\/wp\/v2\/media\/731"}],"wp:attachment":[{"href":"https:\/\/flamencomadrid.com\/es\/wp-json\/wp\/v2\/media?parent=730"}],"wp:term":[{"taxonomy":"category","embeddable":true,"href":"https:\/\/flamencomadrid.com\/es\/wp-json\/wp\/v2\/categories?post=730"},{"taxonomy":"post_tag","embeddable":true,"href":"https:\/\/flamencomadrid.com\/es\/wp-json\/wp\/v2\/tags?post=730"}],"curies":[{"name":"wp","href":"https:\/\/api.w.org\/{rel}","templated":true}]}}