{"id":568,"date":"2023-06-08T18:40:15","date_gmt":"2023-06-08T16:40:15","guid":{"rendered":"https:\/\/flamencomadrid.com\/es\/es\/?p=568"},"modified":"2024-01-26T14:17:31","modified_gmt":"2024-01-26T13:17:31","slug":"5-cosas-que-no-sabias-del-manton-flamenco","status":"publish","type":"post","link":"https:\/\/flamencomadrid.com\/es\/5-cosas-que-no-sabias-del-manton-flamenco\/","title":{"rendered":"5 cosas que no sab\u00edas del Mant\u00f3n Flamenco"},"content":{"rendered":"<p><em>El mant\u00f3n flamenco es una prenda emblem\u00e1tica y distintiva de la cultura espa\u00f1ola, especialmente asociada con el flamenco y la danza espa\u00f1ola. Se caracteriza por ser un chal de grandes dimensiones, generalmente hecho de seda o terciopelo, con bordados elaborados y flecos decorativos en los extremos.\u00a0<\/em><\/p>\n<ol>\n<li>\n<h5>\u00a0Su verdadero origen<\/h5>\n<p>Se cree que el mant\u00f3n flamenco se inspir\u00f3 en los chales de seda que fueron introducidos en Espa\u00f1a a trav\u00e9s del comercio con Oriente, en particular con <strong>China e India.<\/strong> Estos chales de seda eran conocidos como <strong>\u00abmantones de Manila\u00bb<\/strong> debido a que se importaban a trav\u00e9s de las Filipinas, que eran una colonia espa\u00f1ola en ese momento.<\/p>\n<p><img loading=\"lazy\" decoding=\"async\" class=\"alignnone wp-image-581 size-full\" src=\"https:\/\/flamencomadrid.com\/es\/wp-content\/uploads\/2023\/06\/shutterstock_2113142870-e1686242768852.jpg\" alt=\"\" width=\"948\" height=\"693\" \/><\/li>\n<li>\n<h5>Los primeros colores eran oscuros y sobrios<\/h5>\n<p>Inicialmente, los mantones eran de colores oscuros y sobrios, <strong>debido a la influencia de la moda y el estilo de vida de las mujeres gitanas en Espa\u00f1a durante los siglos XVIII y XIX.<\/strong> En ese momento, las gitanas sol\u00edan usar ropas oscuras y modestas, ya que reflejaban su <strong>estilo de vida n\u00f3mada y su condici\u00f3n social.<\/strong><\/p>\n<p>Adem\u00e1s, los mantones flamencos antiguos se tej\u00edan a mano y se decoraban con bordados, generalmente en colores oscuros como el negro, el azul marino o el burdeos. Estos colores permit\u00edan que los mantones fueran vers\u00e1tiles y se pudieran usar en diferentes ocasiones sin llamar demasiado la atenci\u00f3n.<\/p>\n<p>Con el tiempo se empezaron a<strong> utilizar colores vivos y brillantes para realzar la belleza y la expresividad de la danza flamenca<\/strong>. Adem\u00e1s, se comenzaron a emplear materiales m\u00e1s ligeros y transparentes, como la gasa o la organza, para permitir movimientos m\u00e1s fluidos durante la danza.<\/p>\n<p><img loading=\"lazy\" decoding=\"async\" class=\"alignnone wp-image-579 size-large\" src=\"https:\/\/flamencomadrid.com\/es\/wp-content\/uploads\/2023\/06\/il_1588xn-4590976446_lgx0-1024x768.jpg\" alt=\"\" width=\"900\" height=\"675\" \/><\/li>\n<li>\n<h5>Su simbolismo<\/h5>\n<p>El mant\u00f3n flamenco se asocia con la <strong>elegancia y la feminidad.<\/strong> Al ser una prenda que se envuelve alrededor del cuerpo o se lleva sobre los hombros, realza la figura de la mujer y aporta un aire de sofisticaci\u00f3n y belleza.<\/p>\n<p><strong>El movimiento<\/strong> tambi\u00e9n es un simbolismo, ya que se utiliza para transmitir emociones y contar una historia a trav\u00e9s de la danza. La bailaora utiliza el mant\u00f3n para enfatizar y complementar sus movimientos, creando una coreograf\u00eda visualmente impactante.<\/p>\n<p>A pesar de la asociaci\u00f3n con la feminidad y la delicadeza, el mant\u00f3n flamenco tambi\u00e9n simboliza la<strong> fuerza y el empoderamiento de la mujer.<\/strong> El manejo h\u00e1bil del mant\u00f3n requiere destreza y control, lo que refleja la fortaleza y determinaci\u00f3n de la bailaora.<\/p>\n<p><img loading=\"lazy\" decoding=\"async\" width=\"928\" height=\"619\" class=\"alignnone size-full wp-image-582\" src=\"https:\/\/flamencomadrid.com\/es\/wp-content\/uploads\/2023\/06\/shutterstock_1104836573.jpg\" alt=\"\" \/><\/li>\n<li>\n<h5>Identidad regional,\u00a0 patrimonio cultural y tradici\u00f3n.<\/h5>\n<p>El mant\u00f3n flamenco forma parte de la tradici\u00f3n y el patrimonio cultural de Espa\u00f1a. Ha sido parte integral de la vestimenta y la danza flamenca durante siglos, transmiti\u00e9ndose de generaci\u00f3n en generaci\u00f3n. Su presencia en festividades y eventos especiales refuerza el v\u00ednculo con la historia y <strong>la identidad cultural espa\u00f1ola.<\/strong><\/p>\n<p>Identidad regional: El mant\u00f3n flamenco tambi\u00e9n puede representar la identidad regional de Andaluc\u00eda, la regi\u00f3n en la que se origin\u00f3 el flamenco. Su uso se ha convertido en una se\u00f1a de identidad cultural y se asocia estrechamente con <strong>la imagen de Andaluc\u00eda en el mundo.<\/strong><\/p>\n<p><img loading=\"lazy\" decoding=\"async\" class=\"alignnone wp-image-580 size-full\" src=\"https:\/\/flamencomadrid.com\/es\/wp-content\/uploads\/2023\/06\/shutterstock_178968662.jpg\" alt=\"\" width=\"819\" height=\"493\" \/><\/li>\n<li>\n<h5>Uso en eventos especiales<\/h5>\n<p>Adem\u00e1s de su papel en el flamenco, el mant\u00f3n flamenco tambi\u00e9n se utiliza en ocasiones especiales, como <strong>bodas, ferias o festividades tradicionales en Espa\u00f1a.<\/strong> Es com\u00fan ver a mujeres luci\u00e9ndolo como parte de su atuendo festivo.<\/li>\n<\/ol>\n<p>&nbsp;<\/p>","protected":false},"excerpt":{"rendered":"El mant\u00f3n flamenco es una prenda emblem\u00e1tica y distintiva de la cultura espa\u00f1ola, especialmente asociada con el flamenco y la danza espa\u00f1ola. Se caracteriza por ser un chal de grandes dimensiones, generalmente hecho de seda o terciopelo, con bordados elaborados y flecos decorativos en los extremos.\u00a0 \u00a0Su verdadero origen Se cree que el mant\u00f3n flamenco&#8230;","protected":false},"author":5,"featured_media":581,"comment_status":"closed","ping_status":"open","sticky":false,"template":"","format":"standard","meta":{"_acf_changed":false,"footnotes":""},"categories":[5],"tags":[],"class_list":["post-568","post","type-post","status-publish","format-standard","has-post-thumbnail","hentry","category-vestuario-flamenco"],"acf":[],"yoast_head":"<!-- This site is optimized with the Yoast SEO plugin v27.4 - https:\/\/yoast.com\/product\/yoast-seo-wordpress\/ -->\n<title>5 cosas que no sab\u00edas del Mant\u00f3n Flamenco - Flamenco Madrid<\/title>\n<meta name=\"robots\" content=\"index, follow, max-snippet:-1, max-image-preview:large, max-video-preview:-1\" \/>\n<link rel=\"canonical\" href=\"\/\" \/>\n<meta property=\"og:locale\" content=\"es_ES\" \/>\n<meta property=\"og:type\" content=\"article\" \/>\n<meta property=\"og:title\" content=\"5 cosas que no sab\u00edas del Mant\u00f3n Flamenco - Flamenco Madrid\" \/>\n<meta property=\"og:description\" content=\"El mant\u00f3n flamenco es una prenda emblem\u00e1tica y distintiva de la cultura espa\u00f1ola, especialmente asociada con el flamenco y la danza espa\u00f1ola. Se caracteriza por ser un chal de grandes dimensiones, generalmente hecho de seda o terciopelo, con bordados elaborados y flecos decorativos en los extremos.\u00a0 \u00a0Su verdadero origen Se cree que el mant\u00f3n flamenco...\" \/>\n<meta property=\"og:url\" content=\"https:\/\/flamencomadrid.com\/es\/5-cosas-que-no-sabias-del-manton-flamenco\/\" \/>\n<meta property=\"og:site_name\" content=\"Flamenco Madrid\" \/>\n<meta property=\"article:published_time\" content=\"2023-06-08T16:40:15+00:00\" \/>\n<meta property=\"article:modified_time\" content=\"2024-01-26T13:17:31+00:00\" \/>\n<meta property=\"og:image\" content=\"https:\/\/flamencomadrid.com\/wp-content\/uploads\/2023\/06\/shutterstock_2113142870-e1686242768852.jpg\" \/>\n\t<meta property=\"og:image:width\" content=\"948\" \/>\n\t<meta property=\"og:image:height\" content=\"693\" \/>\n\t<meta property=\"og:image:type\" content=\"image\/jpeg\" \/>\n<meta name=\"author\" content=\"Pirunator\" \/>\n<meta name=\"twitter:card\" content=\"summary_large_image\" \/>\n<meta name=\"twitter:label1\" content=\"Escrito por\" \/>\n\t<meta name=\"twitter:data1\" content=\"Pirunator\" \/>\n\t<meta name=\"twitter:label2\" content=\"Tiempo de lectura\" \/>\n\t<meta name=\"twitter:data2\" content=\"4 minutos\" \/>\n<script type=\"application\/ld+json\" class=\"yoast-schema-graph\">{\"@context\":\"https:\\\/\\\/schema.org\",\"@graph\":[{\"@type\":\"Article\",\"@id\":\"https:\\\/\\\/flamencomadrid.com\\\/es\\\/5-cosas-que-no-sabias-del-manton-flamenco\\\/#article\",\"isPartOf\":{\"@id\":\"https:\\\/\\\/flamencomadrid.com\\\/es\\\/5-cosas-que-no-sabias-del-manton-flamenco\\\/\"},\"author\":{\"name\":\"Pirunator\",\"@id\":\"https:\\\/\\\/flamencomadrid.com\\\/es\\\/#\\\/schema\\\/person\\\/748b99b947dc33587201a0837db18640\"},\"headline\":\"5 cosas que no sab\u00edas del Mant\u00f3n Flamenco\",\"datePublished\":\"2023-06-08T16:40:15+00:00\",\"dateModified\":\"2024-01-26T13:17:31+00:00\",\"mainEntityOfPage\":{\"@id\":\"https:\\\/\\\/flamencomadrid.com\\\/es\\\/5-cosas-que-no-sabias-del-manton-flamenco\\\/\"},\"wordCount\":2243,\"image\":{\"@id\":\"https:\\\/\\\/flamencomadrid.com\\\/es\\\/5-cosas-que-no-sabias-del-manton-flamenco\\\/#primaryimage\"},\"thumbnailUrl\":\"https:\\\/\\\/flamencomadrid.com\\\/wp-content\\\/uploads\\\/2023\\\/06\\\/shutterstock_2113142870-e1686242768852.jpg\",\"articleSection\":[\"Vestuario flamenco\"],\"inLanguage\":\"es\"},{\"@type\":\"WebPage\",\"@id\":\"https:\\\/\\\/flamencomadrid.com\\\/es\\\/5-cosas-que-no-sabias-del-manton-flamenco\\\/\",\"url\":\"https:\\\/\\\/flamencomadrid.com\\\/es\\\/5-cosas-que-no-sabias-del-manton-flamenco\\\/\",\"name\":\"5 cosas que no sab\u00edas del Mant\u00f3n Flamenco - Flamenco Madrid\",\"isPartOf\":{\"@id\":\"https:\\\/\\\/flamencomadrid.com\\\/es\\\/#website\"},\"primaryImageOfPage\":{\"@id\":\"https:\\\/\\\/flamencomadrid.com\\\/es\\\/5-cosas-que-no-sabias-del-manton-flamenco\\\/#primaryimage\"},\"image\":{\"@id\":\"https:\\\/\\\/flamencomadrid.com\\\/es\\\/5-cosas-que-no-sabias-del-manton-flamenco\\\/#primaryimage\"},\"thumbnailUrl\":\"https:\\\/\\\/flamencomadrid.com\\\/wp-content\\\/uploads\\\/2023\\\/06\\\/shutterstock_2113142870-e1686242768852.jpg\",\"datePublished\":\"2023-06-08T16:40:15+00:00\",\"dateModified\":\"2024-01-26T13:17:31+00:00\",\"author\":{\"@id\":\"https:\\\/\\\/flamencomadrid.com\\\/es\\\/#\\\/schema\\\/person\\\/748b99b947dc33587201a0837db18640\"},\"breadcrumb\":{\"@id\":\"https:\\\/\\\/flamencomadrid.com\\\/es\\\/5-cosas-que-no-sabias-del-manton-flamenco\\\/#breadcrumb\"},\"inLanguage\":\"es\",\"potentialAction\":[{\"@type\":\"ReadAction\",\"target\":[[\"https:\\\/\\\/flamencomadrid.com\\\/es\\\/5-cosas-que-no-sabias-del-manton-flamenco\\\/\"]]}]},{\"@type\":\"ImageObject\",\"inLanguage\":\"es\",\"@id\":\"https:\\\/\\\/flamencomadrid.com\\\/es\\\/5-cosas-que-no-sabias-del-manton-flamenco\\\/#primaryimage\",\"url\":\"https:\\\/\\\/flamencomadrid.com\\\/wp-content\\\/uploads\\\/2023\\\/06\\\/shutterstock_2113142870-e1686242768852.jpg\",\"contentUrl\":\"https:\\\/\\\/flamencomadrid.com\\\/wp-content\\\/uploads\\\/2023\\\/06\\\/shutterstock_2113142870-e1686242768852.jpg\",\"width\":948,\"height\":693,\"caption\":\"Flamenco dancer, woman, brunette and beautiful typical spanish dancer is dancing with a red manila shawl in a square in seville. Flamenco concept of cultural heritage of humanity.\"},{\"@type\":\"BreadcrumbList\",\"@id\":\"https:\\\/\\\/flamencomadrid.com\\\/es\\\/5-cosas-que-no-sabias-del-manton-flamenco\\\/#breadcrumb\",\"itemListElement\":[{\"@type\":\"ListItem\",\"position\":1,\"name\":\"Home\",\"item\":\"https:\\\/\\\/flamencomadrid.com\\\/es\\\/\"},{\"@type\":\"ListItem\",\"position\":2,\"name\":\"5 cosas que no sab\u00edas del Mant\u00f3n Flamenco\"}]},{\"@type\":\"WebSite\",\"@id\":\"https:\\\/\\\/flamencomadrid.com\\\/es\\\/#website\",\"url\":\"https:\\\/\\\/flamencomadrid.com\\\/es\\\/\",\"name\":\"Flamenco Madrid\",\"description\":\"Otro sitio realizado con WordPress\",\"potentialAction\":[{\"@type\":\"SearchAction\",\"target\":{\"@type\":\"EntryPoint\",\"urlTemplate\":\"https:\\\/\\\/flamencomadrid.com\\\/es\\\/?s={search_term_string}\"},\"query-input\":{\"@type\":\"PropertyValueSpecification\",\"valueRequired\":true,\"valueName\":\"search_term_string\"}}],\"inLanguage\":\"es\"},{\"@type\":\"Person\",\"@id\":\"https:\\\/\\\/flamencomadrid.com\\\/es\\\/#\\\/schema\\\/person\\\/748b99b947dc33587201a0837db18640\",\"name\":\"Pirunator\",\"image\":{\"@type\":\"ImageObject\",\"inLanguage\":\"es\",\"@id\":\"https:\\\/\\\/secure.gravatar.com\\\/avatar\\\/617673d226a438889f1548bea8a21192c4c0d0351bdc8c087ee3ebf56ac86871?s=96&d=mm&r=g\",\"url\":\"https:\\\/\\\/secure.gravatar.com\\\/avatar\\\/617673d226a438889f1548bea8a21192c4c0d0351bdc8c087ee3ebf56ac86871?s=96&d=mm&r=g\",\"contentUrl\":\"https:\\\/\\\/secure.gravatar.com\\\/avatar\\\/617673d226a438889f1548bea8a21192c4c0d0351bdc8c087ee3ebf56ac86871?s=96&d=mm&r=g\",\"caption\":\"Pirunator\"}}]}<\/script>\n<!-- \/ Yoast SEO plugin. -->","yoast_head_json":{"title":"5 cosas que no sab\u00edas del Mant\u00f3n Flamenco - Flamenco Madrid","robots":{"index":"index","follow":"follow","max-snippet":"max-snippet:-1","max-image-preview":"max-image-preview:large","max-video-preview":"max-video-preview:-1"},"canonical":"\/","og_locale":"es_ES","og_type":"article","og_title":"5 cosas que no sab\u00edas del Mant\u00f3n Flamenco - Flamenco Madrid","og_description":"El mant\u00f3n flamenco es una prenda emblem\u00e1tica y distintiva de la cultura espa\u00f1ola, especialmente asociada con el flamenco y la danza espa\u00f1ola. Se caracteriza por ser un chal de grandes dimensiones, generalmente hecho de seda o terciopelo, con bordados elaborados y flecos decorativos en los extremos.\u00a0 \u00a0Su verdadero origen Se cree que el mant\u00f3n flamenco...","og_url":"https:\/\/flamencomadrid.com\/es\/5-cosas-que-no-sabias-del-manton-flamenco\/","og_site_name":"Flamenco Madrid","article_published_time":"2023-06-08T16:40:15+00:00","article_modified_time":"2024-01-26T13:17:31+00:00","og_image":[{"width":948,"height":693,"url":"https:\/\/flamencomadrid.com\/wp-content\/uploads\/2023\/06\/shutterstock_2113142870-e1686242768852.jpg","type":"image\/jpeg"}],"author":"Pirunator","twitter_card":"summary_large_image","twitter_misc":{"Escrito por":"Pirunator","Tiempo de lectura":"4 minutos"},"schema":{"@context":"https:\/\/schema.org","@graph":[{"@type":"Article","@id":"https:\/\/flamencomadrid.com\/es\/5-cosas-que-no-sabias-del-manton-flamenco\/#article","isPartOf":{"@id":"https:\/\/flamencomadrid.com\/es\/5-cosas-que-no-sabias-del-manton-flamenco\/"},"author":{"name":"Pirunator","@id":"https:\/\/flamencomadrid.com\/es\/#\/schema\/person\/748b99b947dc33587201a0837db18640"},"headline":"5 cosas que no sab\u00edas del Mant\u00f3n Flamenco","datePublished":"2023-06-08T16:40:15+00:00","dateModified":"2024-01-26T13:17:31+00:00","mainEntityOfPage":{"@id":"https:\/\/flamencomadrid.com\/es\/5-cosas-que-no-sabias-del-manton-flamenco\/"},"wordCount":2243,"image":{"@id":"https:\/\/flamencomadrid.com\/es\/5-cosas-que-no-sabias-del-manton-flamenco\/#primaryimage"},"thumbnailUrl":"https:\/\/flamencomadrid.com\/wp-content\/uploads\/2023\/06\/shutterstock_2113142870-e1686242768852.jpg","articleSection":["Vestuario flamenco"],"inLanguage":"es"},{"@type":"WebPage","@id":"https:\/\/flamencomadrid.com\/es\/5-cosas-que-no-sabias-del-manton-flamenco\/","url":"https:\/\/flamencomadrid.com\/es\/5-cosas-que-no-sabias-del-manton-flamenco\/","name":"5 cosas que no sab\u00edas del Mant\u00f3n Flamenco - Flamenco Madrid","isPartOf":{"@id":"https:\/\/flamencomadrid.com\/es\/#website"},"primaryImageOfPage":{"@id":"https:\/\/flamencomadrid.com\/es\/5-cosas-que-no-sabias-del-manton-flamenco\/#primaryimage"},"image":{"@id":"https:\/\/flamencomadrid.com\/es\/5-cosas-que-no-sabias-del-manton-flamenco\/#primaryimage"},"thumbnailUrl":"https:\/\/flamencomadrid.com\/wp-content\/uploads\/2023\/06\/shutterstock_2113142870-e1686242768852.jpg","datePublished":"2023-06-08T16:40:15+00:00","dateModified":"2024-01-26T13:17:31+00:00","author":{"@id":"https:\/\/flamencomadrid.com\/es\/#\/schema\/person\/748b99b947dc33587201a0837db18640"},"breadcrumb":{"@id":"https:\/\/flamencomadrid.com\/es\/5-cosas-que-no-sabias-del-manton-flamenco\/#breadcrumb"},"inLanguage":"es","potentialAction":[{"@type":"ReadAction","target":[["https:\/\/flamencomadrid.com\/es\/5-cosas-que-no-sabias-del-manton-flamenco\/"]]}]},{"@type":"ImageObject","inLanguage":"es","@id":"https:\/\/flamencomadrid.com\/es\/5-cosas-que-no-sabias-del-manton-flamenco\/#primaryimage","url":"https:\/\/flamencomadrid.com\/wp-content\/uploads\/2023\/06\/shutterstock_2113142870-e1686242768852.jpg","contentUrl":"https:\/\/flamencomadrid.com\/wp-content\/uploads\/2023\/06\/shutterstock_2113142870-e1686242768852.jpg","width":948,"height":693,"caption":"Flamenco dancer, woman, brunette and beautiful typical spanish dancer is dancing with a red manila shawl in a square in seville. Flamenco concept of cultural heritage of humanity."},{"@type":"BreadcrumbList","@id":"https:\/\/flamencomadrid.com\/es\/5-cosas-que-no-sabias-del-manton-flamenco\/#breadcrumb","itemListElement":[{"@type":"ListItem","position":1,"name":"Home","item":"https:\/\/flamencomadrid.com\/es\/"},{"@type":"ListItem","position":2,"name":"5 cosas que no sab\u00edas del Mant\u00f3n Flamenco"}]},{"@type":"WebSite","@id":"https:\/\/flamencomadrid.com\/es\/#website","url":"https:\/\/flamencomadrid.com\/es\/","name":"Flamenco Madrid","description":"Otro sitio realizado con WordPress","potentialAction":[{"@type":"SearchAction","target":{"@type":"EntryPoint","urlTemplate":"https:\/\/flamencomadrid.com\/es\/?s={search_term_string}"},"query-input":{"@type":"PropertyValueSpecification","valueRequired":true,"valueName":"search_term_string"}}],"inLanguage":"es"},{"@type":"Person","@id":"https:\/\/flamencomadrid.com\/es\/#\/schema\/person\/748b99b947dc33587201a0837db18640","name":"Pirunator","image":{"@type":"ImageObject","inLanguage":"es","@id":"https:\/\/secure.gravatar.com\/avatar\/617673d226a438889f1548bea8a21192c4c0d0351bdc8c087ee3ebf56ac86871?s=96&d=mm&r=g","url":"https:\/\/secure.gravatar.com\/avatar\/617673d226a438889f1548bea8a21192c4c0d0351bdc8c087ee3ebf56ac86871?s=96&d=mm&r=g","contentUrl":"https:\/\/secure.gravatar.com\/avatar\/617673d226a438889f1548bea8a21192c4c0d0351bdc8c087ee3ebf56ac86871?s=96&d=mm&r=g","caption":"Pirunator"}}]}},"_links":{"self":[{"href":"https:\/\/flamencomadrid.com\/es\/wp-json\/wp\/v2\/posts\/568","targetHints":{"allow":["GET"]}}],"collection":[{"href":"https:\/\/flamencomadrid.com\/es\/wp-json\/wp\/v2\/posts"}],"about":[{"href":"https:\/\/flamencomadrid.com\/es\/wp-json\/wp\/v2\/types\/post"}],"author":[{"embeddable":true,"href":"https:\/\/flamencomadrid.com\/es\/wp-json\/wp\/v2\/users\/5"}],"replies":[{"embeddable":true,"href":"https:\/\/flamencomadrid.com\/es\/wp-json\/wp\/v2\/comments?post=568"}],"version-history":[{"count":26,"href":"https:\/\/flamencomadrid.com\/es\/wp-json\/wp\/v2\/posts\/568\/revisions"}],"predecessor-version":[{"id":1016,"href":"https:\/\/flamencomadrid.com\/es\/wp-json\/wp\/v2\/posts\/568\/revisions\/1016"}],"wp:featuredmedia":[{"embeddable":true,"href":"https:\/\/flamencomadrid.com\/es\/wp-json\/wp\/v2\/media\/581"}],"wp:attachment":[{"href":"https:\/\/flamencomadrid.com\/es\/wp-json\/wp\/v2\/media?parent=568"}],"wp:term":[{"taxonomy":"category","embeddable":true,"href":"https:\/\/flamencomadrid.com\/es\/wp-json\/wp\/v2\/categories?post=568"},{"taxonomy":"post_tag","embeddable":true,"href":"https:\/\/flamencomadrid.com\/es\/wp-json\/wp\/v2\/tags?post=568"}],"curies":[{"name":"wp","href":"https:\/\/api.w.org\/{rel}","templated":true}]}}