{"id":559,"date":"2023-05-31T15:37:39","date_gmt":"2023-05-31T13:37:39","guid":{"rendered":"https:\/\/flamencomadrid.com\/es\/es\/?p=559"},"modified":"2024-11-26T08:41:49","modified_gmt":"2024-11-26T07:41:49","slug":"farruquito-en-madrid","status":"publish","type":"post","link":"https:\/\/flamencomadrid.com\/es\/farruquito-madrid\/","title":{"rendered":"Farruquito en Madrid"},"content":{"rendered":"<p><\/p>\n<div class=\"page\" title=\"Page 1\">\n<div class=\"layoutArea\">\n<h1 class=\"column\">FARRUQUITO BAILA A CAMAR\u00d3N EN LA INTIMIDAD DEL TABLAO 1911<\/h1>\n<div class=\"page\" title=\"Page 1\">\n<div class=\"section\">\n<div class=\"layoutArea\">\n<div class=\"column\">\n<p><b>5 de diciembre de 2023<\/b><\/p>\n<p><b>Pases 21:00h | 22:30h<\/b><\/p>\n<p><span class=\"Apple-converted-space\">\u00a0<\/span><\/p>\n<p>El pr\u00f3ximo <b>5 de diciembre del 2023<\/b>\u00a0Farruquito homenajear\u00e1 a Camar\u00f3n de la Isla en el <b>Tablao Flamenco 1911<\/b> de Madrid.<span class=\"Apple-converted-space\">\u00a0<\/span><\/p>\n<p>Juan Manuel Fern\u00e1ndez Montoya, m\u00e1s conocido como Farruquito, nos presenta un espect\u00e1culo especial en el tablao flamenco m\u00e1s antiguo del mundo, situado en la <b>Plaza de Santa Ana, 15<\/b>. Una oportunidad exclusiva para disfrutar de la leyenda del cante a trav\u00e9s del mejor bailaor flamenco de la actualidad.<\/p>\n<p><b>Farruquito<\/b> es heredero y transmisor de la escuela de su abuelo \u00ab<b>Farruco<\/b>\u00ab, un estilo de baile que ha trascendido hasta convertirse en la mayor referencia de artistas j\u00f3venes y experimentados. En esta ocasi\u00f3n, vuelve a Madrid para ofrecer una noche m\u00e1gica que quedar\u00e1 en el recuerdo. Se trata de una fecha \u00fanica en la que el rey del cante flamenco, <b>Camar\u00f3n de la Isla, <\/b>cumplir\u00eda 73 a\u00f1os<b>.<\/b> Una ocasi\u00f3n en la que poder vivir el arte de Farruquito en la intimidad de un <b>tablao<\/b>. Un espacio con aforo reducido, cuya decoraci\u00f3n nos remite a la \u00ab\u00e9poca dorada\u00bb del flamenco.<\/p>\n<p><span class=\"Apple-converted-space\">\u00a0<\/span>En el espect\u00e1culo tendremos la oportunidad de<b> revivir momentos encantadores<\/b> como la grabaci\u00f3n del videoclip <i>Camar\u00f3n nuestro,<\/i> en el que \u00abEl Capit\u00e1n\u00bb ten\u00eda solo diez a\u00f1os. Contaremos con un elenco ampliado; dos guitarristas, percusi\u00f3n y <b>tres cantaores<\/b> en escena que ir\u00e1n recordando las letras del genio de la Isla. Asimismo, durante el espect\u00e1culo se ir\u00e1n sucediendo emocionantes n\u00fameros especiales que nos har\u00e1n acordarnos de los \u00e9xitos del cantaor de San Fernando. Estas y muchas otras sorpresas nos esperan el 5 de diciembre en el Tablao Flamenco 1911.<span class=\"Apple-converted-space\">\u00a0<\/span><\/p>\n<div class=\"page\" title=\"Page 1\">\n<div class=\"section\">\n<div class=\"layoutArea\">\n<div class=\"column\">\n<p>El cuadro arti\u0301stico que acompan\u0303ara\u0301 a <strong>Farruquito<\/strong> en este especta\u0301culo esta\u0301 formado por la bailaora Nazaret Reyes, dos guitarristas, percusi\u00f3n y tres cantaores que ir\u00e1n recordando a Camar\u00f3n durante todo el espect\u00e1culo.\u00a0<span class=\"Apple-converted-space\">\u00a0<\/span><\/p>\n<\/div>\n<\/div>\n<\/div>\n<\/div>\n<p>&nbsp;<\/p>\n<p><b>Farruquito baila a Camar\u00f3n<\/b> en la noche de su nacimiento por primera vez en el <b>Tablao Flamenco 1911.<\/b> Un show en el que contagiarte de los sentimientos y emociones que Juan Fern\u00e1ndez, Farruquito evocar\u00e1 recordando al gran rey del cante.<span class=\"Apple-converted-space\">\u00a0<\/span><\/p>\n<div class=\"page\" title=\"Page 1\">\n<div class=\"layoutArea\">\n<div class=\"column\"><\/div>\n<\/div>\n<\/div>\n<\/div>\n<\/div>\n<\/div>\n<\/div>\n<h2><a href=\"https:\/\/tablaoflamenco1911.com\/es\/comprar-entradas\/\">Entradas ya a la venta para el martes 5 de diciembre 21:00 | 22:30h en TABLAO FLAMENCO 1911<\/a><\/h2>\n<h3><\/h3>\n<\/div>\n<\/div>\n<p><\/p>","protected":false},"excerpt":{"rendered":"FARRUQUITO BAILA A CAMAR\u00d3N EN LA INTIMIDAD DEL TABLAO 1911 5 de diciembre de 2023 Pases 21:00h | 22:30h \u00a0 El pr\u00f3ximo 5 de diciembre del 2023\u00a0Farruquito homenajear\u00e1 a Camar\u00f3n de la Isla en el Tablao Flamenco 1911 de Madrid.\u00a0 Juan Manuel Fern\u00e1ndez Montoya, m\u00e1s conocido como Farruquito, nos presenta un espect\u00e1culo especial en el&#8230;","protected":false},"author":5,"featured_media":924,"comment_status":"closed","ping_status":"open","sticky":false,"template":"","format":"standard","meta":{"_acf_changed":false,"footnotes":""},"categories":[12],"tags":[],"class_list":["post-559","post","type-post","status-publish","format-standard","has-post-thumbnail","hentry","category-proximos-shows-en-madrid"],"acf":[],"yoast_head":"<!-- This site is optimized with the Yoast SEO plugin v27.4 - https:\/\/yoast.com\/product\/yoast-seo-wordpress\/ -->\n<title>Farruquito en Madrid - Flamenco Madrid<\/title>\n<meta name=\"robots\" content=\"index, follow, max-snippet:-1, max-image-preview:large, max-video-preview:-1\" \/>\n<link rel=\"canonical\" href=\"\/\" \/>\n<meta property=\"og:locale\" content=\"es_ES\" \/>\n<meta property=\"og:type\" content=\"article\" \/>\n<meta property=\"og:title\" content=\"Farruquito en Madrid - Flamenco Madrid\" \/>\n<meta property=\"og:description\" content=\"FARRUQUITO BAILA A CAMAR\u00d3N EN LA INTIMIDAD DEL TABLAO 1911 5 de diciembre de 2023 Pases 21:00h | 22:30h \u00a0 El pr\u00f3ximo 5 de diciembre del 2023\u00a0Farruquito homenajear\u00e1 a Camar\u00f3n de la Isla en el Tablao Flamenco 1911 de Madrid.\u00a0 Juan Manuel Fern\u00e1ndez Montoya, m\u00e1s conocido como Farruquito, nos presenta un espect\u00e1culo especial en el...\" \/>\n<meta property=\"og:url\" content=\"https:\/\/flamencomadrid.com\/es\/farruquito-madrid\/\" \/>\n<meta property=\"og:site_name\" content=\"Flamenco Madrid\" \/>\n<meta property=\"article:published_time\" content=\"2023-05-31T13:37:39+00:00\" \/>\n<meta property=\"article:modified_time\" content=\"2024-11-26T07:41:49+00:00\" \/>\n<meta property=\"og:image\" content=\"https:\/\/flamencomadrid.com\/wp-content\/uploads\/2023\/05\/farruquito-baila-a-camaron-1911-1080x1080-1.jpg\" \/>\n\t<meta property=\"og:image:width\" content=\"1080\" \/>\n\t<meta property=\"og:image:height\" content=\"1080\" \/>\n\t<meta property=\"og:image:type\" content=\"image\/jpeg\" \/>\n<meta name=\"author\" content=\"Pirunator\" \/>\n<meta name=\"twitter:card\" content=\"summary_large_image\" \/>\n<meta name=\"twitter:label1\" content=\"Escrito por\" \/>\n\t<meta name=\"twitter:data1\" content=\"Pirunator\" \/>\n\t<meta name=\"twitter:label2\" content=\"Tiempo de lectura\" \/>\n\t<meta name=\"twitter:data2\" content=\"2 minutos\" \/>\n<script type=\"application\/ld+json\" class=\"yoast-schema-graph\">{\"@context\":\"https:\\\/\\\/schema.org\",\"@graph\":[{\"@type\":\"Article\",\"@id\":\"https:\\\/\\\/flamencomadrid.com\\\/es\\\/farruquito-madrid\\\/#article\",\"isPartOf\":{\"@id\":\"https:\\\/\\\/flamencomadrid.com\\\/es\\\/farruquito-madrid\\\/\"},\"author\":{\"name\":\"Pirunator\",\"@id\":\"https:\\\/\\\/flamencomadrid.com\\\/es\\\/#\\\/schema\\\/person\\\/748b99b947dc33587201a0837db18640\"},\"headline\":\"Farruquito en Madrid\",\"datePublished\":\"2023-05-31T13:37:39+00:00\",\"dateModified\":\"2024-11-26T07:41:49+00:00\",\"mainEntityOfPage\":{\"@id\":\"https:\\\/\\\/flamencomadrid.com\\\/es\\\/farruquito-madrid\\\/\"},\"wordCount\":1483,\"image\":{\"@id\":\"https:\\\/\\\/flamencomadrid.com\\\/es\\\/farruquito-madrid\\\/#primaryimage\"},\"thumbnailUrl\":\"https:\\\/\\\/flamencomadrid.com\\\/wp-content\\\/uploads\\\/2023\\\/05\\\/farruquito-baila-a-camaron-1911-1080x1080-1.jpg\",\"articleSection\":[\"Pr\u00f3ximos Shows en Madrid\"],\"inLanguage\":\"es\"},{\"@type\":\"WebPage\",\"@id\":\"https:\\\/\\\/flamencomadrid.com\\\/es\\\/farruquito-madrid\\\/\",\"url\":\"https:\\\/\\\/flamencomadrid.com\\\/es\\\/farruquito-madrid\\\/\",\"name\":\"Farruquito en Madrid - Flamenco Madrid\",\"isPartOf\":{\"@id\":\"https:\\\/\\\/flamencomadrid.com\\\/es\\\/#website\"},\"primaryImageOfPage\":{\"@id\":\"https:\\\/\\\/flamencomadrid.com\\\/es\\\/farruquito-madrid\\\/#primaryimage\"},\"image\":{\"@id\":\"https:\\\/\\\/flamencomadrid.com\\\/es\\\/farruquito-madrid\\\/#primaryimage\"},\"thumbnailUrl\":\"https:\\\/\\\/flamencomadrid.com\\\/wp-content\\\/uploads\\\/2023\\\/05\\\/farruquito-baila-a-camaron-1911-1080x1080-1.jpg\",\"datePublished\":\"2023-05-31T13:37:39+00:00\",\"dateModified\":\"2024-11-26T07:41:49+00:00\",\"author\":{\"@id\":\"https:\\\/\\\/flamencomadrid.com\\\/es\\\/#\\\/schema\\\/person\\\/748b99b947dc33587201a0837db18640\"},\"breadcrumb\":{\"@id\":\"https:\\\/\\\/flamencomadrid.com\\\/es\\\/farruquito-madrid\\\/#breadcrumb\"},\"inLanguage\":\"es\",\"potentialAction\":[{\"@type\":\"ReadAction\",\"target\":[[\"https:\\\/\\\/flamencomadrid.com\\\/es\\\/farruquito-madrid\\\/\"]]}]},{\"@type\":\"ImageObject\",\"inLanguage\":\"es\",\"@id\":\"https:\\\/\\\/flamencomadrid.com\\\/es\\\/farruquito-madrid\\\/#primaryimage\",\"url\":\"https:\\\/\\\/flamencomadrid.com\\\/wp-content\\\/uploads\\\/2023\\\/05\\\/farruquito-baila-a-camaron-1911-1080x1080-1.jpg\",\"contentUrl\":\"https:\\\/\\\/flamencomadrid.com\\\/wp-content\\\/uploads\\\/2023\\\/05\\\/farruquito-baila-a-camaron-1911-1080x1080-1.jpg\",\"width\":1080,\"height\":1080},{\"@type\":\"BreadcrumbList\",\"@id\":\"https:\\\/\\\/flamencomadrid.com\\\/es\\\/farruquito-madrid\\\/#breadcrumb\",\"itemListElement\":[{\"@type\":\"ListItem\",\"position\":1,\"name\":\"Home\",\"item\":\"https:\\\/\\\/flamencomadrid.com\\\/es\\\/\"},{\"@type\":\"ListItem\",\"position\":2,\"name\":\"Farruquito en Madrid\"}]},{\"@type\":\"WebSite\",\"@id\":\"https:\\\/\\\/flamencomadrid.com\\\/es\\\/#website\",\"url\":\"https:\\\/\\\/flamencomadrid.com\\\/es\\\/\",\"name\":\"Flamenco Madrid\",\"description\":\"Otro sitio realizado con WordPress\",\"potentialAction\":[{\"@type\":\"SearchAction\",\"target\":{\"@type\":\"EntryPoint\",\"urlTemplate\":\"https:\\\/\\\/flamencomadrid.com\\\/es\\\/?s={search_term_string}\"},\"query-input\":{\"@type\":\"PropertyValueSpecification\",\"valueRequired\":true,\"valueName\":\"search_term_string\"}}],\"inLanguage\":\"es\"},{\"@type\":\"Person\",\"@id\":\"https:\\\/\\\/flamencomadrid.com\\\/es\\\/#\\\/schema\\\/person\\\/748b99b947dc33587201a0837db18640\",\"name\":\"Pirunator\",\"image\":{\"@type\":\"ImageObject\",\"inLanguage\":\"es\",\"@id\":\"https:\\\/\\\/secure.gravatar.com\\\/avatar\\\/617673d226a438889f1548bea8a21192c4c0d0351bdc8c087ee3ebf56ac86871?s=96&d=mm&r=g\",\"url\":\"https:\\\/\\\/secure.gravatar.com\\\/avatar\\\/617673d226a438889f1548bea8a21192c4c0d0351bdc8c087ee3ebf56ac86871?s=96&d=mm&r=g\",\"contentUrl\":\"https:\\\/\\\/secure.gravatar.com\\\/avatar\\\/617673d226a438889f1548bea8a21192c4c0d0351bdc8c087ee3ebf56ac86871?s=96&d=mm&r=g\",\"caption\":\"Pirunator\"}}]}<\/script>\n<!-- \/ Yoast SEO plugin. -->","yoast_head_json":{"title":"Farruquito en Madrid - Flamenco Madrid","robots":{"index":"index","follow":"follow","max-snippet":"max-snippet:-1","max-image-preview":"max-image-preview:large","max-video-preview":"max-video-preview:-1"},"canonical":"\/","og_locale":"es_ES","og_type":"article","og_title":"Farruquito en Madrid - Flamenco Madrid","og_description":"FARRUQUITO BAILA A CAMAR\u00d3N EN LA INTIMIDAD DEL TABLAO 1911 5 de diciembre de 2023 Pases 21:00h | 22:30h \u00a0 El pr\u00f3ximo 5 de diciembre del 2023\u00a0Farruquito homenajear\u00e1 a Camar\u00f3n de la Isla en el Tablao Flamenco 1911 de Madrid.\u00a0 Juan Manuel Fern\u00e1ndez Montoya, m\u00e1s conocido como Farruquito, nos presenta un espect\u00e1culo especial en el...","og_url":"https:\/\/flamencomadrid.com\/es\/farruquito-madrid\/","og_site_name":"Flamenco Madrid","article_published_time":"2023-05-31T13:37:39+00:00","article_modified_time":"2024-11-26T07:41:49+00:00","og_image":[{"width":1080,"height":1080,"url":"https:\/\/flamencomadrid.com\/wp-content\/uploads\/2023\/05\/farruquito-baila-a-camaron-1911-1080x1080-1.jpg","type":"image\/jpeg"}],"author":"Pirunator","twitter_card":"summary_large_image","twitter_misc":{"Escrito por":"Pirunator","Tiempo de lectura":"2 minutos"},"schema":{"@context":"https:\/\/schema.org","@graph":[{"@type":"Article","@id":"https:\/\/flamencomadrid.com\/es\/farruquito-madrid\/#article","isPartOf":{"@id":"https:\/\/flamencomadrid.com\/es\/farruquito-madrid\/"},"author":{"name":"Pirunator","@id":"https:\/\/flamencomadrid.com\/es\/#\/schema\/person\/748b99b947dc33587201a0837db18640"},"headline":"Farruquito en Madrid","datePublished":"2023-05-31T13:37:39+00:00","dateModified":"2024-11-26T07:41:49+00:00","mainEntityOfPage":{"@id":"https:\/\/flamencomadrid.com\/es\/farruquito-madrid\/"},"wordCount":1483,"image":{"@id":"https:\/\/flamencomadrid.com\/es\/farruquito-madrid\/#primaryimage"},"thumbnailUrl":"https:\/\/flamencomadrid.com\/wp-content\/uploads\/2023\/05\/farruquito-baila-a-camaron-1911-1080x1080-1.jpg","articleSection":["Pr\u00f3ximos Shows en Madrid"],"inLanguage":"es"},{"@type":"WebPage","@id":"https:\/\/flamencomadrid.com\/es\/farruquito-madrid\/","url":"https:\/\/flamencomadrid.com\/es\/farruquito-madrid\/","name":"Farruquito en Madrid - Flamenco Madrid","isPartOf":{"@id":"https:\/\/flamencomadrid.com\/es\/#website"},"primaryImageOfPage":{"@id":"https:\/\/flamencomadrid.com\/es\/farruquito-madrid\/#primaryimage"},"image":{"@id":"https:\/\/flamencomadrid.com\/es\/farruquito-madrid\/#primaryimage"},"thumbnailUrl":"https:\/\/flamencomadrid.com\/wp-content\/uploads\/2023\/05\/farruquito-baila-a-camaron-1911-1080x1080-1.jpg","datePublished":"2023-05-31T13:37:39+00:00","dateModified":"2024-11-26T07:41:49+00:00","author":{"@id":"https:\/\/flamencomadrid.com\/es\/#\/schema\/person\/748b99b947dc33587201a0837db18640"},"breadcrumb":{"@id":"https:\/\/flamencomadrid.com\/es\/farruquito-madrid\/#breadcrumb"},"inLanguage":"es","potentialAction":[{"@type":"ReadAction","target":[["https:\/\/flamencomadrid.com\/es\/farruquito-madrid\/"]]}]},{"@type":"ImageObject","inLanguage":"es","@id":"https:\/\/flamencomadrid.com\/es\/farruquito-madrid\/#primaryimage","url":"https:\/\/flamencomadrid.com\/wp-content\/uploads\/2023\/05\/farruquito-baila-a-camaron-1911-1080x1080-1.jpg","contentUrl":"https:\/\/flamencomadrid.com\/wp-content\/uploads\/2023\/05\/farruquito-baila-a-camaron-1911-1080x1080-1.jpg","width":1080,"height":1080},{"@type":"BreadcrumbList","@id":"https:\/\/flamencomadrid.com\/es\/farruquito-madrid\/#breadcrumb","itemListElement":[{"@type":"ListItem","position":1,"name":"Home","item":"https:\/\/flamencomadrid.com\/es\/"},{"@type":"ListItem","position":2,"name":"Farruquito en Madrid"}]},{"@type":"WebSite","@id":"https:\/\/flamencomadrid.com\/es\/#website","url":"https:\/\/flamencomadrid.com\/es\/","name":"Flamenco Madrid","description":"Otro sitio realizado con WordPress","potentialAction":[{"@type":"SearchAction","target":{"@type":"EntryPoint","urlTemplate":"https:\/\/flamencomadrid.com\/es\/?s={search_term_string}"},"query-input":{"@type":"PropertyValueSpecification","valueRequired":true,"valueName":"search_term_string"}}],"inLanguage":"es"},{"@type":"Person","@id":"https:\/\/flamencomadrid.com\/es\/#\/schema\/person\/748b99b947dc33587201a0837db18640","name":"Pirunator","image":{"@type":"ImageObject","inLanguage":"es","@id":"https:\/\/secure.gravatar.com\/avatar\/617673d226a438889f1548bea8a21192c4c0d0351bdc8c087ee3ebf56ac86871?s=96&d=mm&r=g","url":"https:\/\/secure.gravatar.com\/avatar\/617673d226a438889f1548bea8a21192c4c0d0351bdc8c087ee3ebf56ac86871?s=96&d=mm&r=g","contentUrl":"https:\/\/secure.gravatar.com\/avatar\/617673d226a438889f1548bea8a21192c4c0d0351bdc8c087ee3ebf56ac86871?s=96&d=mm&r=g","caption":"Pirunator"}}]}},"_links":{"self":[{"href":"https:\/\/flamencomadrid.com\/es\/wp-json\/wp\/v2\/posts\/559","targetHints":{"allow":["GET"]}}],"collection":[{"href":"https:\/\/flamencomadrid.com\/es\/wp-json\/wp\/v2\/posts"}],"about":[{"href":"https:\/\/flamencomadrid.com\/es\/wp-json\/wp\/v2\/types\/post"}],"author":[{"embeddable":true,"href":"https:\/\/flamencomadrid.com\/es\/wp-json\/wp\/v2\/users\/5"}],"replies":[{"embeddable":true,"href":"https:\/\/flamencomadrid.com\/es\/wp-json\/wp\/v2\/comments?post=559"}],"version-history":[{"count":13,"href":"https:\/\/flamencomadrid.com\/es\/wp-json\/wp\/v2\/posts\/559\/revisions"}],"predecessor-version":[{"id":1041,"href":"https:\/\/flamencomadrid.com\/es\/wp-json\/wp\/v2\/posts\/559\/revisions\/1041"}],"wp:featuredmedia":[{"embeddable":true,"href":"https:\/\/flamencomadrid.com\/es\/wp-json\/wp\/v2\/media\/924"}],"wp:attachment":[{"href":"https:\/\/flamencomadrid.com\/es\/wp-json\/wp\/v2\/media?parent=559"}],"wp:term":[{"taxonomy":"category","embeddable":true,"href":"https:\/\/flamencomadrid.com\/es\/wp-json\/wp\/v2\/categories?post=559"},{"taxonomy":"post_tag","embeddable":true,"href":"https:\/\/flamencomadrid.com\/es\/wp-json\/wp\/v2\/tags?post=559"}],"curies":[{"name":"wp","href":"https:\/\/api.w.org\/{rel}","templated":true}]}}