{"id":356,"date":"2022-05-04T15:41:08","date_gmt":"2022-05-04T15:41:08","guid":{"rendered":"http:\/\/fm.fullcircle.es\/?p=356"},"modified":"2024-01-26T14:16:55","modified_gmt":"2024-01-26T13:16:55","slug":"la-guitarra-y-el-flamenco","status":"publish","type":"post","link":"https:\/\/flamencomadrid.com\/es\/la-guitarra-y-el-flamenco\/","title":{"rendered":"La Guitarra y el Flamenco"},"content":{"rendered":"<p><\/p>\n<h5>La fusi\u00f3n definitiva del Flamenco y la guitarra Flamenca es en el siglo XX, de ella deriva la estructura de los diferentes palos flamencos: Sole\u00e1s, Alegr\u00edas, Seguriyas\u2026El Flamenco toma as\u00ed el car\u00e1cter de espect\u00e1culo.<\/h5>\n<h2><strong>La guitarra cl\u00e1sica y la guitarra flamenca son instrumentos distintos.<\/strong><\/h2>\n<p>Para empezar,\u00a0<strong>el tama\u00f1o cambia<\/strong>. La Guitarra Flamenca es ligeramente m\u00e1s peque\u00f1a que la cl\u00e1sica, y su aro evidentemente tambi\u00e9n. Dicen los flamencos que es el tama\u00f1o ideal para abrazar la guitarra, para que los dedos adquieran la capacidad de prolongarse hasta fundirse con las seis cuerdas.<\/p>\n<p><strong>El material\u00a0<\/strong>con el que se fabrica tambi\u00e9n es distinto. La guitarra flamenca suele estar hecha de\u00a0<strong>cipr\u00e9s y abeto<\/strong>, mientras que la cl\u00e1sica tiene una variedad m\u00e1s amplia en cuanto a maderas utilizadas, aunque las m\u00e1s usuales son el cedro y el palo santo.<\/p>\n<p>Otra diferencia, m\u00ednimamente apreciable a la vista, pero determinante al o\u00eddo es la\u00a0<strong>colocaci\u00f3n de las barras arm\u00f3nicas<\/strong>\u00a0ideadas para llevar a cabo t\u00e9cnicas flamencas como\u00a0<em>el rasgueo<\/em>, el movimiento que hace vibrar la tapa y volver a la posici\u00f3n de reposo en intervalos temporales muy peque\u00f1os.<\/p>\n<p>Y es que, si la guitarra flamenca es distinta a la cl\u00e1sica es precisamente porque en ella se emplean unas\u00a0<strong>t\u00e9cnicas espec\u00edficas: El picado, el tr\u00e9molo flamenco o los arpeguios,<\/strong>\u00a0por ejemplo. El sonido de la guitarra flamenca tiene menos sonoridad que la cl\u00e1sica, a su vez un\u00a0<strong>nivel m\u00e1s alto de percusi\u00f3n.<\/strong><\/p>\n<blockquote><p>La guitarra me ha ofrecido la capacidad de poder expresarme con el resto del mundo sin utilizar la palabra.<br \/>\n&#8211; Paco de Luc\u00eda<\/p><\/blockquote>\n<p>Estas peque\u00f1as diferencias entre la guitarra cl\u00e1sica y la flamenca, dibujan\u00a0<strong>la l\u00ednea que separa un sonido u otro.<\/strong>\u00a0Son tan sutiles, que por regla general los sitios donde podemos comprar o reparar una guitarra tratan los dos estilos, el cl\u00e1sico y el flamenco.<\/p>","protected":false},"excerpt":{"rendered":"La fusi\u00f3n definitiva del Flamenco y la guitarra Flamenca es en el siglo XX, de ella deriva la estructura de los diferentes palos flamencos: Sole\u00e1s, Alegr\u00edas, Seguriyas\u2026El Flamenco toma as\u00ed el car\u00e1cter de espect\u00e1culo. La guitarra cl\u00e1sica y la guitarra flamenca son instrumentos distintos. Para empezar,\u00a0el tama\u00f1o cambia. La Guitarra Flamenca es ligeramente m\u00e1s peque\u00f1a&#8230;","protected":false},"author":1,"featured_media":358,"comment_status":"closed","ping_status":"open","sticky":false,"template":"","format":"standard","meta":{"_acf_changed":false,"footnotes":""},"categories":[4],"tags":[],"class_list":["post-356","post","type-post","status-publish","format-standard","has-post-thumbnail","hentry","category-sonidos-y-canciones"],"acf":[],"yoast_head":"<!-- This site is optimized with the Yoast SEO plugin v27.4 - https:\/\/yoast.com\/product\/yoast-seo-wordpress\/ -->\n<title>La Guitarra y el Flamenco - Flamenco Madrid<\/title>\n<meta name=\"robots\" content=\"index, follow, max-snippet:-1, max-image-preview:large, max-video-preview:-1\" \/>\n<link rel=\"canonical\" href=\"\/\" \/>\n<meta property=\"og:locale\" content=\"es_ES\" \/>\n<meta property=\"og:type\" content=\"article\" \/>\n<meta property=\"og:title\" content=\"La Guitarra y el Flamenco - Flamenco Madrid\" \/>\n<meta property=\"og:description\" content=\"La fusi\u00f3n definitiva del Flamenco y la guitarra Flamenca es en el siglo XX, de ella deriva la estructura de los diferentes palos flamencos: Sole\u00e1s, Alegr\u00edas, Seguriyas\u2026El Flamenco toma as\u00ed el car\u00e1cter de espect\u00e1culo. La guitarra cl\u00e1sica y la guitarra flamenca son instrumentos distintos. Para empezar,\u00a0el tama\u00f1o cambia. La Guitarra Flamenca es ligeramente m\u00e1s peque\u00f1a...\" \/>\n<meta property=\"og:url\" content=\"https:\/\/flamencomadrid.com\/es\/la-guitarra-y-el-flamenco\/\" \/>\n<meta property=\"og:site_name\" content=\"Flamenco Madrid\" \/>\n<meta property=\"article:published_time\" content=\"2022-05-04T15:41:08+00:00\" \/>\n<meta property=\"article:modified_time\" content=\"2024-01-26T13:16:55+00:00\" \/>\n<meta property=\"og:image\" content=\"https:\/\/flamencomadrid.com\/wp-content\/uploads\/2022\/05\/la-guitarra-y-el-flamenco.jpg\" \/>\n\t<meta property=\"og:image:width\" content=\"1120\" \/>\n\t<meta property=\"og:image:height\" content=\"746\" \/>\n\t<meta property=\"og:image:type\" content=\"image\/jpeg\" \/>\n<meta name=\"author\" content=\"admin_fm\" \/>\n<meta name=\"twitter:card\" content=\"summary_large_image\" \/>\n<meta name=\"twitter:label1\" content=\"Escrito por\" \/>\n\t<meta name=\"twitter:data1\" content=\"admin_fm\" \/>\n\t<meta name=\"twitter:label2\" content=\"Tiempo de lectura\" \/>\n\t<meta name=\"twitter:data2\" content=\"2 minutos\" \/>\n<script type=\"application\/ld+json\" class=\"yoast-schema-graph\">{\"@context\":\"https:\\\/\\\/schema.org\",\"@graph\":[{\"@type\":\"Article\",\"@id\":\"https:\\\/\\\/flamencomadrid.com\\\/es\\\/la-guitarra-y-el-flamenco\\\/#article\",\"isPartOf\":{\"@id\":\"https:\\\/\\\/flamencomadrid.com\\\/es\\\/la-guitarra-y-el-flamenco\\\/\"},\"author\":{\"name\":\"admin_fm\",\"@id\":\"https:\\\/\\\/flamencomadrid.com\\\/es\\\/#\\\/schema\\\/person\\\/8c59f8648cbca0f7d7ee9498f516c561\"},\"headline\":\"La Guitarra y el Flamenco\",\"datePublished\":\"2022-05-04T15:41:08+00:00\",\"dateModified\":\"2024-01-26T13:16:55+00:00\",\"mainEntityOfPage\":{\"@id\":\"https:\\\/\\\/flamencomadrid.com\\\/es\\\/la-guitarra-y-el-flamenco\\\/\"},\"wordCount\":1309,\"image\":{\"@id\":\"https:\\\/\\\/flamencomadrid.com\\\/es\\\/la-guitarra-y-el-flamenco\\\/#primaryimage\"},\"thumbnailUrl\":\"https:\\\/\\\/flamencomadrid.com\\\/wp-content\\\/uploads\\\/2022\\\/05\\\/la-guitarra-y-el-flamenco.jpg\",\"articleSection\":[\"Sonidos y canciones\"],\"inLanguage\":\"es\"},{\"@type\":\"WebPage\",\"@id\":\"https:\\\/\\\/flamencomadrid.com\\\/es\\\/la-guitarra-y-el-flamenco\\\/\",\"url\":\"https:\\\/\\\/flamencomadrid.com\\\/es\\\/la-guitarra-y-el-flamenco\\\/\",\"name\":\"La Guitarra y el Flamenco - Flamenco Madrid\",\"isPartOf\":{\"@id\":\"https:\\\/\\\/flamencomadrid.com\\\/es\\\/#website\"},\"primaryImageOfPage\":{\"@id\":\"https:\\\/\\\/flamencomadrid.com\\\/es\\\/la-guitarra-y-el-flamenco\\\/#primaryimage\"},\"image\":{\"@id\":\"https:\\\/\\\/flamencomadrid.com\\\/es\\\/la-guitarra-y-el-flamenco\\\/#primaryimage\"},\"thumbnailUrl\":\"https:\\\/\\\/flamencomadrid.com\\\/wp-content\\\/uploads\\\/2022\\\/05\\\/la-guitarra-y-el-flamenco.jpg\",\"datePublished\":\"2022-05-04T15:41:08+00:00\",\"dateModified\":\"2024-01-26T13:16:55+00:00\",\"author\":{\"@id\":\"https:\\\/\\\/flamencomadrid.com\\\/es\\\/#\\\/schema\\\/person\\\/8c59f8648cbca0f7d7ee9498f516c561\"},\"breadcrumb\":{\"@id\":\"https:\\\/\\\/flamencomadrid.com\\\/es\\\/la-guitarra-y-el-flamenco\\\/#breadcrumb\"},\"inLanguage\":\"es\",\"potentialAction\":[{\"@type\":\"ReadAction\",\"target\":[[\"https:\\\/\\\/flamencomadrid.com\\\/es\\\/la-guitarra-y-el-flamenco\\\/\"]]}]},{\"@type\":\"ImageObject\",\"inLanguage\":\"es\",\"@id\":\"https:\\\/\\\/flamencomadrid.com\\\/es\\\/la-guitarra-y-el-flamenco\\\/#primaryimage\",\"url\":\"https:\\\/\\\/flamencomadrid.com\\\/wp-content\\\/uploads\\\/2022\\\/05\\\/la-guitarra-y-el-flamenco.jpg\",\"contentUrl\":\"https:\\\/\\\/flamencomadrid.com\\\/wp-content\\\/uploads\\\/2022\\\/05\\\/la-guitarra-y-el-flamenco.jpg\",\"width\":1120,\"height\":746},{\"@type\":\"BreadcrumbList\",\"@id\":\"https:\\\/\\\/flamencomadrid.com\\\/es\\\/la-guitarra-y-el-flamenco\\\/#breadcrumb\",\"itemListElement\":[{\"@type\":\"ListItem\",\"position\":1,\"name\":\"Home\",\"item\":\"https:\\\/\\\/flamencomadrid.com\\\/es\\\/\"},{\"@type\":\"ListItem\",\"position\":2,\"name\":\"La Guitarra y el Flamenco\"}]},{\"@type\":\"WebSite\",\"@id\":\"https:\\\/\\\/flamencomadrid.com\\\/es\\\/#website\",\"url\":\"https:\\\/\\\/flamencomadrid.com\\\/es\\\/\",\"name\":\"Flamenco Madrid\",\"description\":\"Otro sitio realizado con WordPress\",\"potentialAction\":[{\"@type\":\"SearchAction\",\"target\":{\"@type\":\"EntryPoint\",\"urlTemplate\":\"https:\\\/\\\/flamencomadrid.com\\\/es\\\/?s={search_term_string}\"},\"query-input\":{\"@type\":\"PropertyValueSpecification\",\"valueRequired\":true,\"valueName\":\"search_term_string\"}}],\"inLanguage\":\"es\"},{\"@type\":\"Person\",\"@id\":\"https:\\\/\\\/flamencomadrid.com\\\/es\\\/#\\\/schema\\\/person\\\/8c59f8648cbca0f7d7ee9498f516c561\",\"name\":\"admin_fm\",\"image\":{\"@type\":\"ImageObject\",\"inLanguage\":\"es\",\"@id\":\"https:\\\/\\\/secure.gravatar.com\\\/avatar\\\/74390b26a5e2b464e9c76f16c1e1a834a96863be28dd8c65644a4f9d210168b3?s=96&d=mm&r=g\",\"url\":\"https:\\\/\\\/secure.gravatar.com\\\/avatar\\\/74390b26a5e2b464e9c76f16c1e1a834a96863be28dd8c65644a4f9d210168b3?s=96&d=mm&r=g\",\"contentUrl\":\"https:\\\/\\\/secure.gravatar.com\\\/avatar\\\/74390b26a5e2b464e9c76f16c1e1a834a96863be28dd8c65644a4f9d210168b3?s=96&d=mm&r=g\",\"caption\":\"admin_fm\"},\"sameAs\":[\"http:\\\/\\\/fm.fullcircle.es\"]}]}<\/script>\n<!-- \/ Yoast SEO plugin. -->","yoast_head_json":{"title":"La Guitarra y el Flamenco - Flamenco Madrid","robots":{"index":"index","follow":"follow","max-snippet":"max-snippet:-1","max-image-preview":"max-image-preview:large","max-video-preview":"max-video-preview:-1"},"canonical":"\/","og_locale":"es_ES","og_type":"article","og_title":"La Guitarra y el Flamenco - Flamenco Madrid","og_description":"La fusi\u00f3n definitiva del Flamenco y la guitarra Flamenca es en el siglo XX, de ella deriva la estructura de los diferentes palos flamencos: Sole\u00e1s, Alegr\u00edas, Seguriyas\u2026El Flamenco toma as\u00ed el car\u00e1cter de espect\u00e1culo. La guitarra cl\u00e1sica y la guitarra flamenca son instrumentos distintos. Para empezar,\u00a0el tama\u00f1o cambia. La Guitarra Flamenca es ligeramente m\u00e1s peque\u00f1a...","og_url":"https:\/\/flamencomadrid.com\/es\/la-guitarra-y-el-flamenco\/","og_site_name":"Flamenco Madrid","article_published_time":"2022-05-04T15:41:08+00:00","article_modified_time":"2024-01-26T13:16:55+00:00","og_image":[{"width":1120,"height":746,"url":"https:\/\/flamencomadrid.com\/wp-content\/uploads\/2022\/05\/la-guitarra-y-el-flamenco.jpg","type":"image\/jpeg"}],"author":"admin_fm","twitter_card":"summary_large_image","twitter_misc":{"Escrito por":"admin_fm","Tiempo de lectura":"2 minutos"},"schema":{"@context":"https:\/\/schema.org","@graph":[{"@type":"Article","@id":"https:\/\/flamencomadrid.com\/es\/la-guitarra-y-el-flamenco\/#article","isPartOf":{"@id":"https:\/\/flamencomadrid.com\/es\/la-guitarra-y-el-flamenco\/"},"author":{"name":"admin_fm","@id":"https:\/\/flamencomadrid.com\/es\/#\/schema\/person\/8c59f8648cbca0f7d7ee9498f516c561"},"headline":"La Guitarra y el Flamenco","datePublished":"2022-05-04T15:41:08+00:00","dateModified":"2024-01-26T13:16:55+00:00","mainEntityOfPage":{"@id":"https:\/\/flamencomadrid.com\/es\/la-guitarra-y-el-flamenco\/"},"wordCount":1309,"image":{"@id":"https:\/\/flamencomadrid.com\/es\/la-guitarra-y-el-flamenco\/#primaryimage"},"thumbnailUrl":"https:\/\/flamencomadrid.com\/wp-content\/uploads\/2022\/05\/la-guitarra-y-el-flamenco.jpg","articleSection":["Sonidos y canciones"],"inLanguage":"es"},{"@type":"WebPage","@id":"https:\/\/flamencomadrid.com\/es\/la-guitarra-y-el-flamenco\/","url":"https:\/\/flamencomadrid.com\/es\/la-guitarra-y-el-flamenco\/","name":"La Guitarra y el Flamenco - Flamenco Madrid","isPartOf":{"@id":"https:\/\/flamencomadrid.com\/es\/#website"},"primaryImageOfPage":{"@id":"https:\/\/flamencomadrid.com\/es\/la-guitarra-y-el-flamenco\/#primaryimage"},"image":{"@id":"https:\/\/flamencomadrid.com\/es\/la-guitarra-y-el-flamenco\/#primaryimage"},"thumbnailUrl":"https:\/\/flamencomadrid.com\/wp-content\/uploads\/2022\/05\/la-guitarra-y-el-flamenco.jpg","datePublished":"2022-05-04T15:41:08+00:00","dateModified":"2024-01-26T13:16:55+00:00","author":{"@id":"https:\/\/flamencomadrid.com\/es\/#\/schema\/person\/8c59f8648cbca0f7d7ee9498f516c561"},"breadcrumb":{"@id":"https:\/\/flamencomadrid.com\/es\/la-guitarra-y-el-flamenco\/#breadcrumb"},"inLanguage":"es","potentialAction":[{"@type":"ReadAction","target":[["https:\/\/flamencomadrid.com\/es\/la-guitarra-y-el-flamenco\/"]]}]},{"@type":"ImageObject","inLanguage":"es","@id":"https:\/\/flamencomadrid.com\/es\/la-guitarra-y-el-flamenco\/#primaryimage","url":"https:\/\/flamencomadrid.com\/wp-content\/uploads\/2022\/05\/la-guitarra-y-el-flamenco.jpg","contentUrl":"https:\/\/flamencomadrid.com\/wp-content\/uploads\/2022\/05\/la-guitarra-y-el-flamenco.jpg","width":1120,"height":746},{"@type":"BreadcrumbList","@id":"https:\/\/flamencomadrid.com\/es\/la-guitarra-y-el-flamenco\/#breadcrumb","itemListElement":[{"@type":"ListItem","position":1,"name":"Home","item":"https:\/\/flamencomadrid.com\/es\/"},{"@type":"ListItem","position":2,"name":"La Guitarra y el Flamenco"}]},{"@type":"WebSite","@id":"https:\/\/flamencomadrid.com\/es\/#website","url":"https:\/\/flamencomadrid.com\/es\/","name":"Flamenco Madrid","description":"Otro sitio realizado con WordPress","potentialAction":[{"@type":"SearchAction","target":{"@type":"EntryPoint","urlTemplate":"https:\/\/flamencomadrid.com\/es\/?s={search_term_string}"},"query-input":{"@type":"PropertyValueSpecification","valueRequired":true,"valueName":"search_term_string"}}],"inLanguage":"es"},{"@type":"Person","@id":"https:\/\/flamencomadrid.com\/es\/#\/schema\/person\/8c59f8648cbca0f7d7ee9498f516c561","name":"admin_fm","image":{"@type":"ImageObject","inLanguage":"es","@id":"https:\/\/secure.gravatar.com\/avatar\/74390b26a5e2b464e9c76f16c1e1a834a96863be28dd8c65644a4f9d210168b3?s=96&d=mm&r=g","url":"https:\/\/secure.gravatar.com\/avatar\/74390b26a5e2b464e9c76f16c1e1a834a96863be28dd8c65644a4f9d210168b3?s=96&d=mm&r=g","contentUrl":"https:\/\/secure.gravatar.com\/avatar\/74390b26a5e2b464e9c76f16c1e1a834a96863be28dd8c65644a4f9d210168b3?s=96&d=mm&r=g","caption":"admin_fm"},"sameAs":["http:\/\/fm.fullcircle.es"]}]}},"_links":{"self":[{"href":"https:\/\/flamencomadrid.com\/es\/wp-json\/wp\/v2\/posts\/356","targetHints":{"allow":["GET"]}}],"collection":[{"href":"https:\/\/flamencomadrid.com\/es\/wp-json\/wp\/v2\/posts"}],"about":[{"href":"https:\/\/flamencomadrid.com\/es\/wp-json\/wp\/v2\/types\/post"}],"author":[{"embeddable":true,"href":"https:\/\/flamencomadrid.com\/es\/wp-json\/wp\/v2\/users\/1"}],"replies":[{"embeddable":true,"href":"https:\/\/flamencomadrid.com\/es\/wp-json\/wp\/v2\/comments?post=356"}],"version-history":[{"count":7,"href":"https:\/\/flamencomadrid.com\/es\/wp-json\/wp\/v2\/posts\/356\/revisions"}],"predecessor-version":[{"id":1007,"href":"https:\/\/flamencomadrid.com\/es\/wp-json\/wp\/v2\/posts\/356\/revisions\/1007"}],"wp:featuredmedia":[{"embeddable":true,"href":"https:\/\/flamencomadrid.com\/es\/wp-json\/wp\/v2\/media\/358"}],"wp:attachment":[{"href":"https:\/\/flamencomadrid.com\/es\/wp-json\/wp\/v2\/media?parent=356"}],"wp:term":[{"taxonomy":"category","embeddable":true,"href":"https:\/\/flamencomadrid.com\/es\/wp-json\/wp\/v2\/categories?post=356"},{"taxonomy":"post_tag","embeddable":true,"href":"https:\/\/flamencomadrid.com\/es\/wp-json\/wp\/v2\/tags?post=356"}],"curies":[{"name":"wp","href":"https:\/\/api.w.org\/{rel}","templated":true}]}}