{"id":300,"date":"2022-05-03T13:56:17","date_gmt":"2022-05-03T13:56:17","guid":{"rendered":"http:\/\/fm.fullcircle.es\/?p=300"},"modified":"2024-01-26T14:17:17","modified_gmt":"2024-01-26T13:17:17","slug":"otros-sonidos-del-flamenco","status":"publish","type":"post","link":"https:\/\/flamencomadrid.com\/es\/otros-sonidos-del-flamenco\/","title":{"rendered":"Otros sonidos del Flamenco"},"content":{"rendered":"<p>Al estar\u00a0<strong>vivo<\/strong>, el Flamenco se nutre constantemente de nuevos sonidos. Una parte trascendental en la evoluci\u00f3n de este arte.<\/p>\n<p>La capacidad que tiene el Flamenco para\u00a0<strong>adaptarse a los nuevos tiempos y mantener la esencia<\/strong>\u00a0de sus or\u00edgenes es algo inusual en otros s\u00edmbolos culturales.<\/p>\n<blockquote><p>Se puede cantar con una orquesta, con un viol\u00edn, con flauta\u2026<\/p>\n<p><em>\u2014 Manolo Caracol<\/em><\/p><\/blockquote>\n<p>Actualmente vivimos una \u00e9poca de\u00a0<strong>ebullici\u00f3n creativa para el Flamenco.<\/strong>\u00a0Donde los artistas de renombre se reinventan as\u00ed mismos, y nuevas generaciones est\u00e1n dispuestas a participar en la supervivencia de este antiqu\u00edsimo arte.<\/p>","protected":false},"excerpt":{"rendered":"Al estar\u00a0vivo, el Flamenco se nutre constantemente de nuevos sonidos. Una parte trascendental en la evoluci\u00f3n de este arte. La capacidad que tiene el Flamenco para\u00a0adaptarse a los nuevos tiempos y mantener la esencia\u00a0de sus or\u00edgenes es algo inusual en otros s\u00edmbolos culturales. Se puede cantar con una orquesta, con un viol\u00edn, con flauta\u2026 \u2014&#8230;","protected":false},"author":1,"featured_media":304,"comment_status":"closed","ping_status":"open","sticky":false,"template":"","format":"standard","meta":{"_acf_changed":false,"footnotes":""},"categories":[4],"tags":[],"class_list":["post-300","post","type-post","status-publish","format-standard","has-post-thumbnail","hentry","category-sonidos-y-canciones"],"acf":[],"yoast_head":"<!-- This site is optimized with the Yoast SEO plugin v27.4 - https:\/\/yoast.com\/product\/yoast-seo-wordpress\/ -->\n<title>Otros sonidos del Flamenco - Flamenco Madrid<\/title>\n<meta name=\"robots\" content=\"index, follow, max-snippet:-1, max-image-preview:large, max-video-preview:-1\" \/>\n<link rel=\"canonical\" href=\"\/\" \/>\n<meta property=\"og:locale\" content=\"es_ES\" \/>\n<meta property=\"og:type\" content=\"article\" \/>\n<meta property=\"og:title\" content=\"Otros sonidos del Flamenco - Flamenco Madrid\" \/>\n<meta property=\"og:description\" content=\"Al estar\u00a0vivo, el Flamenco se nutre constantemente de nuevos sonidos. Una parte trascendental en la evoluci\u00f3n de este arte. La capacidad que tiene el Flamenco para\u00a0adaptarse a los nuevos tiempos y mantener la esencia\u00a0de sus or\u00edgenes es algo inusual en otros s\u00edmbolos culturales. Se puede cantar con una orquesta, con un viol\u00edn, con flauta\u2026 \u2014...\" \/>\n<meta property=\"og:url\" content=\"https:\/\/flamencomadrid.com\/es\/otros-sonidos-del-flamenco\/\" \/>\n<meta property=\"og:site_name\" content=\"Flamenco Madrid\" \/>\n<meta property=\"article:published_time\" content=\"2022-05-03T13:56:17+00:00\" \/>\n<meta property=\"article:modified_time\" content=\"2024-01-26T13:17:17+00:00\" \/>\n<meta property=\"og:image\" content=\"https:\/\/flamencomadrid.com\/wp-content\/uploads\/2022\/05\/otros-sonidos-del-flamenco-2.jpg\" \/>\n\t<meta property=\"og:image:width\" content=\"750\" \/>\n\t<meta property=\"og:image:height\" content=\"500\" \/>\n\t<meta property=\"og:image:type\" content=\"image\/jpeg\" \/>\n<meta name=\"author\" content=\"admin_fm\" \/>\n<meta name=\"twitter:card\" content=\"summary_large_image\" \/>\n<meta name=\"twitter:label1\" content=\"Escrito por\" \/>\n\t<meta name=\"twitter:data1\" content=\"admin_fm\" \/>\n\t<meta name=\"twitter:label2\" content=\"Tiempo de lectura\" \/>\n\t<meta name=\"twitter:data2\" content=\"2 minutos\" \/>\n<script type=\"application\/ld+json\" class=\"yoast-schema-graph\">{\"@context\":\"https:\\\/\\\/schema.org\",\"@graph\":[{\"@type\":\"Article\",\"@id\":\"https:\\\/\\\/flamencomadrid.com\\\/es\\\/otros-sonidos-del-flamenco\\\/#article\",\"isPartOf\":{\"@id\":\"https:\\\/\\\/flamencomadrid.com\\\/es\\\/otros-sonidos-del-flamenco\\\/\"},\"author\":{\"name\":\"admin_fm\",\"@id\":\"https:\\\/\\\/flamencomadrid.com\\\/es\\\/#\\\/schema\\\/person\\\/8c59f8648cbca0f7d7ee9498f516c561\"},\"headline\":\"Otros sonidos del Flamenco\",\"datePublished\":\"2022-05-03T13:56:17+00:00\",\"dateModified\":\"2024-01-26T13:17:17+00:00\",\"mainEntityOfPage\":{\"@id\":\"https:\\\/\\\/flamencomadrid.com\\\/es\\\/otros-sonidos-del-flamenco\\\/\"},\"wordCount\":397,\"image\":{\"@id\":\"https:\\\/\\\/flamencomadrid.com\\\/es\\\/otros-sonidos-del-flamenco\\\/#primaryimage\"},\"thumbnailUrl\":\"https:\\\/\\\/flamencomadrid.com\\\/wp-content\\\/uploads\\\/2022\\\/05\\\/otros-sonidos-del-flamenco-2.jpg\",\"articleSection\":[\"Sonidos y canciones\"],\"inLanguage\":\"es\"},{\"@type\":\"WebPage\",\"@id\":\"https:\\\/\\\/flamencomadrid.com\\\/es\\\/otros-sonidos-del-flamenco\\\/\",\"url\":\"https:\\\/\\\/flamencomadrid.com\\\/es\\\/otros-sonidos-del-flamenco\\\/\",\"name\":\"Otros sonidos del Flamenco - Flamenco Madrid\",\"isPartOf\":{\"@id\":\"https:\\\/\\\/flamencomadrid.com\\\/es\\\/#website\"},\"primaryImageOfPage\":{\"@id\":\"https:\\\/\\\/flamencomadrid.com\\\/es\\\/otros-sonidos-del-flamenco\\\/#primaryimage\"},\"image\":{\"@id\":\"https:\\\/\\\/flamencomadrid.com\\\/es\\\/otros-sonidos-del-flamenco\\\/#primaryimage\"},\"thumbnailUrl\":\"https:\\\/\\\/flamencomadrid.com\\\/wp-content\\\/uploads\\\/2022\\\/05\\\/otros-sonidos-del-flamenco-2.jpg\",\"datePublished\":\"2022-05-03T13:56:17+00:00\",\"dateModified\":\"2024-01-26T13:17:17+00:00\",\"author\":{\"@id\":\"https:\\\/\\\/flamencomadrid.com\\\/es\\\/#\\\/schema\\\/person\\\/8c59f8648cbca0f7d7ee9498f516c561\"},\"breadcrumb\":{\"@id\":\"https:\\\/\\\/flamencomadrid.com\\\/es\\\/otros-sonidos-del-flamenco\\\/#breadcrumb\"},\"inLanguage\":\"es\",\"potentialAction\":[{\"@type\":\"ReadAction\",\"target\":[[\"https:\\\/\\\/flamencomadrid.com\\\/es\\\/otros-sonidos-del-flamenco\\\/\"]]}]},{\"@type\":\"ImageObject\",\"inLanguage\":\"es\",\"@id\":\"https:\\\/\\\/flamencomadrid.com\\\/es\\\/otros-sonidos-del-flamenco\\\/#primaryimage\",\"url\":\"https:\\\/\\\/flamencomadrid.com\\\/wp-content\\\/uploads\\\/2022\\\/05\\\/otros-sonidos-del-flamenco-2.jpg\",\"contentUrl\":\"https:\\\/\\\/flamencomadrid.com\\\/wp-content\\\/uploads\\\/2022\\\/05\\\/otros-sonidos-del-flamenco-2.jpg\",\"width\":750,\"height\":500},{\"@type\":\"BreadcrumbList\",\"@id\":\"https:\\\/\\\/flamencomadrid.com\\\/es\\\/otros-sonidos-del-flamenco\\\/#breadcrumb\",\"itemListElement\":[{\"@type\":\"ListItem\",\"position\":1,\"name\":\"Home\",\"item\":\"https:\\\/\\\/flamencomadrid.com\\\/es\\\/\"},{\"@type\":\"ListItem\",\"position\":2,\"name\":\"Otros sonidos del Flamenco\"}]},{\"@type\":\"WebSite\",\"@id\":\"https:\\\/\\\/flamencomadrid.com\\\/es\\\/#website\",\"url\":\"https:\\\/\\\/flamencomadrid.com\\\/es\\\/\",\"name\":\"Flamenco Madrid\",\"description\":\"Otro sitio realizado con WordPress\",\"potentialAction\":[{\"@type\":\"SearchAction\",\"target\":{\"@type\":\"EntryPoint\",\"urlTemplate\":\"https:\\\/\\\/flamencomadrid.com\\\/es\\\/?s={search_term_string}\"},\"query-input\":{\"@type\":\"PropertyValueSpecification\",\"valueRequired\":true,\"valueName\":\"search_term_string\"}}],\"inLanguage\":\"es\"},{\"@type\":\"Person\",\"@id\":\"https:\\\/\\\/flamencomadrid.com\\\/es\\\/#\\\/schema\\\/person\\\/8c59f8648cbca0f7d7ee9498f516c561\",\"name\":\"admin_fm\",\"image\":{\"@type\":\"ImageObject\",\"inLanguage\":\"es\",\"@id\":\"https:\\\/\\\/secure.gravatar.com\\\/avatar\\\/74390b26a5e2b464e9c76f16c1e1a834a96863be28dd8c65644a4f9d210168b3?s=96&d=mm&r=g\",\"url\":\"https:\\\/\\\/secure.gravatar.com\\\/avatar\\\/74390b26a5e2b464e9c76f16c1e1a834a96863be28dd8c65644a4f9d210168b3?s=96&d=mm&r=g\",\"contentUrl\":\"https:\\\/\\\/secure.gravatar.com\\\/avatar\\\/74390b26a5e2b464e9c76f16c1e1a834a96863be28dd8c65644a4f9d210168b3?s=96&d=mm&r=g\",\"caption\":\"admin_fm\"},\"sameAs\":[\"http:\\\/\\\/fm.fullcircle.es\"]}]}<\/script>\n<!-- \/ Yoast SEO plugin. -->","yoast_head_json":{"title":"Otros sonidos del Flamenco - Flamenco Madrid","robots":{"index":"index","follow":"follow","max-snippet":"max-snippet:-1","max-image-preview":"max-image-preview:large","max-video-preview":"max-video-preview:-1"},"canonical":"\/","og_locale":"es_ES","og_type":"article","og_title":"Otros sonidos del Flamenco - Flamenco Madrid","og_description":"Al estar\u00a0vivo, el Flamenco se nutre constantemente de nuevos sonidos. Una parte trascendental en la evoluci\u00f3n de este arte. La capacidad que tiene el Flamenco para\u00a0adaptarse a los nuevos tiempos y mantener la esencia\u00a0de sus or\u00edgenes es algo inusual en otros s\u00edmbolos culturales. Se puede cantar con una orquesta, con un viol\u00edn, con flauta\u2026 \u2014...","og_url":"https:\/\/flamencomadrid.com\/es\/otros-sonidos-del-flamenco\/","og_site_name":"Flamenco Madrid","article_published_time":"2022-05-03T13:56:17+00:00","article_modified_time":"2024-01-26T13:17:17+00:00","og_image":[{"width":750,"height":500,"url":"https:\/\/flamencomadrid.com\/wp-content\/uploads\/2022\/05\/otros-sonidos-del-flamenco-2.jpg","type":"image\/jpeg"}],"author":"admin_fm","twitter_card":"summary_large_image","twitter_misc":{"Escrito por":"admin_fm","Tiempo de lectura":"2 minutos"},"schema":{"@context":"https:\/\/schema.org","@graph":[{"@type":"Article","@id":"https:\/\/flamencomadrid.com\/es\/otros-sonidos-del-flamenco\/#article","isPartOf":{"@id":"https:\/\/flamencomadrid.com\/es\/otros-sonidos-del-flamenco\/"},"author":{"name":"admin_fm","@id":"https:\/\/flamencomadrid.com\/es\/#\/schema\/person\/8c59f8648cbca0f7d7ee9498f516c561"},"headline":"Otros sonidos del Flamenco","datePublished":"2022-05-03T13:56:17+00:00","dateModified":"2024-01-26T13:17:17+00:00","mainEntityOfPage":{"@id":"https:\/\/flamencomadrid.com\/es\/otros-sonidos-del-flamenco\/"},"wordCount":397,"image":{"@id":"https:\/\/flamencomadrid.com\/es\/otros-sonidos-del-flamenco\/#primaryimage"},"thumbnailUrl":"https:\/\/flamencomadrid.com\/wp-content\/uploads\/2022\/05\/otros-sonidos-del-flamenco-2.jpg","articleSection":["Sonidos y canciones"],"inLanguage":"es"},{"@type":"WebPage","@id":"https:\/\/flamencomadrid.com\/es\/otros-sonidos-del-flamenco\/","url":"https:\/\/flamencomadrid.com\/es\/otros-sonidos-del-flamenco\/","name":"Otros sonidos del Flamenco - Flamenco Madrid","isPartOf":{"@id":"https:\/\/flamencomadrid.com\/es\/#website"},"primaryImageOfPage":{"@id":"https:\/\/flamencomadrid.com\/es\/otros-sonidos-del-flamenco\/#primaryimage"},"image":{"@id":"https:\/\/flamencomadrid.com\/es\/otros-sonidos-del-flamenco\/#primaryimage"},"thumbnailUrl":"https:\/\/flamencomadrid.com\/wp-content\/uploads\/2022\/05\/otros-sonidos-del-flamenco-2.jpg","datePublished":"2022-05-03T13:56:17+00:00","dateModified":"2024-01-26T13:17:17+00:00","author":{"@id":"https:\/\/flamencomadrid.com\/es\/#\/schema\/person\/8c59f8648cbca0f7d7ee9498f516c561"},"breadcrumb":{"@id":"https:\/\/flamencomadrid.com\/es\/otros-sonidos-del-flamenco\/#breadcrumb"},"inLanguage":"es","potentialAction":[{"@type":"ReadAction","target":[["https:\/\/flamencomadrid.com\/es\/otros-sonidos-del-flamenco\/"]]}]},{"@type":"ImageObject","inLanguage":"es","@id":"https:\/\/flamencomadrid.com\/es\/otros-sonidos-del-flamenco\/#primaryimage","url":"https:\/\/flamencomadrid.com\/wp-content\/uploads\/2022\/05\/otros-sonidos-del-flamenco-2.jpg","contentUrl":"https:\/\/flamencomadrid.com\/wp-content\/uploads\/2022\/05\/otros-sonidos-del-flamenco-2.jpg","width":750,"height":500},{"@type":"BreadcrumbList","@id":"https:\/\/flamencomadrid.com\/es\/otros-sonidos-del-flamenco\/#breadcrumb","itemListElement":[{"@type":"ListItem","position":1,"name":"Home","item":"https:\/\/flamencomadrid.com\/es\/"},{"@type":"ListItem","position":2,"name":"Otros sonidos del Flamenco"}]},{"@type":"WebSite","@id":"https:\/\/flamencomadrid.com\/es\/#website","url":"https:\/\/flamencomadrid.com\/es\/","name":"Flamenco Madrid","description":"Otro sitio realizado con WordPress","potentialAction":[{"@type":"SearchAction","target":{"@type":"EntryPoint","urlTemplate":"https:\/\/flamencomadrid.com\/es\/?s={search_term_string}"},"query-input":{"@type":"PropertyValueSpecification","valueRequired":true,"valueName":"search_term_string"}}],"inLanguage":"es"},{"@type":"Person","@id":"https:\/\/flamencomadrid.com\/es\/#\/schema\/person\/8c59f8648cbca0f7d7ee9498f516c561","name":"admin_fm","image":{"@type":"ImageObject","inLanguage":"es","@id":"https:\/\/secure.gravatar.com\/avatar\/74390b26a5e2b464e9c76f16c1e1a834a96863be28dd8c65644a4f9d210168b3?s=96&d=mm&r=g","url":"https:\/\/secure.gravatar.com\/avatar\/74390b26a5e2b464e9c76f16c1e1a834a96863be28dd8c65644a4f9d210168b3?s=96&d=mm&r=g","contentUrl":"https:\/\/secure.gravatar.com\/avatar\/74390b26a5e2b464e9c76f16c1e1a834a96863be28dd8c65644a4f9d210168b3?s=96&d=mm&r=g","caption":"admin_fm"},"sameAs":["http:\/\/fm.fullcircle.es"]}]}},"_links":{"self":[{"href":"https:\/\/flamencomadrid.com\/es\/wp-json\/wp\/v2\/posts\/300","targetHints":{"allow":["GET"]}}],"collection":[{"href":"https:\/\/flamencomadrid.com\/es\/wp-json\/wp\/v2\/posts"}],"about":[{"href":"https:\/\/flamencomadrid.com\/es\/wp-json\/wp\/v2\/types\/post"}],"author":[{"embeddable":true,"href":"https:\/\/flamencomadrid.com\/es\/wp-json\/wp\/v2\/users\/1"}],"replies":[{"embeddable":true,"href":"https:\/\/flamencomadrid.com\/es\/wp-json\/wp\/v2\/comments?post=300"}],"version-history":[{"count":7,"href":"https:\/\/flamencomadrid.com\/es\/wp-json\/wp\/v2\/posts\/300\/revisions"}],"predecessor-version":[{"id":1011,"href":"https:\/\/flamencomadrid.com\/es\/wp-json\/wp\/v2\/posts\/300\/revisions\/1011"}],"wp:featuredmedia":[{"embeddable":true,"href":"https:\/\/flamencomadrid.com\/es\/wp-json\/wp\/v2\/media\/304"}],"wp:attachment":[{"href":"https:\/\/flamencomadrid.com\/es\/wp-json\/wp\/v2\/media?parent=300"}],"wp:term":[{"taxonomy":"category","embeddable":true,"href":"https:\/\/flamencomadrid.com\/es\/wp-json\/wp\/v2\/categories?post=300"},{"taxonomy":"post_tag","embeddable":true,"href":"https:\/\/flamencomadrid.com\/es\/wp-json\/wp\/v2\/tags?post=300"}],"curies":[{"name":"wp","href":"https:\/\/api.w.org\/{rel}","templated":true}]}}