{"id":172,"date":"2022-04-30T11:10:49","date_gmt":"2022-04-30T11:10:49","guid":{"rendered":"http:\/\/fm.fullcircle.es\/?p=172"},"modified":"2024-01-26T14:17:01","modified_gmt":"2024-01-26T13:17:01","slug":"auto-tune-polemica-para-el-flamenco","status":"publish","type":"post","link":"https:\/\/flamencomadrid.com\/es\/auto-tune-polemica-flamenco\/","title":{"rendered":"Auto-tune: Pol\u00e9mica para el Flamenco"},"content":{"rendered":"<p><\/p>\n<h3>Sin duda, El Auto-tune es el instrumento que m\u00e1s controversia ha generado a la hora de introducirse en el Flamenco.<\/h3>\n<p>El auto-tune es una especie de software que facilita la tarea de corregir la afinaci\u00f3n de una melod\u00eda o l\u00ednea musical. Algunos puristas han criticado su uso hasta la saciedad, pero ello no ha impedido que se haya dejado escuchar en voces tan relevantes del panorama musical actual como\u00a0<strong>Rosal\u00eda\u00a0<\/strong>o\u00a0<strong>Sole\u00e1 Morente.<\/strong><\/p>\n<blockquote><p>Con el auto tune consigues una agresividad que normalmente no es igual con una voz org\u00e1nica. Soy consciente de que tiene muy mala fama, pero es importante no tener prejuicios. He tenido que aprender a utilizarlo, no es f\u00e1cil &#8211; Rosal\u00eda<\/p><\/blockquote>\n<p>No debemos olvidar que el arte empoderado de\u00a0<strong><a href=\"https:\/\/fm.fullcircle.es\/canciones-de-flamenco-que-marcaron-la-historia-de-la-musica\/\">Camar\u00f3n<\/a>, Enrique Morente o Lole y Manuel,<\/strong>\u00a0tambi\u00e9n gener\u00f3 en su d\u00eda una enorme pol\u00e9mica por introducir\u00a0<strong>elementos sonoros y est\u00e9ticos ajenos al Flamenco.<\/strong><\/p>","protected":false},"excerpt":{"rendered":"Sin duda, El Auto-tune es el instrumento que m\u00e1s controversia ha generado a la hora de introducirse en el Flamenco. El auto-tune es una especie de software que facilita la tarea de corregir la afinaci\u00f3n de una melod\u00eda o l\u00ednea musical. Algunos puristas han criticado su uso hasta la saciedad, pero ello no ha impedido&#8230;","protected":false},"author":1,"featured_media":307,"comment_status":"closed","ping_status":"open","sticky":false,"template":"","format":"standard","meta":{"_acf_changed":false,"footnotes":""},"categories":[4],"tags":[],"class_list":["post-172","post","type-post","status-publish","format-standard","has-post-thumbnail","hentry","category-sonidos-y-canciones"],"acf":[],"yoast_head":"<!-- This site is optimized with the Yoast SEO plugin v27.4 - https:\/\/yoast.com\/product\/yoast-seo-wordpress\/ -->\n<title>Auto-tune: Pol\u00e9mica para el Flamenco - Flamenco Madrid<\/title>\n<meta name=\"robots\" content=\"index, follow, max-snippet:-1, max-image-preview:large, max-video-preview:-1\" \/>\n<link rel=\"canonical\" href=\"\/\" \/>\n<meta property=\"og:locale\" content=\"es_ES\" \/>\n<meta property=\"og:type\" content=\"article\" \/>\n<meta property=\"og:title\" content=\"Auto-tune: Pol\u00e9mica para el Flamenco - Flamenco Madrid\" \/>\n<meta property=\"og:description\" content=\"Sin duda, El Auto-tune es el instrumento que m\u00e1s controversia ha generado a la hora de introducirse en el Flamenco. El auto-tune es una especie de software que facilita la tarea de corregir la afinaci\u00f3n de una melod\u00eda o l\u00ednea musical. Algunos puristas han criticado su uso hasta la saciedad, pero ello no ha impedido...\" \/>\n<meta property=\"og:url\" content=\"https:\/\/flamencomadrid.com\/es\/auto-tune-polemica-flamenco\/\" \/>\n<meta property=\"og:site_name\" content=\"Flamenco Madrid\" \/>\n<meta property=\"article:published_time\" content=\"2022-04-30T11:10:49+00:00\" \/>\n<meta property=\"article:modified_time\" content=\"2024-01-26T13:17:01+00:00\" \/>\n<meta property=\"og:image\" content=\"https:\/\/flamencomadrid.com\/wp-content\/uploads\/2022\/04\/auto-tune_-polemica-para-el-flamenco.jpg\" \/>\n\t<meta property=\"og:image:width\" content=\"600\" \/>\n\t<meta property=\"og:image:height\" content=\"400\" \/>\n\t<meta property=\"og:image:type\" content=\"image\/jpeg\" \/>\n<meta name=\"author\" content=\"admin_fm\" \/>\n<meta name=\"twitter:card\" content=\"summary_large_image\" \/>\n<meta name=\"twitter:label1\" content=\"Escrito por\" \/>\n\t<meta name=\"twitter:data1\" content=\"admin_fm\" \/>\n\t<meta name=\"twitter:label2\" content=\"Tiempo de lectura\" \/>\n\t<meta name=\"twitter:data2\" content=\"1 minuto\" \/>\n<script type=\"application\/ld+json\" class=\"yoast-schema-graph\">{\"@context\":\"https:\\\/\\\/schema.org\",\"@graph\":[{\"@type\":\"Article\",\"@id\":\"https:\\\/\\\/flamencomadrid.com\\\/es\\\/auto-tune-polemica-flamenco\\\/#article\",\"isPartOf\":{\"@id\":\"https:\\\/\\\/flamencomadrid.com\\\/es\\\/auto-tune-polemica-flamenco\\\/\"},\"author\":{\"name\":\"admin_fm\",\"@id\":\"https:\\\/\\\/flamencomadrid.com\\\/es\\\/#\\\/schema\\\/person\\\/8c59f8648cbca0f7d7ee9498f516c561\"},\"headline\":\"Auto-tune: Pol\u00e9mica para el Flamenco\",\"datePublished\":\"2022-04-30T11:10:49+00:00\",\"dateModified\":\"2024-01-26T13:17:01+00:00\",\"mainEntityOfPage\":{\"@id\":\"https:\\\/\\\/flamencomadrid.com\\\/es\\\/auto-tune-polemica-flamenco\\\/\"},\"wordCount\":654,\"image\":{\"@id\":\"https:\\\/\\\/flamencomadrid.com\\\/es\\\/auto-tune-polemica-flamenco\\\/#primaryimage\"},\"thumbnailUrl\":\"https:\\\/\\\/flamencomadrid.com\\\/wp-content\\\/uploads\\\/2022\\\/04\\\/auto-tune_-polemica-para-el-flamenco.jpg\",\"articleSection\":[\"Sonidos y canciones\"],\"inLanguage\":\"es\"},{\"@type\":\"WebPage\",\"@id\":\"https:\\\/\\\/flamencomadrid.com\\\/es\\\/auto-tune-polemica-flamenco\\\/\",\"url\":\"https:\\\/\\\/flamencomadrid.com\\\/es\\\/auto-tune-polemica-flamenco\\\/\",\"name\":\"Auto-tune: Pol\u00e9mica para el Flamenco - Flamenco Madrid\",\"isPartOf\":{\"@id\":\"https:\\\/\\\/flamencomadrid.com\\\/es\\\/#website\"},\"primaryImageOfPage\":{\"@id\":\"https:\\\/\\\/flamencomadrid.com\\\/es\\\/auto-tune-polemica-flamenco\\\/#primaryimage\"},\"image\":{\"@id\":\"https:\\\/\\\/flamencomadrid.com\\\/es\\\/auto-tune-polemica-flamenco\\\/#primaryimage\"},\"thumbnailUrl\":\"https:\\\/\\\/flamencomadrid.com\\\/wp-content\\\/uploads\\\/2022\\\/04\\\/auto-tune_-polemica-para-el-flamenco.jpg\",\"datePublished\":\"2022-04-30T11:10:49+00:00\",\"dateModified\":\"2024-01-26T13:17:01+00:00\",\"author\":{\"@id\":\"https:\\\/\\\/flamencomadrid.com\\\/es\\\/#\\\/schema\\\/person\\\/8c59f8648cbca0f7d7ee9498f516c561\"},\"breadcrumb\":{\"@id\":\"https:\\\/\\\/flamencomadrid.com\\\/es\\\/auto-tune-polemica-flamenco\\\/#breadcrumb\"},\"inLanguage\":\"es\",\"potentialAction\":[{\"@type\":\"ReadAction\",\"target\":[[\"https:\\\/\\\/flamencomadrid.com\\\/es\\\/auto-tune-polemica-flamenco\\\/\"]]}]},{\"@type\":\"ImageObject\",\"inLanguage\":\"es\",\"@id\":\"https:\\\/\\\/flamencomadrid.com\\\/es\\\/auto-tune-polemica-flamenco\\\/#primaryimage\",\"url\":\"https:\\\/\\\/flamencomadrid.com\\\/wp-content\\\/uploads\\\/2022\\\/04\\\/auto-tune_-polemica-para-el-flamenco.jpg\",\"contentUrl\":\"https:\\\/\\\/flamencomadrid.com\\\/wp-content\\\/uploads\\\/2022\\\/04\\\/auto-tune_-polemica-para-el-flamenco.jpg\",\"width\":600,\"height\":400},{\"@type\":\"BreadcrumbList\",\"@id\":\"https:\\\/\\\/flamencomadrid.com\\\/es\\\/auto-tune-polemica-flamenco\\\/#breadcrumb\",\"itemListElement\":[{\"@type\":\"ListItem\",\"position\":1,\"name\":\"Home\",\"item\":\"https:\\\/\\\/flamencomadrid.com\\\/es\\\/\"},{\"@type\":\"ListItem\",\"position\":2,\"name\":\"Auto-tune: Pol\u00e9mica para el Flamenco\"}]},{\"@type\":\"WebSite\",\"@id\":\"https:\\\/\\\/flamencomadrid.com\\\/es\\\/#website\",\"url\":\"https:\\\/\\\/flamencomadrid.com\\\/es\\\/\",\"name\":\"Flamenco Madrid\",\"description\":\"Otro sitio realizado con WordPress\",\"potentialAction\":[{\"@type\":\"SearchAction\",\"target\":{\"@type\":\"EntryPoint\",\"urlTemplate\":\"https:\\\/\\\/flamencomadrid.com\\\/es\\\/?s={search_term_string}\"},\"query-input\":{\"@type\":\"PropertyValueSpecification\",\"valueRequired\":true,\"valueName\":\"search_term_string\"}}],\"inLanguage\":\"es\"},{\"@type\":\"Person\",\"@id\":\"https:\\\/\\\/flamencomadrid.com\\\/es\\\/#\\\/schema\\\/person\\\/8c59f8648cbca0f7d7ee9498f516c561\",\"name\":\"admin_fm\",\"image\":{\"@type\":\"ImageObject\",\"inLanguage\":\"es\",\"@id\":\"https:\\\/\\\/secure.gravatar.com\\\/avatar\\\/74390b26a5e2b464e9c76f16c1e1a834a96863be28dd8c65644a4f9d210168b3?s=96&d=mm&r=g\",\"url\":\"https:\\\/\\\/secure.gravatar.com\\\/avatar\\\/74390b26a5e2b464e9c76f16c1e1a834a96863be28dd8c65644a4f9d210168b3?s=96&d=mm&r=g\",\"contentUrl\":\"https:\\\/\\\/secure.gravatar.com\\\/avatar\\\/74390b26a5e2b464e9c76f16c1e1a834a96863be28dd8c65644a4f9d210168b3?s=96&d=mm&r=g\",\"caption\":\"admin_fm\"},\"sameAs\":[\"http:\\\/\\\/fm.fullcircle.es\"]}]}<\/script>\n<!-- \/ Yoast SEO plugin. -->","yoast_head_json":{"title":"Auto-tune: Pol\u00e9mica para el Flamenco - Flamenco Madrid","robots":{"index":"index","follow":"follow","max-snippet":"max-snippet:-1","max-image-preview":"max-image-preview:large","max-video-preview":"max-video-preview:-1"},"canonical":"\/","og_locale":"es_ES","og_type":"article","og_title":"Auto-tune: Pol\u00e9mica para el Flamenco - Flamenco Madrid","og_description":"Sin duda, El Auto-tune es el instrumento que m\u00e1s controversia ha generado a la hora de introducirse en el Flamenco. El auto-tune es una especie de software que facilita la tarea de corregir la afinaci\u00f3n de una melod\u00eda o l\u00ednea musical. Algunos puristas han criticado su uso hasta la saciedad, pero ello no ha impedido...","og_url":"https:\/\/flamencomadrid.com\/es\/auto-tune-polemica-flamenco\/","og_site_name":"Flamenco Madrid","article_published_time":"2022-04-30T11:10:49+00:00","article_modified_time":"2024-01-26T13:17:01+00:00","og_image":[{"width":600,"height":400,"url":"https:\/\/flamencomadrid.com\/wp-content\/uploads\/2022\/04\/auto-tune_-polemica-para-el-flamenco.jpg","type":"image\/jpeg"}],"author":"admin_fm","twitter_card":"summary_large_image","twitter_misc":{"Escrito por":"admin_fm","Tiempo de lectura":"1 minuto"},"schema":{"@context":"https:\/\/schema.org","@graph":[{"@type":"Article","@id":"https:\/\/flamencomadrid.com\/es\/auto-tune-polemica-flamenco\/#article","isPartOf":{"@id":"https:\/\/flamencomadrid.com\/es\/auto-tune-polemica-flamenco\/"},"author":{"name":"admin_fm","@id":"https:\/\/flamencomadrid.com\/es\/#\/schema\/person\/8c59f8648cbca0f7d7ee9498f516c561"},"headline":"Auto-tune: Pol\u00e9mica para el Flamenco","datePublished":"2022-04-30T11:10:49+00:00","dateModified":"2024-01-26T13:17:01+00:00","mainEntityOfPage":{"@id":"https:\/\/flamencomadrid.com\/es\/auto-tune-polemica-flamenco\/"},"wordCount":654,"image":{"@id":"https:\/\/flamencomadrid.com\/es\/auto-tune-polemica-flamenco\/#primaryimage"},"thumbnailUrl":"https:\/\/flamencomadrid.com\/wp-content\/uploads\/2022\/04\/auto-tune_-polemica-para-el-flamenco.jpg","articleSection":["Sonidos y canciones"],"inLanguage":"es"},{"@type":"WebPage","@id":"https:\/\/flamencomadrid.com\/es\/auto-tune-polemica-flamenco\/","url":"https:\/\/flamencomadrid.com\/es\/auto-tune-polemica-flamenco\/","name":"Auto-tune: Pol\u00e9mica para el Flamenco - Flamenco Madrid","isPartOf":{"@id":"https:\/\/flamencomadrid.com\/es\/#website"},"primaryImageOfPage":{"@id":"https:\/\/flamencomadrid.com\/es\/auto-tune-polemica-flamenco\/#primaryimage"},"image":{"@id":"https:\/\/flamencomadrid.com\/es\/auto-tune-polemica-flamenco\/#primaryimage"},"thumbnailUrl":"https:\/\/flamencomadrid.com\/wp-content\/uploads\/2022\/04\/auto-tune_-polemica-para-el-flamenco.jpg","datePublished":"2022-04-30T11:10:49+00:00","dateModified":"2024-01-26T13:17:01+00:00","author":{"@id":"https:\/\/flamencomadrid.com\/es\/#\/schema\/person\/8c59f8648cbca0f7d7ee9498f516c561"},"breadcrumb":{"@id":"https:\/\/flamencomadrid.com\/es\/auto-tune-polemica-flamenco\/#breadcrumb"},"inLanguage":"es","potentialAction":[{"@type":"ReadAction","target":[["https:\/\/flamencomadrid.com\/es\/auto-tune-polemica-flamenco\/"]]}]},{"@type":"ImageObject","inLanguage":"es","@id":"https:\/\/flamencomadrid.com\/es\/auto-tune-polemica-flamenco\/#primaryimage","url":"https:\/\/flamencomadrid.com\/wp-content\/uploads\/2022\/04\/auto-tune_-polemica-para-el-flamenco.jpg","contentUrl":"https:\/\/flamencomadrid.com\/wp-content\/uploads\/2022\/04\/auto-tune_-polemica-para-el-flamenco.jpg","width":600,"height":400},{"@type":"BreadcrumbList","@id":"https:\/\/flamencomadrid.com\/es\/auto-tune-polemica-flamenco\/#breadcrumb","itemListElement":[{"@type":"ListItem","position":1,"name":"Home","item":"https:\/\/flamencomadrid.com\/es\/"},{"@type":"ListItem","position":2,"name":"Auto-tune: Pol\u00e9mica para el Flamenco"}]},{"@type":"WebSite","@id":"https:\/\/flamencomadrid.com\/es\/#website","url":"https:\/\/flamencomadrid.com\/es\/","name":"Flamenco Madrid","description":"Otro sitio realizado con WordPress","potentialAction":[{"@type":"SearchAction","target":{"@type":"EntryPoint","urlTemplate":"https:\/\/flamencomadrid.com\/es\/?s={search_term_string}"},"query-input":{"@type":"PropertyValueSpecification","valueRequired":true,"valueName":"search_term_string"}}],"inLanguage":"es"},{"@type":"Person","@id":"https:\/\/flamencomadrid.com\/es\/#\/schema\/person\/8c59f8648cbca0f7d7ee9498f516c561","name":"admin_fm","image":{"@type":"ImageObject","inLanguage":"es","@id":"https:\/\/secure.gravatar.com\/avatar\/74390b26a5e2b464e9c76f16c1e1a834a96863be28dd8c65644a4f9d210168b3?s=96&d=mm&r=g","url":"https:\/\/secure.gravatar.com\/avatar\/74390b26a5e2b464e9c76f16c1e1a834a96863be28dd8c65644a4f9d210168b3?s=96&d=mm&r=g","contentUrl":"https:\/\/secure.gravatar.com\/avatar\/74390b26a5e2b464e9c76f16c1e1a834a96863be28dd8c65644a4f9d210168b3?s=96&d=mm&r=g","caption":"admin_fm"},"sameAs":["http:\/\/fm.fullcircle.es"]}]}},"_links":{"self":[{"href":"https:\/\/flamencomadrid.com\/es\/wp-json\/wp\/v2\/posts\/172","targetHints":{"allow":["GET"]}}],"collection":[{"href":"https:\/\/flamencomadrid.com\/es\/wp-json\/wp\/v2\/posts"}],"about":[{"href":"https:\/\/flamencomadrid.com\/es\/wp-json\/wp\/v2\/types\/post"}],"author":[{"embeddable":true,"href":"https:\/\/flamencomadrid.com\/es\/wp-json\/wp\/v2\/users\/1"}],"replies":[{"embeddable":true,"href":"https:\/\/flamencomadrid.com\/es\/wp-json\/wp\/v2\/comments?post=172"}],"version-history":[{"count":11,"href":"https:\/\/flamencomadrid.com\/es\/wp-json\/wp\/v2\/posts\/172\/revisions"}],"predecessor-version":[{"id":1008,"href":"https:\/\/flamencomadrid.com\/es\/wp-json\/wp\/v2\/posts\/172\/revisions\/1008"}],"wp:featuredmedia":[{"embeddable":true,"href":"https:\/\/flamencomadrid.com\/es\/wp-json\/wp\/v2\/media\/307"}],"wp:attachment":[{"href":"https:\/\/flamencomadrid.com\/es\/wp-json\/wp\/v2\/media?parent=172"}],"wp:term":[{"taxonomy":"category","embeddable":true,"href":"https:\/\/flamencomadrid.com\/es\/wp-json\/wp\/v2\/categories?post=172"},{"taxonomy":"post_tag","embeddable":true,"href":"https:\/\/flamencomadrid.com\/es\/wp-json\/wp\/v2\/tags?post=172"}],"curies":[{"name":"wp","href":"https:\/\/api.w.org\/{rel}","templated":true}]}}