{"id":168,"date":"2022-04-30T11:30:17","date_gmt":"2022-04-30T11:30:17","guid":{"rendered":"http:\/\/fm.fullcircle.es\/?p=168"},"modified":"2024-01-23T13:31:14","modified_gmt":"2024-01-23T12:31:14","slug":"canciones-de-flamenco-que-marcaron-la-historia-de-la-musica","status":"publish","type":"post","link":"https:\/\/flamencomadrid.com\/es\/canciones-del-flamenco\/","title":{"rendered":"Canciones de Flamenco que marcaron la historia de la m\u00fasica"},"content":{"rendered":"<p>En cada g\u00e9nero musical hay\u00a0<strong>artistas y composiciones que marcan un antes y un despu\u00e9s<\/strong>\u00a0en la concepci\u00f3n que el mundo tiene de ellos. Se trata de personas que con su arte, nos ayudan a entender y sentir la m\u00fasica,\u00a0<strong>creando, improvisando y arriesgando.\u00a0<\/strong><\/p>\n<p>Sucede con m\u00fasica de diferentes \u00e9pocas y estilos. Pero nosotros vamos a lo nuestro, a lo que nos mueve,\u00a0<strong>El Flamenco<\/strong>, por supuesto. Sin desmerecer al resto de g\u00e9neros musicales,\u00a0<strong>el Flamenco es la m\u00fasica m\u00e1s potente<\/strong>\u00a0en este sentido.<\/p>\n<p>Al ver bailar, tocar o cantar flamenco te llega,\u00a0<strong>seas como seas y vengas de donde vengas.\u00a0<\/strong>Esta afirmaci\u00f3n la asociamos al\u00a0<strong>sentimiento reiterado<\/strong>\u00a0que se produce cuando alguien totalmente ajeno a esta disciplina se\u00a0<strong>emociona<\/strong> al ver bailar, tocar o cantar buen flamenco.<\/p>\n<p>A continuaci\u00f3n, te ofrecemos un <strong>listado y an\u00e1lisis de las canciones flamencas que marcaron un antes y un despu\u00e9s en la historia de la m\u00fasica.<\/strong><\/p>\n<h4>Hay canciones que parecen haber estado compuestas para uno mismo, como si el autor nos conociese. La identificaci\u00f3n que sentimos al escuchar ciertas canciones es tan grande que a veces\u00a0<strong>es inevitable emocionarse.<\/strong><\/h4>\n<h3>\u00bfOs ocurre con alguna de las que hemos seleccionado?<\/h3>\n<p><\/p>","protected":false},"excerpt":{"rendered":"En cada g\u00e9nero musical hay\u00a0artistas y composiciones que marcan un antes y un despu\u00e9s\u00a0en la concepci\u00f3n que el mundo tiene de ellos. Se trata de personas que con su arte, nos ayudan a entender y sentir la m\u00fasica,\u00a0creando, improvisando y arriesgando.\u00a0 Sucede con m\u00fasica de diferentes \u00e9pocas y estilos. Pero nosotros vamos a lo nuestro,&#8230;","protected":false},"author":1,"featured_media":269,"comment_status":"closed","ping_status":"open","sticky":false,"template":"","format":"standard","meta":{"_acf_changed":false,"footnotes":""},"categories":[4],"tags":[],"class_list":["post-168","post","type-post","status-publish","format-standard","has-post-thumbnail","hentry","category-sonidos-y-canciones"],"acf":[],"yoast_head":"<!-- This site is optimized with the Yoast SEO plugin v27.4 - https:\/\/yoast.com\/product\/yoast-seo-wordpress\/ -->\n<title>Canciones de Flamenco que marcaron la historia de la m\u00fasica - Flamenco Madrid<\/title>\n<meta name=\"robots\" content=\"index, follow, max-snippet:-1, max-image-preview:large, max-video-preview:-1\" \/>\n<link rel=\"canonical\" href=\"\/\" \/>\n<meta property=\"og:locale\" content=\"es_ES\" \/>\n<meta property=\"og:type\" content=\"article\" \/>\n<meta property=\"og:title\" content=\"Canciones de Flamenco que marcaron la historia de la m\u00fasica - Flamenco Madrid\" \/>\n<meta property=\"og:description\" content=\"En cada g\u00e9nero musical hay\u00a0artistas y composiciones que marcan un antes y un despu\u00e9s\u00a0en la concepci\u00f3n que el mundo tiene de ellos. Se trata de personas que con su arte, nos ayudan a entender y sentir la m\u00fasica,\u00a0creando, improvisando y arriesgando.\u00a0 Sucede con m\u00fasica de diferentes \u00e9pocas y estilos. Pero nosotros vamos a lo nuestro,...\" \/>\n<meta property=\"og:url\" content=\"https:\/\/flamencomadrid.com\/es\/canciones-del-flamenco\/\" \/>\n<meta property=\"og:site_name\" content=\"Flamenco Madrid\" \/>\n<meta property=\"article:published_time\" content=\"2022-04-30T11:30:17+00:00\" \/>\n<meta property=\"article:modified_time\" content=\"2024-01-23T12:31:14+00:00\" \/>\n<meta property=\"og:image\" content=\"https:\/\/flamencomadrid.com\/wp-content\/uploads\/2022\/04\/canciones-de-flamenco.jpg\" \/>\n\t<meta property=\"og:image:width\" content=\"900\" \/>\n\t<meta property=\"og:image:height\" content=\"600\" \/>\n\t<meta property=\"og:image:type\" content=\"image\/jpeg\" \/>\n<meta name=\"author\" content=\"admin_fm\" \/>\n<meta name=\"twitter:card\" content=\"summary_large_image\" \/>\n<meta name=\"twitter:label1\" content=\"Escrito por\" \/>\n\t<meta name=\"twitter:data1\" content=\"admin_fm\" \/>\n\t<meta name=\"twitter:label2\" content=\"Tiempo de lectura\" \/>\n\t<meta name=\"twitter:data2\" content=\"1 minuto\" \/>\n<script type=\"application\/ld+json\" class=\"yoast-schema-graph\">{\"@context\":\"https:\\\/\\\/schema.org\",\"@graph\":[{\"@type\":\"Article\",\"@id\":\"https:\\\/\\\/flamencomadrid.com\\\/es\\\/canciones-del-flamenco\\\/#article\",\"isPartOf\":{\"@id\":\"https:\\\/\\\/flamencomadrid.com\\\/es\\\/canciones-del-flamenco\\\/\"},\"author\":{\"name\":\"admin_fm\",\"@id\":\"https:\\\/\\\/flamencomadrid.com\\\/es\\\/#\\\/schema\\\/person\\\/8c59f8648cbca0f7d7ee9498f516c561\"},\"headline\":\"Canciones de Flamenco que marcaron la historia de la m\u00fasica\",\"datePublished\":\"2022-04-30T11:30:17+00:00\",\"dateModified\":\"2024-01-23T12:31:14+00:00\",\"mainEntityOfPage\":{\"@id\":\"https:\\\/\\\/flamencomadrid.com\\\/es\\\/canciones-del-flamenco\\\/\"},\"wordCount\":790,\"image\":{\"@id\":\"https:\\\/\\\/flamencomadrid.com\\\/es\\\/canciones-del-flamenco\\\/#primaryimage\"},\"thumbnailUrl\":\"https:\\\/\\\/flamencomadrid.com\\\/wp-content\\\/uploads\\\/2022\\\/04\\\/canciones-de-flamenco.jpg\",\"articleSection\":[\"Sonidos y canciones\"],\"inLanguage\":\"es\"},{\"@type\":\"WebPage\",\"@id\":\"https:\\\/\\\/flamencomadrid.com\\\/es\\\/canciones-del-flamenco\\\/\",\"url\":\"https:\\\/\\\/flamencomadrid.com\\\/es\\\/canciones-del-flamenco\\\/\",\"name\":\"Canciones de Flamenco que marcaron la historia de la m\u00fasica - Flamenco Madrid\",\"isPartOf\":{\"@id\":\"https:\\\/\\\/flamencomadrid.com\\\/es\\\/#website\"},\"primaryImageOfPage\":{\"@id\":\"https:\\\/\\\/flamencomadrid.com\\\/es\\\/canciones-del-flamenco\\\/#primaryimage\"},\"image\":{\"@id\":\"https:\\\/\\\/flamencomadrid.com\\\/es\\\/canciones-del-flamenco\\\/#primaryimage\"},\"thumbnailUrl\":\"https:\\\/\\\/flamencomadrid.com\\\/wp-content\\\/uploads\\\/2022\\\/04\\\/canciones-de-flamenco.jpg\",\"datePublished\":\"2022-04-30T11:30:17+00:00\",\"dateModified\":\"2024-01-23T12:31:14+00:00\",\"author\":{\"@id\":\"https:\\\/\\\/flamencomadrid.com\\\/es\\\/#\\\/schema\\\/person\\\/8c59f8648cbca0f7d7ee9498f516c561\"},\"breadcrumb\":{\"@id\":\"https:\\\/\\\/flamencomadrid.com\\\/es\\\/canciones-del-flamenco\\\/#breadcrumb\"},\"inLanguage\":\"es\",\"potentialAction\":[{\"@type\":\"ReadAction\",\"target\":[[\"https:\\\/\\\/flamencomadrid.com\\\/es\\\/canciones-del-flamenco\\\/\"]]}]},{\"@type\":\"ImageObject\",\"inLanguage\":\"es\",\"@id\":\"https:\\\/\\\/flamencomadrid.com\\\/es\\\/canciones-del-flamenco\\\/#primaryimage\",\"url\":\"https:\\\/\\\/flamencomadrid.com\\\/wp-content\\\/uploads\\\/2022\\\/04\\\/canciones-de-flamenco.jpg\",\"contentUrl\":\"https:\\\/\\\/flamencomadrid.com\\\/wp-content\\\/uploads\\\/2022\\\/04\\\/canciones-de-flamenco.jpg\",\"width\":900,\"height\":600,\"caption\":\"Microfono escenario\"},{\"@type\":\"BreadcrumbList\",\"@id\":\"https:\\\/\\\/flamencomadrid.com\\\/es\\\/canciones-del-flamenco\\\/#breadcrumb\",\"itemListElement\":[{\"@type\":\"ListItem\",\"position\":1,\"name\":\"Home\",\"item\":\"https:\\\/\\\/flamencomadrid.com\\\/es\\\/\"},{\"@type\":\"ListItem\",\"position\":2,\"name\":\"Canciones de Flamenco que marcaron la historia de la m\u00fasica\"}]},{\"@type\":\"WebSite\",\"@id\":\"https:\\\/\\\/flamencomadrid.com\\\/es\\\/#website\",\"url\":\"https:\\\/\\\/flamencomadrid.com\\\/es\\\/\",\"name\":\"Flamenco Madrid\",\"description\":\"Otro sitio realizado con WordPress\",\"potentialAction\":[{\"@type\":\"SearchAction\",\"target\":{\"@type\":\"EntryPoint\",\"urlTemplate\":\"https:\\\/\\\/flamencomadrid.com\\\/es\\\/?s={search_term_string}\"},\"query-input\":{\"@type\":\"PropertyValueSpecification\",\"valueRequired\":true,\"valueName\":\"search_term_string\"}}],\"inLanguage\":\"es\"},{\"@type\":\"Person\",\"@id\":\"https:\\\/\\\/flamencomadrid.com\\\/es\\\/#\\\/schema\\\/person\\\/8c59f8648cbca0f7d7ee9498f516c561\",\"name\":\"admin_fm\",\"image\":{\"@type\":\"ImageObject\",\"inLanguage\":\"es\",\"@id\":\"https:\\\/\\\/secure.gravatar.com\\\/avatar\\\/74390b26a5e2b464e9c76f16c1e1a834a96863be28dd8c65644a4f9d210168b3?s=96&d=mm&r=g\",\"url\":\"https:\\\/\\\/secure.gravatar.com\\\/avatar\\\/74390b26a5e2b464e9c76f16c1e1a834a96863be28dd8c65644a4f9d210168b3?s=96&d=mm&r=g\",\"contentUrl\":\"https:\\\/\\\/secure.gravatar.com\\\/avatar\\\/74390b26a5e2b464e9c76f16c1e1a834a96863be28dd8c65644a4f9d210168b3?s=96&d=mm&r=g\",\"caption\":\"admin_fm\"},\"sameAs\":[\"http:\\\/\\\/fm.fullcircle.es\"]}]}<\/script>\n<!-- \/ Yoast SEO plugin. -->","yoast_head_json":{"title":"Canciones de Flamenco que marcaron la historia de la m\u00fasica - Flamenco Madrid","robots":{"index":"index","follow":"follow","max-snippet":"max-snippet:-1","max-image-preview":"max-image-preview:large","max-video-preview":"max-video-preview:-1"},"canonical":"\/","og_locale":"es_ES","og_type":"article","og_title":"Canciones de Flamenco que marcaron la historia de la m\u00fasica - Flamenco Madrid","og_description":"En cada g\u00e9nero musical hay\u00a0artistas y composiciones que marcan un antes y un despu\u00e9s\u00a0en la concepci\u00f3n que el mundo tiene de ellos. Se trata de personas que con su arte, nos ayudan a entender y sentir la m\u00fasica,\u00a0creando, improvisando y arriesgando.\u00a0 Sucede con m\u00fasica de diferentes \u00e9pocas y estilos. Pero nosotros vamos a lo nuestro,...","og_url":"https:\/\/flamencomadrid.com\/es\/canciones-del-flamenco\/","og_site_name":"Flamenco Madrid","article_published_time":"2022-04-30T11:30:17+00:00","article_modified_time":"2024-01-23T12:31:14+00:00","og_image":[{"width":900,"height":600,"url":"https:\/\/flamencomadrid.com\/wp-content\/uploads\/2022\/04\/canciones-de-flamenco.jpg","type":"image\/jpeg"}],"author":"admin_fm","twitter_card":"summary_large_image","twitter_misc":{"Escrito por":"admin_fm","Tiempo de lectura":"1 minuto"},"schema":{"@context":"https:\/\/schema.org","@graph":[{"@type":"Article","@id":"https:\/\/flamencomadrid.com\/es\/canciones-del-flamenco\/#article","isPartOf":{"@id":"https:\/\/flamencomadrid.com\/es\/canciones-del-flamenco\/"},"author":{"name":"admin_fm","@id":"https:\/\/flamencomadrid.com\/es\/#\/schema\/person\/8c59f8648cbca0f7d7ee9498f516c561"},"headline":"Canciones de Flamenco que marcaron la historia de la m\u00fasica","datePublished":"2022-04-30T11:30:17+00:00","dateModified":"2024-01-23T12:31:14+00:00","mainEntityOfPage":{"@id":"https:\/\/flamencomadrid.com\/es\/canciones-del-flamenco\/"},"wordCount":790,"image":{"@id":"https:\/\/flamencomadrid.com\/es\/canciones-del-flamenco\/#primaryimage"},"thumbnailUrl":"https:\/\/flamencomadrid.com\/wp-content\/uploads\/2022\/04\/canciones-de-flamenco.jpg","articleSection":["Sonidos y canciones"],"inLanguage":"es"},{"@type":"WebPage","@id":"https:\/\/flamencomadrid.com\/es\/canciones-del-flamenco\/","url":"https:\/\/flamencomadrid.com\/es\/canciones-del-flamenco\/","name":"Canciones de Flamenco que marcaron la historia de la m\u00fasica - Flamenco Madrid","isPartOf":{"@id":"https:\/\/flamencomadrid.com\/es\/#website"},"primaryImageOfPage":{"@id":"https:\/\/flamencomadrid.com\/es\/canciones-del-flamenco\/#primaryimage"},"image":{"@id":"https:\/\/flamencomadrid.com\/es\/canciones-del-flamenco\/#primaryimage"},"thumbnailUrl":"https:\/\/flamencomadrid.com\/wp-content\/uploads\/2022\/04\/canciones-de-flamenco.jpg","datePublished":"2022-04-30T11:30:17+00:00","dateModified":"2024-01-23T12:31:14+00:00","author":{"@id":"https:\/\/flamencomadrid.com\/es\/#\/schema\/person\/8c59f8648cbca0f7d7ee9498f516c561"},"breadcrumb":{"@id":"https:\/\/flamencomadrid.com\/es\/canciones-del-flamenco\/#breadcrumb"},"inLanguage":"es","potentialAction":[{"@type":"ReadAction","target":[["https:\/\/flamencomadrid.com\/es\/canciones-del-flamenco\/"]]}]},{"@type":"ImageObject","inLanguage":"es","@id":"https:\/\/flamencomadrid.com\/es\/canciones-del-flamenco\/#primaryimage","url":"https:\/\/flamencomadrid.com\/wp-content\/uploads\/2022\/04\/canciones-de-flamenco.jpg","contentUrl":"https:\/\/flamencomadrid.com\/wp-content\/uploads\/2022\/04\/canciones-de-flamenco.jpg","width":900,"height":600,"caption":"Microfono escenario"},{"@type":"BreadcrumbList","@id":"https:\/\/flamencomadrid.com\/es\/canciones-del-flamenco\/#breadcrumb","itemListElement":[{"@type":"ListItem","position":1,"name":"Home","item":"https:\/\/flamencomadrid.com\/es\/"},{"@type":"ListItem","position":2,"name":"Canciones de Flamenco que marcaron la historia de la m\u00fasica"}]},{"@type":"WebSite","@id":"https:\/\/flamencomadrid.com\/es\/#website","url":"https:\/\/flamencomadrid.com\/es\/","name":"Flamenco Madrid","description":"Otro sitio realizado con WordPress","potentialAction":[{"@type":"SearchAction","target":{"@type":"EntryPoint","urlTemplate":"https:\/\/flamencomadrid.com\/es\/?s={search_term_string}"},"query-input":{"@type":"PropertyValueSpecification","valueRequired":true,"valueName":"search_term_string"}}],"inLanguage":"es"},{"@type":"Person","@id":"https:\/\/flamencomadrid.com\/es\/#\/schema\/person\/8c59f8648cbca0f7d7ee9498f516c561","name":"admin_fm","image":{"@type":"ImageObject","inLanguage":"es","@id":"https:\/\/secure.gravatar.com\/avatar\/74390b26a5e2b464e9c76f16c1e1a834a96863be28dd8c65644a4f9d210168b3?s=96&d=mm&r=g","url":"https:\/\/secure.gravatar.com\/avatar\/74390b26a5e2b464e9c76f16c1e1a834a96863be28dd8c65644a4f9d210168b3?s=96&d=mm&r=g","contentUrl":"https:\/\/secure.gravatar.com\/avatar\/74390b26a5e2b464e9c76f16c1e1a834a96863be28dd8c65644a4f9d210168b3?s=96&d=mm&r=g","caption":"admin_fm"},"sameAs":["http:\/\/fm.fullcircle.es"]}]}},"_links":{"self":[{"href":"https:\/\/flamencomadrid.com\/es\/wp-json\/wp\/v2\/posts\/168","targetHints":{"allow":["GET"]}}],"collection":[{"href":"https:\/\/flamencomadrid.com\/es\/wp-json\/wp\/v2\/posts"}],"about":[{"href":"https:\/\/flamencomadrid.com\/es\/wp-json\/wp\/v2\/types\/post"}],"author":[{"embeddable":true,"href":"https:\/\/flamencomadrid.com\/es\/wp-json\/wp\/v2\/users\/1"}],"replies":[{"embeddable":true,"href":"https:\/\/flamencomadrid.com\/es\/wp-json\/wp\/v2\/comments?post=168"}],"version-history":[{"count":35,"href":"https:\/\/flamencomadrid.com\/es\/wp-json\/wp\/v2\/posts\/168\/revisions"}],"predecessor-version":[{"id":1014,"href":"https:\/\/flamencomadrid.com\/es\/wp-json\/wp\/v2\/posts\/168\/revisions\/1014"}],"wp:featuredmedia":[{"embeddable":true,"href":"https:\/\/flamencomadrid.com\/es\/wp-json\/wp\/v2\/media\/269"}],"wp:attachment":[{"href":"https:\/\/flamencomadrid.com\/es\/wp-json\/wp\/v2\/media?parent=168"}],"wp:term":[{"taxonomy":"category","embeddable":true,"href":"https:\/\/flamencomadrid.com\/es\/wp-json\/wp\/v2\/categories?post=168"},{"taxonomy":"post_tag","embeddable":true,"href":"https:\/\/flamencomadrid.com\/es\/wp-json\/wp\/v2\/tags?post=168"}],"curies":[{"name":"wp","href":"https:\/\/api.w.org\/{rel}","templated":true}]}}