{"id":1271,"date":"2025-08-18T13:22:29","date_gmt":"2025-08-18T11:22:29","guid":{"rendered":"https:\/\/flamencomadrid.com\/es\/?p=1271"},"modified":"2025-08-12T13:40:18","modified_gmt":"2025-08-12T11:40:18","slug":"1271-2","status":"publish","type":"post","link":"https:\/\/flamencomadrid.com\/es\/suma_flamenca_joven_2025-2\/","title":{"rendered":"Suma Flamenca Joven 2025: El Futuro del Flamenco en Madrid"},"content":{"rendered":"<p><\/p>\n<p class=\"ng-star-inserted\"><span class=\"ng-star-inserted\">Mientras todos miran a las grandes estrellas consagradas, hay una pregunta que todo buen aficionado se hace: \u00bfd\u00f3nde nacen las leyendas del ma\u00f1ana? \u00bfEn qu\u00e9 escenario se est\u00e1 forjando el flamenco que escucharemos en la pr\u00f3xima d\u00e9cada?<\/span><\/p>\n<p class=\"ng-star-inserted\"><span class=\"ng-star-inserted\">La respuesta, cada septiembre en Madrid, tiene un nombre:\u00a0<\/span><strong class=\"ng-star-inserted\"><span class=\"ng-star-inserted\">Suma Flamenca Joven<\/span><\/strong><span class=\"ng-star-inserted\">.<\/span><\/p>\n<p class=\"ng-star-inserted\"><span class=\"ng-star-inserted\">Este no es un festival m\u00e1s. Es la cantera, el laboratorio, el escenario donde el talento menor de 30 a\u00f1os se presenta sin red, con el hambre de quien se lo juega todo en una noche. Es la cita obligada para sentir el pulso de un arte vivo, que evoluciona y que busca nuevos caminos. Aqu\u00ed tienes todo lo que necesitas saber para vivirlo.<\/span><\/p>\n<h2 class=\"ng-star-inserted\"><strong class=\"ng-star-inserted\"><span class=\"ng-star-inserted\">Por qu\u00e9 <em>Suma Flamenca Joven<\/em> no es un Festival M\u00e1s<\/span><\/strong><\/h2>\n<p class=\"ng-star-inserted\"><span class=\"ng-star-inserted\">Creado en 2021 por la Comunidad de Madrid como un acto de fe en el talento emergente, este ciclo se ha consolidado como algo \u00fanico. Como dice su director, Antonio Benamargo, los inicios de un artista tienen \u00abuna energ\u00eda y una verdad incontestables\u00bb. Y eso es justo lo que respiras aqu\u00ed:<\/span><\/p>\n<ul class=\"ng-star-inserted\">\n<li class=\"ng-star-inserted\">\n<p class=\"ng-star-inserted\"><strong class=\"ng-star-inserted\"><span class=\"ng-star-inserted\">Energ\u00eda sin filtro:<\/span><\/strong><span class=\"ng-star-inserted\">\u00a0Olv\u00eddate de la contenci\u00f3n. Aqu\u00ed hay audacia, riesgo y una necesidad de expresarse que te atraviesa el alma.<\/span><\/p>\n<\/li>\n<li class=\"ng-star-inserted\">\n<p class=\"ng-star-inserted\"><strong class=\"ng-star-inserted\"><span class=\"ng-star-inserted\">Descubrir a las futuras figuras:<\/span><\/strong><span class=\"ng-star-inserted\">\u00a0Poder decir \u00abyo vi a ese artista en los Teatros del Canal antes de que fuera una estrella\u00bb es un privilegio. Este festival es tu ventana a ese futuro.<\/span><\/p>\n<\/li>\n<li class=\"ng-star-inserted\">\n<p class=\"ng-star-inserted\"><strong class=\"ng-star-inserted\"><span class=\"ng-star-inserted\">Cercan\u00eda y un escenario de lujo:<\/span><\/strong><span class=\"ng-star-inserted\">\u00a0La Sala Verde de los Teatros del Canal es el lugar perfecto. Un espacio con una ac\u00fastica impecable que permite una conexi\u00f3n \u00edntima con cada artista.<\/span><\/p>\n<\/li>\n<\/ul>\n<p><img loading=\"lazy\" decoding=\"async\" class=\"aligncenter wp-image-1269 size-full\" src=\"https:\/\/flamencomadrid.com\/wp-content\/uploads\/2025\/08\/whatsapp-image-2025-08-12-at-13-14-07-2.jpeg\" alt=\"Cartel Suma Flamenca Joven 2025\" width=\"703\" height=\"1024\" \/><\/p>\n<h2 class=\"ng-star-inserted\"><strong class=\"ng-star-inserted\"><span class=\"ng-star-inserted\">El Cartel de Suma Flamenca Joven 2025: Cuatro Noches para la Historia<\/span><\/strong><\/h2>\n<p class=\"ng-star-inserted\"><span class=\"ng-star-inserted\">Del 25 al 28 de septiembre, la Sala Verde se convierte en el epicentro del flamenco joven. Cada noche, un tr\u00edo de ases: guitarra, cante y baile. Apunta:<\/span><\/p>\n<h3 class=\"ng-star-inserted\"><strong class=\"ng-star-inserted\"><span class=\"ng-star-inserted\">Gala I &#8211; Jueves 25 de septiembre | 20:30 h<\/span><\/strong><\/h3>\n<p class=\"ng-star-inserted\"><span class=\"ng-star-inserted\">La noche arranca con una apuesta valiente: el piano flamenco se hace protagonista. Le seguir\u00e1 el cante con ra\u00edz y un baile de Granada que promete fuerza y car\u00e1cter.<\/span><\/p>\n<ul class=\"ng-star-inserted\">\n<li class=\"ng-star-inserted\">\n<p class=\"ng-star-inserted\"><strong class=\"ng-star-inserted\"><span class=\"ng-star-inserted\">Jos\u00e9 Luis Kaele<\/span><\/strong><span class=\"ng-star-inserted\">\u00a0(Valladolid) \u2013 Piano en concierto<\/span><\/p>\n<\/li>\n<li class=\"ng-star-inserted\">\n<p class=\"ng-star-inserted\"><strong class=\"ng-star-inserted\"><span class=\"ng-star-inserted\">Reyes Carrasco<\/span><\/strong><span class=\"ng-star-inserted\">\u00a0(Sevilla) \u2013 Cante<\/span><\/p>\n<\/li>\n<li class=\"ng-star-inserted\">\n<p class=\"ng-star-inserted\"><strong class=\"ng-star-inserted\"><span class=\"ng-star-inserted\">Irene Morales<\/span><\/strong><span class=\"ng-star-inserted\">\u00a0(Granada) \u2013 Baile<\/span><\/p>\n<\/li>\n<\/ul>\n<h3 class=\"ng-star-inserted\"><strong class=\"ng-star-inserted\"><span class=\"ng-star-inserted\">Gala II &#8211; Viernes 26 de septiembre | 20:30 h<\/span><\/strong><\/h3>\n<p class=\"ng-star-inserted\"><span class=\"ng-star-inserted\">Una velada con acento internacional en las seis cuerdas, el eco de Granada en la voz y el sello inconfundible del baile madrile\u00f1o, que juega en casa.<\/span><\/p>\n<ul class=\"ng-star-inserted\">\n<li class=\"ng-star-inserted\">\n<p class=\"ng-star-inserted\"><strong class=\"ng-star-inserted\"><span class=\"ng-star-inserted\">Andjela Misic<\/span><\/strong><span class=\"ng-star-inserted\">\u00a0(Serbia) \u2013 Guitarra en concierto<\/span><\/p>\n<\/li>\n<li class=\"ng-star-inserted\">\n<p class=\"ng-star-inserted\"><strong class=\"ng-star-inserted\"><span class=\"ng-star-inserted\">Esperanza Garrido<\/span><\/strong><span class=\"ng-star-inserted\">\u00a0(Granada) \u2013 Cante<\/span><\/p>\n<\/li>\n<li class=\"ng-star-inserted\">\n<p class=\"ng-star-inserted\"><strong class=\"ng-star-inserted\"><span class=\"ng-star-inserted\">Nerea Carrasco<\/span><\/strong><span class=\"ng-star-inserted\">\u00a0(Madrid) \u2013 Baile<\/span><\/p>\n<\/li>\n<\/ul>\n<h3 class=\"ng-star-inserted\"><strong class=\"ng-star-inserted\"><span class=\"ng-star-inserted\">Gala III &#8211; S\u00e1bado 27 de septiembre | 20:30 h<\/span><\/strong><\/h3>\n<p class=\"ng-star-inserted\"><span class=\"ng-star-inserted\">El sonido inconfundible de la guitarra gaditana, el cante con la solera de Sevilla y un baile que lleva en su apellido el peso de una dinast\u00eda flamenca.<\/span><\/p>\n<ul class=\"ng-star-inserted\">\n<li class=\"ng-star-inserted\">\n<p class=\"ng-star-inserted\"><strong class=\"ng-star-inserted\"><span class=\"ng-star-inserted\">Pablo Heredia<\/span><\/strong><span class=\"ng-star-inserted\">\u00a0(C\u00e1diz) \u2013 Guitarra en concierto<\/span><\/p>\n<\/li>\n<li class=\"ng-star-inserted\">\n<p class=\"ng-star-inserted\"><strong class=\"ng-star-inserted\"><span class=\"ng-star-inserted\">David Fern\u00e1ndez<\/span><\/strong><span class=\"ng-star-inserted\">\u00a0(Sevilla) \u2013 Cante<\/span><\/p>\n<\/li>\n<li class=\"ng-star-inserted\">\n<p class=\"ng-star-inserted\"><strong class=\"ng-star-inserted\"><span class=\"ng-star-inserted\">Lole de los Reyes<\/span><\/strong><span class=\"ng-star-inserted\">\u00a0(Sevilla) \u2013 Baile<\/span><\/p>\n<\/li>\n<\/ul>\n<h3 class=\"ng-star-inserted\"><strong class=\"ng-star-inserted\"><span class=\"ng-star-inserted\">Gala IV &#8211; Domingo 28 de septiembre | 19:30 h<\/span><\/strong><\/h3>\n<p class=\"ng-star-inserted\"><span class=\"ng-star-inserted\">El cierre del festival promete emociones fuertes: una guitarra sevillana que ya es una realidad, el cante profundo de Extremadura y uno de los bailaores j\u00f3venes m\u00e1s revolucionarios y esperados del momento.<\/span><\/p>\n<ul class=\"ng-star-inserted\">\n<li class=\"ng-star-inserted\">\n<p class=\"ng-star-inserted\"><strong class=\"ng-star-inserted\"><span class=\"ng-star-inserted\">Juan Anguita<\/span><\/strong><span class=\"ng-star-inserted\">\u00a0(Sevilla) \u2013 Guitarra en concierto<\/span><\/p>\n<\/li>\n<li class=\"ng-star-inserted\">\n<p class=\"ng-star-inserted\"><strong class=\"ng-star-inserted\"><span class=\"ng-star-inserted\">Celia Romero<\/span><\/strong><span class=\"ng-star-inserted\">\u00a0(Badajoz) \u2013 Cante<\/span><\/p>\n<\/li>\n<li class=\"ng-star-inserted\">\n<p class=\"ng-star-inserted\"><strong class=\"ng-star-inserted\"><span class=\"ng-star-inserted\">Yoel Vargas<\/span><\/strong><span class=\"ng-star-inserted\">\u00a0(Tarragona) \u2013 Baile<\/span><\/p>\n<\/li>\n<\/ul>\n<div id=\"attachment_1266\" style=\"width: 1010px\" class=\"wp-caption aligncenter\"><img loading=\"lazy\" decoding=\"async\" aria-describedby=\"caption-attachment-1266\" class=\"wp-image-1266 size-full\" src=\"https:\/\/flamencomadrid.com\/wp-content\/uploads\/2025\/08\/artistas_suma_flamenca_joven.jpeg\" alt=\"Artistas de la Suma Flamenca Joven 2025\" width=\"1000\" height=\"781\" \/><p id=\"caption-attachment-1266\" class=\"wp-caption-text\">Fotograf\u00eda de www.deflamenco.com<\/p><\/div>\n<h2 class=\"ng-star-inserted\"><strong class=\"ng-star-inserted\"><span class=\"ng-star-inserted\">Un Consejo de Aficionado: C\u00f3mo Disfrutar del Festival<\/span><\/strong><\/h2>\n<p class=\"ng-star-inserted\"><span class=\"ng-star-inserted\">Si vienes a Suma Flamenca Joven, ven con el coraz\u00f3n y los o\u00eddos abiertos. No vengas a comparar, ven a descubrir. Disfruta del riesgo de un guitarrista, del quej\u00edo nuevo de una cantaora o del concepto rompedor de un bailaor. Est\u00e1s asistiendo al nacimiento del arte en tiempo real.<\/span><\/p>\n<p class=\"ng-star-inserted\"><span class=\"ng-star-inserted\">Este festival es la prueba de que el flamenco no es una pieza de museo, sino un torrente de vida que no deja de buscar su cauce.<\/span><\/p>\n<p class=\"ng-star-inserted\"><span class=\"ng-star-inserted\">Mientras esperas a que el futuro del flamenco llame a tu puerta, puedes seguir sintiendo su presente cada noche en los templos de la capital.<\/span><\/p>\n<p class=\"ng-star-inserted\"><a href=\"https:\/\/flamencomadrid.com\/es\/los-mejores-6-espectaculos-flamencos-de-madrid\/\"><strong class=\"ng-star-inserted\"><span class=\"ng-star-inserted\">Descubre aqu\u00ed nuestra gu\u00eda de los mejores tablaos de Madrid<\/span><\/strong><\/a><\/p>\n<p><\/p>","protected":false},"excerpt":{"rendered":"Mientras todos miran a las grandes estrellas consagradas, hay una pregunta que todo buen aficionado se hace: \u00bfd\u00f3nde nacen las leyendas del ma\u00f1ana? \u00bfEn qu\u00e9 escenario se est\u00e1 forjando el flamenco que escucharemos en la pr\u00f3xima d\u00e9cada? La respuesta, cada septiembre en Madrid, tiene un nombre:\u00a0Suma Flamenca Joven. Este no es un festival m\u00e1s. Es&#8230;","protected":false},"author":6,"featured_media":1265,"comment_status":"open","ping_status":"open","sticky":false,"template":"","format":"standard","meta":{"_acf_changed":false,"footnotes":""},"categories":[13],"tags":[],"class_list":["post-1271","post","type-post","status-publish","format-standard","has-post-thumbnail","hentry","category-curiosidades-flamencas"],"acf":[],"yoast_head":"<!-- This site is optimized with the Yoast SEO plugin v27.4 - https:\/\/yoast.com\/product\/yoast-seo-wordpress\/ -->\n<title>Suma Flamenca Joven 2025: El Futuro del Flamenco en Madrid - Flamenco Madrid<\/title>\n<meta name=\"description\" content=\"Vive Suma Flamenca Joven 2025 en Madrid: el festival donde el talento flamenco menor de 30 a\u00f1os muestra su arte con fuerza, riesgo y verdad.\" \/>\n<meta name=\"robots\" content=\"index, follow, max-snippet:-1, max-image-preview:large, max-video-preview:-1\" \/>\n<link rel=\"canonical\" href=\"\/\" \/>\n<meta property=\"og:locale\" content=\"es_ES\" \/>\n<meta property=\"og:type\" content=\"article\" \/>\n<meta property=\"og:title\" content=\"Suma Flamenca Joven 2025: El Futuro del Flamenco en Madrid - Flamenco Madrid\" \/>\n<meta property=\"og:description\" content=\"Vive Suma Flamenca Joven 2025 en Madrid: el festival donde el talento flamenco menor de 30 a\u00f1os muestra su arte con fuerza, riesgo y verdad.\" \/>\n<meta property=\"og:url\" content=\"https:\/\/flamencomadrid.com\/es\/suma_flamenca_joven_2025-2\/\" \/>\n<meta property=\"og:site_name\" content=\"Flamenco Madrid\" \/>\n<meta property=\"article:published_time\" content=\"2025-08-18T11:22:29+00:00\" \/>\n<meta property=\"og:image\" content=\"https:\/\/flamencomadrid.com\/wp-content\/uploads\/2025\/08\/suma_flamenca_joven_2025.jpeg\" \/>\n\t<meta property=\"og:image:width\" content=\"1100\" \/>\n\t<meta property=\"og:image:height\" content=\"733\" \/>\n\t<meta property=\"og:image:type\" content=\"image\/jpeg\" \/>\n<meta name=\"author\" content=\"Miguel Blanco\" \/>\n<meta name=\"twitter:card\" content=\"summary_large_image\" \/>\n<meta name=\"twitter:label1\" content=\"Escrito por\" \/>\n\t<meta name=\"twitter:data1\" content=\"Miguel Blanco\" \/>\n\t<meta name=\"twitter:label2\" content=\"Tiempo de lectura\" \/>\n\t<meta name=\"twitter:data2\" content=\"4 minutos\" \/>\n<script type=\"application\/ld+json\" class=\"yoast-schema-graph\">{\"@context\":\"https:\\\/\\\/schema.org\",\"@graph\":[{\"@type\":\"Article\",\"@id\":\"https:\\\/\\\/flamencomadrid.com\\\/es\\\/suma_flamenca_joven_2025-2\\\/#article\",\"isPartOf\":{\"@id\":\"https:\\\/\\\/flamencomadrid.com\\\/es\\\/suma_flamenca_joven_2025-2\\\/\"},\"author\":{\"name\":\"Miguel Blanco\",\"@id\":\"https:\\\/\\\/flamencomadrid.com\\\/es\\\/#\\\/schema\\\/person\\\/e60bef1612b66bdb46e0d88400bfab7e\"},\"headline\":\"Suma Flamenca Joven 2025: El Futuro del Flamenco en Madrid\",\"datePublished\":\"2025-08-18T11:22:29+00:00\",\"mainEntityOfPage\":{\"@id\":\"https:\\\/\\\/flamencomadrid.com\\\/es\\\/suma_flamenca_joven_2025-2\\\/\"},\"wordCount\":2467,\"commentCount\":0,\"image\":{\"@id\":\"https:\\\/\\\/flamencomadrid.com\\\/es\\\/suma_flamenca_joven_2025-2\\\/#primaryimage\"},\"thumbnailUrl\":\"https:\\\/\\\/flamencomadrid.com\\\/wp-content\\\/uploads\\\/2025\\\/08\\\/suma_flamenca_joven_2025.jpeg\",\"articleSection\":[\"Curiosidades Flamencas\"],\"inLanguage\":\"es\",\"potentialAction\":[{\"@type\":\"CommentAction\",\"name\":\"Comment\",\"target\":[\"https:\\\/\\\/flamencomadrid.com\\\/es\\\/suma_flamenca_joven_2025-2\\\/#respond\"]}]},{\"@type\":\"WebPage\",\"@id\":\"https:\\\/\\\/flamencomadrid.com\\\/es\\\/suma_flamenca_joven_2025-2\\\/\",\"url\":\"https:\\\/\\\/flamencomadrid.com\\\/es\\\/suma_flamenca_joven_2025-2\\\/\",\"name\":\"Suma Flamenca Joven 2025: El Futuro del Flamenco en Madrid - Flamenco Madrid\",\"isPartOf\":{\"@id\":\"https:\\\/\\\/flamencomadrid.com\\\/es\\\/#website\"},\"primaryImageOfPage\":{\"@id\":\"https:\\\/\\\/flamencomadrid.com\\\/es\\\/suma_flamenca_joven_2025-2\\\/#primaryimage\"},\"image\":{\"@id\":\"https:\\\/\\\/flamencomadrid.com\\\/es\\\/suma_flamenca_joven_2025-2\\\/#primaryimage\"},\"thumbnailUrl\":\"https:\\\/\\\/flamencomadrid.com\\\/wp-content\\\/uploads\\\/2025\\\/08\\\/suma_flamenca_joven_2025.jpeg\",\"datePublished\":\"2025-08-18T11:22:29+00:00\",\"author\":{\"@id\":\"https:\\\/\\\/flamencomadrid.com\\\/es\\\/#\\\/schema\\\/person\\\/e60bef1612b66bdb46e0d88400bfab7e\"},\"description\":\"Vive Suma Flamenca Joven 2025 en Madrid: el festival donde el talento flamenco menor de 30 a\u00f1os muestra su arte con fuerza, riesgo y verdad.\",\"breadcrumb\":{\"@id\":\"https:\\\/\\\/flamencomadrid.com\\\/es\\\/suma_flamenca_joven_2025-2\\\/#breadcrumb\"},\"inLanguage\":\"es\",\"potentialAction\":[{\"@type\":\"ReadAction\",\"target\":[[\"https:\\\/\\\/flamencomadrid.com\\\/es\\\/suma_flamenca_joven_2025-2\\\/\"]]}]},{\"@type\":\"ImageObject\",\"inLanguage\":\"es\",\"@id\":\"https:\\\/\\\/flamencomadrid.com\\\/es\\\/suma_flamenca_joven_2025-2\\\/#primaryimage\",\"url\":\"https:\\\/\\\/flamencomadrid.com\\\/wp-content\\\/uploads\\\/2025\\\/08\\\/suma_flamenca_joven_2025.jpeg\",\"contentUrl\":\"https:\\\/\\\/flamencomadrid.com\\\/wp-content\\\/uploads\\\/2025\\\/08\\\/suma_flamenca_joven_2025.jpeg\",\"width\":1100,\"height\":733,\"caption\":\"Cartel de la Suma Flamenca Joven de 2025\"},{\"@type\":\"BreadcrumbList\",\"@id\":\"https:\\\/\\\/flamencomadrid.com\\\/es\\\/suma_flamenca_joven_2025-2\\\/#breadcrumb\",\"itemListElement\":[{\"@type\":\"ListItem\",\"position\":1,\"name\":\"Home\",\"item\":\"https:\\\/\\\/flamencomadrid.com\\\/es\\\/\"},{\"@type\":\"ListItem\",\"position\":2,\"name\":\"Suma Flamenca Joven 2025: El Futuro del Flamenco en Madrid\"}]},{\"@type\":\"WebSite\",\"@id\":\"https:\\\/\\\/flamencomadrid.com\\\/es\\\/#website\",\"url\":\"https:\\\/\\\/flamencomadrid.com\\\/es\\\/\",\"name\":\"Flamenco Madrid\",\"description\":\"Otro sitio realizado con WordPress\",\"potentialAction\":[{\"@type\":\"SearchAction\",\"target\":{\"@type\":\"EntryPoint\",\"urlTemplate\":\"https:\\\/\\\/flamencomadrid.com\\\/es\\\/?s={search_term_string}\"},\"query-input\":{\"@type\":\"PropertyValueSpecification\",\"valueRequired\":true,\"valueName\":\"search_term_string\"}}],\"inLanguage\":\"es\"},{\"@type\":\"Person\",\"@id\":\"https:\\\/\\\/flamencomadrid.com\\\/es\\\/#\\\/schema\\\/person\\\/e60bef1612b66bdb46e0d88400bfab7e\",\"name\":\"Miguel Blanco\",\"image\":{\"@type\":\"ImageObject\",\"inLanguage\":\"es\",\"@id\":\"https:\\\/\\\/secure.gravatar.com\\\/avatar\\\/359874fd676a9bfbf3a5d62f8bb888a22a657034662dd62c3669b5e7274a1365?s=96&d=mm&r=g\",\"url\":\"https:\\\/\\\/secure.gravatar.com\\\/avatar\\\/359874fd676a9bfbf3a5d62f8bb888a22a657034662dd62c3669b5e7274a1365?s=96&d=mm&r=g\",\"contentUrl\":\"https:\\\/\\\/secure.gravatar.com\\\/avatar\\\/359874fd676a9bfbf3a5d62f8bb888a22a657034662dd62c3669b5e7274a1365?s=96&d=mm&r=g\",\"caption\":\"Miguel Blanco\"}}]}<\/script>\n<!-- \/ Yoast SEO plugin. -->","yoast_head_json":{"title":"Suma Flamenca Joven 2025: El Futuro del Flamenco en Madrid - Flamenco Madrid","description":"Vive Suma Flamenca Joven 2025 en Madrid: el festival donde el talento flamenco menor de 30 a\u00f1os muestra su arte con fuerza, riesgo y verdad.","robots":{"index":"index","follow":"follow","max-snippet":"max-snippet:-1","max-image-preview":"max-image-preview:large","max-video-preview":"max-video-preview:-1"},"canonical":"\/","og_locale":"es_ES","og_type":"article","og_title":"Suma Flamenca Joven 2025: El Futuro del Flamenco en Madrid - Flamenco Madrid","og_description":"Vive Suma Flamenca Joven 2025 en Madrid: el festival donde el talento flamenco menor de 30 a\u00f1os muestra su arte con fuerza, riesgo y verdad.","og_url":"https:\/\/flamencomadrid.com\/es\/suma_flamenca_joven_2025-2\/","og_site_name":"Flamenco Madrid","article_published_time":"2025-08-18T11:22:29+00:00","og_image":[{"width":1100,"height":733,"url":"https:\/\/flamencomadrid.com\/wp-content\/uploads\/2025\/08\/suma_flamenca_joven_2025.jpeg","type":"image\/jpeg"}],"author":"Miguel Blanco","twitter_card":"summary_large_image","twitter_misc":{"Escrito por":"Miguel Blanco","Tiempo de lectura":"4 minutos"},"schema":{"@context":"https:\/\/schema.org","@graph":[{"@type":"Article","@id":"https:\/\/flamencomadrid.com\/es\/suma_flamenca_joven_2025-2\/#article","isPartOf":{"@id":"https:\/\/flamencomadrid.com\/es\/suma_flamenca_joven_2025-2\/"},"author":{"name":"Miguel Blanco","@id":"https:\/\/flamencomadrid.com\/es\/#\/schema\/person\/e60bef1612b66bdb46e0d88400bfab7e"},"headline":"Suma Flamenca Joven 2025: El Futuro del Flamenco en Madrid","datePublished":"2025-08-18T11:22:29+00:00","mainEntityOfPage":{"@id":"https:\/\/flamencomadrid.com\/es\/suma_flamenca_joven_2025-2\/"},"wordCount":2467,"commentCount":0,"image":{"@id":"https:\/\/flamencomadrid.com\/es\/suma_flamenca_joven_2025-2\/#primaryimage"},"thumbnailUrl":"https:\/\/flamencomadrid.com\/wp-content\/uploads\/2025\/08\/suma_flamenca_joven_2025.jpeg","articleSection":["Curiosidades Flamencas"],"inLanguage":"es","potentialAction":[{"@type":"CommentAction","name":"Comment","target":["https:\/\/flamencomadrid.com\/es\/suma_flamenca_joven_2025-2\/#respond"]}]},{"@type":"WebPage","@id":"https:\/\/flamencomadrid.com\/es\/suma_flamenca_joven_2025-2\/","url":"https:\/\/flamencomadrid.com\/es\/suma_flamenca_joven_2025-2\/","name":"Suma Flamenca Joven 2025: El Futuro del Flamenco en Madrid - Flamenco Madrid","isPartOf":{"@id":"https:\/\/flamencomadrid.com\/es\/#website"},"primaryImageOfPage":{"@id":"https:\/\/flamencomadrid.com\/es\/suma_flamenca_joven_2025-2\/#primaryimage"},"image":{"@id":"https:\/\/flamencomadrid.com\/es\/suma_flamenca_joven_2025-2\/#primaryimage"},"thumbnailUrl":"https:\/\/flamencomadrid.com\/wp-content\/uploads\/2025\/08\/suma_flamenca_joven_2025.jpeg","datePublished":"2025-08-18T11:22:29+00:00","author":{"@id":"https:\/\/flamencomadrid.com\/es\/#\/schema\/person\/e60bef1612b66bdb46e0d88400bfab7e"},"description":"Vive Suma Flamenca Joven 2025 en Madrid: el festival donde el talento flamenco menor de 30 a\u00f1os muestra su arte con fuerza, riesgo y verdad.","breadcrumb":{"@id":"https:\/\/flamencomadrid.com\/es\/suma_flamenca_joven_2025-2\/#breadcrumb"},"inLanguage":"es","potentialAction":[{"@type":"ReadAction","target":[["https:\/\/flamencomadrid.com\/es\/suma_flamenca_joven_2025-2\/"]]}]},{"@type":"ImageObject","inLanguage":"es","@id":"https:\/\/flamencomadrid.com\/es\/suma_flamenca_joven_2025-2\/#primaryimage","url":"https:\/\/flamencomadrid.com\/wp-content\/uploads\/2025\/08\/suma_flamenca_joven_2025.jpeg","contentUrl":"https:\/\/flamencomadrid.com\/wp-content\/uploads\/2025\/08\/suma_flamenca_joven_2025.jpeg","width":1100,"height":733,"caption":"Cartel de la Suma Flamenca Joven de 2025"},{"@type":"BreadcrumbList","@id":"https:\/\/flamencomadrid.com\/es\/suma_flamenca_joven_2025-2\/#breadcrumb","itemListElement":[{"@type":"ListItem","position":1,"name":"Home","item":"https:\/\/flamencomadrid.com\/es\/"},{"@type":"ListItem","position":2,"name":"Suma Flamenca Joven 2025: El Futuro del Flamenco en Madrid"}]},{"@type":"WebSite","@id":"https:\/\/flamencomadrid.com\/es\/#website","url":"https:\/\/flamencomadrid.com\/es\/","name":"Flamenco Madrid","description":"Otro sitio realizado con WordPress","potentialAction":[{"@type":"SearchAction","target":{"@type":"EntryPoint","urlTemplate":"https:\/\/flamencomadrid.com\/es\/?s={search_term_string}"},"query-input":{"@type":"PropertyValueSpecification","valueRequired":true,"valueName":"search_term_string"}}],"inLanguage":"es"},{"@type":"Person","@id":"https:\/\/flamencomadrid.com\/es\/#\/schema\/person\/e60bef1612b66bdb46e0d88400bfab7e","name":"Miguel Blanco","image":{"@type":"ImageObject","inLanguage":"es","@id":"https:\/\/secure.gravatar.com\/avatar\/359874fd676a9bfbf3a5d62f8bb888a22a657034662dd62c3669b5e7274a1365?s=96&d=mm&r=g","url":"https:\/\/secure.gravatar.com\/avatar\/359874fd676a9bfbf3a5d62f8bb888a22a657034662dd62c3669b5e7274a1365?s=96&d=mm&r=g","contentUrl":"https:\/\/secure.gravatar.com\/avatar\/359874fd676a9bfbf3a5d62f8bb888a22a657034662dd62c3669b5e7274a1365?s=96&d=mm&r=g","caption":"Miguel Blanco"}}]}},"_links":{"self":[{"href":"https:\/\/flamencomadrid.com\/es\/wp-json\/wp\/v2\/posts\/1271","targetHints":{"allow":["GET"]}}],"collection":[{"href":"https:\/\/flamencomadrid.com\/es\/wp-json\/wp\/v2\/posts"}],"about":[{"href":"https:\/\/flamencomadrid.com\/es\/wp-json\/wp\/v2\/types\/post"}],"author":[{"embeddable":true,"href":"https:\/\/flamencomadrid.com\/es\/wp-json\/wp\/v2\/users\/6"}],"replies":[{"embeddable":true,"href":"https:\/\/flamencomadrid.com\/es\/wp-json\/wp\/v2\/comments?post=1271"}],"version-history":[{"count":5,"href":"https:\/\/flamencomadrid.com\/es\/wp-json\/wp\/v2\/posts\/1271\/revisions"}],"predecessor-version":[{"id":1277,"href":"https:\/\/flamencomadrid.com\/es\/wp-json\/wp\/v2\/posts\/1271\/revisions\/1277"}],"wp:featuredmedia":[{"embeddable":true,"href":"https:\/\/flamencomadrid.com\/es\/wp-json\/wp\/v2\/media\/1265"}],"wp:attachment":[{"href":"https:\/\/flamencomadrid.com\/es\/wp-json\/wp\/v2\/media?parent=1271"}],"wp:term":[{"taxonomy":"category","embeddable":true,"href":"https:\/\/flamencomadrid.com\/es\/wp-json\/wp\/v2\/categories?post=1271"},{"taxonomy":"post_tag","embeddable":true,"href":"https:\/\/flamencomadrid.com\/es\/wp-json\/wp\/v2\/tags?post=1271"}],"curies":[{"name":"wp","href":"https:\/\/api.w.org\/{rel}","templated":true}]}}